{"id":1,"date":"2025-03-22T19:39:26","date_gmt":"2025-03-22T18:39:26","guid":{"rendered":"https:\/\/www.istitutostudisindacali.net\/certilibri\/?p=1"},"modified":"2025-06-06T16:18:31","modified_gmt":"2025-06-06T14:18:31","slug":"ciao-mondo","status":"publish","type":"post","link":"https:\/\/www.istitutostudisindacali.net\/certilibri\/2025\/03\/22\/ciao-mondo\/","title":{"rendered":"Articolo Esempio"},"content":{"rendered":"<p>[et_pb_section fb_built=&#8221;1&#8243; admin_label=&#8221;section&#8221; _builder_version=&#8221;4.16&#8243; global_colors_info=&#8221;{}&#8221;][et_pb_row admin_label=&#8221;row&#8221; _builder_version=&#8221;4.16&#8243; background_size=&#8221;initial&#8221; background_position=&#8221;top_left&#8221; background_repeat=&#8221;repeat&#8221; global_colors_info=&#8221;{}&#8221;][et_pb_column type=&#8221;4_4&#8243; _builder_version=&#8221;4.16&#8243; custom_padding=&#8221;|||&#8221; global_colors_info=&#8221;{}&#8221; custom_padding__hover=&#8221;|||&#8221;][et_pb_text admin_label=&#8221;Text&#8221; _builder_version=&#8221;4.27.4&#8243; background_size=&#8221;initial&#8221; background_position=&#8221;top_left&#8221; background_repeat=&#8221;repeat&#8221; global_colors_info=&#8221;{}&#8221;]<\/p>\n<p>Contro i minima Morali di Pierluigi Pietricola<\/p>\n<p>Apriamo questo spazio di discussione con un pezzo che prende di mira un classico, un grande classico noto ai pi\u00f9 e che, si dice, tutti avranno letto o sfogliato: <em>Minima moralia <\/em>di Adorno.<\/p>\n<p>Perch\u00e9 prendersela con un libro su cui in tanti si sono formati, specie nel campo della sociologia?<\/p>\n<p>Prima di rispondere, un po\u2019 di storia, anche personale.<\/p>\n<p>Come tanti, chi scrive fu attratto da Adorno. Le sue tesi risultavano molto persuasive e incontestabili, perch\u00e9 esposte con un linguaggio articolato, complesso, che inseguiva le tortuosit\u00e0 dei pensieri piuttosto che fare luce sciogliendo i nodi pi\u00f9 intricati e rendere chiare le idee.<\/p>\n<p>Non solo in <em>Minima moralia<\/em>, ma anche nella <em>Dialettica dell\u2019illuminismo <\/em>(scritto con Horkheimer) e in <em>Prismi<\/em>, l\u2019atteggiamento intellettuale di Adorno mi convinceva: inamovibile, arcigno, supponente, autorevole per la gran cultura, vagamente snob di fronte alle manifestazioni del presente additate come sciocchezze di cui si pu\u00f2 fare a meno se davvero si vuole sviluppare autonomia di pensiero e consapevolezza di s\u00e9.<\/p>\n<p>Adorno appartenne a quella categoria che Umberto Eco chiam\u00f2 apocalittici: coloro, cio\u00e8, che rifiutavano a priori ogni manifestazione di modernit\u00e0, perch\u00e9 vista come opera di un demonio.<\/p>\n<p>Leggendo, anzi: rileggendo, oggi con pi\u00f9 distacco e maturit\u00e0 <em>Minima moralia <\/em>e il relativo sottotitolo (che in pochi ricordano): <em>Meditazioni della vita offesa<\/em>, l\u2019impressione \u00e8 di trovarsi di fronte a un inquisitore mascherato da sapiente che cerca di fare dono della propria saggezza.<\/p>\n<p>Il libro intende, dal punto di vista operativo e quindi in termini di struttura generale del testo, recuperare la forma filosofica dell\u2019aforisma restituendogli la giusta dignit\u00e0 letteraria. Che, detta in parole povere, consiste nell\u2019appuntare giorno per giorno riflessioni su ci\u00f2 che accade senza organizzarle in un sistema di pensiero. Una scrittura, dunque, che si presta ad aperture, revisioni continue, correzioni, ribaltamenti improvvisi di punti di vista. L\u2019aforisma implica anche uno stile chiaro e immediato.<\/p>\n<p>Chiunque legga il libro di Adorno (in originale o nella bellissima traduzione di Renato Solmi), si render\u00e0 conto che cos\u00ec non \u00e8.<\/p>\n<p>Mi spiego meglio: sotto la maschera letteraria dell\u2019aforisma, Adorno confeziona una serie di micro-trattati filosofici ben strutturati, meditati, tutt\u2019altro che immediati; e, per di pi\u00f9, risultano anche di difficile lettura sotto il profilo dello stile: labirintico, pieno di subordinate, con divagazioni che fanno perdere di vista il tema affrontato.<\/p>\n<p>Gi\u00e0 questo aspetto non depone bene, per un lettore di oggi. Ma forse anche per quello contemporaneo al libro.<\/p>\n<p>Quanto agli argomenti affrontati, sono davvero tanti. Inutile elencarne qualcuno a mo\u2019 di esemplificazione, ma in linea generale basti dire che Adorno se la prende con la cultura e la societ\u00e0 di massa a lui contemporanee. In sostanza, ecco la tesi dei <em>Minima moralia<\/em>: se la vita umana &#8211; nel quotidiano personale e collettivo &#8211; prende le forme e gli andamenti del modello capitalistico di produzione e ricavo di profitti (e cos\u2019\u00e8 questo se non la ripresa del concetto di sussunzione del reale nel capitale di Marx?), quali saranno gli spazi di libert\u00e0 che gli uomini avranno e che potranno utilizzare? Adorno non ce lo dice. E questo non \u00e8 un bene. Non basta rifiutare lo status quo. Ci vuole qualcosa di pi\u00f9.<\/p>\n<p>Ovvio che Adorno \u00e8 un grandissimo pensatore. E lo \u00e8 stato, soprattutto, (ma \u00e8 un parere personale), nell\u2019elaborazione della sua <em>Teoria estetica <\/em>(uscita postuma per l\u2019improvvisa morte dell\u2019autore e, questa s\u00ec, aforistica). In <em>Minima moralia <\/em>sembra invece un predicatore moralista, vagamente trombone, incline solo a un pessimismo della ragione.<\/p>\n<p>Ma la domanda che noi oggi, leggendo &#8211; o rileggendo &#8211; <em>Minima moralia<\/em>, dovremmo farci \u00e8 questa: piuttosto che considerare offensiva la vita e i modelli della societ\u00e0 e della cultura di massa, non converrebbe opporre un modello creativo e diverso? Detto in termini pi\u00f9 espliciti: l\u2019atteggiamento snob dell\u2019Adorno di <em>Minima moralia <\/em>ci permette di individuare possibilit\u00e0 alternative o di crearne di nuove?<\/p>\n<p>E voi cosa ne pensate?<\/p>\n<p>Dateci la vostra opinione!<\/p>\n<p>Pierluigi Pietricola<\/p>\n<p>&nbsp;&nbsp;&nbsp;&nbsp;&nbsp;&nbsp;&nbsp;&nbsp;<\/p>\n<p>[\/et_pb_text][\/et_pb_column][\/et_pb_row][\/et_pb_section]<\/p>\n","protected":false},"excerpt":{"rendered":"<p>Contro i minima Morali di Pierluigi Pietricola Apriamo questo spazio di discussione con un pezzo che prende di mira un classico, un grande classico noto ai pi\u00f9 e che, si dice, tutti avranno letto o sfogliato: Minima moralia di Adorno. Perch\u00e9 prendersela con un libro su cui in tanti si sono formati, specie nel campo [&hellip;]<\/p>\n","protected":false},"author":14,"featured_media":228,"comment_status":"open","ping_status":"open","sticky":false,"template":"","format":"standard","meta":{"_et_pb_use_builder":"on","_et_pb_old_content":"Welcome to <a href=\"https:\/\/www.istitutostudisindacali.net\/\">Istituto Studi Sindacali<\/a>. This is your first post. Edit or delete it, then start writing!","_et_gb_content_width":"","ngg_post_thumbnail":0,"footnotes":""},"categories":[1],"tags":[],"class_list":["post-1","post","type-post","status-publish","format-standard","has-post-thumbnail","hentry","category-senza-categoria"],"yoast_head":"<!-- This site is optimized with the Yoast SEO plugin v27.4 - https:\/\/yoast.com\/product\/yoast-seo-wordpress\/ -->\n<title>Articolo Esempio - Certi Libri!<\/title>\n<meta name=\"robots\" content=\"index, follow, max-snippet:-1, max-image-preview:large, max-video-preview:-1\" \/>\n<link rel=\"canonical\" href=\"https:\/\/www.istitutostudisindacali.net\/certilibri\/2025\/03\/22\/ciao-mondo\/\" \/>\n<meta property=\"og:locale\" content=\"it_IT\" \/>\n<meta property=\"og:type\" content=\"article\" \/>\n<meta property=\"og:title\" content=\"Articolo Esempio - Certi Libri!\" \/>\n<meta property=\"og:description\" content=\"Contro i minima Morali di Pierluigi Pietricola Apriamo questo spazio di discussione con un pezzo che prende di mira un classico, un grande classico noto ai pi\u00f9 e che, si dice, tutti avranno letto o sfogliato: Minima moralia di Adorno. Perch\u00e9 prendersela con un libro su cui in tanti si sono formati, specie nel campo [&hellip;]\" \/>\n<meta property=\"og:url\" content=\"https:\/\/www.istitutostudisindacali.net\/certilibri\/2025\/03\/22\/ciao-mondo\/\" \/>\n<meta property=\"og:site_name\" content=\"Certi Libri!\" \/>\n<meta property=\"article:published_time\" content=\"2025-03-22T18:39:26+00:00\" \/>\n<meta property=\"article:modified_time\" content=\"2025-06-06T14:18:31+00:00\" \/>\n<meta property=\"og:image\" content=\"https:\/\/www.istitutostudisindacali.net\/certilibri\/wp-content\/uploads\/sites\/19\/2025\/03\/Immagine-WhatsApp-2025-06-06-ore-16.14.06_44a6af5c.jpg\" \/>\n\t<meta property=\"og:image:width\" content=\"1162\" \/>\n\t<meta property=\"og:image:height\" content=\"1600\" \/>\n\t<meta property=\"og:image:type\" content=\"image\/jpeg\" \/>\n<meta name=\"author\" content=\"certilibri\" \/>\n<meta name=\"twitter:card\" content=\"summary_large_image\" \/>\n<meta name=\"twitter:label1\" content=\"Scritto da\" \/>\n\t<meta name=\"twitter:data1\" content=\"certilibri\" \/>\n\t<meta name=\"twitter:label2\" content=\"Tempo di lettura stimato\" \/>\n\t<meta name=\"twitter:data2\" content=\"4 minuti\" \/>\n<script type=\"application\/ld+json\" class=\"yoast-schema-graph\">{\"@context\":\"https:\\\/\\\/schema.org\",\"@graph\":[{\"@type\":\"Article\",\"@id\":\"https:\\\/\\\/www.istitutostudisindacali.net\\\/certilibri\\\/2025\\\/03\\\/22\\\/ciao-mondo\\\/#article\",\"isPartOf\":{\"@id\":\"https:\\\/\\\/www.istitutostudisindacali.net\\\/certilibri\\\/2025\\\/03\\\/22\\\/ciao-mondo\\\/\"},\"author\":{\"name\":\"certilibri\",\"@id\":\"https:\\\/\\\/www.istitutostudisindacali.net\\\/certilibri\\\/#\\\/schema\\\/person\\\/a594cd8eb5a146cbcac49dffd39e85ca\"},\"headline\":\"Articolo Esempio\",\"datePublished\":\"2025-03-22T18:39:26+00:00\",\"dateModified\":\"2025-06-06T14:18:31+00:00\",\"mainEntityOfPage\":{\"@id\":\"https:\\\/\\\/www.istitutostudisindacali.net\\\/certilibri\\\/2025\\\/03\\\/22\\\/ciao-mondo\\\/\"},\"wordCount\":746,\"commentCount\":0,\"image\":{\"@id\":\"https:\\\/\\\/www.istitutostudisindacali.net\\\/certilibri\\\/2025\\\/03\\\/22\\\/ciao-mondo\\\/#primaryimage\"},\"thumbnailUrl\":\"https:\\\/\\\/www.istitutostudisindacali.net\\\/certilibri\\\/wp-content\\\/uploads\\\/sites\\\/19\\\/2025\\\/03\\\/Immagine-WhatsApp-2025-06-06-ore-16.14.06_44a6af5c.jpg\",\"inLanguage\":\"it-IT\",\"potentialAction\":[{\"@type\":\"CommentAction\",\"name\":\"Comment\",\"target\":[\"https:\\\/\\\/www.istitutostudisindacali.net\\\/certilibri\\\/2025\\\/03\\\/22\\\/ciao-mondo\\\/#respond\"]}]},{\"@type\":\"WebPage\",\"@id\":\"https:\\\/\\\/www.istitutostudisindacali.net\\\/certilibri\\\/2025\\\/03\\\/22\\\/ciao-mondo\\\/\",\"url\":\"https:\\\/\\\/www.istitutostudisindacali.net\\\/certilibri\\\/2025\\\/03\\\/22\\\/ciao-mondo\\\/\",\"name\":\"Articolo Esempio - Certi Libri!\",\"isPartOf\":{\"@id\":\"https:\\\/\\\/www.istitutostudisindacali.net\\\/certilibri\\\/#website\"},\"primaryImageOfPage\":{\"@id\":\"https:\\\/\\\/www.istitutostudisindacali.net\\\/certilibri\\\/2025\\\/03\\\/22\\\/ciao-mondo\\\/#primaryimage\"},\"image\":{\"@id\":\"https:\\\/\\\/www.istitutostudisindacali.net\\\/certilibri\\\/2025\\\/03\\\/22\\\/ciao-mondo\\\/#primaryimage\"},\"thumbnailUrl\":\"https:\\\/\\\/www.istitutostudisindacali.net\\\/certilibri\\\/wp-content\\\/uploads\\\/sites\\\/19\\\/2025\\\/03\\\/Immagine-WhatsApp-2025-06-06-ore-16.14.06_44a6af5c.jpg\",\"datePublished\":\"2025-03-22T18:39:26+00:00\",\"dateModified\":\"2025-06-06T14:18:31+00:00\",\"author\":{\"@id\":\"https:\\\/\\\/www.istitutostudisindacali.net\\\/certilibri\\\/#\\\/schema\\\/person\\\/a594cd8eb5a146cbcac49dffd39e85ca\"},\"breadcrumb\":{\"@id\":\"https:\\\/\\\/www.istitutostudisindacali.net\\\/certilibri\\\/2025\\\/03\\\/22\\\/ciao-mondo\\\/#breadcrumb\"},\"inLanguage\":\"it-IT\",\"potentialAction\":[{\"@type\":\"ReadAction\",\"target\":[\"https:\\\/\\\/www.istitutostudisindacali.net\\\/certilibri\\\/2025\\\/03\\\/22\\\/ciao-mondo\\\/\"]}]},{\"@type\":\"ImageObject\",\"inLanguage\":\"it-IT\",\"@id\":\"https:\\\/\\\/www.istitutostudisindacali.net\\\/certilibri\\\/2025\\\/03\\\/22\\\/ciao-mondo\\\/#primaryimage\",\"url\":\"https:\\\/\\\/www.istitutostudisindacali.net\\\/certilibri\\\/wp-content\\\/uploads\\\/sites\\\/19\\\/2025\\\/03\\\/Immagine-WhatsApp-2025-06-06-ore-16.14.06_44a6af5c.jpg\",\"contentUrl\":\"https:\\\/\\\/www.istitutostudisindacali.net\\\/certilibri\\\/wp-content\\\/uploads\\\/sites\\\/19\\\/2025\\\/03\\\/Immagine-WhatsApp-2025-06-06-ore-16.14.06_44a6af5c.jpg\",\"width\":1162,\"height\":1600},{\"@type\":\"BreadcrumbList\",\"@id\":\"https:\\\/\\\/www.istitutostudisindacali.net\\\/certilibri\\\/2025\\\/03\\\/22\\\/ciao-mondo\\\/#breadcrumb\",\"itemListElement\":[{\"@type\":\"ListItem\",\"position\":1,\"name\":\"Home\",\"item\":\"https:\\\/\\\/www.istitutostudisindacali.net\\\/certilibri\\\/\"},{\"@type\":\"ListItem\",\"position\":2,\"name\":\"Articolo Esempio\"}]},{\"@type\":\"WebSite\",\"@id\":\"https:\\\/\\\/www.istitutostudisindacali.net\\\/certilibri\\\/#website\",\"url\":\"https:\\\/\\\/www.istitutostudisindacali.net\\\/certilibri\\\/\",\"name\":\"Certi Libri!\",\"description\":\"Letture, Riletture, Scoperte, Riscoperte\",\"potentialAction\":[{\"@type\":\"SearchAction\",\"target\":{\"@type\":\"EntryPoint\",\"urlTemplate\":\"https:\\\/\\\/www.istitutostudisindacali.net\\\/certilibri\\\/?s={search_term_string}\"},\"query-input\":{\"@type\":\"PropertyValueSpecification\",\"valueRequired\":true,\"valueName\":\"search_term_string\"}}],\"inLanguage\":\"it-IT\"},{\"@type\":\"Person\",\"@id\":\"https:\\\/\\\/www.istitutostudisindacali.net\\\/certilibri\\\/#\\\/schema\\\/person\\\/a594cd8eb5a146cbcac49dffd39e85ca\",\"name\":\"certilibri\",\"url\":\"https:\\\/\\\/www.istitutostudisindacali.net\\\/certilibri\\\/author\\\/certilibri\\\/\"}]}<\/script>\n<!-- \/ Yoast SEO plugin. -->","yoast_head_json":{"title":"Articolo Esempio - Certi Libri!","robots":{"index":"index","follow":"follow","max-snippet":"max-snippet:-1","max-image-preview":"max-image-preview:large","max-video-preview":"max-video-preview:-1"},"canonical":"https:\/\/www.istitutostudisindacali.net\/certilibri\/2025\/03\/22\/ciao-mondo\/","og_locale":"it_IT","og_type":"article","og_title":"Articolo Esempio - Certi Libri!","og_description":"Contro i minima Morali di Pierluigi Pietricola Apriamo questo spazio di discussione con un pezzo che prende di mira un classico, un grande classico noto ai pi\u00f9 e che, si dice, tutti avranno letto o sfogliato: Minima moralia di Adorno. Perch\u00e9 prendersela con un libro su cui in tanti si sono formati, specie nel campo [&hellip;]","og_url":"https:\/\/www.istitutostudisindacali.net\/certilibri\/2025\/03\/22\/ciao-mondo\/","og_site_name":"Certi Libri!","article_published_time":"2025-03-22T18:39:26+00:00","article_modified_time":"2025-06-06T14:18:31+00:00","og_image":[{"width":1162,"height":1600,"url":"https:\/\/www.istitutostudisindacali.net\/certilibri\/wp-content\/uploads\/sites\/19\/2025\/03\/Immagine-WhatsApp-2025-06-06-ore-16.14.06_44a6af5c.jpg","type":"image\/jpeg"}],"author":"certilibri","twitter_card":"summary_large_image","twitter_misc":{"Scritto da":"certilibri","Tempo di lettura stimato":"4 minuti"},"schema":{"@context":"https:\/\/schema.org","@graph":[{"@type":"Article","@id":"https:\/\/www.istitutostudisindacali.net\/certilibri\/2025\/03\/22\/ciao-mondo\/#article","isPartOf":{"@id":"https:\/\/www.istitutostudisindacali.net\/certilibri\/2025\/03\/22\/ciao-mondo\/"},"author":{"name":"certilibri","@id":"https:\/\/www.istitutostudisindacali.net\/certilibri\/#\/schema\/person\/a594cd8eb5a146cbcac49dffd39e85ca"},"headline":"Articolo Esempio","datePublished":"2025-03-22T18:39:26+00:00","dateModified":"2025-06-06T14:18:31+00:00","mainEntityOfPage":{"@id":"https:\/\/www.istitutostudisindacali.net\/certilibri\/2025\/03\/22\/ciao-mondo\/"},"wordCount":746,"commentCount":0,"image":{"@id":"https:\/\/www.istitutostudisindacali.net\/certilibri\/2025\/03\/22\/ciao-mondo\/#primaryimage"},"thumbnailUrl":"https:\/\/www.istitutostudisindacali.net\/certilibri\/wp-content\/uploads\/sites\/19\/2025\/03\/Immagine-WhatsApp-2025-06-06-ore-16.14.06_44a6af5c.jpg","inLanguage":"it-IT","potentialAction":[{"@type":"CommentAction","name":"Comment","target":["https:\/\/www.istitutostudisindacali.net\/certilibri\/2025\/03\/22\/ciao-mondo\/#respond"]}]},{"@type":"WebPage","@id":"https:\/\/www.istitutostudisindacali.net\/certilibri\/2025\/03\/22\/ciao-mondo\/","url":"https:\/\/www.istitutostudisindacali.net\/certilibri\/2025\/03\/22\/ciao-mondo\/","name":"Articolo Esempio - Certi Libri!","isPartOf":{"@id":"https:\/\/www.istitutostudisindacali.net\/certilibri\/#website"},"primaryImageOfPage":{"@id":"https:\/\/www.istitutostudisindacali.net\/certilibri\/2025\/03\/22\/ciao-mondo\/#primaryimage"},"image":{"@id":"https:\/\/www.istitutostudisindacali.net\/certilibri\/2025\/03\/22\/ciao-mondo\/#primaryimage"},"thumbnailUrl":"https:\/\/www.istitutostudisindacali.net\/certilibri\/wp-content\/uploads\/sites\/19\/2025\/03\/Immagine-WhatsApp-2025-06-06-ore-16.14.06_44a6af5c.jpg","datePublished":"2025-03-22T18:39:26+00:00","dateModified":"2025-06-06T14:18:31+00:00","author":{"@id":"https:\/\/www.istitutostudisindacali.net\/certilibri\/#\/schema\/person\/a594cd8eb5a146cbcac49dffd39e85ca"},"breadcrumb":{"@id":"https:\/\/www.istitutostudisindacali.net\/certilibri\/2025\/03\/22\/ciao-mondo\/#breadcrumb"},"inLanguage":"it-IT","potentialAction":[{"@type":"ReadAction","target":["https:\/\/www.istitutostudisindacali.net\/certilibri\/2025\/03\/22\/ciao-mondo\/"]}]},{"@type":"ImageObject","inLanguage":"it-IT","@id":"https:\/\/www.istitutostudisindacali.net\/certilibri\/2025\/03\/22\/ciao-mondo\/#primaryimage","url":"https:\/\/www.istitutostudisindacali.net\/certilibri\/wp-content\/uploads\/sites\/19\/2025\/03\/Immagine-WhatsApp-2025-06-06-ore-16.14.06_44a6af5c.jpg","contentUrl":"https:\/\/www.istitutostudisindacali.net\/certilibri\/wp-content\/uploads\/sites\/19\/2025\/03\/Immagine-WhatsApp-2025-06-06-ore-16.14.06_44a6af5c.jpg","width":1162,"height":1600},{"@type":"BreadcrumbList","@id":"https:\/\/www.istitutostudisindacali.net\/certilibri\/2025\/03\/22\/ciao-mondo\/#breadcrumb","itemListElement":[{"@type":"ListItem","position":1,"name":"Home","item":"https:\/\/www.istitutostudisindacali.net\/certilibri\/"},{"@type":"ListItem","position":2,"name":"Articolo Esempio"}]},{"@type":"WebSite","@id":"https:\/\/www.istitutostudisindacali.net\/certilibri\/#website","url":"https:\/\/www.istitutostudisindacali.net\/certilibri\/","name":"Certi Libri!","description":"Letture, Riletture, Scoperte, Riscoperte","potentialAction":[{"@type":"SearchAction","target":{"@type":"EntryPoint","urlTemplate":"https:\/\/www.istitutostudisindacali.net\/certilibri\/?s={search_term_string}"},"query-input":{"@type":"PropertyValueSpecification","valueRequired":true,"valueName":"search_term_string"}}],"inLanguage":"it-IT"},{"@type":"Person","@id":"https:\/\/www.istitutostudisindacali.net\/certilibri\/#\/schema\/person\/a594cd8eb5a146cbcac49dffd39e85ca","name":"certilibri","url":"https:\/\/www.istitutostudisindacali.net\/certilibri\/author\/certilibri\/"}]}},"jetpack_featured_media_url":"https:\/\/www.istitutostudisindacali.net\/certilibri\/wp-content\/uploads\/sites\/19\/2025\/03\/Immagine-WhatsApp-2025-06-06-ore-16.14.06_44a6af5c.jpg","_links":{"self":[{"href":"https:\/\/www.istitutostudisindacali.net\/certilibri\/wp-json\/wp\/v2\/posts\/1","targetHints":{"allow":["GET"]}}],"collection":[{"href":"https:\/\/www.istitutostudisindacali.net\/certilibri\/wp-json\/wp\/v2\/posts"}],"about":[{"href":"https:\/\/www.istitutostudisindacali.net\/certilibri\/wp-json\/wp\/v2\/types\/post"}],"author":[{"embeddable":true,"href":"https:\/\/www.istitutostudisindacali.net\/certilibri\/wp-json\/wp\/v2\/users\/14"}],"replies":[{"embeddable":true,"href":"https:\/\/www.istitutostudisindacali.net\/certilibri\/wp-json\/wp\/v2\/comments?post=1"}],"version-history":[{"count":7,"href":"https:\/\/www.istitutostudisindacali.net\/certilibri\/wp-json\/wp\/v2\/posts\/1\/revisions"}],"predecessor-version":[{"id":229,"href":"https:\/\/www.istitutostudisindacali.net\/certilibri\/wp-json\/wp\/v2\/posts\/1\/revisions\/229"}],"wp:featuredmedia":[{"embeddable":true,"href":"https:\/\/www.istitutostudisindacali.net\/certilibri\/wp-json\/wp\/v2\/media\/228"}],"wp:attachment":[{"href":"https:\/\/www.istitutostudisindacali.net\/certilibri\/wp-json\/wp\/v2\/media?parent=1"}],"wp:term":[{"taxonomy":"category","embeddable":true,"href":"https:\/\/www.istitutostudisindacali.net\/certilibri\/wp-json\/wp\/v2\/categories?post=1"},{"taxonomy":"post_tag","embeddable":true,"href":"https:\/\/www.istitutostudisindacali.net\/certilibri\/wp-json\/wp\/v2\/tags?post=1"}],"curies":[{"name":"wp","href":"https:\/\/api.w.org\/{rel}","templated":true}]}}