{"id":823,"date":"2018-12-04T08:46:45","date_gmt":"2018-12-04T07:46:45","guid":{"rendered":"https:\/\/bibliotecarturochiari.wordpress.com\/?p=823"},"modified":"2023-02-04T19:11:51","modified_gmt":"2023-02-04T18:11:51","slug":"nicola-badaloni-gino-piva-e-il-socialismo-padano-veneto-di-giampietro-berti","status":"publish","type":"post","link":"https:\/\/www.istitutostudisindacali.net\/bibliotecablog\/2018\/12\/04\/nicola-badaloni-gino-piva-e-il-socialismo-padano-veneto-di-giampietro-berti\/","title":{"rendered":"&#8220;Nicola Badaloni Gino Piva e il socialismo Padano Veneto&#8221; di Giampietro Berti"},"content":{"rendered":"<blockquote><p>il 4 dicembre 1919 Muore Giuseppe Bertani (sindacalista e politico italiano) .<\/p>\n<p style=\"text-align:justify\">Nel\u00a0<a title=\"Provincia di Mantova\" href=\"https:\/\/it.wikipedia.org\/wiki\/Provincia_di_Mantova\">mantovano<\/a>\u00a0fu tra i primi ad aderire al\u00a0<a title=\"Partito Socialista Italiano\" href=\"https:\/\/it.wikipedia.org\/wiki\/Partito_Socialista_Italiano\">Partito Socialista<\/a>. Si applic\u00f2 con particolare impegno all&#8217;attivit\u00e0 di difesa dei diritti dei lavoratori. Nel paese natale (<a title=\"Buscoldo\" href=\"https:\/\/it.wikipedia.org\/wiki\/Buscoldo\">Buscoldo<\/a>, frazione del comune di Curtatone) fond\u00f2 nel 1900 la\u00a0<i>Lega di Miglioramento di Buscoldo<\/i>\u00a0e l&#8217;anno successivo al Congresso dei Lavoratori della Terra tenutosi a\u00a0<a title=\"Bologna\" href=\"https:\/\/it.wikipedia.org\/wiki\/Bologna\">Bologna<\/a>, venne eletto nel Comitato federale nazionale. Nel 1902 fu eletto consigliere comunale di\u00a0<a title=\"Curtatone\" href=\"https:\/\/it.wikipedia.org\/wiki\/Curtatone\">Curtatone<\/a>, quindi entr\u00f2 nella segreteria nazionale della\u00a0<a title=\"Federterra\" href=\"https:\/\/it.wikipedia.org\/wiki\/Federterra\">Federterra<\/a>\u00a0e divenne redattore responsabile del settimanale &#8220;<i>Il Socialista<\/i>&#8220;. Fu tra i propugnatori nel 1910 della costruzione di una\u00a0<a title=\"Casa del Popolo\" href=\"https:\/\/it.wikipedia.org\/wiki\/Casa_del_Popolo\">Casa del Popolo<\/a>\u00a0a Buscoldo, che venne realizzata tre anni dopo con una spesa, imponente per l&#8217;epoca, di 100.000 lire.<br \/>\nDirigente dell&#8217;<i>Associazione provinciale dei Terrazzieri<\/i>, Bertani fu tra gli organizzatori a\u00a0<a title=\"Mantova\" href=\"https:\/\/it.wikipedia.org\/wiki\/Mantova\">Mantova<\/a>\u00a0delle &#8220;giornate rosse&#8221; che nel dicembre\u00a0<a title=\"1919\" href=\"https:\/\/it.wikipedia.org\/wiki\/1919\">1919<\/a>\u00a0portarono anche a uno\u00a0<a title=\"Sciopero\" href=\"https:\/\/it.wikipedia.org\/wiki\/Sciopero\">sciopero<\/a>\u00a0generale il 2 dicembre. Il 4 dicembre fu convocato un\u00a0<a title=\"Comizio\" href=\"https:\/\/it.wikipedia.org\/wiki\/Comizio\">comizio<\/a>\u00a0nella\u00a0<a title=\"Mantova\" href=\"https:\/\/it.wikipedia.org\/wiki\/Mantova#Piazze\">Piazza Virgiliana<\/a>\u00a0a Mantova. Scoppiarono incidenti tra alcuni manifestanti e le forze dell&#8217;ordine e Giuseppe Bertani, che stava defluendo dal comizio, fu colpito alla testa in\u00a0<a title=\"Mantova\" href=\"https:\/\/it.wikipedia.org\/wiki\/Mantova#Piazze\">piazza delle Erbe<\/a>. Con lui vennero uccisi Cornelio Accorsi e Modesto Veronesi, che ferito con altri, mor\u00ec all&#8217;ospedale di Mantova.<\/p>\n<p>Il 7 dicembre gli vennero rese solenni onoranze funebri alla presenza di migliaia di persone nel paese natio di Buscoldo.<\/p><\/blockquote>\n<p style=\"text-align:center\"><img loading=\"lazy\" decoding=\"async\" class=\"alignnone size-full wp-image-826\" src=\"https:\/\/www.istitutostudisindacali.net\/biblioteca\/wp-content\/uploads\/sites\/2\/2018\/12\/giuseppe_bertani.jpg\" alt=\"giuseppe_bertani\" width=\"250\" height=\"328\" srcset=\"https:\/\/www.istitutostudisindacali.net\/bibliotecablog\/wp-content\/uploads\/sites\/17\/2018\/12\/giuseppe_bertani.jpg 250w, https:\/\/www.istitutostudisindacali.net\/bibliotecablog\/wp-content\/uploads\/sites\/17\/2018\/12\/giuseppe_bertani-229x300.jpg 229w\" sizes=\"(max-width: 250px) 100vw, 250px\" \/><\/p>\n<p style=\"text-align:justify\">[&#8230;]Nella primavera del 1884 i veneti diedero vita a una vasta opera propagandistica nelle campagne polesane, ferrare, mantovane e veronesi, incitando apertamente i contadini alla rivolta.\u00a0 \u00a0La propaganda ottenne successo perch\u00e9 nel corso dell&#8217;anno seguente vi furono vari moti a carattere rivoluzionario, come viene testimoniato dal processo che si tenne Rovigo che vide oltre 250 imputati, alcuni condannati a dure pene. L&#8217;agitazione continu\u00f2 nello stesso 1885, coinvolgendo, specialmente nel Mantovano, altre centinaia di contadini.<\/p>\n<p style=\"text-align:justify\">E&#8217; questa, come \u00e8 noto, la rivolta de <em>la Boje,\u00a0<\/em>principale espressione rivoluzionaria del socialismo italiano degli anni Ottanta. La <em>Boje<\/em> fu allo stesso tempo un fatto spontaneo,\u00a0 perch\u00e8 non fu determinato dall&#8217;azione di precise strutture organizzative, ma anche l&#8217;esito di un&#8217;azione rivoluzionaria condotta in gran parte da anarchici, socialisti e repubblicani. Il carattere ideologicamente composito della <em>Boje <\/em>si rileva nella presenza degli imputati del secondo processo, svoltosi nel 1886 a Venezia. Qui furono giudicati i principali protagonisti del moto mantovano e precisamente Francesco Siliprandi (simpatizzante proudhoniano), segretario dell&#8217;Associazione generale dei contadini italiani, Eugenio Sartori, segretario della Societ\u00e0 di mutuo soccorso fra i contadini della provincia di Mantova e l&#8217;operaio Giuseppe Barbiani. Tra le due organizzazioni contadine esisteva &lt;&lt;una rilevante diversit\u00e0 ideologicva: solidaristica e volta alla realizzazione della concordia interclassista quella guidata da Sartori (ingegnere e proprietario), classista e con finalit\u00e0 socialiste quella guidata da Siliprandi. Nonostante questo, la loro azione nel corso della lotta si rilev\u00f2 strettamente unitaria e concorde fu la piattaforma rivendicativa (aumenti salariali per i braccianti differenziati per sesso e et\u00e0)&gt;&gt;.<\/p>\n<p style=\"text-align:justify\">Si pu\u00f2 osservare a questo punto che la\u00a0<em>Boje<\/em> non ebbe un carattere univoco perch\u00e9 nelle Polisine si manifest\u00f2 con maggiore accentuazione anarchica rispetto al Mantovano, al Cremonese e al Parmense. Non a caso, dopo questa esperienza, il riformismo si affermer\u00e0 definitivamente in tutta l&#8217;area padovana. Nel 1891 nascer\u00e0 la Federazione mantovana delle associazioni operaie e contadine, primo organismo del genere costituitosi in Italia. Di dimensioni rilevanti (50 societ\u00e0 affiliate e oltre 11000 iscritti) la sua attivit\u00e0 rivendicazionistica sar\u00e0 rivolta soprattutto alla creazione di cooperative di produzione e di consumo e all&#8217;istruzione popolare. Invece nel Polesine persister\u00e0 una istanza rivoluzionaria fino agli inizi del secolo per tradursi poi nella forma del sindacalismo rivoluzionario.<\/p>\n<p style=\"text-align:justify\">Il sostanziale fallimento del moto insurrezionale, la cui spinta sociale sar\u00e0 disinnescata da altri canali di sfogo (dal furto campestre all&#8217;emigrazione), deve essere visto nel quadro pi\u00f9 generale delle lotte contadine sviluppatesi in questi anni nel Nord d&#8217;Italia.<\/p>\n<p style=\"text-align:justify\">La conflittualit\u00e0 nelle campagne si manifestava allora con scioperi di breve durata a causa della mancanza di strutture organizzative di sostegno e soprattutto per la scarsit\u00e0 delle risorse finanziarie in grado di consentire una maggiore resistenza alla reazione padronale. Una situazione, questa, che verr\u00e0 risolta nel 1901 quando nascer\u00e0 la Federazione Italiana dei Lavoratori della terra, senza che vengano meno, comunque, i caratteri del precedente ribellismo e spontaneismo. [&#8230;]pp.94<\/p>\n<p><em><strong>Disponibile presso la Biblioteca Nazionale UIL Arturo Chiari\u00a0<\/strong><\/em><\/p>\n<p>&nbsp;<\/p>\n\n\t\t<style type=\"text\/css\">\n\t\t\t#gallery-1 {\n\t\t\t\tmargin: auto;\n\t\t\t}\n\t\t\t#gallery-1 .gallery-item {\n\t\t\t\tfloat: left;\n\t\t\t\tmargin-top: 10px;\n\t\t\t\ttext-align: center;\n\t\t\t\twidth: 33%;\n\t\t\t}\n\t\t\t#gallery-1 img {\n\t\t\t\tborder: 2px solid #cfcfcf;\n\t\t\t}\n\t\t\t#gallery-1 .gallery-caption {\n\t\t\t\tmargin-left: 0;\n\t\t\t}\n\t\t\t\/* see gallery_shortcode() in wp-includes\/media.php *\/\n\t\t<\/style>\n\t\t<div id='gallery-1' class='gallery galleryid-823 gallery-columns-3 gallery-size-thumbnail'><dl class='gallery-item'>\n\t\t\t<dt class='gallery-icon landscape'>\n\t\t\t\t<a href='https:\/\/www.istitutostudisindacali.net\/bibliotecablog\/boje_6531\/'><img loading=\"lazy\" decoding=\"async\" width=\"150\" height=\"150\" src=\"https:\/\/www.istitutostudisindacali.net\/bibliotecablog\/wp-content\/uploads\/sites\/17\/2018\/12\/boje_6531-150x150.jpg\" class=\"attachment-thumbnail size-thumbnail\" alt=\"\" srcset=\"https:\/\/www.istitutostudisindacali.net\/bibliotecablog\/wp-content\/uploads\/sites\/17\/2018\/12\/boje_6531-150x150.jpg 150w, https:\/\/www.istitutostudisindacali.net\/bibliotecablog\/wp-content\/uploads\/sites\/17\/2018\/12\/boje_6531-250x250.jpg 250w\" sizes=\"(max-width: 150px) 100vw, 150px\" \/><\/a>\n\t\t\t<\/dt><\/dl><dl class='gallery-item'>\n\t\t\t<dt class='gallery-icon landscape'>\n\t\t\t\t<a href='https:\/\/www.istitutostudisindacali.net\/bibliotecablog\/soc_operaia_r1\/'><img loading=\"lazy\" decoding=\"async\" width=\"150\" height=\"150\" src=\"https:\/\/www.istitutostudisindacali.net\/bibliotecablog\/wp-content\/uploads\/sites\/17\/2018\/12\/soc_operaia_r1-150x150.jpg\" class=\"attachment-thumbnail size-thumbnail\" alt=\"\" srcset=\"https:\/\/www.istitutostudisindacali.net\/bibliotecablog\/wp-content\/uploads\/sites\/17\/2018\/12\/soc_operaia_r1-150x150.jpg 150w, https:\/\/www.istitutostudisindacali.net\/bibliotecablog\/wp-content\/uploads\/sites\/17\/2018\/12\/soc_operaia_r1-250x250.jpg 250w, https:\/\/www.istitutostudisindacali.net\/bibliotecablog\/wp-content\/uploads\/sites\/17\/2018\/12\/soc_operaia_r1-440x440.jpg 440w\" sizes=\"(max-width: 150px) 100vw, 150px\" \/><\/a>\n\t\t\t<\/dt><\/dl><dl class='gallery-item'>\n\t\t\t<dt class='gallery-icon landscape'>\n\t\t\t\t<a href='https:\/\/www.istitutostudisindacali.net\/bibliotecablog\/manifesto-la-boje-2\/'><img loading=\"lazy\" decoding=\"async\" width=\"150\" height=\"150\" src=\"https:\/\/www.istitutostudisindacali.net\/bibliotecablog\/wp-content\/uploads\/sites\/17\/2018\/12\/manifesto-la-boje-150x150.jpg\" class=\"attachment-thumbnail size-thumbnail\" alt=\"\" srcset=\"https:\/\/www.istitutostudisindacali.net\/bibliotecablog\/wp-content\/uploads\/sites\/17\/2018\/12\/manifesto-la-boje-150x150.jpg 150w, https:\/\/www.istitutostudisindacali.net\/bibliotecablog\/wp-content\/uploads\/sites\/17\/2018\/12\/manifesto-la-boje-250x250.jpg 250w, https:\/\/www.istitutostudisindacali.net\/bibliotecablog\/wp-content\/uploads\/sites\/17\/2018\/12\/manifesto-la-boje-440x440.jpg 440w\" sizes=\"(max-width: 150px) 100vw, 150px\" \/><\/a>\n\t\t\t<\/dt><\/dl><br style=\"clear: both\" \/>\n\t\t<\/div>\n\n","protected":false},"excerpt":{"rendered":"<p>Nella primavera del 1884 i veneti diedero vita a una vasta opera propagandistica nelle campagne polesane, ferrare, mantovane e veronesi, incitando apertamente i contadini alla rivolta.\u00a0<\/p>\n","protected":false},"author":7,"featured_media":827,"comment_status":"closed","ping_status":"closed","sticky":false,"template":"","format":"standard","meta":{"_et_pb_use_builder":"","_et_pb_old_content":"","_et_gb_content_width":"","ngg_post_thumbnail":0,"_jetpack_memberships_contains_paid_content":false,"footnotes":""},"categories":[107],"tags":[793,794,7,47,795,796,797,699,798,799,800,25],"class_list":["post-823","post","type-post","status-publish","format-standard","has-post-thumbnail","hentry","category-politica","tag-buscoldo","tag-eugenio-sartori","tag-evidenza","tag-federterra","tag-francesco-siliprandi","tag-giuseppe-barbiani","tag-giuseppe-bertani","tag-la-boje","tag-mantova","tag-polesine","tag-rovigo","tag-socialismo","et-has-post-format-content","et_post_format-et-post-format-standard"],"yoast_head":"<!-- This site is optimized with the Yoast SEO plugin v27.4 - https:\/\/yoast.com\/product\/yoast-seo-wordpress\/ -->\n<title>&quot;Nicola Badaloni Gino Piva e il socialismo Padano Veneto&quot; di Giampietro Berti - Blog della Biblioteca<\/title>\n<meta name=\"robots\" content=\"index, follow, max-snippet:-1, max-image-preview:large, max-video-preview:-1\" \/>\n<link rel=\"canonical\" href=\"https:\/\/www.istitutostudisindacali.net\/bibliotecablog\/2018\/12\/04\/nicola-badaloni-gino-piva-e-il-socialismo-padano-veneto-di-giampietro-berti\/\" \/>\n<meta property=\"og:locale\" content=\"it_IT\" \/>\n<meta property=\"og:type\" content=\"article\" \/>\n<meta property=\"og:title\" content=\"&quot;Nicola Badaloni Gino Piva e il socialismo Padano Veneto&quot; di Giampietro Berti - Blog della Biblioteca\" \/>\n<meta property=\"og:description\" content=\"Nella primavera del 1884 i veneti diedero vita a una vasta opera propagandistica nelle campagne polesane, ferrare, mantovane e veronesi, incitando apertamente i contadini alla rivolta.\u00a0\" \/>\n<meta property=\"og:url\" content=\"https:\/\/www.istitutostudisindacali.net\/bibliotecablog\/2018\/12\/04\/nicola-badaloni-gino-piva-e-il-socialismo-padano-veneto-di-giampietro-berti\/\" \/>\n<meta property=\"og:site_name\" content=\"Blog della Biblioteca\" \/>\n<meta property=\"article:published_time\" content=\"2018-12-04T07:46:45+00:00\" \/>\n<meta property=\"article:modified_time\" content=\"2023-02-04T18:11:51+00:00\" \/>\n<meta property=\"og:image\" content=\"https:\/\/www.istitutostudisindacali.net\/bibliotecablog\/wp-content\/uploads\/sites\/17\/2018\/12\/libro1-scaled-1.jpg\" \/>\n\t<meta property=\"og:image:width\" content=\"1803\" \/>\n\t<meta property=\"og:image:height\" content=\"2560\" \/>\n\t<meta property=\"og:image:type\" content=\"image\/jpeg\" \/>\n<meta name=\"author\" content=\"Loredana Pietri\" \/>\n<meta name=\"twitter:card\" content=\"summary_large_image\" \/>\n<meta name=\"twitter:label1\" content=\"Scritto da\" \/>\n\t<meta name=\"twitter:data1\" content=\"Loredana Pietri\" \/>\n\t<meta name=\"twitter:label2\" content=\"Tempo di lettura stimato\" \/>\n\t<meta name=\"twitter:data2\" content=\"3 minuti\" \/>\n<script type=\"application\/ld+json\" class=\"yoast-schema-graph\">{\"@context\":\"https:\\\/\\\/schema.org\",\"@graph\":[{\"@type\":\"Article\",\"@id\":\"https:\\\/\\\/www.istitutostudisindacali.net\\\/bibliotecablog\\\/2018\\\/12\\\/04\\\/nicola-badaloni-gino-piva-e-il-socialismo-padano-veneto-di-giampietro-berti\\\/#article\",\"isPartOf\":{\"@id\":\"https:\\\/\\\/www.istitutostudisindacali.net\\\/bibliotecablog\\\/2018\\\/12\\\/04\\\/nicola-badaloni-gino-piva-e-il-socialismo-padano-veneto-di-giampietro-berti\\\/\"},\"author\":{\"name\":\"Loredana Pietri\",\"@id\":\"https:\\\/\\\/www.istitutostudisindacali.net\\\/bibliotecablog\\\/#\\\/schema\\\/person\\\/67df37a680cbbc103a59f61989c3f7e0\"},\"headline\":\"&#8220;Nicola Badaloni Gino Piva e il socialismo Padano Veneto&#8221; di Giampietro Berti\",\"datePublished\":\"2018-12-04T07:46:45+00:00\",\"dateModified\":\"2023-02-04T18:11:51+00:00\",\"mainEntityOfPage\":{\"@id\":\"https:\\\/\\\/www.istitutostudisindacali.net\\\/bibliotecablog\\\/2018\\\/12\\\/04\\\/nicola-badaloni-gino-piva-e-il-socialismo-padano-veneto-di-giampietro-berti\\\/\"},\"wordCount\":721,\"image\":{\"@id\":\"https:\\\/\\\/www.istitutostudisindacali.net\\\/bibliotecablog\\\/2018\\\/12\\\/04\\\/nicola-badaloni-gino-piva-e-il-socialismo-padano-veneto-di-giampietro-berti\\\/#primaryimage\"},\"thumbnailUrl\":\"https:\\\/\\\/www.istitutostudisindacali.net\\\/bibliotecablog\\\/wp-content\\\/uploads\\\/sites\\\/17\\\/2018\\\/12\\\/libro1-scaled-1.jpg\",\"keywords\":[\"Buscoldo\",\"Eugenio Sartori\",\"evidenza\",\"Federterra\",\"Francesco Siliprandi\",\"Giuseppe Barbiani\",\"Giuseppe Bertani\",\"La Boje\",\"Mantova\",\"Polesine\",\"Rovigo\",\"Socialismo\"],\"articleSection\":[\"Politica\"],\"inLanguage\":\"it-IT\"},{\"@type\":\"WebPage\",\"@id\":\"https:\\\/\\\/www.istitutostudisindacali.net\\\/bibliotecablog\\\/2018\\\/12\\\/04\\\/nicola-badaloni-gino-piva-e-il-socialismo-padano-veneto-di-giampietro-berti\\\/\",\"url\":\"https:\\\/\\\/www.istitutostudisindacali.net\\\/bibliotecablog\\\/2018\\\/12\\\/04\\\/nicola-badaloni-gino-piva-e-il-socialismo-padano-veneto-di-giampietro-berti\\\/\",\"name\":\"\\\"Nicola Badaloni Gino Piva e il socialismo Padano Veneto\\\" di Giampietro Berti - Blog della Biblioteca\",\"isPartOf\":{\"@id\":\"https:\\\/\\\/www.istitutostudisindacali.net\\\/bibliotecablog\\\/#website\"},\"primaryImageOfPage\":{\"@id\":\"https:\\\/\\\/www.istitutostudisindacali.net\\\/bibliotecablog\\\/2018\\\/12\\\/04\\\/nicola-badaloni-gino-piva-e-il-socialismo-padano-veneto-di-giampietro-berti\\\/#primaryimage\"},\"image\":{\"@id\":\"https:\\\/\\\/www.istitutostudisindacali.net\\\/bibliotecablog\\\/2018\\\/12\\\/04\\\/nicola-badaloni-gino-piva-e-il-socialismo-padano-veneto-di-giampietro-berti\\\/#primaryimage\"},\"thumbnailUrl\":\"https:\\\/\\\/www.istitutostudisindacali.net\\\/bibliotecablog\\\/wp-content\\\/uploads\\\/sites\\\/17\\\/2018\\\/12\\\/libro1-scaled-1.jpg\",\"datePublished\":\"2018-12-04T07:46:45+00:00\",\"dateModified\":\"2023-02-04T18:11:51+00:00\",\"author\":{\"@id\":\"https:\\\/\\\/www.istitutostudisindacali.net\\\/bibliotecablog\\\/#\\\/schema\\\/person\\\/67df37a680cbbc103a59f61989c3f7e0\"},\"breadcrumb\":{\"@id\":\"https:\\\/\\\/www.istitutostudisindacali.net\\\/bibliotecablog\\\/2018\\\/12\\\/04\\\/nicola-badaloni-gino-piva-e-il-socialismo-padano-veneto-di-giampietro-berti\\\/#breadcrumb\"},\"inLanguage\":\"it-IT\",\"potentialAction\":[{\"@type\":\"ReadAction\",\"target\":[\"https:\\\/\\\/www.istitutostudisindacali.net\\\/bibliotecablog\\\/2018\\\/12\\\/04\\\/nicola-badaloni-gino-piva-e-il-socialismo-padano-veneto-di-giampietro-berti\\\/\"]}]},{\"@type\":\"ImageObject\",\"inLanguage\":\"it-IT\",\"@id\":\"https:\\\/\\\/www.istitutostudisindacali.net\\\/bibliotecablog\\\/2018\\\/12\\\/04\\\/nicola-badaloni-gino-piva-e-il-socialismo-padano-veneto-di-giampietro-berti\\\/#primaryimage\",\"url\":\"https:\\\/\\\/www.istitutostudisindacali.net\\\/bibliotecablog\\\/wp-content\\\/uploads\\\/sites\\\/17\\\/2018\\\/12\\\/libro1-scaled-1.jpg\",\"contentUrl\":\"https:\\\/\\\/www.istitutostudisindacali.net\\\/bibliotecablog\\\/wp-content\\\/uploads\\\/sites\\\/17\\\/2018\\\/12\\\/libro1-scaled-1.jpg\",\"width\":1803,\"height\":2560},{\"@type\":\"BreadcrumbList\",\"@id\":\"https:\\\/\\\/www.istitutostudisindacali.net\\\/bibliotecablog\\\/2018\\\/12\\\/04\\\/nicola-badaloni-gino-piva-e-il-socialismo-padano-veneto-di-giampietro-berti\\\/#breadcrumb\",\"itemListElement\":[{\"@type\":\"ListItem\",\"position\":1,\"name\":\"Home\",\"item\":\"https:\\\/\\\/www.istitutostudisindacali.net\\\/bibliotecablog\\\/\"},{\"@type\":\"ListItem\",\"position\":2,\"name\":\"&#8220;Nicola Badaloni Gino Piva e il socialismo Padano Veneto&#8221; di Giampietro Berti\"}]},{\"@type\":\"WebSite\",\"@id\":\"https:\\\/\\\/www.istitutostudisindacali.net\\\/bibliotecablog\\\/#website\",\"url\":\"https:\\\/\\\/www.istitutostudisindacali.net\\\/bibliotecablog\\\/\",\"name\":\"Blog della Biblioteca\",\"description\":\"Arturo Chiari\",\"potentialAction\":[{\"@type\":\"SearchAction\",\"target\":{\"@type\":\"EntryPoint\",\"urlTemplate\":\"https:\\\/\\\/www.istitutostudisindacali.net\\\/bibliotecablog\\\/?s={search_term_string}\"},\"query-input\":{\"@type\":\"PropertyValueSpecification\",\"valueRequired\":true,\"valueName\":\"search_term_string\"}}],\"inLanguage\":\"it-IT\"},{\"@type\":\"Person\",\"@id\":\"https:\\\/\\\/www.istitutostudisindacali.net\\\/bibliotecablog\\\/#\\\/schema\\\/person\\\/67df37a680cbbc103a59f61989c3f7e0\",\"name\":\"Loredana Pietri\",\"image\":{\"@type\":\"ImageObject\",\"inLanguage\":\"it-IT\",\"@id\":\"https:\\\/\\\/secure.gravatar.com\\\/avatar\\\/14e1950ca26d7443d95784cdcfad5cf200bbbc261d085cf9375e018dc286c835?s=96&d=mm&r=g\",\"url\":\"https:\\\/\\\/secure.gravatar.com\\\/avatar\\\/14e1950ca26d7443d95784cdcfad5cf200bbbc261d085cf9375e018dc286c835?s=96&d=mm&r=g\",\"contentUrl\":\"https:\\\/\\\/secure.gravatar.com\\\/avatar\\\/14e1950ca26d7443d95784cdcfad5cf200bbbc261d085cf9375e018dc286c835?s=96&d=mm&r=g\",\"caption\":\"Loredana Pietri\"},\"description\":\"Responsabile della Biblioteca si impegna nella sua conduzione per migliorarne i Servizi\",\"sameAs\":[\"https:\\\/\\\/www.istitutostudisindacali.net\\\/biblioteca\"],\"url\":\"https:\\\/\\\/www.istitutostudisindacali.net\\\/bibliotecablog\\\/author\\\/loredana-pietri\\\/\"}]}<\/script>\n<!-- \/ Yoast SEO plugin. -->","yoast_head_json":{"title":"\"Nicola Badaloni Gino Piva e il socialismo Padano Veneto\" di Giampietro Berti - Blog della Biblioteca","robots":{"index":"index","follow":"follow","max-snippet":"max-snippet:-1","max-image-preview":"max-image-preview:large","max-video-preview":"max-video-preview:-1"},"canonical":"https:\/\/www.istitutostudisindacali.net\/bibliotecablog\/2018\/12\/04\/nicola-badaloni-gino-piva-e-il-socialismo-padano-veneto-di-giampietro-berti\/","og_locale":"it_IT","og_type":"article","og_title":"\"Nicola Badaloni Gino Piva e il socialismo Padano Veneto\" di Giampietro Berti - Blog della Biblioteca","og_description":"Nella primavera del 1884 i veneti diedero vita a una vasta opera propagandistica nelle campagne polesane, ferrare, mantovane e veronesi, incitando apertamente i contadini alla rivolta.\u00a0","og_url":"https:\/\/www.istitutostudisindacali.net\/bibliotecablog\/2018\/12\/04\/nicola-badaloni-gino-piva-e-il-socialismo-padano-veneto-di-giampietro-berti\/","og_site_name":"Blog della Biblioteca","article_published_time":"2018-12-04T07:46:45+00:00","article_modified_time":"2023-02-04T18:11:51+00:00","og_image":[{"width":1803,"height":2560,"url":"https:\/\/www.istitutostudisindacali.net\/bibliotecablog\/wp-content\/uploads\/sites\/17\/2018\/12\/libro1-scaled-1.jpg","type":"image\/jpeg"}],"author":"Loredana Pietri","twitter_card":"summary_large_image","twitter_misc":{"Scritto da":"Loredana Pietri","Tempo di lettura stimato":"3 minuti"},"schema":{"@context":"https:\/\/schema.org","@graph":[{"@type":"Article","@id":"https:\/\/www.istitutostudisindacali.net\/bibliotecablog\/2018\/12\/04\/nicola-badaloni-gino-piva-e-il-socialismo-padano-veneto-di-giampietro-berti\/#article","isPartOf":{"@id":"https:\/\/www.istitutostudisindacali.net\/bibliotecablog\/2018\/12\/04\/nicola-badaloni-gino-piva-e-il-socialismo-padano-veneto-di-giampietro-berti\/"},"author":{"name":"Loredana Pietri","@id":"https:\/\/www.istitutostudisindacali.net\/bibliotecablog\/#\/schema\/person\/67df37a680cbbc103a59f61989c3f7e0"},"headline":"&#8220;Nicola Badaloni Gino Piva e il socialismo Padano Veneto&#8221; di Giampietro Berti","datePublished":"2018-12-04T07:46:45+00:00","dateModified":"2023-02-04T18:11:51+00:00","mainEntityOfPage":{"@id":"https:\/\/www.istitutostudisindacali.net\/bibliotecablog\/2018\/12\/04\/nicola-badaloni-gino-piva-e-il-socialismo-padano-veneto-di-giampietro-berti\/"},"wordCount":721,"image":{"@id":"https:\/\/www.istitutostudisindacali.net\/bibliotecablog\/2018\/12\/04\/nicola-badaloni-gino-piva-e-il-socialismo-padano-veneto-di-giampietro-berti\/#primaryimage"},"thumbnailUrl":"https:\/\/www.istitutostudisindacali.net\/bibliotecablog\/wp-content\/uploads\/sites\/17\/2018\/12\/libro1-scaled-1.jpg","keywords":["Buscoldo","Eugenio Sartori","evidenza","Federterra","Francesco Siliprandi","Giuseppe Barbiani","Giuseppe Bertani","La Boje","Mantova","Polesine","Rovigo","Socialismo"],"articleSection":["Politica"],"inLanguage":"it-IT"},{"@type":"WebPage","@id":"https:\/\/www.istitutostudisindacali.net\/bibliotecablog\/2018\/12\/04\/nicola-badaloni-gino-piva-e-il-socialismo-padano-veneto-di-giampietro-berti\/","url":"https:\/\/www.istitutostudisindacali.net\/bibliotecablog\/2018\/12\/04\/nicola-badaloni-gino-piva-e-il-socialismo-padano-veneto-di-giampietro-berti\/","name":"\"Nicola Badaloni Gino Piva e il socialismo Padano Veneto\" di Giampietro Berti - Blog della Biblioteca","isPartOf":{"@id":"https:\/\/www.istitutostudisindacali.net\/bibliotecablog\/#website"},"primaryImageOfPage":{"@id":"https:\/\/www.istitutostudisindacali.net\/bibliotecablog\/2018\/12\/04\/nicola-badaloni-gino-piva-e-il-socialismo-padano-veneto-di-giampietro-berti\/#primaryimage"},"image":{"@id":"https:\/\/www.istitutostudisindacali.net\/bibliotecablog\/2018\/12\/04\/nicola-badaloni-gino-piva-e-il-socialismo-padano-veneto-di-giampietro-berti\/#primaryimage"},"thumbnailUrl":"https:\/\/www.istitutostudisindacali.net\/bibliotecablog\/wp-content\/uploads\/sites\/17\/2018\/12\/libro1-scaled-1.jpg","datePublished":"2018-12-04T07:46:45+00:00","dateModified":"2023-02-04T18:11:51+00:00","author":{"@id":"https:\/\/www.istitutostudisindacali.net\/bibliotecablog\/#\/schema\/person\/67df37a680cbbc103a59f61989c3f7e0"},"breadcrumb":{"@id":"https:\/\/www.istitutostudisindacali.net\/bibliotecablog\/2018\/12\/04\/nicola-badaloni-gino-piva-e-il-socialismo-padano-veneto-di-giampietro-berti\/#breadcrumb"},"inLanguage":"it-IT","potentialAction":[{"@type":"ReadAction","target":["https:\/\/www.istitutostudisindacali.net\/bibliotecablog\/2018\/12\/04\/nicola-badaloni-gino-piva-e-il-socialismo-padano-veneto-di-giampietro-berti\/"]}]},{"@type":"ImageObject","inLanguage":"it-IT","@id":"https:\/\/www.istitutostudisindacali.net\/bibliotecablog\/2018\/12\/04\/nicola-badaloni-gino-piva-e-il-socialismo-padano-veneto-di-giampietro-berti\/#primaryimage","url":"https:\/\/www.istitutostudisindacali.net\/bibliotecablog\/wp-content\/uploads\/sites\/17\/2018\/12\/libro1-scaled-1.jpg","contentUrl":"https:\/\/www.istitutostudisindacali.net\/bibliotecablog\/wp-content\/uploads\/sites\/17\/2018\/12\/libro1-scaled-1.jpg","width":1803,"height":2560},{"@type":"BreadcrumbList","@id":"https:\/\/www.istitutostudisindacali.net\/bibliotecablog\/2018\/12\/04\/nicola-badaloni-gino-piva-e-il-socialismo-padano-veneto-di-giampietro-berti\/#breadcrumb","itemListElement":[{"@type":"ListItem","position":1,"name":"Home","item":"https:\/\/www.istitutostudisindacali.net\/bibliotecablog\/"},{"@type":"ListItem","position":2,"name":"&#8220;Nicola Badaloni Gino Piva e il socialismo Padano Veneto&#8221; di Giampietro Berti"}]},{"@type":"WebSite","@id":"https:\/\/www.istitutostudisindacali.net\/bibliotecablog\/#website","url":"https:\/\/www.istitutostudisindacali.net\/bibliotecablog\/","name":"Blog della Biblioteca","description":"Arturo Chiari","potentialAction":[{"@type":"SearchAction","target":{"@type":"EntryPoint","urlTemplate":"https:\/\/www.istitutostudisindacali.net\/bibliotecablog\/?s={search_term_string}"},"query-input":{"@type":"PropertyValueSpecification","valueRequired":true,"valueName":"search_term_string"}}],"inLanguage":"it-IT"},{"@type":"Person","@id":"https:\/\/www.istitutostudisindacali.net\/bibliotecablog\/#\/schema\/person\/67df37a680cbbc103a59f61989c3f7e0","name":"Loredana Pietri","image":{"@type":"ImageObject","inLanguage":"it-IT","@id":"https:\/\/secure.gravatar.com\/avatar\/14e1950ca26d7443d95784cdcfad5cf200bbbc261d085cf9375e018dc286c835?s=96&d=mm&r=g","url":"https:\/\/secure.gravatar.com\/avatar\/14e1950ca26d7443d95784cdcfad5cf200bbbc261d085cf9375e018dc286c835?s=96&d=mm&r=g","contentUrl":"https:\/\/secure.gravatar.com\/avatar\/14e1950ca26d7443d95784cdcfad5cf200bbbc261d085cf9375e018dc286c835?s=96&d=mm&r=g","caption":"Loredana Pietri"},"description":"Responsabile della Biblioteca si impegna nella sua conduzione per migliorarne i Servizi","sameAs":["https:\/\/www.istitutostudisindacali.net\/biblioteca"],"url":"https:\/\/www.istitutostudisindacali.net\/bibliotecablog\/author\/loredana-pietri\/"}]}},"jetpack_featured_media_url":"https:\/\/www.istitutostudisindacali.net\/bibliotecablog\/wp-content\/uploads\/sites\/17\/2018\/12\/libro1-scaled-1.jpg","jetpack_sharing_enabled":true,"_links":{"self":[{"href":"https:\/\/www.istitutostudisindacali.net\/bibliotecablog\/wp-json\/wp\/v2\/posts\/823","targetHints":{"allow":["GET"]}}],"collection":[{"href":"https:\/\/www.istitutostudisindacali.net\/bibliotecablog\/wp-json\/wp\/v2\/posts"}],"about":[{"href":"https:\/\/www.istitutostudisindacali.net\/bibliotecablog\/wp-json\/wp\/v2\/types\/post"}],"author":[{"embeddable":true,"href":"https:\/\/www.istitutostudisindacali.net\/bibliotecablog\/wp-json\/wp\/v2\/users\/7"}],"replies":[{"embeddable":true,"href":"https:\/\/www.istitutostudisindacali.net\/bibliotecablog\/wp-json\/wp\/v2\/comments?post=823"}],"version-history":[{"count":1,"href":"https:\/\/www.istitutostudisindacali.net\/bibliotecablog\/wp-json\/wp\/v2\/posts\/823\/revisions"}],"predecessor-version":[{"id":4546,"href":"https:\/\/www.istitutostudisindacali.net\/bibliotecablog\/wp-json\/wp\/v2\/posts\/823\/revisions\/4546"}],"wp:featuredmedia":[{"embeddable":true,"href":"https:\/\/www.istitutostudisindacali.net\/bibliotecablog\/wp-json\/wp\/v2\/media\/827"}],"wp:attachment":[{"href":"https:\/\/www.istitutostudisindacali.net\/bibliotecablog\/wp-json\/wp\/v2\/media?parent=823"}],"wp:term":[{"taxonomy":"category","embeddable":true,"href":"https:\/\/www.istitutostudisindacali.net\/bibliotecablog\/wp-json\/wp\/v2\/categories?post=823"},{"taxonomy":"post_tag","embeddable":true,"href":"https:\/\/www.istitutostudisindacali.net\/bibliotecablog\/wp-json\/wp\/v2\/tags?post=823"}],"curies":[{"name":"wp","href":"https:\/\/api.w.org\/{rel}","templated":true}]}}