{"id":795,"date":"2018-11-30T09:32:10","date_gmt":"2018-11-30T08:32:10","guid":{"rendered":"https:\/\/bibliotecarturochiari.wordpress.com\/?p=795"},"modified":"2023-02-04T19:11:52","modified_gmt":"2023-02-04T18:11:52","slug":"la-donna-nel-socialismo-italiano-tra-cronaca-e-storia-1892-1978","status":"publish","type":"post","link":"https:\/\/www.istitutostudisindacali.net\/bibliotecablog\/2018\/11\/30\/la-donna-nel-socialismo-italiano-tra-cronaca-e-storia-1892-1978\/","title":{"rendered":"&#8220;La donna nel socialismo italiano tra cronaca e storia (1892-1978)&#8221; di Alloisio e Aj\u00f2"},"content":{"rendered":"<blockquote>\n<p style=\"text-align:center\">Muore a Silver Spring nel\u00a0<a title=\"1930\" href=\"https:\/\/it.wikipedia.org\/wiki\/1930\">1930\u00a0<\/a>Mary Harris Jones.<\/p>\n<p><img loading=\"lazy\" decoding=\"async\" class=\"  wp-image-798 alignleft\" src=\"https:\/\/www.istitutostudisindacali.net\/biblioteca\/wp-content\/uploads\/sites\/2\/2018\/11\/800px-mother_jones_1902-11-04.jpg\" alt=\"800px-Mother_Jones_1902-11-04\" width=\"271\" height=\"400\" srcset=\"https:\/\/www.istitutostudisindacali.net\/bibliotecablog\/wp-content\/uploads\/sites\/17\/2018\/11\/800px-mother_jones_1902-11-04.jpg 800w, https:\/\/www.istitutostudisindacali.net\/bibliotecablog\/wp-content\/uploads\/sites\/17\/2018\/11\/800px-mother_jones_1902-11-04-203x300.jpg 203w, https:\/\/www.istitutostudisindacali.net\/bibliotecablog\/wp-content\/uploads\/sites\/17\/2018\/11\/800px-mother_jones_1902-11-04-694x1024.jpg 694w, https:\/\/www.istitutostudisindacali.net\/bibliotecablog\/wp-content\/uploads\/sites\/17\/2018\/11\/800px-mother_jones_1902-11-04-768x1133.jpg 768w, https:\/\/www.istitutostudisindacali.net\/bibliotecablog\/wp-content\/uploads\/sites\/17\/2018\/11\/800px-mother_jones_1902-11-04-610x900.jpg 610w\" sizes=\"(max-width: 271px) 100vw, 271px\" \/>Mary Harris nacque a Cork, in\u00a0<a title=\"Irlanda\" href=\"https:\/\/it.wikipedia.org\/wiki\/Irlanda\">Irlanda<\/a>, il 1\u00ba maggio del\u00a0<a title=\"1837\" href=\"https:\/\/it.wikipedia.org\/wiki\/1837\">1837<\/a><sup id=\"cite_ref-mother_1-0\" class=\"reference\"><a href=\"https:\/\/it.wikipedia.org\/wiki\/Mary_Harris_Jones#cite_note-mother-1\">[1]<\/a><\/sup><sup id=\"cite_ref-2\" class=\"reference\"><a href=\"https:\/\/it.wikipedia.org\/wiki\/Mary_Harris_Jones#cite_note-2\">[2]<\/a><\/sup>: nella sua\u00a0<i>Autobiografia<\/i>, scritta nel\u00a0<a title=\"1925\" href=\"https:\/\/it.wikipedia.org\/wiki\/1925\">1925<\/a>, ella per\u00f2 afferm\u00f2 di essere nata sette anni prima per poter vantare una particolare longevit\u00e0; c&#8217;\u00e8 inoltre chi afferma che abbia inventato ad arte la sua nascita nel giorno simbolico della\u00a0<a class=\"mw-redirect\" title=\"Festa dei lavoratori\" href=\"https:\/\/it.wikipedia.org\/wiki\/Festa_dei_lavoratori\">Festa dei lavoratori<\/a>: certo \u00e8 che venne battezzata il 1\u00ba agosto<sup id=\"cite_ref-mother_1-1\" class=\"reference\"><a href=\"https:\/\/it.wikipedia.org\/wiki\/Mary_Harris_Jones#cite_note-mother-1\">[1]<\/a><\/sup>. Discendeva da contadini poveri: il nonno paterno fu impiccato dagli inglesi, perch\u00e9 combattente per l&#8217;indipendenza irlandese come il figlio Richard, che nel\u00a0<a title=\"1835\" href=\"https:\/\/it.wikipedia.org\/wiki\/1835\">1835<\/a>\u00a0decise di emigrare da solo negli\u00a0<a class=\"mw-redirect\" title=\"Stati Uniti\" href=\"https:\/\/it.wikipedia.org\/wiki\/Stati_Uniti\">Stati Uniti<\/a>, a\u00a0<a title=\"Contea di Monroe (Michigan)\" href=\"https:\/\/it.wikipedia.org\/wiki\/Contea_di_Monroe_(Michigan)\">Monroe<\/a>, nel\u00a0<a title=\"Michigan\" href=\"https:\/\/it.wikipedia.org\/wiki\/Michigan\">Michigan<\/a>.<\/p>\n<p>Presa la cittadinanza, pot\u00e9 farsi raggiungere nel\u00a0<a title=\"1838\" href=\"https:\/\/it.wikipedia.org\/wiki\/1838\">1838<\/a>\u00a0dalla moglie e dai tre figli a\u00a0<a title=\"Toronto\" href=\"https:\/\/it.wikipedia.org\/wiki\/Toronto\">Toronto<\/a>, in\u00a0<a title=\"Canada\" href=\"https:\/\/it.wikipedia.org\/wiki\/Canada\">Canada<\/a>, dove allora lavorava come operaio delle ferrovie e dove Mary studi\u00f2 in una scuola per maestre elementari e dove impar\u00f2 anche il mestiere di cucitrice. La famiglia torn\u00f2 a Monroe e Mary trov\u00f2 impiego in una scuola che lasci\u00f2 per aprire una sartoria a\u00a0<a title=\"Chicago\" href=\"https:\/\/it.wikipedia.org\/wiki\/Chicago\">Chicago<\/a>, preferendo \u00abcucire che comandare bambini piccoli\u00bb.<sup id=\"cite_ref-3\" class=\"reference\"><a href=\"https:\/\/it.wikipedia.org\/wiki\/Mary_Harris_Jones#cite_note-3\">[3]<\/a><\/sup>\u00a0Torn\u00f2 per\u00f2 a insegnare in una scuola di\u00a0<a title=\"Memphis\" href=\"https:\/\/it.wikipedia.org\/wiki\/Memphis\">Memphis<\/a>, nel\u00a0<a title=\"Tennessee\" href=\"https:\/\/it.wikipedia.org\/wiki\/Tennessee\">Tennessee<\/a>, dove conobbe e spos\u00f2 nel\u00a0<a title=\"1861\" href=\"https:\/\/it.wikipedia.org\/wiki\/1861\">1861<\/a>\u00a0George Jones, sindacalista e operaio metallurgico.<\/p>\n<p style=\"text-align:center\">\n<\/blockquote>\n<p style=\"text-align:justify\">[&#8230;] Quando nell&#8217;agosto del 1892 nasce a Genova il Partito dei Lavoratori italiani, si era gi\u00e0 andato formando, in ambienti mazziniani e radicali, un movimento di emancipazione influenzato dalle donne illuministiche di Fourier e dalle idee di Stuart-Mill, il filosofo inglese di cui, nel 1870, Anna Maria Mozzoni aveva tradotto La soggezione della donna.<\/p>\n<p style=\"text-align:justify\">In quel momento la Mozzoni \u00e8 gi\u00e0 una agitatrice della questione femminile, avendo pubblicato, nel 1864, La donna e i suoi rapporti sociali, in cui prende avvio dal Risorgimento per approdare a quello che definisce il &lt;&lt;risorgimento della donna&gt;&gt;.<\/p>\n<p style=\"text-align:justify\">Sono gli anni in cui si va sviluppando tutto un tessuto di riviste e di associazioni femminili che, partendo dalla condizione della donna, si pongono il problema di una trasformazione complessiva della societ\u00e0 (sar\u00e0 questa caratteristica del movimento di emancipazione che ne determiner\u00e0 l&#8217;avvicinamento al nuovo partito dei lavoratori). Accanto a questo fenomeno \u00e9litario, ce n&#8217;\u00e9 un altro di matrice popolare: l&#8217;irruzione sulla scena politica e sociale delle masse femminili. Da una parte sono le contadine, le tessili, le mondariso che danno vita a manifestazioni di protesta e, per ottenere migliori condizioni di lavoro, si costituiscono in leghe femminili; dall&#8217;altra, con lo sviluppo della grande industria, migliaia di donne entrano nelle fabbriche dove sono sottoposte ad uno sfruttamento inumano; ricevono salari da fame, giustificati come integrativi alla paga dell&#8217;uomo ritenuta gi\u00e0 sufficiente al mantenimento della famiglia. Pi\u00f9 tardi si teorizzer\u00e0 la inferiorit\u00e0 fisica e il minor grado di istruzione e di specializzazione delle donne per dimostrare una presunta minore produttivit\u00e0. In realt\u00e0 si tratta di espedienti per strumentalizzare la lavoratrice e farne una concorrente del lavoratore, in modo da comprimere i salari di tutti. Intanto la donna per il cinquanta cento del salario dell&#8217;uomo, lavora dalle tredici alle sedici ore al giorno in condizioni disumane, dentro a squallidi stanzoni con finestre ermeticamente chiuse, dove si respira un&#8217;aria malsana. E nessuna legge protegge queste lavoratrici nemmeno durante la gravidanza, infatti l&#8217;unico provvedimento, quando la loro condizione diventa palese, \u00e8 il licenziamento, salvo procedere alla riassunzione anche subito dopo il parto.<\/p>\n<p style=\"text-align:justify\">La situazione delle lavoratrici, i movimenti di rivolta che mirano ad emancipare la donna sono un terreno che offre immense possibilit\u00e0 di azione al nuovo partito. Ma le possibilit\u00e0 e le istanze che vengono dalle masse femminili non sono accolte in pieno dal movimento operaio all&#8217;atto della sua costituzione in partito, anche se nel programma si afferma con chiarezza la necessit\u00e0 della piena uguaglianza tra i sessi. Pesa infatti sulla classe operaia una concezione della donna molto conservatrice: ella viene considerata &lt;&lt;un uomo arretrato nel suo sviluppo&gt;&gt;, infantile mentalmente quanto fisicamente, &lt;&lt;microcefala&gt;&gt; e &lt;&lt;pigra&gt;&gt; e la sua missione naturale \u00e8 quella di far figlie e farli crescere. Cos\u00ec sostengono i maestri del positivismo i quali &lt;&lt;continuano a parlare di differente missione della donna &#8211; la donna madre &#8211; e guardandone il lavoro come triste necessit\u00e0, ponevano al limite, non la dissoluzione della servit\u00f9 femminile, ma un riscatto della donna dal lavoro attraverso un miracolo economico che permettesse alla femmina di dedicarsi alla conservazione della stirpe&gt;&gt;.<\/p>\n<p style=\"text-align:justify\">Proprio ai fini di scardinare certa mentalit\u00e0 e chiarire gli scopi del socialismo \u00e8 estremamente interessante il discorso tenuto da Anna Kuliscioff nel 1890, al Circolo filologico di Milano. Se i contenuti de Il monopolio dell&#8217;uomo, in cui la Kuliscioff dimostra di aver individuato i termini su cui muoversi per affrontare la questione femminile, fossero inseriti nel programma del Partito Operaio, il socialismo avrebbe dato un contributo molto pi\u00f9 incisivo all&#8217;emancipazione della donna. [&#8230;]pp.3<\/p>\n<p><img loading=\"lazy\" decoding=\"async\" class=\"  wp-image-803 aligncenter\" src=\"https:\/\/www.istitutostudisindacali.net\/biblioteca\/wp-content\/uploads\/sites\/2\/2018\/11\/libro7.jpg\" alt=\"libro\" width=\"415\" height=\"707\" srcset=\"https:\/\/www.istitutostudisindacali.net\/bibliotecablog\/wp-content\/uploads\/sites\/17\/2018\/11\/libro7.jpg 1232w, https:\/\/www.istitutostudisindacali.net\/bibliotecablog\/wp-content\/uploads\/sites\/17\/2018\/11\/libro7-176x300.jpg 176w, https:\/\/www.istitutostudisindacali.net\/bibliotecablog\/wp-content\/uploads\/sites\/17\/2018\/11\/libro7-601x1024.jpg 601w, https:\/\/www.istitutostudisindacali.net\/bibliotecablog\/wp-content\/uploads\/sites\/17\/2018\/11\/libro7-768x1308.jpg 768w, https:\/\/www.istitutostudisindacali.net\/bibliotecablog\/wp-content\/uploads\/sites\/17\/2018\/11\/libro7-902x1536.jpg 902w, https:\/\/www.istitutostudisindacali.net\/bibliotecablog\/wp-content\/uploads\/sites\/17\/2018\/11\/libro7-1203x2048.jpg 1203w, https:\/\/www.istitutostudisindacali.net\/bibliotecablog\/wp-content\/uploads\/sites\/17\/2018\/11\/libro7-610x1039.jpg 610w, https:\/\/www.istitutostudisindacali.net\/bibliotecablog\/wp-content\/uploads\/sites\/17\/2018\/11\/libro7-1080x1839.jpg 1080w\" sizes=\"(max-width: 415px) 100vw, 415px\" \/><\/p>\n<p>Disponibile presso la Biblioteca Nazionale UIL Arturo Chiari<\/p>\n<p>&nbsp;<\/p>\n\n\t\t<style type=\"text\/css\">\n\t\t\t#gallery-1 {\n\t\t\t\tmargin: auto;\n\t\t\t}\n\t\t\t#gallery-1 .gallery-item {\n\t\t\t\tfloat: left;\n\t\t\t\tmargin-top: 10px;\n\t\t\t\ttext-align: center;\n\t\t\t\twidth: 33%;\n\t\t\t}\n\t\t\t#gallery-1 img {\n\t\t\t\tborder: 2px solid #cfcfcf;\n\t\t\t}\n\t\t\t#gallery-1 .gallery-caption {\n\t\t\t\tmargin-left: 0;\n\t\t\t}\n\t\t\t\/* see gallery_shortcode() in wp-includes\/media.php *\/\n\t\t<\/style>\n\t\t<div id='gallery-1' class='gallery galleryid-795 gallery-columns-3 gallery-size-thumbnail'><dl class='gallery-item'>\n\t\t\t<dt class='gallery-icon portrait'>\n\t\t\t\t<a href='https:\/\/www.istitutostudisindacali.net\/bibliotecablog\/01-donne-al-lavoro-in-fabbrica\/'><img loading=\"lazy\" decoding=\"async\" width=\"150\" height=\"150\" src=\"https:\/\/www.istitutostudisindacali.net\/bibliotecablog\/wp-content\/uploads\/sites\/17\/2018\/11\/01-donne-al-lavoro-in-fabbrica-150x150.jpg\" class=\"attachment-thumbnail size-thumbnail\" alt=\"\" srcset=\"https:\/\/www.istitutostudisindacali.net\/bibliotecablog\/wp-content\/uploads\/sites\/17\/2018\/11\/01-donne-al-lavoro-in-fabbrica-150x150.jpg 150w, https:\/\/www.istitutostudisindacali.net\/bibliotecablog\/wp-content\/uploads\/sites\/17\/2018\/11\/01-donne-al-lavoro-in-fabbrica-250x250.jpg 250w\" sizes=\"(max-width: 150px) 100vw, 150px\" \/><\/a>\n\t\t\t<\/dt><\/dl><dl class='gallery-item'>\n\t\t\t<dt class='gallery-icon landscape'>\n\t\t\t\t<a href='https:\/\/www.istitutostudisindacali.net\/bibliotecablog\/1-2\/'><img loading=\"lazy\" decoding=\"async\" width=\"150\" height=\"150\" src=\"https:\/\/www.istitutostudisindacali.net\/bibliotecablog\/wp-content\/uploads\/sites\/17\/2018\/11\/1-150x150.jpg\" class=\"attachment-thumbnail size-thumbnail\" alt=\"\" srcset=\"https:\/\/www.istitutostudisindacali.net\/bibliotecablog\/wp-content\/uploads\/sites\/17\/2018\/11\/1-150x150.jpg 150w, https:\/\/www.istitutostudisindacali.net\/bibliotecablog\/wp-content\/uploads\/sites\/17\/2018\/11\/1-250x250.jpg 250w\" sizes=\"(max-width: 150px) 100vw, 150px\" \/><\/a>\n\t\t\t<\/dt><\/dl><dl class='gallery-item'>\n\t\t\t<dt class='gallery-icon landscape'>\n\t\t\t\t<a href='https:\/\/www.istitutostudisindacali.net\/bibliotecablog\/111345294-4de98e00-781b-4338-90cb-ae06acb688c7\/'><img loading=\"lazy\" decoding=\"async\" width=\"150\" height=\"150\" src=\"https:\/\/www.istitutostudisindacali.net\/bibliotecablog\/wp-content\/uploads\/sites\/17\/2018\/11\/111345294-4de98e00-781b-4338-90cb-ae06acb688c7-150x150.jpg\" class=\"attachment-thumbnail size-thumbnail\" alt=\"\" srcset=\"https:\/\/www.istitutostudisindacali.net\/bibliotecablog\/wp-content\/uploads\/sites\/17\/2018\/11\/111345294-4de98e00-781b-4338-90cb-ae06acb688c7-150x150.jpg 150w, https:\/\/www.istitutostudisindacali.net\/bibliotecablog\/wp-content\/uploads\/sites\/17\/2018\/11\/111345294-4de98e00-781b-4338-90cb-ae06acb688c7-250x250.jpg 250w, https:\/\/www.istitutostudisindacali.net\/bibliotecablog\/wp-content\/uploads\/sites\/17\/2018\/11\/111345294-4de98e00-781b-4338-90cb-ae06acb688c7-440x440.jpg 440w\" sizes=\"(max-width: 150px) 100vw, 150px\" \/><\/a>\n\t\t\t<\/dt><\/dl><br style=\"clear: both\" \/><dl class='gallery-item'>\n\t\t\t<dt class='gallery-icon landscape'>\n\t\t\t\t<a href='https:\/\/www.istitutostudisindacali.net\/bibliotecablog\/donne\/'><img loading=\"lazy\" decoding=\"async\" width=\"150\" height=\"150\" src=\"https:\/\/www.istitutostudisindacali.net\/bibliotecablog\/wp-content\/uploads\/sites\/17\/2018\/11\/donne-150x150.jpg\" class=\"attachment-thumbnail size-thumbnail\" alt=\"\" srcset=\"https:\/\/www.istitutostudisindacali.net\/bibliotecablog\/wp-content\/uploads\/sites\/17\/2018\/11\/donne-150x150.jpg 150w, https:\/\/www.istitutostudisindacali.net\/bibliotecablog\/wp-content\/uploads\/sites\/17\/2018\/11\/donne-250x250.jpg 250w, https:\/\/www.istitutostudisindacali.net\/bibliotecablog\/wp-content\/uploads\/sites\/17\/2018\/11\/donne-440x440.jpg 440w\" sizes=\"(max-width: 150px) 100vw, 150px\" \/><\/a>\n\t\t\t<\/dt><\/dl><dl class='gallery-item'>\n\t\t\t<dt class='gallery-icon landscape'>\n\t\t\t\t<a href='https:\/\/www.istitutostudisindacali.net\/bibliotecablog\/female-workers-in-a-rubber-factory-in-lancashire-1000x600\/'><img loading=\"lazy\" decoding=\"async\" width=\"150\" height=\"150\" src=\"https:\/\/www.istitutostudisindacali.net\/bibliotecablog\/wp-content\/uploads\/sites\/17\/2018\/11\/female-workers-in-a-rubber-factory-in-lancashire-1000x600-1-150x150.jpg\" class=\"attachment-thumbnail size-thumbnail\" alt=\"\" srcset=\"https:\/\/www.istitutostudisindacali.net\/bibliotecablog\/wp-content\/uploads\/sites\/17\/2018\/11\/female-workers-in-a-rubber-factory-in-lancashire-1000x600-1-150x150.jpg 150w, https:\/\/www.istitutostudisindacali.net\/bibliotecablog\/wp-content\/uploads\/sites\/17\/2018\/11\/female-workers-in-a-rubber-factory-in-lancashire-1000x600-1-250x250.jpg 250w, https:\/\/www.istitutostudisindacali.net\/bibliotecablog\/wp-content\/uploads\/sites\/17\/2018\/11\/female-workers-in-a-rubber-factory-in-lancashire-1000x600-1-440x440.jpg 440w\" sizes=\"(max-width: 150px) 100vw, 150px\" \/><\/a>\n\t\t\t<\/dt><\/dl><dl class='gallery-item'>\n\t\t\t<dt class='gallery-icon portrait'>\n\t\t\t\t<a href='https:\/\/www.istitutostudisindacali.net\/bibliotecablog\/femmes_accroche_321125\/'><img loading=\"lazy\" decoding=\"async\" width=\"150\" height=\"150\" src=\"https:\/\/www.istitutostudisindacali.net\/bibliotecablog\/wp-content\/uploads\/sites\/17\/2018\/11\/femmes_accroche_321125-150x150.jpg\" class=\"attachment-thumbnail size-thumbnail\" alt=\"\" srcset=\"https:\/\/www.istitutostudisindacali.net\/bibliotecablog\/wp-content\/uploads\/sites\/17\/2018\/11\/femmes_accroche_321125-150x150.jpg 150w, https:\/\/www.istitutostudisindacali.net\/bibliotecablog\/wp-content\/uploads\/sites\/17\/2018\/11\/femmes_accroche_321125-250x250.jpg 250w, https:\/\/www.istitutostudisindacali.net\/bibliotecablog\/wp-content\/uploads\/sites\/17\/2018\/11\/femmes_accroche_321125-440x440.jpg 440w\" sizes=\"(max-width: 150px) 100vw, 150px\" \/><\/a>\n\t\t\t<\/dt><\/dl><br style=\"clear: both\" \/><dl class='gallery-item'>\n\t\t\t<dt class='gallery-icon landscape'>\n\t\t\t\t<a href='https:\/\/www.istitutostudisindacali.net\/bibliotecablog\/manifestazione\/'><img loading=\"lazy\" decoding=\"async\" width=\"150\" height=\"150\" src=\"https:\/\/www.istitutostudisindacali.net\/bibliotecablog\/wp-content\/uploads\/sites\/17\/2018\/11\/manifestazione-150x150.jpg\" class=\"attachment-thumbnail size-thumbnail\" alt=\"\" srcset=\"https:\/\/www.istitutostudisindacali.net\/bibliotecablog\/wp-content\/uploads\/sites\/17\/2018\/11\/manifestazione-150x150.jpg 150w, https:\/\/www.istitutostudisindacali.net\/bibliotecablog\/wp-content\/uploads\/sites\/17\/2018\/11\/manifestazione-250x250.jpg 250w, https:\/\/www.istitutostudisindacali.net\/bibliotecablog\/wp-content\/uploads\/sites\/17\/2018\/11\/manifestazione-440x440.jpg 440w\" sizes=\"(max-width: 150px) 100vw, 150px\" \/><\/a>\n\t\t\t<\/dt><\/dl>\n\t\t\t<br style='clear: both' \/>\n\t\t<\/div>\n\n","protected":false},"excerpt":{"rendered":"<p>Storia della lotta per l&#8217;emancipazione della donna nell&#8217;interno del PSI, la prima forza politica che abbia dato spazio alle rivendicazioni femminili nel contesto del movimento di classe <\/p>\n","protected":false},"author":7,"featured_media":805,"comment_status":"closed","ping_status":"closed","sticky":false,"template":"","format":"standard","meta":{"_et_pb_use_builder":"","_et_pb_old_content":"","_et_gb_content_width":"","ngg_post_thumbnail":0,"_jetpack_memberships_contains_paid_content":false,"footnotes":""},"categories":[122],"tags":[44,788,462,7,789,349,32],"class_list":["post-795","post","type-post","status-publish","format-standard","has-post-thumbnail","hentry","category-donne","tag-anna-kuliscioff","tag-anna-maria-mozzoni","tag-donne","tag-evidenza","tag-harris-jones","tag-partito-dei-lavoratori-italiani","tag-psi","et-has-post-format-content","et_post_format-et-post-format-standard"],"yoast_head":"<!-- This site is optimized with the Yoast SEO plugin v27.5 - https:\/\/yoast.com\/product\/yoast-seo-wordpress\/ -->\n<title>&quot;La donna nel socialismo italiano tra cronaca e storia (1892-1978)&quot; di Alloisio e Aj\u00f2 - Blog della Biblioteca<\/title>\n<meta name=\"robots\" content=\"index, follow, max-snippet:-1, max-image-preview:large, max-video-preview:-1\" \/>\n<link rel=\"canonical\" href=\"https:\/\/www.istitutostudisindacali.net\/bibliotecablog\/2018\/11\/30\/la-donna-nel-socialismo-italiano-tra-cronaca-e-storia-1892-1978\/\" \/>\n<meta property=\"og:locale\" content=\"it_IT\" \/>\n<meta property=\"og:type\" content=\"article\" \/>\n<meta property=\"og:title\" content=\"&quot;La donna nel socialismo italiano tra cronaca e storia (1892-1978)&quot; di Alloisio e Aj\u00f2 - Blog della Biblioteca\" \/>\n<meta property=\"og:description\" content=\"Storia della lotta per l&#039;emancipazione della donna nell&#039;interno del PSI, la prima forza politica che abbia dato spazio alle rivendicazioni femminili nel contesto del movimento di classe\" \/>\n<meta property=\"og:url\" content=\"https:\/\/www.istitutostudisindacali.net\/bibliotecablog\/2018\/11\/30\/la-donna-nel-socialismo-italiano-tra-cronaca-e-storia-1892-1978\/\" \/>\n<meta property=\"og:site_name\" content=\"Blog della Biblioteca\" \/>\n<meta property=\"article:published_time\" content=\"2018-11-30T08:32:10+00:00\" \/>\n<meta property=\"article:modified_time\" content=\"2023-02-04T18:11:52+00:00\" \/>\n<meta property=\"og:image\" content=\"https:\/\/www.istitutostudisindacali.net\/bibliotecablog\/wp-content\/uploads\/sites\/17\/2018\/11\/vivasocialismo.jpg\" \/>\n\t<meta property=\"og:image:width\" content=\"607\" \/>\n\t<meta property=\"og:image:height\" content=\"671\" \/>\n\t<meta property=\"og:image:type\" content=\"image\/jpeg\" \/>\n<meta name=\"author\" content=\"Loredana Pietri\" \/>\n<meta name=\"twitter:card\" content=\"summary_large_image\" \/>\n<meta name=\"twitter:label1\" content=\"Scritto da\" \/>\n\t<meta name=\"twitter:data1\" content=\"Loredana Pietri\" \/>\n\t<meta name=\"twitter:label2\" content=\"Tempo di lettura stimato\" \/>\n\t<meta name=\"twitter:data2\" content=\"4 minuti\" \/>\n<script type=\"application\/ld+json\" class=\"yoast-schema-graph\">{\"@context\":\"https:\\\/\\\/schema.org\",\"@graph\":[{\"@type\":\"Article\",\"@id\":\"https:\\\/\\\/www.istitutostudisindacali.net\\\/bibliotecablog\\\/2018\\\/11\\\/30\\\/la-donna-nel-socialismo-italiano-tra-cronaca-e-storia-1892-1978\\\/#article\",\"isPartOf\":{\"@id\":\"https:\\\/\\\/www.istitutostudisindacali.net\\\/bibliotecablog\\\/2018\\\/11\\\/30\\\/la-donna-nel-socialismo-italiano-tra-cronaca-e-storia-1892-1978\\\/\"},\"author\":{\"name\":\"Loredana Pietri\",\"@id\":\"https:\\\/\\\/www.istitutostudisindacali.net\\\/bibliotecablog\\\/#\\\/schema\\\/person\\\/67df37a680cbbc103a59f61989c3f7e0\"},\"headline\":\"&#8220;La donna nel socialismo italiano tra cronaca e storia (1892-1978)&#8221; di Alloisio e Aj\u00f2\",\"datePublished\":\"2018-11-30T08:32:10+00:00\",\"dateModified\":\"2023-02-04T18:11:52+00:00\",\"mainEntityOfPage\":{\"@id\":\"https:\\\/\\\/www.istitutostudisindacali.net\\\/bibliotecablog\\\/2018\\\/11\\\/30\\\/la-donna-nel-socialismo-italiano-tra-cronaca-e-storia-1892-1978\\\/\"},\"wordCount\":818,\"image\":{\"@id\":\"https:\\\/\\\/www.istitutostudisindacali.net\\\/bibliotecablog\\\/2018\\\/11\\\/30\\\/la-donna-nel-socialismo-italiano-tra-cronaca-e-storia-1892-1978\\\/#primaryimage\"},\"thumbnailUrl\":\"https:\\\/\\\/www.istitutostudisindacali.net\\\/bibliotecablog\\\/wp-content\\\/uploads\\\/sites\\\/17\\\/2018\\\/11\\\/vivasocialismo.jpg\",\"keywords\":[\"Anna Kuliscioff\",\"Anna Maria Mozzoni\",\"Donne\",\"evidenza\",\"Harris Jones\",\"Partito dei Lavoratori Italiani\",\"PSI\"],\"articleSection\":[\"Donne\"],\"inLanguage\":\"it-IT\"},{\"@type\":\"WebPage\",\"@id\":\"https:\\\/\\\/www.istitutostudisindacali.net\\\/bibliotecablog\\\/2018\\\/11\\\/30\\\/la-donna-nel-socialismo-italiano-tra-cronaca-e-storia-1892-1978\\\/\",\"url\":\"https:\\\/\\\/www.istitutostudisindacali.net\\\/bibliotecablog\\\/2018\\\/11\\\/30\\\/la-donna-nel-socialismo-italiano-tra-cronaca-e-storia-1892-1978\\\/\",\"name\":\"\\\"La donna nel socialismo italiano tra cronaca e storia (1892-1978)\\\" di Alloisio e Aj\u00f2 - Blog della Biblioteca\",\"isPartOf\":{\"@id\":\"https:\\\/\\\/www.istitutostudisindacali.net\\\/bibliotecablog\\\/#website\"},\"primaryImageOfPage\":{\"@id\":\"https:\\\/\\\/www.istitutostudisindacali.net\\\/bibliotecablog\\\/2018\\\/11\\\/30\\\/la-donna-nel-socialismo-italiano-tra-cronaca-e-storia-1892-1978\\\/#primaryimage\"},\"image\":{\"@id\":\"https:\\\/\\\/www.istitutostudisindacali.net\\\/bibliotecablog\\\/2018\\\/11\\\/30\\\/la-donna-nel-socialismo-italiano-tra-cronaca-e-storia-1892-1978\\\/#primaryimage\"},\"thumbnailUrl\":\"https:\\\/\\\/www.istitutostudisindacali.net\\\/bibliotecablog\\\/wp-content\\\/uploads\\\/sites\\\/17\\\/2018\\\/11\\\/vivasocialismo.jpg\",\"datePublished\":\"2018-11-30T08:32:10+00:00\",\"dateModified\":\"2023-02-04T18:11:52+00:00\",\"author\":{\"@id\":\"https:\\\/\\\/www.istitutostudisindacali.net\\\/bibliotecablog\\\/#\\\/schema\\\/person\\\/67df37a680cbbc103a59f61989c3f7e0\"},\"breadcrumb\":{\"@id\":\"https:\\\/\\\/www.istitutostudisindacali.net\\\/bibliotecablog\\\/2018\\\/11\\\/30\\\/la-donna-nel-socialismo-italiano-tra-cronaca-e-storia-1892-1978\\\/#breadcrumb\"},\"inLanguage\":\"it-IT\",\"potentialAction\":[{\"@type\":\"ReadAction\",\"target\":[\"https:\\\/\\\/www.istitutostudisindacali.net\\\/bibliotecablog\\\/2018\\\/11\\\/30\\\/la-donna-nel-socialismo-italiano-tra-cronaca-e-storia-1892-1978\\\/\"]}]},{\"@type\":\"ImageObject\",\"inLanguage\":\"it-IT\",\"@id\":\"https:\\\/\\\/www.istitutostudisindacali.net\\\/bibliotecablog\\\/2018\\\/11\\\/30\\\/la-donna-nel-socialismo-italiano-tra-cronaca-e-storia-1892-1978\\\/#primaryimage\",\"url\":\"https:\\\/\\\/www.istitutostudisindacali.net\\\/bibliotecablog\\\/wp-content\\\/uploads\\\/sites\\\/17\\\/2018\\\/11\\\/vivasocialismo.jpg\",\"contentUrl\":\"https:\\\/\\\/www.istitutostudisindacali.net\\\/bibliotecablog\\\/wp-content\\\/uploads\\\/sites\\\/17\\\/2018\\\/11\\\/vivasocialismo.jpg\",\"width\":607,\"height\":671},{\"@type\":\"BreadcrumbList\",\"@id\":\"https:\\\/\\\/www.istitutostudisindacali.net\\\/bibliotecablog\\\/2018\\\/11\\\/30\\\/la-donna-nel-socialismo-italiano-tra-cronaca-e-storia-1892-1978\\\/#breadcrumb\",\"itemListElement\":[{\"@type\":\"ListItem\",\"position\":1,\"name\":\"Home\",\"item\":\"https:\\\/\\\/www.istitutostudisindacali.net\\\/bibliotecablog\\\/\"},{\"@type\":\"ListItem\",\"position\":2,\"name\":\"&#8220;La donna nel socialismo italiano tra cronaca e storia (1892-1978)&#8221; di Alloisio e Aj\u00f2\"}]},{\"@type\":\"WebSite\",\"@id\":\"https:\\\/\\\/www.istitutostudisindacali.net\\\/bibliotecablog\\\/#website\",\"url\":\"https:\\\/\\\/www.istitutostudisindacali.net\\\/bibliotecablog\\\/\",\"name\":\"Blog della Biblioteca\",\"description\":\"Arturo Chiari\",\"potentialAction\":[{\"@type\":\"SearchAction\",\"target\":{\"@type\":\"EntryPoint\",\"urlTemplate\":\"https:\\\/\\\/www.istitutostudisindacali.net\\\/bibliotecablog\\\/?s={search_term_string}\"},\"query-input\":{\"@type\":\"PropertyValueSpecification\",\"valueRequired\":true,\"valueName\":\"search_term_string\"}}],\"inLanguage\":\"it-IT\"},{\"@type\":\"Person\",\"@id\":\"https:\\\/\\\/www.istitutostudisindacali.net\\\/bibliotecablog\\\/#\\\/schema\\\/person\\\/67df37a680cbbc103a59f61989c3f7e0\",\"name\":\"Loredana Pietri\",\"image\":{\"@type\":\"ImageObject\",\"inLanguage\":\"it-IT\",\"@id\":\"https:\\\/\\\/secure.gravatar.com\\\/avatar\\\/14e1950ca26d7443d95784cdcfad5cf200bbbc261d085cf9375e018dc286c835?s=96&d=mm&r=g\",\"url\":\"https:\\\/\\\/secure.gravatar.com\\\/avatar\\\/14e1950ca26d7443d95784cdcfad5cf200bbbc261d085cf9375e018dc286c835?s=96&d=mm&r=g\",\"contentUrl\":\"https:\\\/\\\/secure.gravatar.com\\\/avatar\\\/14e1950ca26d7443d95784cdcfad5cf200bbbc261d085cf9375e018dc286c835?s=96&d=mm&r=g\",\"caption\":\"Loredana Pietri\"},\"description\":\"Responsabile della Biblioteca si impegna nella sua conduzione per migliorarne i Servizi\",\"sameAs\":[\"https:\\\/\\\/www.istitutostudisindacali.net\\\/biblioteca\"],\"url\":\"https:\\\/\\\/www.istitutostudisindacali.net\\\/bibliotecablog\\\/author\\\/loredana-pietri\\\/\"}]}<\/script>\n<!-- \/ Yoast SEO plugin. -->","yoast_head_json":{"title":"\"La donna nel socialismo italiano tra cronaca e storia (1892-1978)\" di Alloisio e Aj\u00f2 - Blog della Biblioteca","robots":{"index":"index","follow":"follow","max-snippet":"max-snippet:-1","max-image-preview":"max-image-preview:large","max-video-preview":"max-video-preview:-1"},"canonical":"https:\/\/www.istitutostudisindacali.net\/bibliotecablog\/2018\/11\/30\/la-donna-nel-socialismo-italiano-tra-cronaca-e-storia-1892-1978\/","og_locale":"it_IT","og_type":"article","og_title":"\"La donna nel socialismo italiano tra cronaca e storia (1892-1978)\" di Alloisio e Aj\u00f2 - Blog della Biblioteca","og_description":"Storia della lotta per l'emancipazione della donna nell'interno del PSI, la prima forza politica che abbia dato spazio alle rivendicazioni femminili nel contesto del movimento di classe","og_url":"https:\/\/www.istitutostudisindacali.net\/bibliotecablog\/2018\/11\/30\/la-donna-nel-socialismo-italiano-tra-cronaca-e-storia-1892-1978\/","og_site_name":"Blog della Biblioteca","article_published_time":"2018-11-30T08:32:10+00:00","article_modified_time":"2023-02-04T18:11:52+00:00","og_image":[{"width":607,"height":671,"url":"https:\/\/www.istitutostudisindacali.net\/bibliotecablog\/wp-content\/uploads\/sites\/17\/2018\/11\/vivasocialismo.jpg","type":"image\/jpeg"}],"author":"Loredana Pietri","twitter_card":"summary_large_image","twitter_misc":{"Scritto da":"Loredana Pietri","Tempo di lettura stimato":"4 minuti"},"schema":{"@context":"https:\/\/schema.org","@graph":[{"@type":"Article","@id":"https:\/\/www.istitutostudisindacali.net\/bibliotecablog\/2018\/11\/30\/la-donna-nel-socialismo-italiano-tra-cronaca-e-storia-1892-1978\/#article","isPartOf":{"@id":"https:\/\/www.istitutostudisindacali.net\/bibliotecablog\/2018\/11\/30\/la-donna-nel-socialismo-italiano-tra-cronaca-e-storia-1892-1978\/"},"author":{"name":"Loredana Pietri","@id":"https:\/\/www.istitutostudisindacali.net\/bibliotecablog\/#\/schema\/person\/67df37a680cbbc103a59f61989c3f7e0"},"headline":"&#8220;La donna nel socialismo italiano tra cronaca e storia (1892-1978)&#8221; di Alloisio e Aj\u00f2","datePublished":"2018-11-30T08:32:10+00:00","dateModified":"2023-02-04T18:11:52+00:00","mainEntityOfPage":{"@id":"https:\/\/www.istitutostudisindacali.net\/bibliotecablog\/2018\/11\/30\/la-donna-nel-socialismo-italiano-tra-cronaca-e-storia-1892-1978\/"},"wordCount":818,"image":{"@id":"https:\/\/www.istitutostudisindacali.net\/bibliotecablog\/2018\/11\/30\/la-donna-nel-socialismo-italiano-tra-cronaca-e-storia-1892-1978\/#primaryimage"},"thumbnailUrl":"https:\/\/www.istitutostudisindacali.net\/bibliotecablog\/wp-content\/uploads\/sites\/17\/2018\/11\/vivasocialismo.jpg","keywords":["Anna Kuliscioff","Anna Maria Mozzoni","Donne","evidenza","Harris Jones","Partito dei Lavoratori Italiani","PSI"],"articleSection":["Donne"],"inLanguage":"it-IT"},{"@type":"WebPage","@id":"https:\/\/www.istitutostudisindacali.net\/bibliotecablog\/2018\/11\/30\/la-donna-nel-socialismo-italiano-tra-cronaca-e-storia-1892-1978\/","url":"https:\/\/www.istitutostudisindacali.net\/bibliotecablog\/2018\/11\/30\/la-donna-nel-socialismo-italiano-tra-cronaca-e-storia-1892-1978\/","name":"\"La donna nel socialismo italiano tra cronaca e storia (1892-1978)\" di Alloisio e Aj\u00f2 - Blog della Biblioteca","isPartOf":{"@id":"https:\/\/www.istitutostudisindacali.net\/bibliotecablog\/#website"},"primaryImageOfPage":{"@id":"https:\/\/www.istitutostudisindacali.net\/bibliotecablog\/2018\/11\/30\/la-donna-nel-socialismo-italiano-tra-cronaca-e-storia-1892-1978\/#primaryimage"},"image":{"@id":"https:\/\/www.istitutostudisindacali.net\/bibliotecablog\/2018\/11\/30\/la-donna-nel-socialismo-italiano-tra-cronaca-e-storia-1892-1978\/#primaryimage"},"thumbnailUrl":"https:\/\/www.istitutostudisindacali.net\/bibliotecablog\/wp-content\/uploads\/sites\/17\/2018\/11\/vivasocialismo.jpg","datePublished":"2018-11-30T08:32:10+00:00","dateModified":"2023-02-04T18:11:52+00:00","author":{"@id":"https:\/\/www.istitutostudisindacali.net\/bibliotecablog\/#\/schema\/person\/67df37a680cbbc103a59f61989c3f7e0"},"breadcrumb":{"@id":"https:\/\/www.istitutostudisindacali.net\/bibliotecablog\/2018\/11\/30\/la-donna-nel-socialismo-italiano-tra-cronaca-e-storia-1892-1978\/#breadcrumb"},"inLanguage":"it-IT","potentialAction":[{"@type":"ReadAction","target":["https:\/\/www.istitutostudisindacali.net\/bibliotecablog\/2018\/11\/30\/la-donna-nel-socialismo-italiano-tra-cronaca-e-storia-1892-1978\/"]}]},{"@type":"ImageObject","inLanguage":"it-IT","@id":"https:\/\/www.istitutostudisindacali.net\/bibliotecablog\/2018\/11\/30\/la-donna-nel-socialismo-italiano-tra-cronaca-e-storia-1892-1978\/#primaryimage","url":"https:\/\/www.istitutostudisindacali.net\/bibliotecablog\/wp-content\/uploads\/sites\/17\/2018\/11\/vivasocialismo.jpg","contentUrl":"https:\/\/www.istitutostudisindacali.net\/bibliotecablog\/wp-content\/uploads\/sites\/17\/2018\/11\/vivasocialismo.jpg","width":607,"height":671},{"@type":"BreadcrumbList","@id":"https:\/\/www.istitutostudisindacali.net\/bibliotecablog\/2018\/11\/30\/la-donna-nel-socialismo-italiano-tra-cronaca-e-storia-1892-1978\/#breadcrumb","itemListElement":[{"@type":"ListItem","position":1,"name":"Home","item":"https:\/\/www.istitutostudisindacali.net\/bibliotecablog\/"},{"@type":"ListItem","position":2,"name":"&#8220;La donna nel socialismo italiano tra cronaca e storia (1892-1978)&#8221; di Alloisio e Aj\u00f2"}]},{"@type":"WebSite","@id":"https:\/\/www.istitutostudisindacali.net\/bibliotecablog\/#website","url":"https:\/\/www.istitutostudisindacali.net\/bibliotecablog\/","name":"Blog della Biblioteca","description":"Arturo Chiari","potentialAction":[{"@type":"SearchAction","target":{"@type":"EntryPoint","urlTemplate":"https:\/\/www.istitutostudisindacali.net\/bibliotecablog\/?s={search_term_string}"},"query-input":{"@type":"PropertyValueSpecification","valueRequired":true,"valueName":"search_term_string"}}],"inLanguage":"it-IT"},{"@type":"Person","@id":"https:\/\/www.istitutostudisindacali.net\/bibliotecablog\/#\/schema\/person\/67df37a680cbbc103a59f61989c3f7e0","name":"Loredana Pietri","image":{"@type":"ImageObject","inLanguage":"it-IT","@id":"https:\/\/secure.gravatar.com\/avatar\/14e1950ca26d7443d95784cdcfad5cf200bbbc261d085cf9375e018dc286c835?s=96&d=mm&r=g","url":"https:\/\/secure.gravatar.com\/avatar\/14e1950ca26d7443d95784cdcfad5cf200bbbc261d085cf9375e018dc286c835?s=96&d=mm&r=g","contentUrl":"https:\/\/secure.gravatar.com\/avatar\/14e1950ca26d7443d95784cdcfad5cf200bbbc261d085cf9375e018dc286c835?s=96&d=mm&r=g","caption":"Loredana Pietri"},"description":"Responsabile della Biblioteca si impegna nella sua conduzione per migliorarne i Servizi","sameAs":["https:\/\/www.istitutostudisindacali.net\/biblioteca"],"url":"https:\/\/www.istitutostudisindacali.net\/bibliotecablog\/author\/loredana-pietri\/"}]}},"jetpack_featured_media_url":"https:\/\/www.istitutostudisindacali.net\/bibliotecablog\/wp-content\/uploads\/sites\/17\/2018\/11\/vivasocialismo.jpg","jetpack_sharing_enabled":true,"_links":{"self":[{"href":"https:\/\/www.istitutostudisindacali.net\/bibliotecablog\/wp-json\/wp\/v2\/posts\/795","targetHints":{"allow":["GET"]}}],"collection":[{"href":"https:\/\/www.istitutostudisindacali.net\/bibliotecablog\/wp-json\/wp\/v2\/posts"}],"about":[{"href":"https:\/\/www.istitutostudisindacali.net\/bibliotecablog\/wp-json\/wp\/v2\/types\/post"}],"author":[{"embeddable":true,"href":"https:\/\/www.istitutostudisindacali.net\/bibliotecablog\/wp-json\/wp\/v2\/users\/7"}],"replies":[{"embeddable":true,"href":"https:\/\/www.istitutostudisindacali.net\/bibliotecablog\/wp-json\/wp\/v2\/comments?post=795"}],"version-history":[{"count":1,"href":"https:\/\/www.istitutostudisindacali.net\/bibliotecablog\/wp-json\/wp\/v2\/posts\/795\/revisions"}],"predecessor-version":[{"id":4548,"href":"https:\/\/www.istitutostudisindacali.net\/bibliotecablog\/wp-json\/wp\/v2\/posts\/795\/revisions\/4548"}],"wp:featuredmedia":[{"embeddable":true,"href":"https:\/\/www.istitutostudisindacali.net\/bibliotecablog\/wp-json\/wp\/v2\/media\/805"}],"wp:attachment":[{"href":"https:\/\/www.istitutostudisindacali.net\/bibliotecablog\/wp-json\/wp\/v2\/media?parent=795"}],"wp:term":[{"taxonomy":"category","embeddable":true,"href":"https:\/\/www.istitutostudisindacali.net\/bibliotecablog\/wp-json\/wp\/v2\/categories?post=795"},{"taxonomy":"post_tag","embeddable":true,"href":"https:\/\/www.istitutostudisindacali.net\/bibliotecablog\/wp-json\/wp\/v2\/tags?post=795"}],"curies":[{"name":"wp","href":"https:\/\/api.w.org\/{rel}","templated":true}]}}