{"id":665,"date":"2018-10-18T10:19:40","date_gmt":"2018-10-18T08:19:40","guid":{"rendered":"https:\/\/bibliotecarturochiari.wordpress.com\/?p=665"},"modified":"2023-02-04T19:12:03","modified_gmt":"2023-02-04T18:12:03","slug":"storia-della-spagna-dal-1808-al-1939-a-cura-di-raymond-carr","status":"publish","type":"post","link":"https:\/\/www.istitutostudisindacali.net\/bibliotecablog\/2018\/10\/18\/storia-della-spagna-dal-1808-al-1939-a-cura-di-raymond-carr\/","title":{"rendered":"&#8220;Storia della Spagna dal 1808 al 1939&#8221; a cura di Raymond Carr"},"content":{"rendered":"<blockquote>\n<p style=\"text-align:justify\">18 ottobre 1850 nasce a Ferrol in Spagna\u00a0<b>Pablo Iglesias Posse\u00a0un\u00a0<a title=\"Politico\" href=\"https:\/\/it.wikipedia.org\/wiki\/Politico\">politico<\/a>\u00a0e\u00a0<a class=\"mw-redirect\" title=\"Sindacalista\" href=\"https:\/\/it.wikipedia.org\/wiki\/Sindacalista\">sindacalista\u00a0<\/a><a title=\"Spagna\" href=\"https:\/\/it.wikipedia.org\/wiki\/Spagna\">spagnolo<\/a>. \u00c8 stato il fondatore del\u00a0<a title=\"Partito Socialista Operaio Spagnolo\" href=\"https:\/\/it.wikipedia.org\/wiki\/Partito_Socialista_Operaio_Spagnolo\">Partito Socialista Operaio Spagnolo<\/a>\u00a0(<a title=\"1879\" href=\"https:\/\/it.wikipedia.org\/wiki\/1879\">1879<\/a>) e dell&#8217;<a title=\"Unione Generale dei Lavoratori\" href=\"https:\/\/it.wikipedia.org\/wiki\/Unione_Generale_dei_Lavoratori\">Unione Generale dei Lavoratori<\/a>\u00a0(<a title=\"1888\" href=\"https:\/\/it.wikipedia.org\/wiki\/1888\">1888<\/a>).<\/b><\/p>\n<p style=\"text-align:justify\">Nel\u00a0<a title=\"1888\" href=\"https:\/\/it.wikipedia.org\/wiki\/1888\">1888<\/a>\u00a0fond\u00f2 l&#8217;<i><a title=\"Unione Generale dei Lavoratori\" href=\"https:\/\/it.wikipedia.org\/wiki\/Unione_Generale_dei_Lavoratori\">Unione Generale dei Lavoratori<\/a><\/i>, ne divenne presidente nel\u00a0<a title=\"1889\" href=\"https:\/\/it.wikipedia.org\/wiki\/1889\">1889<\/a>\u00a0e mantenne tale carica fino alla sua morte; proprio nel 1889 partecip\u00f2 al primo Congresso della\u00a0<a title=\"Seconda Internazionale\" href=\"https:\/\/it.wikipedia.org\/wiki\/Seconda_Internazionale\">Seconda Internazionale<\/a>\u00a0in qualit\u00e0 di rappresentante e portavoce del PSOE.<\/p>\n<p>Nel\u00a01890\u00a0guid\u00f2 la prima manifestazione della storia spagnola del\u00a0<a title=\"Festa del lavoro\" href=\"https:\/\/it.wikipedia.org\/wiki\/Festa_del_lavoro\">Primo Maggio<\/a>, attraverso la quale avanz\u00f2 numerose richieste di riforma, tra le quali la riduzione dell&#8217;orario lavorativo ad otto ore e la cessazione dell&#8217;impiego di bambini nelle attivit\u00e0 lavorative.<\/p><\/blockquote>\n<p style=\"text-align:justify\">[&#8230;]Il fascino della storia dei primi movimento operai spagnoli ha fatto dimenticare la loro scarsa importanza. Sino agli anni 1890-1900 i politici spagnoli potevano ancora considerare i tumulti operai &#8211; come le ricorrenti <em><a href=\"https:\/\/digilander.libero.it\/fabioutili\/ribell.html\" target=\"_blank\" rel=\"noopener\">jacqueries<\/a>\u00a0<\/em>dell&#8217;Andalusia o il terrorismo di Barcellona &#8211; come problemi di ordine pubblico, echi dei tempestosi eventi del 1873 piuttosto che segni premonitori del futuro. Nel 1907 la Spagna era ancora la sola fra le grandi nazioni europee che non avesse una rappresentanza della classe lavoratrice in Parlamento.<\/p>\n<p style=\"text-align:justify\">La singolare diffusione degli ideali dell&#8217;Alleanza per la Democrazia Sociale di Bakunin, predicati dall&#8217;italiano Fasanelli negli anni settanta, condussero ad un&#8217;aspra lotta dopo il 1870. Nei primi congressi un piccolo gruppo di discepoli di Fanelli riusc\u00ec a fare accettare un programma rivoluzionario di comunismo libertario, emarginando totalmente i marxisti ed i gradualisti, ricorrendo a tattiche senza scrupoli ed a manovre congressuali\u00a0 che scandalizzarono Anselmo Lorenzo, uomo semplice e devoto alla sua causa, tipico campione del migliore anarchismo.\u00a0 \u00a0 Sebbene i libertari riuscissero vittoriosi sul momento, questa lotta doveva portare a tragiche conseguenze: nella lotta del movimento operaio spagnolo per guadagnare la fiducia delle classi lavoratrici si cre\u00f2 una frattura che vide da una parte i socialisti ortodossi e dall&#8217;altra gli anarchici, scisma ulteriormente complicato dalle divisioni interne degli stessi anarchici, che si divisero in sindacalisti, rivoluzionari ad oltranza e terroristi, e dalle divergenze personali e tattiche fra i socialisti.\u00a0 \u00a0La divisione fra socialisti ed anarchici era di natura geografica (le roccheforti anarchiche erano in Catalogna ed in Andalusia, spingendosi fino nel Levante e nell&#8217;Aragona, con qualche avamposto anche nelle Asturie ed in Galizia) oppure dovuta a diversit\u00e0 di temperamento.\u00a0 \u00a0C&#8217;era il tipo del rivoluzionario spagnolo impetuoso, nutrito dei frementi degli anni settanta, su cui la dottrina marxista e la tattica gradualista non potevano far presa.\u00a0\u00a0Mettersi coi socialisti voleva dire &lt;&lt;fare il passo dell&#8217;oca in un reggimento prussiano&gt;&gt;. Questa immagine di un partito &lt;&lt;militare&gt;&gt; limitava le adesioni al socialismo in quei circoli rivoluzionari la cui caratteristica era un esasperato individualismo.<\/p>\n<p style=\"text-align:justify\">La storia del movimento anarchico non presenta un andamento costante e stabile. Le diverse federazioni, che orgogliosamente si vantavano di trarre le proprie origini dai congressi della Prima Internazionale Spagnola, sorgevano per poi dileguarsi.\u00a0 \u00a0Si ebbero esplosioni di attivit\u00e0 organizzativa quando gli iscritti aumentavano, seguite da periodi di persecuzioni e di attivit\u00e0 clandestina durante i quali il\u00a0 movimento si riduceva ad uno stretto gruppo di militanti.\u00a0 \u00a0Il movimento non si va allargando di congresso in congresso: ha improvvisi baldi in avanti e poi soffre di sconfitte disastrose; questo ritmo ciclico si dovette ad ondate di contagioso entusiasmo che dal movimento anarchico europeo giungevano impetuose in Spagna ed anche all&#8217;alternarsi di periodi di tolleranza da parte delle autorit\u00e0 e periodi di selvaggia repressione, caratteristica di un governo debole. Nei primi anni il movimento oscill\u00f2 tra la propaganda verbale e la propaganda dell&#8217;azione diretta. Dopo il 1910 il sindacalismo port\u00f2 il movimento sotto il controllo dei dirigenti relativamente moderati: ma quando questi <em>leaders\u00a0<\/em>misero alla prova la loro organizzazione con uno sciopero, essa fu spezzata da massicci arresti. Il movimento rest\u00f2 allora in mano agli attivisti militanti che si servirono degli umori rivoluzionari e del risentimento delle masse per seguire una linea che i moderati definirono suicida.<\/p>\n<p style=\"text-align:justify\">La tolleranza di Sagasta permise ai resti della Prima Internazionale di ricomparire al congresso di Barcellona (giugno 1881) con nome di <strong><a href=\"https:\/\/it.wikipedia.org\/wiki\/Confederaci%C3%B3n_Nacional_del_Trabajo\">Federazione Regionale dei Lavoratori Spagnoli<\/a>, <\/strong>nella quale gli anarchici predominavano. Infranta questa organizzazione dalle repressioni seguite al 1884, i terroristi fautori della propaganda dell&#8217;azione indiretta diedero inizio ad un&#8217;ondata di attentati dinamitardi ed assassinii culminata negli anni novanta con le bombe lanciate contro il Liceo, che uccisero ventuno frequentatori del teatro, con un ulteriore lancio di bombe durante la processione del Corpus Domini, che uccise dieci persone, e con l&#8217;assassinio di C\u00e0novas. [&#8230;]pp.556<\/p>\n<p>&nbsp;<\/p>\n<p>Disponibile presso la Biblioteca Nazionale UIL Arturo Chiari<\/p>\n<p>&nbsp;<\/p>\n\n\t\t<style type=\"text\/css\">\n\t\t\t#gallery-1 {\n\t\t\t\tmargin: auto;\n\t\t\t}\n\t\t\t#gallery-1 .gallery-item {\n\t\t\t\tfloat: left;\n\t\t\t\tmargin-top: 10px;\n\t\t\t\ttext-align: center;\n\t\t\t\twidth: 33%;\n\t\t\t}\n\t\t\t#gallery-1 img {\n\t\t\t\tborder: 2px solid #cfcfcf;\n\t\t\t}\n\t\t\t#gallery-1 .gallery-caption {\n\t\t\t\tmargin-left: 0;\n\t\t\t}\n\t\t\t\/* see gallery_shortcode() in wp-includes\/media.php *\/\n\t\t<\/style>\n\t\t<div id='gallery-1' class='gallery galleryid-665 gallery-columns-3 gallery-size-thumbnail'><dl class='gallery-item'>\n\t\t\t<dt class='gallery-icon portrait'>\n\t\t\t\t<a href='https:\/\/www.istitutostudisindacali.net\/bibliotecablog\/800px-pablo_iglesias_posse_fundador_del_psoe\/'><img loading=\"lazy\" decoding=\"async\" width=\"150\" height=\"150\" src=\"https:\/\/www.istitutostudisindacali.net\/bibliotecablog\/wp-content\/uploads\/sites\/17\/2018\/10\/800px-pablo_iglesias_posse_fundador_del_psoe-150x150.jpg\" class=\"attachment-thumbnail size-thumbnail\" alt=\"\" aria-describedby=\"gallery-1-669\" srcset=\"https:\/\/www.istitutostudisindacali.net\/bibliotecablog\/wp-content\/uploads\/sites\/17\/2018\/10\/800px-pablo_iglesias_posse_fundador_del_psoe-150x150.jpg 150w, https:\/\/www.istitutostudisindacali.net\/bibliotecablog\/wp-content\/uploads\/sites\/17\/2018\/10\/800px-pablo_iglesias_posse_fundador_del_psoe-250x250.jpg 250w, https:\/\/www.istitutostudisindacali.net\/bibliotecablog\/wp-content\/uploads\/sites\/17\/2018\/10\/800px-pablo_iglesias_posse_fundador_del_psoe-440x440.jpg 440w\" sizes=\"(max-width: 150px) 100vw, 150px\" \/><\/a>\n\t\t\t<\/dt>\n\t\t\t\t<dd class='wp-caption-text gallery-caption' id='gallery-1-669'>\n\t\t\t\tPablo Iglesias Posse\n\t\t\t\t<\/dd><\/dl><dl class='gallery-item'>\n\t\t\t<dt class='gallery-icon landscape'>\n\t\t\t\t<a href='https:\/\/www.istitutostudisindacali.net\/bibliotecablog\/000000550874\/'><img loading=\"lazy\" decoding=\"async\" width=\"150\" height=\"150\" src=\"https:\/\/www.istitutostudisindacali.net\/bibliotecablog\/wp-content\/uploads\/sites\/17\/2018\/10\/000000550874-150x150.jpg\" class=\"attachment-thumbnail size-thumbnail\" alt=\"\" aria-describedby=\"gallery-1-670\" srcset=\"https:\/\/www.istitutostudisindacali.net\/bibliotecablog\/wp-content\/uploads\/sites\/17\/2018\/10\/000000550874-150x150.jpg 150w, https:\/\/www.istitutostudisindacali.net\/bibliotecablog\/wp-content\/uploads\/sites\/17\/2018\/10\/000000550874-300x300.jpg 300w, https:\/\/www.istitutostudisindacali.net\/bibliotecablog\/wp-content\/uploads\/sites\/17\/2018\/10\/000000550874-250x250.jpg 250w, https:\/\/www.istitutostudisindacali.net\/bibliotecablog\/wp-content\/uploads\/sites\/17\/2018\/10\/000000550874.jpg 304w\" sizes=\"(max-width: 150px) 100vw, 150px\" \/><\/a>\n\t\t\t<\/dt>\n\t\t\t\t<dd class='wp-caption-text gallery-caption' id='gallery-1-670'>\n\t\t\t\tPablo Iglesias Posse durante un comizio\n\t\t\t\t<\/dd><\/dl><dl class='gallery-item'>\n\t\t\t<dt class='gallery-icon landscape'>\n\t\t\t\t<a href='https:\/\/www.istitutostudisindacali.net\/bibliotecablog\/1268780401_910215_0000000000_album_normal\/'><img loading=\"lazy\" decoding=\"async\" width=\"150\" height=\"150\" src=\"https:\/\/www.istitutostudisindacali.net\/bibliotecablog\/wp-content\/uploads\/sites\/17\/2018\/10\/1268780401_910215_0000000000_album_normal-150x150.jpg\" class=\"attachment-thumbnail size-thumbnail\" alt=\"\" srcset=\"https:\/\/www.istitutostudisindacali.net\/bibliotecablog\/wp-content\/uploads\/sites\/17\/2018\/10\/1268780401_910215_0000000000_album_normal-150x150.jpg 150w, https:\/\/www.istitutostudisindacali.net\/bibliotecablog\/wp-content\/uploads\/sites\/17\/2018\/10\/1268780401_910215_0000000000_album_normal-250x250.jpg 250w, https:\/\/www.istitutostudisindacali.net\/bibliotecablog\/wp-content\/uploads\/sites\/17\/2018\/10\/1268780401_910215_0000000000_album_normal-440x440.jpg 440w\" sizes=\"(max-width: 150px) 100vw, 150px\" \/><\/a>\n\t\t\t<\/dt><\/dl><br style=\"clear: both\" \/><dl class='gallery-item'>\n\t\t\t<dt class='gallery-icon landscape'>\n\t\t\t\t<a href='https:\/\/www.istitutostudisindacali.net\/bibliotecablog\/1-437\/'><img loading=\"lazy\" decoding=\"async\" width=\"150\" height=\"150\" src=\"https:\/\/www.istitutostudisindacali.net\/bibliotecablog\/wp-content\/uploads\/sites\/17\/2018\/10\/1-437-150x150.jpg\" class=\"attachment-thumbnail size-thumbnail\" alt=\"\" srcset=\"https:\/\/www.istitutostudisindacali.net\/bibliotecablog\/wp-content\/uploads\/sites\/17\/2018\/10\/1-437-150x150.jpg 150w, https:\/\/www.istitutostudisindacali.net\/bibliotecablog\/wp-content\/uploads\/sites\/17\/2018\/10\/1-437-250x250.jpg 250w\" sizes=\"(max-width: 150px) 100vw, 150px\" \/><\/a>\n\t\t\t<\/dt><\/dl><dl class='gallery-item'>\n\t\t\t<dt class='gallery-icon landscape'>\n\t\t\t\t<a href='https:\/\/www.istitutostudisindacali.net\/bibliotecablog\/trabajadores-exposicion-universal-barcelona_ediima20180810_0601_4\/'><img loading=\"lazy\" decoding=\"async\" width=\"150\" height=\"150\" src=\"https:\/\/www.istitutostudisindacali.net\/bibliotecablog\/wp-content\/uploads\/sites\/17\/2018\/10\/trabajadores-exposicion-universal-barcelona_ediima20180810_0601_4-150x150.jpg\" class=\"attachment-thumbnail size-thumbnail\" alt=\"\" aria-describedby=\"gallery-1-675\" srcset=\"https:\/\/www.istitutostudisindacali.net\/bibliotecablog\/wp-content\/uploads\/sites\/17\/2018\/10\/trabajadores-exposicion-universal-barcelona_ediima20180810_0601_4-150x150.jpg 150w, https:\/\/www.istitutostudisindacali.net\/bibliotecablog\/wp-content\/uploads\/sites\/17\/2018\/10\/trabajadores-exposicion-universal-barcelona_ediima20180810_0601_4-250x250.jpg 250w\" sizes=\"(max-width: 150px) 100vw, 150px\" \/><\/a>\n\t\t\t<\/dt>\n\t\t\t\t<dd class='wp-caption-text gallery-caption' id='gallery-1-675'>\n\t\t\t\tPrima esposizione nazionale dei lavoratori Spagna\n\t\t\t\t<\/dd><\/dl><dl class='gallery-item'>\n\t\t\t<dt class='gallery-icon landscape'>\n\t\t\t\t<a href='https:\/\/www.istitutostudisindacali.net\/bibliotecablog\/canovas-asesinado\/'><img loading=\"lazy\" decoding=\"async\" width=\"150\" height=\"150\" src=\"https:\/\/www.istitutostudisindacali.net\/bibliotecablog\/wp-content\/uploads\/sites\/17\/2018\/10\/canovas-asesinado-150x150.jpg\" class=\"attachment-thumbnail size-thumbnail\" alt=\"\" aria-describedby=\"gallery-1-674\" srcset=\"https:\/\/www.istitutostudisindacali.net\/bibliotecablog\/wp-content\/uploads\/sites\/17\/2018\/10\/canovas-asesinado-150x150.jpg 150w, https:\/\/www.istitutostudisindacali.net\/bibliotecablog\/wp-content\/uploads\/sites\/17\/2018\/10\/canovas-asesinado-250x250.jpg 250w, https:\/\/www.istitutostudisindacali.net\/bibliotecablog\/wp-content\/uploads\/sites\/17\/2018\/10\/canovas-asesinado-440x440.jpg 440w\" sizes=\"(max-width: 150px) 100vw, 150px\" \/><\/a>\n\t\t\t<\/dt>\n\t\t\t\t<dd class='wp-caption-text gallery-caption' id='gallery-1-674'>\n\t\t\t\tAssassinio di C\u00e0novas\n\t\t\t\t<\/dd><\/dl><br style=\"clear: both\" \/><dl class='gallery-item'>\n\t\t\t<dt class='gallery-icon portrait'>\n\t\t\t\t<a href='https:\/\/www.istitutostudisindacali.net\/bibliotecablog\/assassinio-canovas-castillo-presidente-e69fe3a5-6b47-4725-83bd-c18ddbe31423\/'><img loading=\"lazy\" decoding=\"async\" width=\"150\" height=\"150\" src=\"https:\/\/www.istitutostudisindacali.net\/bibliotecablog\/wp-content\/uploads\/sites\/17\/2018\/10\/assassinio-canovas-castillo-presidente-e69fe3a5-6b47-4725-83bd-c18ddbe31423-150x150.jpeg\" class=\"attachment-thumbnail size-thumbnail\" alt=\"\" aria-describedby=\"gallery-1-673\" srcset=\"https:\/\/www.istitutostudisindacali.net\/bibliotecablog\/wp-content\/uploads\/sites\/17\/2018\/10\/assassinio-canovas-castillo-presidente-e69fe3a5-6b47-4725-83bd-c18ddbe31423-150x150.jpeg 150w, https:\/\/www.istitutostudisindacali.net\/bibliotecablog\/wp-content\/uploads\/sites\/17\/2018\/10\/assassinio-canovas-castillo-presidente-e69fe3a5-6b47-4725-83bd-c18ddbe31423-250x250.jpeg 250w\" sizes=\"(max-width: 150px) 100vw, 150px\" \/><\/a>\n\t\t\t<\/dt>\n\t\t\t\t<dd class='wp-caption-text gallery-caption' id='gallery-1-673'>\n\t\t\t\ti giornali sull&#8217;assassinio di C\u00e0nova\n\t\t\t\t<\/dd><\/dl>\n\t\t\t<br style='clear: both' \/>\n\t\t<\/div>\n\n","protected":false},"excerpt":{"rendered":"<p>Storia della Spagna<\/p>\n","protected":false},"author":7,"featured_media":672,"comment_status":"closed","ping_status":"closed","sticky":false,"template":"","format":"standard","meta":{"_et_pb_use_builder":"","_et_pb_old_content":"","_et_gb_content_width":"","ngg_post_thumbnail":0,"_jetpack_memberships_contains_paid_content":false,"footnotes":""},"categories":[115],"tags":[726,7,727,728,40,729,730,731,25,732,733],"class_list":["post-665","post","type-post","status-publish","format-standard","has-post-thumbnail","hentry","category-storia","tag-bakunin","tag-evidenza","tag-fasanelli","tag-federazione-regionale-dei-lavoratori-spagnoli","tag-movimento-operaio","tag-partito-socialista-operaio-spagnolo","tag-primo-maggio","tag-sagasta","tag-socialismo","tag-spagna","tag-ugl","et-has-post-format-content","et_post_format-et-post-format-standard"],"yoast_head":"<!-- This site is optimized with the Yoast SEO plugin v27.4 - https:\/\/yoast.com\/product\/yoast-seo-wordpress\/ -->\n<title>&quot;Storia della Spagna dal 1808 al 1939&quot; a cura di Raymond Carr - Blog della Biblioteca<\/title>\n<meta name=\"robots\" content=\"index, follow, max-snippet:-1, max-image-preview:large, max-video-preview:-1\" \/>\n<link rel=\"canonical\" href=\"https:\/\/www.istitutostudisindacali.net\/bibliotecablog\/2018\/10\/18\/storia-della-spagna-dal-1808-al-1939-a-cura-di-raymond-carr\/\" \/>\n<meta property=\"og:locale\" content=\"it_IT\" \/>\n<meta property=\"og:type\" content=\"article\" \/>\n<meta property=\"og:title\" content=\"&quot;Storia della Spagna dal 1808 al 1939&quot; a cura di Raymond Carr - Blog della Biblioteca\" \/>\n<meta property=\"og:description\" content=\"Storia della Spagna\" \/>\n<meta property=\"og:url\" content=\"https:\/\/www.istitutostudisindacali.net\/bibliotecablog\/2018\/10\/18\/storia-della-spagna-dal-1808-al-1939-a-cura-di-raymond-carr\/\" \/>\n<meta property=\"og:site_name\" content=\"Blog della Biblioteca\" \/>\n<meta property=\"article:published_time\" content=\"2018-10-18T08:19:40+00:00\" \/>\n<meta property=\"article:modified_time\" content=\"2023-02-04T18:12:03+00:00\" \/>\n<meta property=\"og:image\" content=\"https:\/\/www.istitutostudisindacali.net\/bibliotecablog\/wp-content\/uploads\/sites\/17\/2018\/10\/ait.jpg\" \/>\n\t<meta property=\"og:image:width\" content=\"227\" \/>\n\t<meta property=\"og:image:height\" content=\"233\" \/>\n\t<meta property=\"og:image:type\" content=\"image\/jpeg\" \/>\n<meta name=\"author\" content=\"Loredana Pietri\" \/>\n<meta name=\"twitter:card\" content=\"summary_large_image\" \/>\n<meta name=\"twitter:label1\" content=\"Scritto da\" \/>\n\t<meta name=\"twitter:data1\" content=\"Loredana Pietri\" \/>\n\t<meta name=\"twitter:label2\" content=\"Tempo di lettura stimato\" \/>\n\t<meta name=\"twitter:data2\" content=\"4 minuti\" \/>\n<script type=\"application\/ld+json\" class=\"yoast-schema-graph\">{\"@context\":\"https:\\\/\\\/schema.org\",\"@graph\":[{\"@type\":\"Article\",\"@id\":\"https:\\\/\\\/www.istitutostudisindacali.net\\\/bibliotecablog\\\/2018\\\/10\\\/18\\\/storia-della-spagna-dal-1808-al-1939-a-cura-di-raymond-carr\\\/#article\",\"isPartOf\":{\"@id\":\"https:\\\/\\\/www.istitutostudisindacali.net\\\/bibliotecablog\\\/2018\\\/10\\\/18\\\/storia-della-spagna-dal-1808-al-1939-a-cura-di-raymond-carr\\\/\"},\"author\":{\"name\":\"Loredana Pietri\",\"@id\":\"https:\\\/\\\/www.istitutostudisindacali.net\\\/bibliotecablog\\\/#\\\/schema\\\/person\\\/67df37a680cbbc103a59f61989c3f7e0\"},\"headline\":\"&#8220;Storia della Spagna dal 1808 al 1939&#8221; a cura di Raymond Carr\",\"datePublished\":\"2018-10-18T08:19:40+00:00\",\"dateModified\":\"2023-02-04T18:12:03+00:00\",\"mainEntityOfPage\":{\"@id\":\"https:\\\/\\\/www.istitutostudisindacali.net\\\/bibliotecablog\\\/2018\\\/10\\\/18\\\/storia-della-spagna-dal-1808-al-1939-a-cura-di-raymond-carr\\\/\"},\"wordCount\":773,\"image\":{\"@id\":\"https:\\\/\\\/www.istitutostudisindacali.net\\\/bibliotecablog\\\/2018\\\/10\\\/18\\\/storia-della-spagna-dal-1808-al-1939-a-cura-di-raymond-carr\\\/#primaryimage\"},\"thumbnailUrl\":\"https:\\\/\\\/www.istitutostudisindacali.net\\\/bibliotecablog\\\/wp-content\\\/uploads\\\/sites\\\/17\\\/2018\\\/10\\\/ait.jpg\",\"keywords\":[\"Bakunin\",\"evidenza\",\"Fasanelli\",\"Federazione Regionale dei Lavoratori Spagnoli\",\"Movimento Operaio\",\"Partito Socialista Operaio Spagnolo\",\"Primo Maggio\",\"Sagasta\",\"Socialismo\",\"Spagna\",\"UGL\"],\"articleSection\":[\"Storia\"],\"inLanguage\":\"it-IT\"},{\"@type\":\"WebPage\",\"@id\":\"https:\\\/\\\/www.istitutostudisindacali.net\\\/bibliotecablog\\\/2018\\\/10\\\/18\\\/storia-della-spagna-dal-1808-al-1939-a-cura-di-raymond-carr\\\/\",\"url\":\"https:\\\/\\\/www.istitutostudisindacali.net\\\/bibliotecablog\\\/2018\\\/10\\\/18\\\/storia-della-spagna-dal-1808-al-1939-a-cura-di-raymond-carr\\\/\",\"name\":\"\\\"Storia della Spagna dal 1808 al 1939\\\" a cura di Raymond Carr - Blog della Biblioteca\",\"isPartOf\":{\"@id\":\"https:\\\/\\\/www.istitutostudisindacali.net\\\/bibliotecablog\\\/#website\"},\"primaryImageOfPage\":{\"@id\":\"https:\\\/\\\/www.istitutostudisindacali.net\\\/bibliotecablog\\\/2018\\\/10\\\/18\\\/storia-della-spagna-dal-1808-al-1939-a-cura-di-raymond-carr\\\/#primaryimage\"},\"image\":{\"@id\":\"https:\\\/\\\/www.istitutostudisindacali.net\\\/bibliotecablog\\\/2018\\\/10\\\/18\\\/storia-della-spagna-dal-1808-al-1939-a-cura-di-raymond-carr\\\/#primaryimage\"},\"thumbnailUrl\":\"https:\\\/\\\/www.istitutostudisindacali.net\\\/bibliotecablog\\\/wp-content\\\/uploads\\\/sites\\\/17\\\/2018\\\/10\\\/ait.jpg\",\"datePublished\":\"2018-10-18T08:19:40+00:00\",\"dateModified\":\"2023-02-04T18:12:03+00:00\",\"author\":{\"@id\":\"https:\\\/\\\/www.istitutostudisindacali.net\\\/bibliotecablog\\\/#\\\/schema\\\/person\\\/67df37a680cbbc103a59f61989c3f7e0\"},\"breadcrumb\":{\"@id\":\"https:\\\/\\\/www.istitutostudisindacali.net\\\/bibliotecablog\\\/2018\\\/10\\\/18\\\/storia-della-spagna-dal-1808-al-1939-a-cura-di-raymond-carr\\\/#breadcrumb\"},\"inLanguage\":\"it-IT\",\"potentialAction\":[{\"@type\":\"ReadAction\",\"target\":[\"https:\\\/\\\/www.istitutostudisindacali.net\\\/bibliotecablog\\\/2018\\\/10\\\/18\\\/storia-della-spagna-dal-1808-al-1939-a-cura-di-raymond-carr\\\/\"]}]},{\"@type\":\"ImageObject\",\"inLanguage\":\"it-IT\",\"@id\":\"https:\\\/\\\/www.istitutostudisindacali.net\\\/bibliotecablog\\\/2018\\\/10\\\/18\\\/storia-della-spagna-dal-1808-al-1939-a-cura-di-raymond-carr\\\/#primaryimage\",\"url\":\"https:\\\/\\\/www.istitutostudisindacali.net\\\/bibliotecablog\\\/wp-content\\\/uploads\\\/sites\\\/17\\\/2018\\\/10\\\/ait.jpg\",\"contentUrl\":\"https:\\\/\\\/www.istitutostudisindacali.net\\\/bibliotecablog\\\/wp-content\\\/uploads\\\/sites\\\/17\\\/2018\\\/10\\\/ait.jpg\",\"width\":227,\"height\":233},{\"@type\":\"BreadcrumbList\",\"@id\":\"https:\\\/\\\/www.istitutostudisindacali.net\\\/bibliotecablog\\\/2018\\\/10\\\/18\\\/storia-della-spagna-dal-1808-al-1939-a-cura-di-raymond-carr\\\/#breadcrumb\",\"itemListElement\":[{\"@type\":\"ListItem\",\"position\":1,\"name\":\"Home\",\"item\":\"https:\\\/\\\/www.istitutostudisindacali.net\\\/bibliotecablog\\\/\"},{\"@type\":\"ListItem\",\"position\":2,\"name\":\"&#8220;Storia della Spagna dal 1808 al 1939&#8221; a cura di Raymond Carr\"}]},{\"@type\":\"WebSite\",\"@id\":\"https:\\\/\\\/www.istitutostudisindacali.net\\\/bibliotecablog\\\/#website\",\"url\":\"https:\\\/\\\/www.istitutostudisindacali.net\\\/bibliotecablog\\\/\",\"name\":\"Blog della Biblioteca\",\"description\":\"Arturo Chiari\",\"potentialAction\":[{\"@type\":\"SearchAction\",\"target\":{\"@type\":\"EntryPoint\",\"urlTemplate\":\"https:\\\/\\\/www.istitutostudisindacali.net\\\/bibliotecablog\\\/?s={search_term_string}\"},\"query-input\":{\"@type\":\"PropertyValueSpecification\",\"valueRequired\":true,\"valueName\":\"search_term_string\"}}],\"inLanguage\":\"it-IT\"},{\"@type\":\"Person\",\"@id\":\"https:\\\/\\\/www.istitutostudisindacali.net\\\/bibliotecablog\\\/#\\\/schema\\\/person\\\/67df37a680cbbc103a59f61989c3f7e0\",\"name\":\"Loredana Pietri\",\"image\":{\"@type\":\"ImageObject\",\"inLanguage\":\"it-IT\",\"@id\":\"https:\\\/\\\/secure.gravatar.com\\\/avatar\\\/14e1950ca26d7443d95784cdcfad5cf200bbbc261d085cf9375e018dc286c835?s=96&d=mm&r=g\",\"url\":\"https:\\\/\\\/secure.gravatar.com\\\/avatar\\\/14e1950ca26d7443d95784cdcfad5cf200bbbc261d085cf9375e018dc286c835?s=96&d=mm&r=g\",\"contentUrl\":\"https:\\\/\\\/secure.gravatar.com\\\/avatar\\\/14e1950ca26d7443d95784cdcfad5cf200bbbc261d085cf9375e018dc286c835?s=96&d=mm&r=g\",\"caption\":\"Loredana Pietri\"},\"description\":\"Responsabile della Biblioteca si impegna nella sua conduzione per migliorarne i Servizi\",\"sameAs\":[\"https:\\\/\\\/www.istitutostudisindacali.net\\\/biblioteca\"],\"url\":\"https:\\\/\\\/www.istitutostudisindacali.net\\\/bibliotecablog\\\/author\\\/loredana-pietri\\\/\"}]}<\/script>\n<!-- \/ Yoast SEO plugin. -->","yoast_head_json":{"title":"\"Storia della Spagna dal 1808 al 1939\" a cura di Raymond Carr - Blog della Biblioteca","robots":{"index":"index","follow":"follow","max-snippet":"max-snippet:-1","max-image-preview":"max-image-preview:large","max-video-preview":"max-video-preview:-1"},"canonical":"https:\/\/www.istitutostudisindacali.net\/bibliotecablog\/2018\/10\/18\/storia-della-spagna-dal-1808-al-1939-a-cura-di-raymond-carr\/","og_locale":"it_IT","og_type":"article","og_title":"\"Storia della Spagna dal 1808 al 1939\" a cura di Raymond Carr - Blog della Biblioteca","og_description":"Storia della Spagna","og_url":"https:\/\/www.istitutostudisindacali.net\/bibliotecablog\/2018\/10\/18\/storia-della-spagna-dal-1808-al-1939-a-cura-di-raymond-carr\/","og_site_name":"Blog della Biblioteca","article_published_time":"2018-10-18T08:19:40+00:00","article_modified_time":"2023-02-04T18:12:03+00:00","og_image":[{"width":227,"height":233,"url":"https:\/\/www.istitutostudisindacali.net\/bibliotecablog\/wp-content\/uploads\/sites\/17\/2018\/10\/ait.jpg","type":"image\/jpeg"}],"author":"Loredana Pietri","twitter_card":"summary_large_image","twitter_misc":{"Scritto da":"Loredana Pietri","Tempo di lettura stimato":"4 minuti"},"schema":{"@context":"https:\/\/schema.org","@graph":[{"@type":"Article","@id":"https:\/\/www.istitutostudisindacali.net\/bibliotecablog\/2018\/10\/18\/storia-della-spagna-dal-1808-al-1939-a-cura-di-raymond-carr\/#article","isPartOf":{"@id":"https:\/\/www.istitutostudisindacali.net\/bibliotecablog\/2018\/10\/18\/storia-della-spagna-dal-1808-al-1939-a-cura-di-raymond-carr\/"},"author":{"name":"Loredana Pietri","@id":"https:\/\/www.istitutostudisindacali.net\/bibliotecablog\/#\/schema\/person\/67df37a680cbbc103a59f61989c3f7e0"},"headline":"&#8220;Storia della Spagna dal 1808 al 1939&#8221; a cura di Raymond Carr","datePublished":"2018-10-18T08:19:40+00:00","dateModified":"2023-02-04T18:12:03+00:00","mainEntityOfPage":{"@id":"https:\/\/www.istitutostudisindacali.net\/bibliotecablog\/2018\/10\/18\/storia-della-spagna-dal-1808-al-1939-a-cura-di-raymond-carr\/"},"wordCount":773,"image":{"@id":"https:\/\/www.istitutostudisindacali.net\/bibliotecablog\/2018\/10\/18\/storia-della-spagna-dal-1808-al-1939-a-cura-di-raymond-carr\/#primaryimage"},"thumbnailUrl":"https:\/\/www.istitutostudisindacali.net\/bibliotecablog\/wp-content\/uploads\/sites\/17\/2018\/10\/ait.jpg","keywords":["Bakunin","evidenza","Fasanelli","Federazione Regionale dei Lavoratori Spagnoli","Movimento Operaio","Partito Socialista Operaio Spagnolo","Primo Maggio","Sagasta","Socialismo","Spagna","UGL"],"articleSection":["Storia"],"inLanguage":"it-IT"},{"@type":"WebPage","@id":"https:\/\/www.istitutostudisindacali.net\/bibliotecablog\/2018\/10\/18\/storia-della-spagna-dal-1808-al-1939-a-cura-di-raymond-carr\/","url":"https:\/\/www.istitutostudisindacali.net\/bibliotecablog\/2018\/10\/18\/storia-della-spagna-dal-1808-al-1939-a-cura-di-raymond-carr\/","name":"\"Storia della Spagna dal 1808 al 1939\" a cura di Raymond Carr - Blog della Biblioteca","isPartOf":{"@id":"https:\/\/www.istitutostudisindacali.net\/bibliotecablog\/#website"},"primaryImageOfPage":{"@id":"https:\/\/www.istitutostudisindacali.net\/bibliotecablog\/2018\/10\/18\/storia-della-spagna-dal-1808-al-1939-a-cura-di-raymond-carr\/#primaryimage"},"image":{"@id":"https:\/\/www.istitutostudisindacali.net\/bibliotecablog\/2018\/10\/18\/storia-della-spagna-dal-1808-al-1939-a-cura-di-raymond-carr\/#primaryimage"},"thumbnailUrl":"https:\/\/www.istitutostudisindacali.net\/bibliotecablog\/wp-content\/uploads\/sites\/17\/2018\/10\/ait.jpg","datePublished":"2018-10-18T08:19:40+00:00","dateModified":"2023-02-04T18:12:03+00:00","author":{"@id":"https:\/\/www.istitutostudisindacali.net\/bibliotecablog\/#\/schema\/person\/67df37a680cbbc103a59f61989c3f7e0"},"breadcrumb":{"@id":"https:\/\/www.istitutostudisindacali.net\/bibliotecablog\/2018\/10\/18\/storia-della-spagna-dal-1808-al-1939-a-cura-di-raymond-carr\/#breadcrumb"},"inLanguage":"it-IT","potentialAction":[{"@type":"ReadAction","target":["https:\/\/www.istitutostudisindacali.net\/bibliotecablog\/2018\/10\/18\/storia-della-spagna-dal-1808-al-1939-a-cura-di-raymond-carr\/"]}]},{"@type":"ImageObject","inLanguage":"it-IT","@id":"https:\/\/www.istitutostudisindacali.net\/bibliotecablog\/2018\/10\/18\/storia-della-spagna-dal-1808-al-1939-a-cura-di-raymond-carr\/#primaryimage","url":"https:\/\/www.istitutostudisindacali.net\/bibliotecablog\/wp-content\/uploads\/sites\/17\/2018\/10\/ait.jpg","contentUrl":"https:\/\/www.istitutostudisindacali.net\/bibliotecablog\/wp-content\/uploads\/sites\/17\/2018\/10\/ait.jpg","width":227,"height":233},{"@type":"BreadcrumbList","@id":"https:\/\/www.istitutostudisindacali.net\/bibliotecablog\/2018\/10\/18\/storia-della-spagna-dal-1808-al-1939-a-cura-di-raymond-carr\/#breadcrumb","itemListElement":[{"@type":"ListItem","position":1,"name":"Home","item":"https:\/\/www.istitutostudisindacali.net\/bibliotecablog\/"},{"@type":"ListItem","position":2,"name":"&#8220;Storia della Spagna dal 1808 al 1939&#8221; a cura di Raymond Carr"}]},{"@type":"WebSite","@id":"https:\/\/www.istitutostudisindacali.net\/bibliotecablog\/#website","url":"https:\/\/www.istitutostudisindacali.net\/bibliotecablog\/","name":"Blog della Biblioteca","description":"Arturo Chiari","potentialAction":[{"@type":"SearchAction","target":{"@type":"EntryPoint","urlTemplate":"https:\/\/www.istitutostudisindacali.net\/bibliotecablog\/?s={search_term_string}"},"query-input":{"@type":"PropertyValueSpecification","valueRequired":true,"valueName":"search_term_string"}}],"inLanguage":"it-IT"},{"@type":"Person","@id":"https:\/\/www.istitutostudisindacali.net\/bibliotecablog\/#\/schema\/person\/67df37a680cbbc103a59f61989c3f7e0","name":"Loredana Pietri","image":{"@type":"ImageObject","inLanguage":"it-IT","@id":"https:\/\/secure.gravatar.com\/avatar\/14e1950ca26d7443d95784cdcfad5cf200bbbc261d085cf9375e018dc286c835?s=96&d=mm&r=g","url":"https:\/\/secure.gravatar.com\/avatar\/14e1950ca26d7443d95784cdcfad5cf200bbbc261d085cf9375e018dc286c835?s=96&d=mm&r=g","contentUrl":"https:\/\/secure.gravatar.com\/avatar\/14e1950ca26d7443d95784cdcfad5cf200bbbc261d085cf9375e018dc286c835?s=96&d=mm&r=g","caption":"Loredana Pietri"},"description":"Responsabile della Biblioteca si impegna nella sua conduzione per migliorarne i Servizi","sameAs":["https:\/\/www.istitutostudisindacali.net\/biblioteca"],"url":"https:\/\/www.istitutostudisindacali.net\/bibliotecablog\/author\/loredana-pietri\/"}]}},"jetpack_featured_media_url":"https:\/\/www.istitutostudisindacali.net\/bibliotecablog\/wp-content\/uploads\/sites\/17\/2018\/10\/ait.jpg","jetpack_sharing_enabled":true,"_links":{"self":[{"href":"https:\/\/www.istitutostudisindacali.net\/bibliotecablog\/wp-json\/wp\/v2\/posts\/665","targetHints":{"allow":["GET"]}}],"collection":[{"href":"https:\/\/www.istitutostudisindacali.net\/bibliotecablog\/wp-json\/wp\/v2\/posts"}],"about":[{"href":"https:\/\/www.istitutostudisindacali.net\/bibliotecablog\/wp-json\/wp\/v2\/types\/post"}],"author":[{"embeddable":true,"href":"https:\/\/www.istitutostudisindacali.net\/bibliotecablog\/wp-json\/wp\/v2\/users\/7"}],"replies":[{"embeddable":true,"href":"https:\/\/www.istitutostudisindacali.net\/bibliotecablog\/wp-json\/wp\/v2\/comments?post=665"}],"version-history":[{"count":1,"href":"https:\/\/www.istitutostudisindacali.net\/bibliotecablog\/wp-json\/wp\/v2\/posts\/665\/revisions"}],"predecessor-version":[{"id":4561,"href":"https:\/\/www.istitutostudisindacali.net\/bibliotecablog\/wp-json\/wp\/v2\/posts\/665\/revisions\/4561"}],"wp:featuredmedia":[{"embeddable":true,"href":"https:\/\/www.istitutostudisindacali.net\/bibliotecablog\/wp-json\/wp\/v2\/media\/672"}],"wp:attachment":[{"href":"https:\/\/www.istitutostudisindacali.net\/bibliotecablog\/wp-json\/wp\/v2\/media?parent=665"}],"wp:term":[{"taxonomy":"category","embeddable":true,"href":"https:\/\/www.istitutostudisindacali.net\/bibliotecablog\/wp-json\/wp\/v2\/categories?post=665"},{"taxonomy":"post_tag","embeddable":true,"href":"https:\/\/www.istitutostudisindacali.net\/bibliotecablog\/wp-json\/wp\/v2\/tags?post=665"}],"curies":[{"name":"wp","href":"https:\/\/api.w.org\/{rel}","templated":true}]}}