{"id":550,"date":"2018-09-21T09:07:20","date_gmt":"2018-09-21T07:07:20","guid":{"rendered":"https:\/\/bibliotecarturochiari.wordpress.com\/?p=550"},"modified":"2023-02-04T19:12:14","modified_gmt":"2023-02-04T18:12:14","slug":"medio-oriente-una-pace-amara-a-cura-di-olga-bisera","status":"publish","type":"post","link":"https:\/\/www.istitutostudisindacali.net\/bibliotecablog\/2018\/09\/21\/medio-oriente-una-pace-amara-a-cura-di-olga-bisera\/","title":{"rendered":"Medio Oriente &#8211; Una pace amara a cura di Olga Bisera"},"content":{"rendered":"<blockquote>\n<p style=\"text-align:center\"><strong><em>21 settembre 2018 si festeggia la <\/em><\/strong><\/p>\n<p style=\"text-align:center\"><strong><em>GIORNATA INTERNAZIONALE DELLA PACE\u00a0 \u00a0<\/em><\/strong><\/p>\n<p style=\"text-align:center\"><strong><em>\u201cIl giorno in cui il potere dell\u2019amore <\/em><\/strong><\/p>\n<p style=\"text-align:center\"><strong><em>superer\u00e0 l\u2019amore <\/em><\/strong><strong><em>per il potere<\/em><\/strong><\/p>\n<p style=\"text-align:center\"><strong><em> il mondo potr\u00e0 scoprire la pace\u201d <\/em><\/strong><\/p>\n<p style=\"text-align:center\"><strong><em>cit.\u00a0Mahatma Gandhi<\/em><\/strong><\/p>\n<\/blockquote>\n<p>&nbsp;<\/p>\n<p>&nbsp;<\/p>\n<p style=\"text-align:justify\">[&#8230;]Il Medio Oriente\u00a0<em>vis a vis<\/em> con l&#8217;Occidente. Talvolta mi sono trovata &#8220;proiettata&#8221; tra queste due culture. Nel momento in cui riscoprivo le mie radici, il &lt;&lt;background&gt;&gt; culturale originario si risvegliava in me, favorito dai ricordi della scuola religiosa che frequentavo da bambina. Oppure a qualche altro legato alla nonna materna, Sheherezada, che mi insegnava a recitare le\u00a0<em>surab<\/em>, le preghiere del Corano. Mi si riapriva una finestra che da tempo era chiusa. Un orizzonte lontano lontano, quasi dimenticato ma familiare, si delineava davanti alla mia visuale. Riuscivo, quindi, a comprendere, in uno sforzo di obiettivit\u00e0, le loro ragioni.<\/p>\n<p style=\"text-align:justify\">Le ragioni di entrambi: il perch\u00e9 dell&#8217;incomprensione, della diffidenza, dell&#8217;odio, del rancore e la difficolt\u00e0 di dialogo tra il mio mondo di provenienza e l&#8217;Occidente, nel quale vivo e sono partecipe. In quei m omenti desideravo favorire questo dialogo pi\u00f9 di quanto realisticamente potessi fare come giornalista. Ho cercato di individuare quel che in comune hanno queste due componenti della famiglia semita, senza privilegiare l&#8217;una o l&#8217;altra. Unirle, se possibile. E non approfondire ancor di pi\u00f9 le loro ferite. Non era facile. Considerando la loro passionalit\u00e0 mediorientale e il fervore, ai limiti del fanatismo, che anima le rispettive cause, si poteva capire che ciascuno desiderasse che io stessi dalla &lt;&lt;sua&gt;&gt; parte.\u00a0 \u00a0Dalla parte delle &lt;&lt;sue&gt;&gt; ragioni, In tal contesto, s\u00ec, ero corteggiata dai loro servizi segreti. Di entrambi. Naturalmente rifiutavo. E con grande difficolt\u00e0 e diplomazia, riuscivo a mantenere l&#8217;equilibrio dettatomi, oltre che dal mio credo e senso di giustizia, da un&#8217;obiettivit\u00e0 ed etica professionale e sopratutto umana. Come conseguenza di questo mio atteggiamento, taluni sono rimasti male.\u00a0 \u00a0Non hanno capito il mio sforzo d&#8217;imparzialit\u00e0, n\u00e9 l&#8217;hanno apprezzato.<\/p>\n<p style=\"text-align:justify\">Il problema, invece, del dialogo degli arabi con noi occidentali (m anche tra loro) sul tema della pace e della guerra, finisce per collocarsi in un contesto pi\u00f9 vasto di quello che \u00e8 il confronto politico e militare in relazione a queste realt\u00e0. Va visto, pertanto, con un ottica diversa. Tutto ci\u00f2 che si pu\u00f2 attribuire, ad esempio, a un Saddam Hussein in termini di follia, ingenuit\u00e0, mania di grandezza, cinismo e barbarie, non cancella l&#8217;insegnamento e l&#8217;ammonimento che \u00e8 venuto dalla Guerra del Golfo: il nuovo ordine mondiale non pu\u00f2 essere turbato da crescite incontrollate, o incontrollabili, di potenze militari ed economiche &lt;&lt;fuori quadro&gt;&gt;.\u00a0 \u00a0Una concentrazione di enormi risorse petrolifere (come sarebbero state quelle unite dell&#8217;Iraq e del Kuwait) avrebbe fatto saltare tutti gli equilibri attuali, e favorito quella scalata alla potenza militare, grazie anche al possesso dell&#8217;arma atomica, che (se pur nel caso dell&#8217;Iraq si \u00e8 rivelata un &lt;&lt;bluff&gt;&gt; ) tuttavia rappresenta una minaccia da non sottovalutare. &lt;&lt;Finch\u00e8 Saddam \u00e8 al potere&gt;&gt;,\u00a0 mi aveva detto Shamir, &lt;&lt; c&#8217;\u00e8 da temere il peggio. Non ci sentiamo sicuri.&gt;&gt; In termini pi\u00f9 generali, questa minaccia non \u00e8 tuttora completamente neutralizzata. Neanche con la firma di un primo accordo di pace tra gli israeliani ed i palestinesi. [&#8230;] pp.13<\/p>\n<p>&nbsp;<\/p>\n<p>Disponibile presso la Biblioteca Nazionale UIL Arturo Chiari<\/p>\n<p>&nbsp;<\/p>\n\n\t\t<style type=\"text\/css\">\n\t\t\t#gallery-1 {\n\t\t\t\tmargin: auto;\n\t\t\t}\n\t\t\t#gallery-1 .gallery-item {\n\t\t\t\tfloat: left;\n\t\t\t\tmargin-top: 10px;\n\t\t\t\ttext-align: center;\n\t\t\t\twidth: 33%;\n\t\t\t}\n\t\t\t#gallery-1 img {\n\t\t\t\tborder: 2px solid #cfcfcf;\n\t\t\t}\n\t\t\t#gallery-1 .gallery-caption {\n\t\t\t\tmargin-left: 0;\n\t\t\t}\n\t\t\t\/* see gallery_shortcode() in wp-includes\/media.php *\/\n\t\t<\/style>\n\t\t<div id='gallery-1' class='gallery galleryid-550 gallery-columns-3 gallery-size-thumbnail'><dl class='gallery-item'>\n\t\t\t<dt class='gallery-icon landscape'>\n\t\t\t\t<a href='https:\/\/www.istitutostudisindacali.net\/bibliotecablog\/download-1-2\/'><img loading=\"lazy\" decoding=\"async\" width=\"150\" height=\"150\" src=\"https:\/\/www.istitutostudisindacali.net\/bibliotecablog\/wp-content\/uploads\/sites\/17\/2018\/09\/download-11-150x150.jpg\" class=\"attachment-thumbnail size-thumbnail\" alt=\"\" \/><\/a>\n\t\t\t<\/dt><\/dl><dl class='gallery-item'>\n\t\t\t<dt class='gallery-icon portrait'>\n\t\t\t\t<a href='https:\/\/www.istitutostudisindacali.net\/bibliotecablog\/medio-oriente-una-pace-amara-2\/'><img loading=\"lazy\" decoding=\"async\" width=\"150\" height=\"150\" src=\"https:\/\/www.istitutostudisindacali.net\/bibliotecablog\/wp-content\/uploads\/sites\/17\/2018\/09\/medio-oriente-una-pace-amara1-150x150.jpg\" class=\"attachment-thumbnail size-thumbnail\" alt=\"\" srcset=\"https:\/\/www.istitutostudisindacali.net\/bibliotecablog\/wp-content\/uploads\/sites\/17\/2018\/09\/medio-oriente-una-pace-amara1-150x150.jpg 150w, https:\/\/www.istitutostudisindacali.net\/bibliotecablog\/wp-content\/uploads\/sites\/17\/2018\/09\/medio-oriente-una-pace-amara1-250x250.jpg 250w, https:\/\/www.istitutostudisindacali.net\/bibliotecablog\/wp-content\/uploads\/sites\/17\/2018\/09\/medio-oriente-una-pace-amara1-440x440.jpg 440w\" sizes=\"(max-width: 150px) 100vw, 150px\" \/><\/a>\n\t\t\t<\/dt><\/dl><dl class='gallery-item'>\n\t\t\t<dt class='gallery-icon landscape'>\n\t\t\t\t<a href='https:\/\/www.istitutostudisindacali.net\/bibliotecablog\/pace1-900x638-2\/'><img loading=\"lazy\" decoding=\"async\" width=\"150\" height=\"150\" src=\"https:\/\/www.istitutostudisindacali.net\/bibliotecablog\/wp-content\/uploads\/sites\/17\/2018\/09\/pace1-900x6381-1-150x150.jpg\" class=\"attachment-thumbnail size-thumbnail\" alt=\"\" srcset=\"https:\/\/www.istitutostudisindacali.net\/bibliotecablog\/wp-content\/uploads\/sites\/17\/2018\/09\/pace1-900x6381-1-150x150.jpg 150w, https:\/\/www.istitutostudisindacali.net\/bibliotecablog\/wp-content\/uploads\/sites\/17\/2018\/09\/pace1-900x6381-1-250x250.jpg 250w, https:\/\/www.istitutostudisindacali.net\/bibliotecablog\/wp-content\/uploads\/sites\/17\/2018\/09\/pace1-900x6381-1-440x440.jpg 440w\" sizes=\"(max-width: 150px) 100vw, 150px\" \/><\/a>\n\t\t\t<\/dt><\/dl><br style=\"clear: both\" \/>\n\t\t<\/div>\n\n<p>&nbsp;<\/p>\n","protected":false},"excerpt":{"rendered":"<p>Il presente volume raccoglie le interviste realizzate dall&#8217;Autrice e andate in onda su Tele Montecarlo con molti tra i maggiori e pi\u00f9 direttamente impegnati protagonisti dell&#8217;area politica mediorientale.<\/p>\n","protected":false},"author":7,"featured_media":551,"comment_status":"closed","ping_status":"closed","sticky":false,"template":"","format":"standard","meta":{"_et_pb_use_builder":"","_et_pb_old_content":"","_et_gb_content_width":"","ngg_post_thumbnail":0,"_jetpack_memberships_contains_paid_content":false,"footnotes":""},"categories":[172],"tags":[676,677,678,679],"class_list":["post-550","post","type-post","status-publish","format-standard","has-post-thumbnail","hentry","category-attualita","tag-culture","tag-gandhi","tag-medio-oriente","tag-pace","et-has-post-format-content","et_post_format-et-post-format-standard"],"yoast_head":"<!-- This site is optimized with the Yoast SEO plugin v27.4 - https:\/\/yoast.com\/product\/yoast-seo-wordpress\/ -->\n<title>Medio Oriente - Una pace amara a cura di Olga Bisera - Blog della Biblioteca<\/title>\n<meta name=\"robots\" content=\"index, follow, max-snippet:-1, max-image-preview:large, max-video-preview:-1\" \/>\n<link rel=\"canonical\" href=\"https:\/\/www.istitutostudisindacali.net\/bibliotecablog\/2018\/09\/21\/medio-oriente-una-pace-amara-a-cura-di-olga-bisera\/\" \/>\n<meta property=\"og:locale\" content=\"it_IT\" \/>\n<meta property=\"og:type\" content=\"article\" \/>\n<meta property=\"og:title\" content=\"Medio Oriente - Una pace amara a cura di Olga Bisera - Blog della Biblioteca\" \/>\n<meta property=\"og:description\" content=\"Il presente volume raccoglie le interviste realizzate dall&#039;Autrice e andate in onda su Tele Montecarlo con molti tra i maggiori e pi\u00f9 direttamente impegnati protagonisti dell&#039;area politica mediorientale.\" \/>\n<meta property=\"og:url\" content=\"https:\/\/www.istitutostudisindacali.net\/bibliotecablog\/2018\/09\/21\/medio-oriente-una-pace-amara-a-cura-di-olga-bisera\/\" \/>\n<meta property=\"og:site_name\" content=\"Blog della Biblioteca\" \/>\n<meta property=\"article:published_time\" content=\"2018-09-21T07:07:20+00:00\" \/>\n<meta property=\"article:modified_time\" content=\"2023-02-04T18:12:14+00:00\" \/>\n<meta property=\"og:image\" content=\"https:\/\/www.istitutostudisindacali.net\/bibliotecablog\/wp-content\/uploads\/sites\/17\/2018\/09\/download-1.jpg\" \/>\n\t<meta property=\"og:image:width\" content=\"310\" \/>\n\t<meta property=\"og:image:height\" content=\"163\" \/>\n\t<meta property=\"og:image:type\" content=\"image\/jpeg\" \/>\n<meta name=\"author\" content=\"Loredana Pietri\" \/>\n<meta name=\"twitter:card\" content=\"summary_large_image\" \/>\n<meta name=\"twitter:label1\" content=\"Scritto da\" \/>\n\t<meta name=\"twitter:data1\" content=\"Loredana Pietri\" \/>\n\t<meta name=\"twitter:label2\" content=\"Tempo di lettura stimato\" \/>\n\t<meta name=\"twitter:data2\" content=\"3 minuti\" \/>\n<script type=\"application\/ld+json\" class=\"yoast-schema-graph\">{\"@context\":\"https:\\\/\\\/schema.org\",\"@graph\":[{\"@type\":\"Article\",\"@id\":\"https:\\\/\\\/www.istitutostudisindacali.net\\\/bibliotecablog\\\/2018\\\/09\\\/21\\\/medio-oriente-una-pace-amara-a-cura-di-olga-bisera\\\/#article\",\"isPartOf\":{\"@id\":\"https:\\\/\\\/www.istitutostudisindacali.net\\\/bibliotecablog\\\/2018\\\/09\\\/21\\\/medio-oriente-una-pace-amara-a-cura-di-olga-bisera\\\/\"},\"author\":{\"name\":\"Loredana Pietri\",\"@id\":\"https:\\\/\\\/www.istitutostudisindacali.net\\\/bibliotecablog\\\/#\\\/schema\\\/person\\\/67df37a680cbbc103a59f61989c3f7e0\"},\"headline\":\"Medio Oriente &#8211; Una pace amara a cura di Olga Bisera\",\"datePublished\":\"2018-09-21T07:07:20+00:00\",\"dateModified\":\"2023-02-04T18:12:14+00:00\",\"mainEntityOfPage\":{\"@id\":\"https:\\\/\\\/www.istitutostudisindacali.net\\\/bibliotecablog\\\/2018\\\/09\\\/21\\\/medio-oriente-una-pace-amara-a-cura-di-olga-bisera\\\/\"},\"wordCount\":576,\"image\":{\"@id\":\"https:\\\/\\\/www.istitutostudisindacali.net\\\/bibliotecablog\\\/2018\\\/09\\\/21\\\/medio-oriente-una-pace-amara-a-cura-di-olga-bisera\\\/#primaryimage\"},\"thumbnailUrl\":\"https:\\\/\\\/www.istitutostudisindacali.net\\\/bibliotecablog\\\/wp-content\\\/uploads\\\/sites\\\/17\\\/2018\\\/09\\\/download-1.jpg\",\"keywords\":[\"culture\",\"Gandhi\",\"Medio Oriente\",\"Pace\"],\"articleSection\":[\"Attualit\u00e0\"],\"inLanguage\":\"it-IT\"},{\"@type\":\"WebPage\",\"@id\":\"https:\\\/\\\/www.istitutostudisindacali.net\\\/bibliotecablog\\\/2018\\\/09\\\/21\\\/medio-oriente-una-pace-amara-a-cura-di-olga-bisera\\\/\",\"url\":\"https:\\\/\\\/www.istitutostudisindacali.net\\\/bibliotecablog\\\/2018\\\/09\\\/21\\\/medio-oriente-una-pace-amara-a-cura-di-olga-bisera\\\/\",\"name\":\"Medio Oriente - Una pace amara a cura di Olga Bisera - Blog della Biblioteca\",\"isPartOf\":{\"@id\":\"https:\\\/\\\/www.istitutostudisindacali.net\\\/bibliotecablog\\\/#website\"},\"primaryImageOfPage\":{\"@id\":\"https:\\\/\\\/www.istitutostudisindacali.net\\\/bibliotecablog\\\/2018\\\/09\\\/21\\\/medio-oriente-una-pace-amara-a-cura-di-olga-bisera\\\/#primaryimage\"},\"image\":{\"@id\":\"https:\\\/\\\/www.istitutostudisindacali.net\\\/bibliotecablog\\\/2018\\\/09\\\/21\\\/medio-oriente-una-pace-amara-a-cura-di-olga-bisera\\\/#primaryimage\"},\"thumbnailUrl\":\"https:\\\/\\\/www.istitutostudisindacali.net\\\/bibliotecablog\\\/wp-content\\\/uploads\\\/sites\\\/17\\\/2018\\\/09\\\/download-1.jpg\",\"datePublished\":\"2018-09-21T07:07:20+00:00\",\"dateModified\":\"2023-02-04T18:12:14+00:00\",\"author\":{\"@id\":\"https:\\\/\\\/www.istitutostudisindacali.net\\\/bibliotecablog\\\/#\\\/schema\\\/person\\\/67df37a680cbbc103a59f61989c3f7e0\"},\"breadcrumb\":{\"@id\":\"https:\\\/\\\/www.istitutostudisindacali.net\\\/bibliotecablog\\\/2018\\\/09\\\/21\\\/medio-oriente-una-pace-amara-a-cura-di-olga-bisera\\\/#breadcrumb\"},\"inLanguage\":\"it-IT\",\"potentialAction\":[{\"@type\":\"ReadAction\",\"target\":[\"https:\\\/\\\/www.istitutostudisindacali.net\\\/bibliotecablog\\\/2018\\\/09\\\/21\\\/medio-oriente-una-pace-amara-a-cura-di-olga-bisera\\\/\"]}]},{\"@type\":\"ImageObject\",\"inLanguage\":\"it-IT\",\"@id\":\"https:\\\/\\\/www.istitutostudisindacali.net\\\/bibliotecablog\\\/2018\\\/09\\\/21\\\/medio-oriente-una-pace-amara-a-cura-di-olga-bisera\\\/#primaryimage\",\"url\":\"https:\\\/\\\/www.istitutostudisindacali.net\\\/bibliotecablog\\\/wp-content\\\/uploads\\\/sites\\\/17\\\/2018\\\/09\\\/download-1.jpg\",\"contentUrl\":\"https:\\\/\\\/www.istitutostudisindacali.net\\\/bibliotecablog\\\/wp-content\\\/uploads\\\/sites\\\/17\\\/2018\\\/09\\\/download-1.jpg\",\"width\":310,\"height\":163},{\"@type\":\"BreadcrumbList\",\"@id\":\"https:\\\/\\\/www.istitutostudisindacali.net\\\/bibliotecablog\\\/2018\\\/09\\\/21\\\/medio-oriente-una-pace-amara-a-cura-di-olga-bisera\\\/#breadcrumb\",\"itemListElement\":[{\"@type\":\"ListItem\",\"position\":1,\"name\":\"Home\",\"item\":\"https:\\\/\\\/www.istitutostudisindacali.net\\\/bibliotecablog\\\/\"},{\"@type\":\"ListItem\",\"position\":2,\"name\":\"Medio Oriente &#8211; Una pace amara a cura di Olga Bisera\"}]},{\"@type\":\"WebSite\",\"@id\":\"https:\\\/\\\/www.istitutostudisindacali.net\\\/bibliotecablog\\\/#website\",\"url\":\"https:\\\/\\\/www.istitutostudisindacali.net\\\/bibliotecablog\\\/\",\"name\":\"Blog della Biblioteca\",\"description\":\"Arturo Chiari\",\"potentialAction\":[{\"@type\":\"SearchAction\",\"target\":{\"@type\":\"EntryPoint\",\"urlTemplate\":\"https:\\\/\\\/www.istitutostudisindacali.net\\\/bibliotecablog\\\/?s={search_term_string}\"},\"query-input\":{\"@type\":\"PropertyValueSpecification\",\"valueRequired\":true,\"valueName\":\"search_term_string\"}}],\"inLanguage\":\"it-IT\"},{\"@type\":\"Person\",\"@id\":\"https:\\\/\\\/www.istitutostudisindacali.net\\\/bibliotecablog\\\/#\\\/schema\\\/person\\\/67df37a680cbbc103a59f61989c3f7e0\",\"name\":\"Loredana Pietri\",\"image\":{\"@type\":\"ImageObject\",\"inLanguage\":\"it-IT\",\"@id\":\"https:\\\/\\\/secure.gravatar.com\\\/avatar\\\/14e1950ca26d7443d95784cdcfad5cf200bbbc261d085cf9375e018dc286c835?s=96&d=mm&r=g\",\"url\":\"https:\\\/\\\/secure.gravatar.com\\\/avatar\\\/14e1950ca26d7443d95784cdcfad5cf200bbbc261d085cf9375e018dc286c835?s=96&d=mm&r=g\",\"contentUrl\":\"https:\\\/\\\/secure.gravatar.com\\\/avatar\\\/14e1950ca26d7443d95784cdcfad5cf200bbbc261d085cf9375e018dc286c835?s=96&d=mm&r=g\",\"caption\":\"Loredana Pietri\"},\"description\":\"Responsabile della Biblioteca si impegna nella sua conduzione per migliorarne i Servizi\",\"sameAs\":[\"https:\\\/\\\/www.istitutostudisindacali.net\\\/biblioteca\"],\"url\":\"https:\\\/\\\/www.istitutostudisindacali.net\\\/bibliotecablog\\\/author\\\/loredana-pietri\\\/\"}]}<\/script>\n<!-- \/ Yoast SEO plugin. -->","yoast_head_json":{"title":"Medio Oriente - Una pace amara a cura di Olga Bisera - Blog della Biblioteca","robots":{"index":"index","follow":"follow","max-snippet":"max-snippet:-1","max-image-preview":"max-image-preview:large","max-video-preview":"max-video-preview:-1"},"canonical":"https:\/\/www.istitutostudisindacali.net\/bibliotecablog\/2018\/09\/21\/medio-oriente-una-pace-amara-a-cura-di-olga-bisera\/","og_locale":"it_IT","og_type":"article","og_title":"Medio Oriente - Una pace amara a cura di Olga Bisera - Blog della Biblioteca","og_description":"Il presente volume raccoglie le interviste realizzate dall'Autrice e andate in onda su Tele Montecarlo con molti tra i maggiori e pi\u00f9 direttamente impegnati protagonisti dell'area politica mediorientale.","og_url":"https:\/\/www.istitutostudisindacali.net\/bibliotecablog\/2018\/09\/21\/medio-oriente-una-pace-amara-a-cura-di-olga-bisera\/","og_site_name":"Blog della Biblioteca","article_published_time":"2018-09-21T07:07:20+00:00","article_modified_time":"2023-02-04T18:12:14+00:00","og_image":[{"width":310,"height":163,"url":"https:\/\/www.istitutostudisindacali.net\/bibliotecablog\/wp-content\/uploads\/sites\/17\/2018\/09\/download-1.jpg","type":"image\/jpeg"}],"author":"Loredana Pietri","twitter_card":"summary_large_image","twitter_misc":{"Scritto da":"Loredana Pietri","Tempo di lettura stimato":"3 minuti"},"schema":{"@context":"https:\/\/schema.org","@graph":[{"@type":"Article","@id":"https:\/\/www.istitutostudisindacali.net\/bibliotecablog\/2018\/09\/21\/medio-oriente-una-pace-amara-a-cura-di-olga-bisera\/#article","isPartOf":{"@id":"https:\/\/www.istitutostudisindacali.net\/bibliotecablog\/2018\/09\/21\/medio-oriente-una-pace-amara-a-cura-di-olga-bisera\/"},"author":{"name":"Loredana Pietri","@id":"https:\/\/www.istitutostudisindacali.net\/bibliotecablog\/#\/schema\/person\/67df37a680cbbc103a59f61989c3f7e0"},"headline":"Medio Oriente &#8211; Una pace amara a cura di Olga Bisera","datePublished":"2018-09-21T07:07:20+00:00","dateModified":"2023-02-04T18:12:14+00:00","mainEntityOfPage":{"@id":"https:\/\/www.istitutostudisindacali.net\/bibliotecablog\/2018\/09\/21\/medio-oriente-una-pace-amara-a-cura-di-olga-bisera\/"},"wordCount":576,"image":{"@id":"https:\/\/www.istitutostudisindacali.net\/bibliotecablog\/2018\/09\/21\/medio-oriente-una-pace-amara-a-cura-di-olga-bisera\/#primaryimage"},"thumbnailUrl":"https:\/\/www.istitutostudisindacali.net\/bibliotecablog\/wp-content\/uploads\/sites\/17\/2018\/09\/download-1.jpg","keywords":["culture","Gandhi","Medio Oriente","Pace"],"articleSection":["Attualit\u00e0"],"inLanguage":"it-IT"},{"@type":"WebPage","@id":"https:\/\/www.istitutostudisindacali.net\/bibliotecablog\/2018\/09\/21\/medio-oriente-una-pace-amara-a-cura-di-olga-bisera\/","url":"https:\/\/www.istitutostudisindacali.net\/bibliotecablog\/2018\/09\/21\/medio-oriente-una-pace-amara-a-cura-di-olga-bisera\/","name":"Medio Oriente - Una pace amara a cura di Olga Bisera - Blog della Biblioteca","isPartOf":{"@id":"https:\/\/www.istitutostudisindacali.net\/bibliotecablog\/#website"},"primaryImageOfPage":{"@id":"https:\/\/www.istitutostudisindacali.net\/bibliotecablog\/2018\/09\/21\/medio-oriente-una-pace-amara-a-cura-di-olga-bisera\/#primaryimage"},"image":{"@id":"https:\/\/www.istitutostudisindacali.net\/bibliotecablog\/2018\/09\/21\/medio-oriente-una-pace-amara-a-cura-di-olga-bisera\/#primaryimage"},"thumbnailUrl":"https:\/\/www.istitutostudisindacali.net\/bibliotecablog\/wp-content\/uploads\/sites\/17\/2018\/09\/download-1.jpg","datePublished":"2018-09-21T07:07:20+00:00","dateModified":"2023-02-04T18:12:14+00:00","author":{"@id":"https:\/\/www.istitutostudisindacali.net\/bibliotecablog\/#\/schema\/person\/67df37a680cbbc103a59f61989c3f7e0"},"breadcrumb":{"@id":"https:\/\/www.istitutostudisindacali.net\/bibliotecablog\/2018\/09\/21\/medio-oriente-una-pace-amara-a-cura-di-olga-bisera\/#breadcrumb"},"inLanguage":"it-IT","potentialAction":[{"@type":"ReadAction","target":["https:\/\/www.istitutostudisindacali.net\/bibliotecablog\/2018\/09\/21\/medio-oriente-una-pace-amara-a-cura-di-olga-bisera\/"]}]},{"@type":"ImageObject","inLanguage":"it-IT","@id":"https:\/\/www.istitutostudisindacali.net\/bibliotecablog\/2018\/09\/21\/medio-oriente-una-pace-amara-a-cura-di-olga-bisera\/#primaryimage","url":"https:\/\/www.istitutostudisindacali.net\/bibliotecablog\/wp-content\/uploads\/sites\/17\/2018\/09\/download-1.jpg","contentUrl":"https:\/\/www.istitutostudisindacali.net\/bibliotecablog\/wp-content\/uploads\/sites\/17\/2018\/09\/download-1.jpg","width":310,"height":163},{"@type":"BreadcrumbList","@id":"https:\/\/www.istitutostudisindacali.net\/bibliotecablog\/2018\/09\/21\/medio-oriente-una-pace-amara-a-cura-di-olga-bisera\/#breadcrumb","itemListElement":[{"@type":"ListItem","position":1,"name":"Home","item":"https:\/\/www.istitutostudisindacali.net\/bibliotecablog\/"},{"@type":"ListItem","position":2,"name":"Medio Oriente &#8211; Una pace amara a cura di Olga Bisera"}]},{"@type":"WebSite","@id":"https:\/\/www.istitutostudisindacali.net\/bibliotecablog\/#website","url":"https:\/\/www.istitutostudisindacali.net\/bibliotecablog\/","name":"Blog della Biblioteca","description":"Arturo Chiari","potentialAction":[{"@type":"SearchAction","target":{"@type":"EntryPoint","urlTemplate":"https:\/\/www.istitutostudisindacali.net\/bibliotecablog\/?s={search_term_string}"},"query-input":{"@type":"PropertyValueSpecification","valueRequired":true,"valueName":"search_term_string"}}],"inLanguage":"it-IT"},{"@type":"Person","@id":"https:\/\/www.istitutostudisindacali.net\/bibliotecablog\/#\/schema\/person\/67df37a680cbbc103a59f61989c3f7e0","name":"Loredana Pietri","image":{"@type":"ImageObject","inLanguage":"it-IT","@id":"https:\/\/secure.gravatar.com\/avatar\/14e1950ca26d7443d95784cdcfad5cf200bbbc261d085cf9375e018dc286c835?s=96&d=mm&r=g","url":"https:\/\/secure.gravatar.com\/avatar\/14e1950ca26d7443d95784cdcfad5cf200bbbc261d085cf9375e018dc286c835?s=96&d=mm&r=g","contentUrl":"https:\/\/secure.gravatar.com\/avatar\/14e1950ca26d7443d95784cdcfad5cf200bbbc261d085cf9375e018dc286c835?s=96&d=mm&r=g","caption":"Loredana Pietri"},"description":"Responsabile della Biblioteca si impegna nella sua conduzione per migliorarne i Servizi","sameAs":["https:\/\/www.istitutostudisindacali.net\/biblioteca"],"url":"https:\/\/www.istitutostudisindacali.net\/bibliotecablog\/author\/loredana-pietri\/"}]}},"jetpack_featured_media_url":"https:\/\/www.istitutostudisindacali.net\/bibliotecablog\/wp-content\/uploads\/sites\/17\/2018\/09\/download-1.jpg","jetpack_sharing_enabled":true,"_links":{"self":[{"href":"https:\/\/www.istitutostudisindacali.net\/bibliotecablog\/wp-json\/wp\/v2\/posts\/550","targetHints":{"allow":["GET"]}}],"collection":[{"href":"https:\/\/www.istitutostudisindacali.net\/bibliotecablog\/wp-json\/wp\/v2\/posts"}],"about":[{"href":"https:\/\/www.istitutostudisindacali.net\/bibliotecablog\/wp-json\/wp\/v2\/types\/post"}],"author":[{"embeddable":true,"href":"https:\/\/www.istitutostudisindacali.net\/bibliotecablog\/wp-json\/wp\/v2\/users\/7"}],"replies":[{"embeddable":true,"href":"https:\/\/www.istitutostudisindacali.net\/bibliotecablog\/wp-json\/wp\/v2\/comments?post=550"}],"version-history":[{"count":1,"href":"https:\/\/www.istitutostudisindacali.net\/bibliotecablog\/wp-json\/wp\/v2\/posts\/550\/revisions"}],"predecessor-version":[{"id":4574,"href":"https:\/\/www.istitutostudisindacali.net\/bibliotecablog\/wp-json\/wp\/v2\/posts\/550\/revisions\/4574"}],"wp:featuredmedia":[{"embeddable":true,"href":"https:\/\/www.istitutostudisindacali.net\/bibliotecablog\/wp-json\/wp\/v2\/media\/551"}],"wp:attachment":[{"href":"https:\/\/www.istitutostudisindacali.net\/bibliotecablog\/wp-json\/wp\/v2\/media?parent=550"}],"wp:term":[{"taxonomy":"category","embeddable":true,"href":"https:\/\/www.istitutostudisindacali.net\/bibliotecablog\/wp-json\/wp\/v2\/categories?post=550"},{"taxonomy":"post_tag","embeddable":true,"href":"https:\/\/www.istitutostudisindacali.net\/bibliotecablog\/wp-json\/wp\/v2\/tags?post=550"}],"curies":[{"name":"wp","href":"https:\/\/api.w.org\/{rel}","templated":true}]}}