{"id":3879,"date":"1956-03-24T09:17:49","date_gmt":"1956-03-24T08:17:49","guid":{"rendered":"https:\/\/www.istitutostudisindacali.net\/biblioteca\/?p=3879"},"modified":"2023-02-04T19:13:18","modified_gmt":"2023-02-04T18:13:18","slug":"accadde-oggi-24-marzo-1956-elezioni-c-i-fiat","status":"publish","type":"post","link":"https:\/\/www.istitutostudisindacali.net\/bibliotecablog\/1956\/03\/24\/accadde-oggi-24-marzo-1956-elezioni-c-i-fiat\/","title":{"rendered":"ACCADDE OGGI &#8211; 24 Marzo 1956 &#8211; elezioni C.I. Fiat"},"content":{"rendered":"<p><strong>ACCADDE OGGI &#8211; 24 Marzo 1956 &#8211; elezioni C.I. Fiat<\/p>\n<p>600.000 lavoratori alle urne nel complesso della FIAT<br \/>\nDemocrazia e libert\u00e0 avanzano in UIL<\/strong><em><\/p>\n<p><img loading=\"lazy\" decoding=\"async\" src=\"https:\/\/www.istitutostudisindacali.net\/biblioteca\/wp-content\/uploads\/sites\/2\/1956\/03\/1952-Volantino-diffuso-in-occasione-di-una-delle-prime-votazioni-per-le-commissioni-interne-con-la-presenza-della-UIL-214x300.jpg\" alt=\"\" width=\"214\" height=\"300\" class=\"alignnone size-medium wp-image-3885\" srcset=\"https:\/\/www.istitutostudisindacali.net\/bibliotecablog\/wp-content\/uploads\/sites\/17\/1956\/03\/1952-Volantino-diffuso-in-occasione-di-una-delle-prime-votazioni-per-le-commissioni-interne-con-la-presenza-della-UIL-214x300.jpg 214w, https:\/\/www.istitutostudisindacali.net\/bibliotecablog\/wp-content\/uploads\/sites\/17\/1956\/03\/1952-Volantino-diffuso-in-occasione-di-una-delle-prime-votazioni-per-le-commissioni-interne-con-la-presenza-della-UIL-610x857.jpg 610w, https:\/\/www.istitutostudisindacali.net\/bibliotecablog\/wp-content\/uploads\/sites\/17\/1956\/03\/1952-Volantino-diffuso-in-occasione-di-una-delle-prime-votazioni-per-le-commissioni-interne-con-la-presenza-della-UIL.jpg 719w\" sizes=\"(max-width: 214px) 100vw, 214px\" \/><\/p>\n<p>I lavoratori della FIAT ancora una volta sono chiamati a votare per eleggere i loro rappresentanti nella Commissione Interna delle fabbriche che formano il maggiore complesso industriale d&#8217;Italia.<\/p>\n<p>Le elezioni dell&#8217;anno scorso, richiamarono l&#8217;attenzione della Nazione degli ambienti sindacali internazionali, perch\u00e8 costituirono il fatto pi\u00f9 clamoroso della crisi comunista nelle fabbriche italiane.<\/p>\n<p><img loading=\"lazy\" decoding=\"async\" src=\"https:\/\/www.istitutostudisindacali.net\/biblioteca\/wp-content\/uploads\/sites\/2\/2022\/03\/commissioni-interne-manifesti-226x300.jpg\" alt=\"\" width=\"226\" height=\"300\" class=\"alignnone size-medium wp-image-3881\" srcset=\"https:\/\/www.istitutostudisindacali.net\/bibliotecablog\/wp-content\/uploads\/sites\/17\/2022\/03\/commissioni-interne-manifesti-226x300.jpg 226w, https:\/\/www.istitutostudisindacali.net\/bibliotecablog\/wp-content\/uploads\/sites\/17\/2022\/03\/commissioni-interne-manifesti.jpg 451w\" sizes=\"(max-width: 226px) 100vw, 226px\" \/><\/p>\n<p>Pi\u00f9 clamoroso, oltre che per i risultati numerici, perch\u00e8 esso si determin\u00f2 a Torino, citt\u00e0 ritenuta giustamente culla del sindacalismo italiano e dove le masse operaie godono la pi\u00f9 alta stima per le loro capacit\u00e0 tecniche e per il loro alto senso di maturit\u00e0 sociale e sindacale.<\/p>\n<p>Le elezioni della FIAT del 1955 costituirono insomma la svolta decisiva del sindacalismo italiano: da allora la valanga di voti alle Organizzazioni democratiche non ha rallentato il ritmo, anzii primi mesi del 1956 fanno sempre pi\u00f9 ingrossare e precedere sicura la nostra organizzazione.<\/p>\n","protected":false},"excerpt":{"rendered":"<p>ACCADDE OGGI &#8211; 24 Marzo 1956 &#8211; elezioni C.I. Fiat 600.000 lavoratori alle urne nel complesso della FIAT Democrazia e libert\u00e0 avanzano in UIL I lavoratori della FIAT ancora una volta sono chiamati a votare per eleggere i loro rappresentanti nella Commissione Interna delle fabbriche che formano il maggiore complesso industriale d&#8217;Italia. Le elezioni dell&#8217;anno [&hellip;]<\/p>\n","protected":false},"author":7,"featured_media":3882,"comment_status":"open","ping_status":"open","sticky":false,"template":"","format":"standard","meta":{"_et_pb_use_builder":"","_et_pb_old_content":"","_et_gb_content_width":"","ngg_post_thumbnail":0,"_jetpack_memberships_contains_paid_content":false,"footnotes":""},"categories":[4,117,155],"tags":[311,312,313,7,72,314,37],"class_list":["post-3879","post","type-post","status-publish","format-standard","has-post-thumbnail","hentry","category-accadde-oggi","category-industria","category-metalmeccanici","tag-24-marzo-1956","tag-c-i","tag-commissioni-interne","tag-evidenza","tag-fiat","tag-tesseramento","tag-uil","et-has-post-format-content","et_post_format-et-post-format-standard"],"yoast_head":"<!-- This site is optimized with the Yoast SEO plugin v27.4 - https:\/\/yoast.com\/product\/yoast-seo-wordpress\/ -->\n<title>ACCADDE OGGI - 24 Marzo 1956 - elezioni C.I. Fiat - Blog della Biblioteca<\/title>\n<meta name=\"robots\" content=\"index, follow, max-snippet:-1, max-image-preview:large, max-video-preview:-1\" \/>\n<link rel=\"canonical\" href=\"https:\/\/www.istitutostudisindacali.net\/bibliotecablog\/1956\/03\/24\/accadde-oggi-24-marzo-1956-elezioni-c-i-fiat\/\" \/>\n<meta property=\"og:locale\" content=\"it_IT\" \/>\n<meta property=\"og:type\" content=\"article\" \/>\n<meta property=\"og:title\" content=\"ACCADDE OGGI - 24 Marzo 1956 - elezioni C.I. Fiat - Blog della Biblioteca\" \/>\n<meta property=\"og:description\" content=\"ACCADDE OGGI &#8211; 24 Marzo 1956 &#8211; elezioni C.I. Fiat 600.000 lavoratori alle urne nel complesso della FIAT Democrazia e libert\u00e0 avanzano in UIL I lavoratori della FIAT ancora una volta sono chiamati a votare per eleggere i loro rappresentanti nella Commissione Interna delle fabbriche che formano il maggiore complesso industriale d&#8217;Italia. Le elezioni dell&#8217;anno [&hellip;]\" \/>\n<meta property=\"og:url\" content=\"https:\/\/www.istitutostudisindacali.net\/bibliotecablog\/1956\/03\/24\/accadde-oggi-24-marzo-1956-elezioni-c-i-fiat\/\" \/>\n<meta property=\"og:site_name\" content=\"Blog della Biblioteca\" \/>\n<meta property=\"article:published_time\" content=\"1956-03-24T08:17:49+00:00\" \/>\n<meta property=\"article:modified_time\" content=\"2023-02-04T18:13:18+00:00\" \/>\n<meta property=\"og:image\" content=\"https:\/\/www.istitutostudisindacali.net\/bibliotecablog\/wp-content\/uploads\/sites\/17\/2022\/03\/24-marzo-1956.jpg\" \/>\n\t<meta property=\"og:image:width\" content=\"1640\" \/>\n\t<meta property=\"og:image:height\" content=\"924\" \/>\n\t<meta property=\"og:image:type\" content=\"image\/jpeg\" \/>\n<meta name=\"author\" content=\"Loredana Pietri\" \/>\n<meta name=\"twitter:card\" content=\"summary_large_image\" \/>\n<meta name=\"twitter:label1\" content=\"Scritto da\" \/>\n\t<meta name=\"twitter:data1\" content=\"Loredana Pietri\" \/>\n\t<meta name=\"twitter:label2\" content=\"Tempo di lettura stimato\" \/>\n\t<meta name=\"twitter:data2\" content=\"1 minuto\" \/>\n<script type=\"application\/ld+json\" class=\"yoast-schema-graph\">{\"@context\":\"https:\\\/\\\/schema.org\",\"@graph\":[{\"@type\":\"Article\",\"@id\":\"https:\\\/\\\/www.istitutostudisindacali.net\\\/bibliotecablog\\\/1956\\\/03\\\/24\\\/accadde-oggi-24-marzo-1956-elezioni-c-i-fiat\\\/#article\",\"isPartOf\":{\"@id\":\"https:\\\/\\\/www.istitutostudisindacali.net\\\/bibliotecablog\\\/1956\\\/03\\\/24\\\/accadde-oggi-24-marzo-1956-elezioni-c-i-fiat\\\/\"},\"author\":{\"name\":\"Loredana Pietri\",\"@id\":\"https:\\\/\\\/www.istitutostudisindacali.net\\\/bibliotecablog\\\/#\\\/schema\\\/person\\\/67df37a680cbbc103a59f61989c3f7e0\"},\"headline\":\"ACCADDE OGGI &#8211; 24 Marzo 1956 &#8211; elezioni C.I. Fiat\",\"datePublished\":\"1956-03-24T08:17:49+00:00\",\"dateModified\":\"2023-02-04T18:13:18+00:00\",\"mainEntityOfPage\":{\"@id\":\"https:\\\/\\\/www.istitutostudisindacali.net\\\/bibliotecablog\\\/1956\\\/03\\\/24\\\/accadde-oggi-24-marzo-1956-elezioni-c-i-fiat\\\/\"},\"wordCount\":174,\"commentCount\":0,\"image\":{\"@id\":\"https:\\\/\\\/www.istitutostudisindacali.net\\\/bibliotecablog\\\/1956\\\/03\\\/24\\\/accadde-oggi-24-marzo-1956-elezioni-c-i-fiat\\\/#primaryimage\"},\"thumbnailUrl\":\"https:\\\/\\\/www.istitutostudisindacali.net\\\/bibliotecablog\\\/wp-content\\\/uploads\\\/sites\\\/17\\\/2022\\\/03\\\/24-marzo-1956.jpg\",\"keywords\":[\"24 marzo 1956\",\"C.I.\",\"Commissioni interne\",\"evidenza\",\"Fiat\",\"Tesseramento\",\"UIL\"],\"articleSection\":[\"Accadde Oggi\",\"Industria\",\"Metalmeccanici\"],\"inLanguage\":\"it-IT\",\"potentialAction\":[{\"@type\":\"CommentAction\",\"name\":\"Comment\",\"target\":[\"https:\\\/\\\/www.istitutostudisindacali.net\\\/bibliotecablog\\\/1956\\\/03\\\/24\\\/accadde-oggi-24-marzo-1956-elezioni-c-i-fiat\\\/#respond\"]}]},{\"@type\":\"WebPage\",\"@id\":\"https:\\\/\\\/www.istitutostudisindacali.net\\\/bibliotecablog\\\/1956\\\/03\\\/24\\\/accadde-oggi-24-marzo-1956-elezioni-c-i-fiat\\\/\",\"url\":\"https:\\\/\\\/www.istitutostudisindacali.net\\\/bibliotecablog\\\/1956\\\/03\\\/24\\\/accadde-oggi-24-marzo-1956-elezioni-c-i-fiat\\\/\",\"name\":\"ACCADDE OGGI - 24 Marzo 1956 - elezioni C.I. Fiat - Blog della Biblioteca\",\"isPartOf\":{\"@id\":\"https:\\\/\\\/www.istitutostudisindacali.net\\\/bibliotecablog\\\/#website\"},\"primaryImageOfPage\":{\"@id\":\"https:\\\/\\\/www.istitutostudisindacali.net\\\/bibliotecablog\\\/1956\\\/03\\\/24\\\/accadde-oggi-24-marzo-1956-elezioni-c-i-fiat\\\/#primaryimage\"},\"image\":{\"@id\":\"https:\\\/\\\/www.istitutostudisindacali.net\\\/bibliotecablog\\\/1956\\\/03\\\/24\\\/accadde-oggi-24-marzo-1956-elezioni-c-i-fiat\\\/#primaryimage\"},\"thumbnailUrl\":\"https:\\\/\\\/www.istitutostudisindacali.net\\\/bibliotecablog\\\/wp-content\\\/uploads\\\/sites\\\/17\\\/2022\\\/03\\\/24-marzo-1956.jpg\",\"datePublished\":\"1956-03-24T08:17:49+00:00\",\"dateModified\":\"2023-02-04T18:13:18+00:00\",\"author\":{\"@id\":\"https:\\\/\\\/www.istitutostudisindacali.net\\\/bibliotecablog\\\/#\\\/schema\\\/person\\\/67df37a680cbbc103a59f61989c3f7e0\"},\"breadcrumb\":{\"@id\":\"https:\\\/\\\/www.istitutostudisindacali.net\\\/bibliotecablog\\\/1956\\\/03\\\/24\\\/accadde-oggi-24-marzo-1956-elezioni-c-i-fiat\\\/#breadcrumb\"},\"inLanguage\":\"it-IT\",\"potentialAction\":[{\"@type\":\"ReadAction\",\"target\":[\"https:\\\/\\\/www.istitutostudisindacali.net\\\/bibliotecablog\\\/1956\\\/03\\\/24\\\/accadde-oggi-24-marzo-1956-elezioni-c-i-fiat\\\/\"]}]},{\"@type\":\"ImageObject\",\"inLanguage\":\"it-IT\",\"@id\":\"https:\\\/\\\/www.istitutostudisindacali.net\\\/bibliotecablog\\\/1956\\\/03\\\/24\\\/accadde-oggi-24-marzo-1956-elezioni-c-i-fiat\\\/#primaryimage\",\"url\":\"https:\\\/\\\/www.istitutostudisindacali.net\\\/bibliotecablog\\\/wp-content\\\/uploads\\\/sites\\\/17\\\/2022\\\/03\\\/24-marzo-1956.jpg\",\"contentUrl\":\"https:\\\/\\\/www.istitutostudisindacali.net\\\/bibliotecablog\\\/wp-content\\\/uploads\\\/sites\\\/17\\\/2022\\\/03\\\/24-marzo-1956.jpg\",\"width\":1640,\"height\":924},{\"@type\":\"BreadcrumbList\",\"@id\":\"https:\\\/\\\/www.istitutostudisindacali.net\\\/bibliotecablog\\\/1956\\\/03\\\/24\\\/accadde-oggi-24-marzo-1956-elezioni-c-i-fiat\\\/#breadcrumb\",\"itemListElement\":[{\"@type\":\"ListItem\",\"position\":1,\"name\":\"Home\",\"item\":\"https:\\\/\\\/www.istitutostudisindacali.net\\\/bibliotecablog\\\/\"},{\"@type\":\"ListItem\",\"position\":2,\"name\":\"ACCADDE OGGI &#8211; 24 Marzo 1956 &#8211; elezioni C.I. Fiat\"}]},{\"@type\":\"WebSite\",\"@id\":\"https:\\\/\\\/www.istitutostudisindacali.net\\\/bibliotecablog\\\/#website\",\"url\":\"https:\\\/\\\/www.istitutostudisindacali.net\\\/bibliotecablog\\\/\",\"name\":\"Blog della Biblioteca\",\"description\":\"Arturo Chiari\",\"potentialAction\":[{\"@type\":\"SearchAction\",\"target\":{\"@type\":\"EntryPoint\",\"urlTemplate\":\"https:\\\/\\\/www.istitutostudisindacali.net\\\/bibliotecablog\\\/?s={search_term_string}\"},\"query-input\":{\"@type\":\"PropertyValueSpecification\",\"valueRequired\":true,\"valueName\":\"search_term_string\"}}],\"inLanguage\":\"it-IT\"},{\"@type\":\"Person\",\"@id\":\"https:\\\/\\\/www.istitutostudisindacali.net\\\/bibliotecablog\\\/#\\\/schema\\\/person\\\/67df37a680cbbc103a59f61989c3f7e0\",\"name\":\"Loredana Pietri\",\"image\":{\"@type\":\"ImageObject\",\"inLanguage\":\"it-IT\",\"@id\":\"https:\\\/\\\/secure.gravatar.com\\\/avatar\\\/14e1950ca26d7443d95784cdcfad5cf200bbbc261d085cf9375e018dc286c835?s=96&d=mm&r=g\",\"url\":\"https:\\\/\\\/secure.gravatar.com\\\/avatar\\\/14e1950ca26d7443d95784cdcfad5cf200bbbc261d085cf9375e018dc286c835?s=96&d=mm&r=g\",\"contentUrl\":\"https:\\\/\\\/secure.gravatar.com\\\/avatar\\\/14e1950ca26d7443d95784cdcfad5cf200bbbc261d085cf9375e018dc286c835?s=96&d=mm&r=g\",\"caption\":\"Loredana Pietri\"},\"description\":\"Responsabile della Biblioteca si impegna nella sua conduzione per migliorarne i Servizi\",\"sameAs\":[\"https:\\\/\\\/www.istitutostudisindacali.net\\\/biblioteca\"],\"url\":\"https:\\\/\\\/www.istitutostudisindacali.net\\\/bibliotecablog\\\/author\\\/loredana-pietri\\\/\"}]}<\/script>\n<!-- \/ Yoast SEO plugin. -->","yoast_head_json":{"title":"ACCADDE OGGI - 24 Marzo 1956 - elezioni C.I. Fiat - Blog della Biblioteca","robots":{"index":"index","follow":"follow","max-snippet":"max-snippet:-1","max-image-preview":"max-image-preview:large","max-video-preview":"max-video-preview:-1"},"canonical":"https:\/\/www.istitutostudisindacali.net\/bibliotecablog\/1956\/03\/24\/accadde-oggi-24-marzo-1956-elezioni-c-i-fiat\/","og_locale":"it_IT","og_type":"article","og_title":"ACCADDE OGGI - 24 Marzo 1956 - elezioni C.I. Fiat - Blog della Biblioteca","og_description":"ACCADDE OGGI &#8211; 24 Marzo 1956 &#8211; elezioni C.I. Fiat 600.000 lavoratori alle urne nel complesso della FIAT Democrazia e libert\u00e0 avanzano in UIL I lavoratori della FIAT ancora una volta sono chiamati a votare per eleggere i loro rappresentanti nella Commissione Interna delle fabbriche che formano il maggiore complesso industriale d&#8217;Italia. Le elezioni dell&#8217;anno [&hellip;]","og_url":"https:\/\/www.istitutostudisindacali.net\/bibliotecablog\/1956\/03\/24\/accadde-oggi-24-marzo-1956-elezioni-c-i-fiat\/","og_site_name":"Blog della Biblioteca","article_published_time":"1956-03-24T08:17:49+00:00","article_modified_time":"2023-02-04T18:13:18+00:00","og_image":[{"width":1640,"height":924,"url":"https:\/\/www.istitutostudisindacali.net\/bibliotecablog\/wp-content\/uploads\/sites\/17\/2022\/03\/24-marzo-1956.jpg","type":"image\/jpeg"}],"author":"Loredana Pietri","twitter_card":"summary_large_image","twitter_misc":{"Scritto da":"Loredana Pietri","Tempo di lettura stimato":"1 minuto"},"schema":{"@context":"https:\/\/schema.org","@graph":[{"@type":"Article","@id":"https:\/\/www.istitutostudisindacali.net\/bibliotecablog\/1956\/03\/24\/accadde-oggi-24-marzo-1956-elezioni-c-i-fiat\/#article","isPartOf":{"@id":"https:\/\/www.istitutostudisindacali.net\/bibliotecablog\/1956\/03\/24\/accadde-oggi-24-marzo-1956-elezioni-c-i-fiat\/"},"author":{"name":"Loredana Pietri","@id":"https:\/\/www.istitutostudisindacali.net\/bibliotecablog\/#\/schema\/person\/67df37a680cbbc103a59f61989c3f7e0"},"headline":"ACCADDE OGGI &#8211; 24 Marzo 1956 &#8211; elezioni C.I. Fiat","datePublished":"1956-03-24T08:17:49+00:00","dateModified":"2023-02-04T18:13:18+00:00","mainEntityOfPage":{"@id":"https:\/\/www.istitutostudisindacali.net\/bibliotecablog\/1956\/03\/24\/accadde-oggi-24-marzo-1956-elezioni-c-i-fiat\/"},"wordCount":174,"commentCount":0,"image":{"@id":"https:\/\/www.istitutostudisindacali.net\/bibliotecablog\/1956\/03\/24\/accadde-oggi-24-marzo-1956-elezioni-c-i-fiat\/#primaryimage"},"thumbnailUrl":"https:\/\/www.istitutostudisindacali.net\/bibliotecablog\/wp-content\/uploads\/sites\/17\/2022\/03\/24-marzo-1956.jpg","keywords":["24 marzo 1956","C.I.","Commissioni interne","evidenza","Fiat","Tesseramento","UIL"],"articleSection":["Accadde Oggi","Industria","Metalmeccanici"],"inLanguage":"it-IT","potentialAction":[{"@type":"CommentAction","name":"Comment","target":["https:\/\/www.istitutostudisindacali.net\/bibliotecablog\/1956\/03\/24\/accadde-oggi-24-marzo-1956-elezioni-c-i-fiat\/#respond"]}]},{"@type":"WebPage","@id":"https:\/\/www.istitutostudisindacali.net\/bibliotecablog\/1956\/03\/24\/accadde-oggi-24-marzo-1956-elezioni-c-i-fiat\/","url":"https:\/\/www.istitutostudisindacali.net\/bibliotecablog\/1956\/03\/24\/accadde-oggi-24-marzo-1956-elezioni-c-i-fiat\/","name":"ACCADDE OGGI - 24 Marzo 1956 - elezioni C.I. Fiat - Blog della Biblioteca","isPartOf":{"@id":"https:\/\/www.istitutostudisindacali.net\/bibliotecablog\/#website"},"primaryImageOfPage":{"@id":"https:\/\/www.istitutostudisindacali.net\/bibliotecablog\/1956\/03\/24\/accadde-oggi-24-marzo-1956-elezioni-c-i-fiat\/#primaryimage"},"image":{"@id":"https:\/\/www.istitutostudisindacali.net\/bibliotecablog\/1956\/03\/24\/accadde-oggi-24-marzo-1956-elezioni-c-i-fiat\/#primaryimage"},"thumbnailUrl":"https:\/\/www.istitutostudisindacali.net\/bibliotecablog\/wp-content\/uploads\/sites\/17\/2022\/03\/24-marzo-1956.jpg","datePublished":"1956-03-24T08:17:49+00:00","dateModified":"2023-02-04T18:13:18+00:00","author":{"@id":"https:\/\/www.istitutostudisindacali.net\/bibliotecablog\/#\/schema\/person\/67df37a680cbbc103a59f61989c3f7e0"},"breadcrumb":{"@id":"https:\/\/www.istitutostudisindacali.net\/bibliotecablog\/1956\/03\/24\/accadde-oggi-24-marzo-1956-elezioni-c-i-fiat\/#breadcrumb"},"inLanguage":"it-IT","potentialAction":[{"@type":"ReadAction","target":["https:\/\/www.istitutostudisindacali.net\/bibliotecablog\/1956\/03\/24\/accadde-oggi-24-marzo-1956-elezioni-c-i-fiat\/"]}]},{"@type":"ImageObject","inLanguage":"it-IT","@id":"https:\/\/www.istitutostudisindacali.net\/bibliotecablog\/1956\/03\/24\/accadde-oggi-24-marzo-1956-elezioni-c-i-fiat\/#primaryimage","url":"https:\/\/www.istitutostudisindacali.net\/bibliotecablog\/wp-content\/uploads\/sites\/17\/2022\/03\/24-marzo-1956.jpg","contentUrl":"https:\/\/www.istitutostudisindacali.net\/bibliotecablog\/wp-content\/uploads\/sites\/17\/2022\/03\/24-marzo-1956.jpg","width":1640,"height":924},{"@type":"BreadcrumbList","@id":"https:\/\/www.istitutostudisindacali.net\/bibliotecablog\/1956\/03\/24\/accadde-oggi-24-marzo-1956-elezioni-c-i-fiat\/#breadcrumb","itemListElement":[{"@type":"ListItem","position":1,"name":"Home","item":"https:\/\/www.istitutostudisindacali.net\/bibliotecablog\/"},{"@type":"ListItem","position":2,"name":"ACCADDE OGGI &#8211; 24 Marzo 1956 &#8211; elezioni C.I. Fiat"}]},{"@type":"WebSite","@id":"https:\/\/www.istitutostudisindacali.net\/bibliotecablog\/#website","url":"https:\/\/www.istitutostudisindacali.net\/bibliotecablog\/","name":"Blog della Biblioteca","description":"Arturo Chiari","potentialAction":[{"@type":"SearchAction","target":{"@type":"EntryPoint","urlTemplate":"https:\/\/www.istitutostudisindacali.net\/bibliotecablog\/?s={search_term_string}"},"query-input":{"@type":"PropertyValueSpecification","valueRequired":true,"valueName":"search_term_string"}}],"inLanguage":"it-IT"},{"@type":"Person","@id":"https:\/\/www.istitutostudisindacali.net\/bibliotecablog\/#\/schema\/person\/67df37a680cbbc103a59f61989c3f7e0","name":"Loredana Pietri","image":{"@type":"ImageObject","inLanguage":"it-IT","@id":"https:\/\/secure.gravatar.com\/avatar\/14e1950ca26d7443d95784cdcfad5cf200bbbc261d085cf9375e018dc286c835?s=96&d=mm&r=g","url":"https:\/\/secure.gravatar.com\/avatar\/14e1950ca26d7443d95784cdcfad5cf200bbbc261d085cf9375e018dc286c835?s=96&d=mm&r=g","contentUrl":"https:\/\/secure.gravatar.com\/avatar\/14e1950ca26d7443d95784cdcfad5cf200bbbc261d085cf9375e018dc286c835?s=96&d=mm&r=g","caption":"Loredana Pietri"},"description":"Responsabile della Biblioteca si impegna nella sua conduzione per migliorarne i Servizi","sameAs":["https:\/\/www.istitutostudisindacali.net\/biblioteca"],"url":"https:\/\/www.istitutostudisindacali.net\/bibliotecablog\/author\/loredana-pietri\/"}]}},"jetpack_featured_media_url":"https:\/\/www.istitutostudisindacali.net\/bibliotecablog\/wp-content\/uploads\/sites\/17\/2022\/03\/24-marzo-1956.jpg","jetpack_sharing_enabled":true,"_links":{"self":[{"href":"https:\/\/www.istitutostudisindacali.net\/bibliotecablog\/wp-json\/wp\/v2\/posts\/3879","targetHints":{"allow":["GET"]}}],"collection":[{"href":"https:\/\/www.istitutostudisindacali.net\/bibliotecablog\/wp-json\/wp\/v2\/posts"}],"about":[{"href":"https:\/\/www.istitutostudisindacali.net\/bibliotecablog\/wp-json\/wp\/v2\/types\/post"}],"author":[{"embeddable":true,"href":"https:\/\/www.istitutostudisindacali.net\/bibliotecablog\/wp-json\/wp\/v2\/users\/7"}],"replies":[{"embeddable":true,"href":"https:\/\/www.istitutostudisindacali.net\/bibliotecablog\/wp-json\/wp\/v2\/comments?post=3879"}],"version-history":[{"count":1,"href":"https:\/\/www.istitutostudisindacali.net\/bibliotecablog\/wp-json\/wp\/v2\/posts\/3879\/revisions"}],"predecessor-version":[{"id":4690,"href":"https:\/\/www.istitutostudisindacali.net\/bibliotecablog\/wp-json\/wp\/v2\/posts\/3879\/revisions\/4690"}],"wp:featuredmedia":[{"embeddable":true,"href":"https:\/\/www.istitutostudisindacali.net\/bibliotecablog\/wp-json\/wp\/v2\/media\/3882"}],"wp:attachment":[{"href":"https:\/\/www.istitutostudisindacali.net\/bibliotecablog\/wp-json\/wp\/v2\/media?parent=3879"}],"wp:term":[{"taxonomy":"category","embeddable":true,"href":"https:\/\/www.istitutostudisindacali.net\/bibliotecablog\/wp-json\/wp\/v2\/categories?post=3879"},{"taxonomy":"post_tag","embeddable":true,"href":"https:\/\/www.istitutostudisindacali.net\/bibliotecablog\/wp-json\/wp\/v2\/tags?post=3879"}],"curies":[{"name":"wp","href":"https:\/\/api.w.org\/{rel}","templated":true}]}}