{"id":376,"date":"2018-07-30T09:27:01","date_gmt":"2018-07-30T07:27:01","guid":{"rendered":"https:\/\/bibliotecarturochiari.wordpress.com\/?p=236"},"modified":"2023-02-04T19:12:23","modified_gmt":"2023-02-04T18:12:23","slug":"i-miei-ultimi-sessantanni-ovvero-i-ricordi-di-un-sindacalista-di-serie-b-di-renato-ferrari","status":"publish","type":"post","link":"https:\/\/www.istitutostudisindacali.net\/bibliotecablog\/2018\/07\/30\/i-miei-ultimi-sessantanni-ovvero-i-ricordi-di-un-sindacalista-di-serie-b-di-renato-ferrari\/","title":{"rendered":"I miei&#8230; ultimi sessant&#8217;anni &#8211; ovvero i ricordi di un sindacalista di &#8220;serie B&#8221; di Renato Ferrari"},"content":{"rendered":"<p>[&#8230;] Anche a Pavia eravamo impegnati nella &#8220;gestione&#8221; dell&#8217;autunno caldo.<\/p>\n<p>Con i colleghi Santo Fanelli (Segretario Generale Provinciale della CGIL) e Ugo Ferrero (Segretario Generale Provinciale della CISL) organizzammo, in occasione di uno sciopero generale, una grande manifestazione in Piazza della Vittoria a Pavia, che si concluse con i nostri discorsi. La piazza era stracolma, e, dicevano i pi\u00f9 anziani, non si registrava una cos\u00ec grande partecipazione di folla dai tempi del &#8220;famigerato ventennio&#8221;.<\/p>\n<p>E a proposito dei segretari generali del sindacato pavese (Fanelli-Ferrero-Ferrari) va evidenziato come tutti e tre avessimo la stessa iniziale del cognome per cui, pi\u00f9 ci chiamavano&#8221;<em><strong>i tre Effe<\/strong><\/em>&#8220;. Ma c&#8217;era anche qualche spiritoso che ci aveva soprannominato, parafrasando un proverbio pavese, &#8220;<em>fam-fred-fastidi<\/em>&#8220;.<\/p>\n<p>Devo ammettere per\u00f2 che noi tre effe avevamo qualche difficolt\u00e0 nella gestione del &#8220;post autunno caldo&#8221;.<\/p>\n<p>Infatti, se da una parte avevamo potuto registrare in provincia di Pavia un aumento del consenso dei cittadini nei confronti del sindacato, dovevamo fare i conti, cessato l&#8217;entusiasmo autunnale, col permanere di un notevole grado di disoccupazione (soprattutto in Lomellina e nell&#8217;alto Oltrep\u00f2) col sorgere di grandi problematiche sociali, come gli alti costi delle abitazioni (mi riferisco in particolare agli affitti) e dei trasporti (il pendolarismo \u00e8 sempre stata una caratteristica della provincia di Pavia).<\/p>\n<p>C&#8217;\u00e8 per\u00f2 un elemento di positivit\u00e0: nel sindacato si era realizzato, nei fatti, una unit\u00e0 d&#8217;azione fra CGIL CISL e UIL che era stata molto apprezzata dai lavoratori e, pi\u00f9 in generale, dai cittadini.<\/p>\n<p>In effetti in un momento storico in cui la societ\u00e0 italiana registrava una crisi degli interlocutori tradizionali (istituzioni pubbliche, partiti, enti locali, e cos\u00ec via) il sindacato era riuscito a riprendere i contatti con il cosiddetto &#8220;paese reale&#8221;. Ecco quindi che dovevamo interessarci dei problemi della sanit\u00e0, dei trasporti, della casa, delle tasse e quindi delle varie relative riforme.<\/p>\n<p>L&#8217;obiettivo che si voleva raggiungere era quello di far crescere il peso del sindacato tra i lavoratori e quindi il peso dei lavoratori nella societ\u00e0. Ricordo uno slogan di quel periodo post autunno caldo che diceva &#8220;sostituire una societ\u00e0 di pochi con una societ\u00e0 di tutti&#8221;.<\/p>\n<p>Erano stati fatti anche degli errori da parte del sindacato, certamente. Alcuni anni dopo io stesso, facendo un p\u00f2 di autocritica, riconoscevo, nel corso di un dibattito alla televisione locale, che forse sarebbe stato pi\u00f9 giusto, a proposito dello slogan sopracitato, lottare non per &#8220;una societ\u00e0 di tutti&#8221; ma per &#8220;una societ\u00e0 per tutti&#8221;.<\/p>\n<p>Comunque va ricordato che il sindacato italiano aveva occupato gli stessi spazi che, una classe politica pressoch\u00e9 inerte (basti pensare ai residui passivi che erano in costante crescita in quel periodo) e una classe imprenditoriale che operava all&#8217;insegna del puro e semplice profitto, non avevano saputo colmare.<\/p>\n<p>Certo anche il sindacato aveva fatto della demagogia e del pressapochismo.<\/p>\n<p>Aveva anche creato la consapevolezza che non era pi\u00f9 sufficiente &#8220;rivendicare&#8221; ma occorreva fare &#8220;proposte realizzabili&#8221;. La UIL era riuscita a capire presto la necessit\u00e0 del &#8220;coinvolgimento responsabile&#8221; dei lavoratori. Coinvolgimento che alcuni anni dopo si concretizzer\u00e0, sotto la segreteria di Benvenuto, col passaggio, nelle proprie linee politico-sindacali, &#8220;<strong><em>dall&#8217;antagonismo al protagonismo<\/em><\/strong>&#8220;.<\/p>\n<p>(pp.49\/50)<\/p>\n<p>Disponibile presso la <strong>Biblioteca Nazionale UIL Arturo Chiari<\/strong><\/p>\n","protected":false},"excerpt":{"rendered":"<p>I ricordi di un sindacalista <\/p>\n","protected":false},"author":7,"featured_media":377,"comment_status":"closed","ping_status":"closed","sticky":false,"template":"","format":"standard","meta":{"_et_pb_use_builder":"","_et_pb_old_content":"","_et_gb_content_width":"","ngg_post_thumbnail":0,"_jetpack_memberships_contains_paid_content":false,"footnotes":""},"categories":[12],"tags":[634,168,362,635,636,637,638,527,639,37],"class_list":["post-376","post","type-post","status-publish","format-standard","has-post-thumbnail","hentry","category-sindacato","tag-autunno-caldo","tag-cgil","tag-cisl","tag-giorgi-benvenuto","tag-pavia","tag-renato-ferarri","tag-santo-fanelli","tag-sindacato","tag-ugo-ferrero","tag-uil","et-has-post-format-content","et_post_format-et-post-format-standard"],"yoast_head":"<!-- This site is optimized with the Yoast SEO plugin v27.4 - https:\/\/yoast.com\/product\/yoast-seo-wordpress\/ -->\n<title>I miei... ultimi sessant&#039;anni - ovvero i ricordi di un sindacalista di &quot;serie B&quot; di Renato Ferrari - Blog della Biblioteca<\/title>\n<meta name=\"robots\" content=\"index, follow, max-snippet:-1, max-image-preview:large, max-video-preview:-1\" \/>\n<link rel=\"canonical\" href=\"https:\/\/www.istitutostudisindacali.net\/bibliotecablog\/2018\/07\/30\/i-miei-ultimi-sessantanni-ovvero-i-ricordi-di-un-sindacalista-di-serie-b-di-renato-ferrari\/\" \/>\n<meta property=\"og:locale\" content=\"it_IT\" \/>\n<meta property=\"og:type\" content=\"article\" \/>\n<meta property=\"og:title\" content=\"I miei... ultimi sessant&#039;anni - ovvero i ricordi di un sindacalista di &quot;serie B&quot; di Renato Ferrari - Blog della Biblioteca\" \/>\n<meta property=\"og:description\" content=\"I ricordi di un sindacalista\" \/>\n<meta property=\"og:url\" content=\"https:\/\/www.istitutostudisindacali.net\/bibliotecablog\/2018\/07\/30\/i-miei-ultimi-sessantanni-ovvero-i-ricordi-di-un-sindacalista-di-serie-b-di-renato-ferrari\/\" \/>\n<meta property=\"og:site_name\" content=\"Blog della Biblioteca\" \/>\n<meta property=\"article:published_time\" content=\"2018-07-30T07:27:01+00:00\" \/>\n<meta property=\"article:modified_time\" content=\"2023-02-04T18:12:23+00:00\" \/>\n<meta property=\"og:image\" content=\"https:\/\/www.istitutostudisindacali.net\/bibliotecablog\/wp-content\/uploads\/sites\/17\/2018\/07\/autunno-caldo-ferrari-renato.jpg\" \/>\n\t<meta property=\"og:image:width\" content=\"1369\" \/>\n\t<meta property=\"og:image:height\" content=\"1907\" \/>\n\t<meta property=\"og:image:type\" content=\"image\/jpeg\" \/>\n<meta name=\"author\" content=\"Loredana Pietri\" \/>\n<meta name=\"twitter:card\" content=\"summary_large_image\" \/>\n<meta name=\"twitter:label1\" content=\"Scritto da\" \/>\n\t<meta name=\"twitter:data1\" content=\"Loredana Pietri\" \/>\n\t<meta name=\"twitter:label2\" content=\"Tempo di lettura stimato\" \/>\n\t<meta name=\"twitter:data2\" content=\"3 minuti\" \/>\n<script type=\"application\/ld+json\" class=\"yoast-schema-graph\">{\"@context\":\"https:\\\/\\\/schema.org\",\"@graph\":[{\"@type\":\"Article\",\"@id\":\"https:\\\/\\\/www.istitutostudisindacali.net\\\/bibliotecablog\\\/2018\\\/07\\\/30\\\/i-miei-ultimi-sessantanni-ovvero-i-ricordi-di-un-sindacalista-di-serie-b-di-renato-ferrari\\\/#article\",\"isPartOf\":{\"@id\":\"https:\\\/\\\/www.istitutostudisindacali.net\\\/bibliotecablog\\\/2018\\\/07\\\/30\\\/i-miei-ultimi-sessantanni-ovvero-i-ricordi-di-un-sindacalista-di-serie-b-di-renato-ferrari\\\/\"},\"author\":{\"name\":\"Loredana Pietri\",\"@id\":\"https:\\\/\\\/www.istitutostudisindacali.net\\\/bibliotecablog\\\/#\\\/schema\\\/person\\\/67df37a680cbbc103a59f61989c3f7e0\"},\"headline\":\"I miei&#8230; ultimi sessant&#8217;anni &#8211; ovvero i ricordi di un sindacalista di &#8220;serie B&#8221; di Renato Ferrari\",\"datePublished\":\"2018-07-30T07:27:01+00:00\",\"dateModified\":\"2023-02-04T18:12:23+00:00\",\"mainEntityOfPage\":{\"@id\":\"https:\\\/\\\/www.istitutostudisindacali.net\\\/bibliotecablog\\\/2018\\\/07\\\/30\\\/i-miei-ultimi-sessantanni-ovvero-i-ricordi-di-un-sindacalista-di-serie-b-di-renato-ferrari\\\/\"},\"wordCount\":544,\"image\":{\"@id\":\"https:\\\/\\\/www.istitutostudisindacali.net\\\/bibliotecablog\\\/2018\\\/07\\\/30\\\/i-miei-ultimi-sessantanni-ovvero-i-ricordi-di-un-sindacalista-di-serie-b-di-renato-ferrari\\\/#primaryimage\"},\"thumbnailUrl\":\"https:\\\/\\\/www.istitutostudisindacali.net\\\/bibliotecablog\\\/wp-content\\\/uploads\\\/sites\\\/17\\\/2018\\\/07\\\/autunno-caldo-ferrari-renato.jpg\",\"keywords\":[\"autunno caldo\",\"CGIL\",\"CISL\",\"Giorgi Benvenuto\",\"Pavia\",\"Renato Ferarri\",\"Santo Fanelli\",\"Sindacato\",\"Ugo Ferrero\",\"UIL\"],\"articleSection\":[\"Sindacato\"],\"inLanguage\":\"it-IT\"},{\"@type\":\"WebPage\",\"@id\":\"https:\\\/\\\/www.istitutostudisindacali.net\\\/bibliotecablog\\\/2018\\\/07\\\/30\\\/i-miei-ultimi-sessantanni-ovvero-i-ricordi-di-un-sindacalista-di-serie-b-di-renato-ferrari\\\/\",\"url\":\"https:\\\/\\\/www.istitutostudisindacali.net\\\/bibliotecablog\\\/2018\\\/07\\\/30\\\/i-miei-ultimi-sessantanni-ovvero-i-ricordi-di-un-sindacalista-di-serie-b-di-renato-ferrari\\\/\",\"name\":\"I miei... ultimi sessant'anni - ovvero i ricordi di un sindacalista di \\\"serie B\\\" di Renato Ferrari - Blog della Biblioteca\",\"isPartOf\":{\"@id\":\"https:\\\/\\\/www.istitutostudisindacali.net\\\/bibliotecablog\\\/#website\"},\"primaryImageOfPage\":{\"@id\":\"https:\\\/\\\/www.istitutostudisindacali.net\\\/bibliotecablog\\\/2018\\\/07\\\/30\\\/i-miei-ultimi-sessantanni-ovvero-i-ricordi-di-un-sindacalista-di-serie-b-di-renato-ferrari\\\/#primaryimage\"},\"image\":{\"@id\":\"https:\\\/\\\/www.istitutostudisindacali.net\\\/bibliotecablog\\\/2018\\\/07\\\/30\\\/i-miei-ultimi-sessantanni-ovvero-i-ricordi-di-un-sindacalista-di-serie-b-di-renato-ferrari\\\/#primaryimage\"},\"thumbnailUrl\":\"https:\\\/\\\/www.istitutostudisindacali.net\\\/bibliotecablog\\\/wp-content\\\/uploads\\\/sites\\\/17\\\/2018\\\/07\\\/autunno-caldo-ferrari-renato.jpg\",\"datePublished\":\"2018-07-30T07:27:01+00:00\",\"dateModified\":\"2023-02-04T18:12:23+00:00\",\"author\":{\"@id\":\"https:\\\/\\\/www.istitutostudisindacali.net\\\/bibliotecablog\\\/#\\\/schema\\\/person\\\/67df37a680cbbc103a59f61989c3f7e0\"},\"breadcrumb\":{\"@id\":\"https:\\\/\\\/www.istitutostudisindacali.net\\\/bibliotecablog\\\/2018\\\/07\\\/30\\\/i-miei-ultimi-sessantanni-ovvero-i-ricordi-di-un-sindacalista-di-serie-b-di-renato-ferrari\\\/#breadcrumb\"},\"inLanguage\":\"it-IT\",\"potentialAction\":[{\"@type\":\"ReadAction\",\"target\":[\"https:\\\/\\\/www.istitutostudisindacali.net\\\/bibliotecablog\\\/2018\\\/07\\\/30\\\/i-miei-ultimi-sessantanni-ovvero-i-ricordi-di-un-sindacalista-di-serie-b-di-renato-ferrari\\\/\"]}]},{\"@type\":\"ImageObject\",\"inLanguage\":\"it-IT\",\"@id\":\"https:\\\/\\\/www.istitutostudisindacali.net\\\/bibliotecablog\\\/2018\\\/07\\\/30\\\/i-miei-ultimi-sessantanni-ovvero-i-ricordi-di-un-sindacalista-di-serie-b-di-renato-ferrari\\\/#primaryimage\",\"url\":\"https:\\\/\\\/www.istitutostudisindacali.net\\\/bibliotecablog\\\/wp-content\\\/uploads\\\/sites\\\/17\\\/2018\\\/07\\\/autunno-caldo-ferrari-renato.jpg\",\"contentUrl\":\"https:\\\/\\\/www.istitutostudisindacali.net\\\/bibliotecablog\\\/wp-content\\\/uploads\\\/sites\\\/17\\\/2018\\\/07\\\/autunno-caldo-ferrari-renato.jpg\",\"width\":1369,\"height\":1907},{\"@type\":\"BreadcrumbList\",\"@id\":\"https:\\\/\\\/www.istitutostudisindacali.net\\\/bibliotecablog\\\/2018\\\/07\\\/30\\\/i-miei-ultimi-sessantanni-ovvero-i-ricordi-di-un-sindacalista-di-serie-b-di-renato-ferrari\\\/#breadcrumb\",\"itemListElement\":[{\"@type\":\"ListItem\",\"position\":1,\"name\":\"Home\",\"item\":\"https:\\\/\\\/www.istitutostudisindacali.net\\\/bibliotecablog\\\/\"},{\"@type\":\"ListItem\",\"position\":2,\"name\":\"I miei&#8230; ultimi sessant&#8217;anni &#8211; ovvero i ricordi di un sindacalista di &#8220;serie B&#8221; di Renato Ferrari\"}]},{\"@type\":\"WebSite\",\"@id\":\"https:\\\/\\\/www.istitutostudisindacali.net\\\/bibliotecablog\\\/#website\",\"url\":\"https:\\\/\\\/www.istitutostudisindacali.net\\\/bibliotecablog\\\/\",\"name\":\"Blog della Biblioteca\",\"description\":\"Arturo Chiari\",\"potentialAction\":[{\"@type\":\"SearchAction\",\"target\":{\"@type\":\"EntryPoint\",\"urlTemplate\":\"https:\\\/\\\/www.istitutostudisindacali.net\\\/bibliotecablog\\\/?s={search_term_string}\"},\"query-input\":{\"@type\":\"PropertyValueSpecification\",\"valueRequired\":true,\"valueName\":\"search_term_string\"}}],\"inLanguage\":\"it-IT\"},{\"@type\":\"Person\",\"@id\":\"https:\\\/\\\/www.istitutostudisindacali.net\\\/bibliotecablog\\\/#\\\/schema\\\/person\\\/67df37a680cbbc103a59f61989c3f7e0\",\"name\":\"Loredana Pietri\",\"image\":{\"@type\":\"ImageObject\",\"inLanguage\":\"it-IT\",\"@id\":\"https:\\\/\\\/secure.gravatar.com\\\/avatar\\\/14e1950ca26d7443d95784cdcfad5cf200bbbc261d085cf9375e018dc286c835?s=96&d=mm&r=g\",\"url\":\"https:\\\/\\\/secure.gravatar.com\\\/avatar\\\/14e1950ca26d7443d95784cdcfad5cf200bbbc261d085cf9375e018dc286c835?s=96&d=mm&r=g\",\"contentUrl\":\"https:\\\/\\\/secure.gravatar.com\\\/avatar\\\/14e1950ca26d7443d95784cdcfad5cf200bbbc261d085cf9375e018dc286c835?s=96&d=mm&r=g\",\"caption\":\"Loredana Pietri\"},\"description\":\"Responsabile della Biblioteca si impegna nella sua conduzione per migliorarne i Servizi\",\"sameAs\":[\"https:\\\/\\\/www.istitutostudisindacali.net\\\/biblioteca\"],\"url\":\"https:\\\/\\\/www.istitutostudisindacali.net\\\/bibliotecablog\\\/author\\\/loredana-pietri\\\/\"}]}<\/script>\n<!-- \/ Yoast SEO plugin. -->","yoast_head_json":{"title":"I miei... ultimi sessant'anni - ovvero i ricordi di un sindacalista di \"serie B\" di Renato Ferrari - Blog della Biblioteca","robots":{"index":"index","follow":"follow","max-snippet":"max-snippet:-1","max-image-preview":"max-image-preview:large","max-video-preview":"max-video-preview:-1"},"canonical":"https:\/\/www.istitutostudisindacali.net\/bibliotecablog\/2018\/07\/30\/i-miei-ultimi-sessantanni-ovvero-i-ricordi-di-un-sindacalista-di-serie-b-di-renato-ferrari\/","og_locale":"it_IT","og_type":"article","og_title":"I miei... ultimi sessant'anni - ovvero i ricordi di un sindacalista di \"serie B\" di Renato Ferrari - Blog della Biblioteca","og_description":"I ricordi di un sindacalista","og_url":"https:\/\/www.istitutostudisindacali.net\/bibliotecablog\/2018\/07\/30\/i-miei-ultimi-sessantanni-ovvero-i-ricordi-di-un-sindacalista-di-serie-b-di-renato-ferrari\/","og_site_name":"Blog della Biblioteca","article_published_time":"2018-07-30T07:27:01+00:00","article_modified_time":"2023-02-04T18:12:23+00:00","og_image":[{"width":1369,"height":1907,"url":"https:\/\/www.istitutostudisindacali.net\/bibliotecablog\/wp-content\/uploads\/sites\/17\/2018\/07\/autunno-caldo-ferrari-renato.jpg","type":"image\/jpeg"}],"author":"Loredana Pietri","twitter_card":"summary_large_image","twitter_misc":{"Scritto da":"Loredana Pietri","Tempo di lettura stimato":"3 minuti"},"schema":{"@context":"https:\/\/schema.org","@graph":[{"@type":"Article","@id":"https:\/\/www.istitutostudisindacali.net\/bibliotecablog\/2018\/07\/30\/i-miei-ultimi-sessantanni-ovvero-i-ricordi-di-un-sindacalista-di-serie-b-di-renato-ferrari\/#article","isPartOf":{"@id":"https:\/\/www.istitutostudisindacali.net\/bibliotecablog\/2018\/07\/30\/i-miei-ultimi-sessantanni-ovvero-i-ricordi-di-un-sindacalista-di-serie-b-di-renato-ferrari\/"},"author":{"name":"Loredana Pietri","@id":"https:\/\/www.istitutostudisindacali.net\/bibliotecablog\/#\/schema\/person\/67df37a680cbbc103a59f61989c3f7e0"},"headline":"I miei&#8230; ultimi sessant&#8217;anni &#8211; ovvero i ricordi di un sindacalista di &#8220;serie B&#8221; di Renato Ferrari","datePublished":"2018-07-30T07:27:01+00:00","dateModified":"2023-02-04T18:12:23+00:00","mainEntityOfPage":{"@id":"https:\/\/www.istitutostudisindacali.net\/bibliotecablog\/2018\/07\/30\/i-miei-ultimi-sessantanni-ovvero-i-ricordi-di-un-sindacalista-di-serie-b-di-renato-ferrari\/"},"wordCount":544,"image":{"@id":"https:\/\/www.istitutostudisindacali.net\/bibliotecablog\/2018\/07\/30\/i-miei-ultimi-sessantanni-ovvero-i-ricordi-di-un-sindacalista-di-serie-b-di-renato-ferrari\/#primaryimage"},"thumbnailUrl":"https:\/\/www.istitutostudisindacali.net\/bibliotecablog\/wp-content\/uploads\/sites\/17\/2018\/07\/autunno-caldo-ferrari-renato.jpg","keywords":["autunno caldo","CGIL","CISL","Giorgi Benvenuto","Pavia","Renato Ferarri","Santo Fanelli","Sindacato","Ugo Ferrero","UIL"],"articleSection":["Sindacato"],"inLanguage":"it-IT"},{"@type":"WebPage","@id":"https:\/\/www.istitutostudisindacali.net\/bibliotecablog\/2018\/07\/30\/i-miei-ultimi-sessantanni-ovvero-i-ricordi-di-un-sindacalista-di-serie-b-di-renato-ferrari\/","url":"https:\/\/www.istitutostudisindacali.net\/bibliotecablog\/2018\/07\/30\/i-miei-ultimi-sessantanni-ovvero-i-ricordi-di-un-sindacalista-di-serie-b-di-renato-ferrari\/","name":"I miei... ultimi sessant'anni - ovvero i ricordi di un sindacalista di \"serie B\" di Renato Ferrari - Blog della Biblioteca","isPartOf":{"@id":"https:\/\/www.istitutostudisindacali.net\/bibliotecablog\/#website"},"primaryImageOfPage":{"@id":"https:\/\/www.istitutostudisindacali.net\/bibliotecablog\/2018\/07\/30\/i-miei-ultimi-sessantanni-ovvero-i-ricordi-di-un-sindacalista-di-serie-b-di-renato-ferrari\/#primaryimage"},"image":{"@id":"https:\/\/www.istitutostudisindacali.net\/bibliotecablog\/2018\/07\/30\/i-miei-ultimi-sessantanni-ovvero-i-ricordi-di-un-sindacalista-di-serie-b-di-renato-ferrari\/#primaryimage"},"thumbnailUrl":"https:\/\/www.istitutostudisindacali.net\/bibliotecablog\/wp-content\/uploads\/sites\/17\/2018\/07\/autunno-caldo-ferrari-renato.jpg","datePublished":"2018-07-30T07:27:01+00:00","dateModified":"2023-02-04T18:12:23+00:00","author":{"@id":"https:\/\/www.istitutostudisindacali.net\/bibliotecablog\/#\/schema\/person\/67df37a680cbbc103a59f61989c3f7e0"},"breadcrumb":{"@id":"https:\/\/www.istitutostudisindacali.net\/bibliotecablog\/2018\/07\/30\/i-miei-ultimi-sessantanni-ovvero-i-ricordi-di-un-sindacalista-di-serie-b-di-renato-ferrari\/#breadcrumb"},"inLanguage":"it-IT","potentialAction":[{"@type":"ReadAction","target":["https:\/\/www.istitutostudisindacali.net\/bibliotecablog\/2018\/07\/30\/i-miei-ultimi-sessantanni-ovvero-i-ricordi-di-un-sindacalista-di-serie-b-di-renato-ferrari\/"]}]},{"@type":"ImageObject","inLanguage":"it-IT","@id":"https:\/\/www.istitutostudisindacali.net\/bibliotecablog\/2018\/07\/30\/i-miei-ultimi-sessantanni-ovvero-i-ricordi-di-un-sindacalista-di-serie-b-di-renato-ferrari\/#primaryimage","url":"https:\/\/www.istitutostudisindacali.net\/bibliotecablog\/wp-content\/uploads\/sites\/17\/2018\/07\/autunno-caldo-ferrari-renato.jpg","contentUrl":"https:\/\/www.istitutostudisindacali.net\/bibliotecablog\/wp-content\/uploads\/sites\/17\/2018\/07\/autunno-caldo-ferrari-renato.jpg","width":1369,"height":1907},{"@type":"BreadcrumbList","@id":"https:\/\/www.istitutostudisindacali.net\/bibliotecablog\/2018\/07\/30\/i-miei-ultimi-sessantanni-ovvero-i-ricordi-di-un-sindacalista-di-serie-b-di-renato-ferrari\/#breadcrumb","itemListElement":[{"@type":"ListItem","position":1,"name":"Home","item":"https:\/\/www.istitutostudisindacali.net\/bibliotecablog\/"},{"@type":"ListItem","position":2,"name":"I miei&#8230; ultimi sessant&#8217;anni &#8211; ovvero i ricordi di un sindacalista di &#8220;serie B&#8221; di Renato Ferrari"}]},{"@type":"WebSite","@id":"https:\/\/www.istitutostudisindacali.net\/bibliotecablog\/#website","url":"https:\/\/www.istitutostudisindacali.net\/bibliotecablog\/","name":"Blog della Biblioteca","description":"Arturo Chiari","potentialAction":[{"@type":"SearchAction","target":{"@type":"EntryPoint","urlTemplate":"https:\/\/www.istitutostudisindacali.net\/bibliotecablog\/?s={search_term_string}"},"query-input":{"@type":"PropertyValueSpecification","valueRequired":true,"valueName":"search_term_string"}}],"inLanguage":"it-IT"},{"@type":"Person","@id":"https:\/\/www.istitutostudisindacali.net\/bibliotecablog\/#\/schema\/person\/67df37a680cbbc103a59f61989c3f7e0","name":"Loredana Pietri","image":{"@type":"ImageObject","inLanguage":"it-IT","@id":"https:\/\/secure.gravatar.com\/avatar\/14e1950ca26d7443d95784cdcfad5cf200bbbc261d085cf9375e018dc286c835?s=96&d=mm&r=g","url":"https:\/\/secure.gravatar.com\/avatar\/14e1950ca26d7443d95784cdcfad5cf200bbbc261d085cf9375e018dc286c835?s=96&d=mm&r=g","contentUrl":"https:\/\/secure.gravatar.com\/avatar\/14e1950ca26d7443d95784cdcfad5cf200bbbc261d085cf9375e018dc286c835?s=96&d=mm&r=g","caption":"Loredana Pietri"},"description":"Responsabile della Biblioteca si impegna nella sua conduzione per migliorarne i Servizi","sameAs":["https:\/\/www.istitutostudisindacali.net\/biblioteca"],"url":"https:\/\/www.istitutostudisindacali.net\/bibliotecablog\/author\/loredana-pietri\/"}]}},"jetpack_featured_media_url":"https:\/\/www.istitutostudisindacali.net\/bibliotecablog\/wp-content\/uploads\/sites\/17\/2018\/07\/autunno-caldo-ferrari-renato.jpg","jetpack_sharing_enabled":true,"_links":{"self":[{"href":"https:\/\/www.istitutostudisindacali.net\/bibliotecablog\/wp-json\/wp\/v2\/posts\/376","targetHints":{"allow":["GET"]}}],"collection":[{"href":"https:\/\/www.istitutostudisindacali.net\/bibliotecablog\/wp-json\/wp\/v2\/posts"}],"about":[{"href":"https:\/\/www.istitutostudisindacali.net\/bibliotecablog\/wp-json\/wp\/v2\/types\/post"}],"author":[{"embeddable":true,"href":"https:\/\/www.istitutostudisindacali.net\/bibliotecablog\/wp-json\/wp\/v2\/users\/7"}],"replies":[{"embeddable":true,"href":"https:\/\/www.istitutostudisindacali.net\/bibliotecablog\/wp-json\/wp\/v2\/comments?post=376"}],"version-history":[{"count":1,"href":"https:\/\/www.istitutostudisindacali.net\/bibliotecablog\/wp-json\/wp\/v2\/posts\/376\/revisions"}],"predecessor-version":[{"id":4586,"href":"https:\/\/www.istitutostudisindacali.net\/bibliotecablog\/wp-json\/wp\/v2\/posts\/376\/revisions\/4586"}],"wp:featuredmedia":[{"embeddable":true,"href":"https:\/\/www.istitutostudisindacali.net\/bibliotecablog\/wp-json\/wp\/v2\/media\/377"}],"wp:attachment":[{"href":"https:\/\/www.istitutostudisindacali.net\/bibliotecablog\/wp-json\/wp\/v2\/media?parent=376"}],"wp:term":[{"taxonomy":"category","embeddable":true,"href":"https:\/\/www.istitutostudisindacali.net\/bibliotecablog\/wp-json\/wp\/v2\/categories?post=376"},{"taxonomy":"post_tag","embeddable":true,"href":"https:\/\/www.istitutostudisindacali.net\/bibliotecablog\/wp-json\/wp\/v2\/tags?post=376"}],"curies":[{"name":"wp","href":"https:\/\/api.w.org\/{rel}","templated":true}]}}