{"id":374,"date":"2018-07-27T15:00:56","date_gmt":"2018-07-27T13:00:56","guid":{"rendered":"https:\/\/bibliotecarturochiari.wordpress.com\/?p=217"},"modified":"2023-02-04T19:12:24","modified_gmt":"2023-02-04T18:12:24","slug":"ti-ricordi-simone-weil","status":"publish","type":"post","link":"https:\/\/www.istitutostudisindacali.net\/bibliotecablog\/2018\/07\/27\/ti-ricordi-simone-weil\/","title":{"rendered":"Ti ricordi? &#8211; Simone Weil &#8211;"},"content":{"rendered":"<p style=\"text-align:justify\">A met\u00e0 degli anni trenta <strong>Simone Weil<\/strong> indirizz\u00f2 un lettera ad un operaio iscritto al sindacato.<\/p>\n<p style=\"text-align:justify\">Chiede, Simone Weil, al lavoratore: ti ricordi com&#8217;era prima? Prima delle conquiste sindacali. Il monito \u00e8 non dare per scontato ci\u00f2 che \u00e8 stato costruito quanto a tutele e dignit\u00e0, ma a rinnovare l&#8217;impegno con il sindacato.<\/p>\n<p style=\"text-align:justify\">Il video ripropone l&#8217;universalit\u00e0 dell&#8217;insegnamento di Simone Weil.<\/p>\n<p style=\"text-align:justify\">Il video \u00e8 stato realizzato dall&#8217;<strong>Istituto Studi Sindacali Italo Viglianesi<\/strong> e dalla <strong>UIL TV<\/strong><\/p>\n<p>https:\/\/youtu.be\/bGTkjWo4Ns8<\/p>\n<p>&nbsp;<\/p>\n","protected":false},"excerpt":{"rendered":"<p>A met\u00e0 degli anni trenta Simone Weil indirizz\u00f2 un lettera ad un operaio iscritto al sindacato. Chiede, Simone Weil, al lavoratore: ti ricordi com&#8217;era prima? Prima delle conquiste sindacali. Il monito \u00e8 non dare per scontato ci\u00f2 che \u00e8 stato costruito quanto a tutele e dignit\u00e0, ma a rinnovare l&#8217;impegno con il sindacato. Il video [&hellip;]<\/p>\n","protected":false},"author":7,"featured_media":366,"comment_status":"closed","ping_status":"closed","sticky":false,"template":"","format":"standard","meta":{"_et_pb_use_builder":"","_et_pb_old_content":"","_et_gb_content_width":"","ngg_post_thumbnail":0,"_jetpack_memberships_contains_paid_content":false,"footnotes":""},"categories":[293],"tags":[628,527,633],"class_list":["post-374","post","type-post","status-publish","format-standard","has-post-thumbnail","hentry","category-riformismo","tag-istituto-studi-sindacali","tag-sindacato","tag-ti-ricordi","et-has-post-format-content","et_post_format-et-post-format-standard"],"yoast_head":"<!-- This site is optimized with the Yoast SEO plugin v27.4 - https:\/\/yoast.com\/product\/yoast-seo-wordpress\/ -->\n<title>Ti ricordi? - Simone Weil - Blog della Biblioteca<\/title>\n<meta name=\"robots\" content=\"index, follow, max-snippet:-1, max-image-preview:large, max-video-preview:-1\" \/>\n<link rel=\"canonical\" href=\"https:\/\/www.istitutostudisindacali.net\/bibliotecablog\/2018\/07\/27\/ti-ricordi-simone-weil\/\" \/>\n<meta property=\"og:locale\" content=\"it_IT\" \/>\n<meta property=\"og:type\" content=\"article\" \/>\n<meta property=\"og:title\" content=\"Ti ricordi? - Simone Weil - Blog della Biblioteca\" \/>\n<meta property=\"og:description\" content=\"A met\u00e0 degli anni trenta Simone Weil indirizz\u00f2 un lettera ad un operaio iscritto al sindacato. Chiede, Simone Weil, al lavoratore: ti ricordi com&#8217;era prima? Prima delle conquiste sindacali. Il monito \u00e8 non dare per scontato ci\u00f2 che \u00e8 stato costruito quanto a tutele e dignit\u00e0, ma a rinnovare l&#8217;impegno con il sindacato. Il video [&hellip;]\" \/>\n<meta property=\"og:url\" content=\"https:\/\/www.istitutostudisindacali.net\/bibliotecablog\/2018\/07\/27\/ti-ricordi-simone-weil\/\" \/>\n<meta property=\"og:site_name\" content=\"Blog della Biblioteca\" \/>\n<meta property=\"article:published_time\" content=\"2018-07-27T13:00:56+00:00\" \/>\n<meta property=\"article:modified_time\" content=\"2023-02-04T18:12:24+00:00\" \/>\n<meta property=\"og:image\" content=\"https:\/\/www.istitutostudisindacali.net\/bibliotecablog\/wp-content\/uploads\/sites\/17\/2018\/07\/logo_msri_def.png\" \/>\n\t<meta property=\"og:image:width\" content=\"1771\" \/>\n\t<meta property=\"og:image:height\" content=\"1181\" \/>\n\t<meta property=\"og:image:type\" content=\"image\/png\" \/>\n<meta name=\"author\" content=\"Loredana Pietri\" \/>\n<meta name=\"twitter:card\" content=\"summary_large_image\" \/>\n<meta name=\"twitter:label1\" content=\"Scritto da\" \/>\n\t<meta name=\"twitter:data1\" content=\"Loredana Pietri\" \/>\n<script type=\"application\/ld+json\" class=\"yoast-schema-graph\">{\"@context\":\"https:\\\/\\\/schema.org\",\"@graph\":[{\"@type\":\"Article\",\"@id\":\"https:\\\/\\\/www.istitutostudisindacali.net\\\/bibliotecablog\\\/2018\\\/07\\\/27\\\/ti-ricordi-simone-weil\\\/#article\",\"isPartOf\":{\"@id\":\"https:\\\/\\\/www.istitutostudisindacali.net\\\/bibliotecablog\\\/2018\\\/07\\\/27\\\/ti-ricordi-simone-weil\\\/\"},\"author\":{\"name\":\"Loredana Pietri\",\"@id\":\"https:\\\/\\\/www.istitutostudisindacali.net\\\/bibliotecablog\\\/#\\\/schema\\\/person\\\/67df37a680cbbc103a59f61989c3f7e0\"},\"headline\":\"Ti ricordi? &#8211; Simone Weil &#8211;\",\"datePublished\":\"2018-07-27T13:00:56+00:00\",\"dateModified\":\"2023-02-04T18:12:24+00:00\",\"mainEntityOfPage\":{\"@id\":\"https:\\\/\\\/www.istitutostudisindacali.net\\\/bibliotecablog\\\/2018\\\/07\\\/27\\\/ti-ricordi-simone-weil\\\/\"},\"wordCount\":89,\"image\":{\"@id\":\"https:\\\/\\\/www.istitutostudisindacali.net\\\/bibliotecablog\\\/2018\\\/07\\\/27\\\/ti-ricordi-simone-weil\\\/#primaryimage\"},\"thumbnailUrl\":\"https:\\\/\\\/www.istitutostudisindacali.net\\\/bibliotecablog\\\/wp-content\\\/uploads\\\/sites\\\/17\\\/2018\\\/07\\\/logo_msri_def.png\",\"keywords\":[\"Istituto Studi Sindacali\",\"Sindacato\",\"Ti ricordi?\"],\"articleSection\":[\"Riformismo\"],\"inLanguage\":\"it-IT\"},{\"@type\":\"WebPage\",\"@id\":\"https:\\\/\\\/www.istitutostudisindacali.net\\\/bibliotecablog\\\/2018\\\/07\\\/27\\\/ti-ricordi-simone-weil\\\/\",\"url\":\"https:\\\/\\\/www.istitutostudisindacali.net\\\/bibliotecablog\\\/2018\\\/07\\\/27\\\/ti-ricordi-simone-weil\\\/\",\"name\":\"Ti ricordi? - Simone Weil - Blog della Biblioteca\",\"isPartOf\":{\"@id\":\"https:\\\/\\\/www.istitutostudisindacali.net\\\/bibliotecablog\\\/#website\"},\"primaryImageOfPage\":{\"@id\":\"https:\\\/\\\/www.istitutostudisindacali.net\\\/bibliotecablog\\\/2018\\\/07\\\/27\\\/ti-ricordi-simone-weil\\\/#primaryimage\"},\"image\":{\"@id\":\"https:\\\/\\\/www.istitutostudisindacali.net\\\/bibliotecablog\\\/2018\\\/07\\\/27\\\/ti-ricordi-simone-weil\\\/#primaryimage\"},\"thumbnailUrl\":\"https:\\\/\\\/www.istitutostudisindacali.net\\\/bibliotecablog\\\/wp-content\\\/uploads\\\/sites\\\/17\\\/2018\\\/07\\\/logo_msri_def.png\",\"datePublished\":\"2018-07-27T13:00:56+00:00\",\"dateModified\":\"2023-02-04T18:12:24+00:00\",\"author\":{\"@id\":\"https:\\\/\\\/www.istitutostudisindacali.net\\\/bibliotecablog\\\/#\\\/schema\\\/person\\\/67df37a680cbbc103a59f61989c3f7e0\"},\"breadcrumb\":{\"@id\":\"https:\\\/\\\/www.istitutostudisindacali.net\\\/bibliotecablog\\\/2018\\\/07\\\/27\\\/ti-ricordi-simone-weil\\\/#breadcrumb\"},\"inLanguage\":\"it-IT\",\"potentialAction\":[{\"@type\":\"ReadAction\",\"target\":[\"https:\\\/\\\/www.istitutostudisindacali.net\\\/bibliotecablog\\\/2018\\\/07\\\/27\\\/ti-ricordi-simone-weil\\\/\"]}]},{\"@type\":\"ImageObject\",\"inLanguage\":\"it-IT\",\"@id\":\"https:\\\/\\\/www.istitutostudisindacali.net\\\/bibliotecablog\\\/2018\\\/07\\\/27\\\/ti-ricordi-simone-weil\\\/#primaryimage\",\"url\":\"https:\\\/\\\/www.istitutostudisindacali.net\\\/bibliotecablog\\\/wp-content\\\/uploads\\\/sites\\\/17\\\/2018\\\/07\\\/logo_msri_def.png\",\"contentUrl\":\"https:\\\/\\\/www.istitutostudisindacali.net\\\/bibliotecablog\\\/wp-content\\\/uploads\\\/sites\\\/17\\\/2018\\\/07\\\/logo_msri_def.png\",\"width\":1771,\"height\":1181},{\"@type\":\"BreadcrumbList\",\"@id\":\"https:\\\/\\\/www.istitutostudisindacali.net\\\/bibliotecablog\\\/2018\\\/07\\\/27\\\/ti-ricordi-simone-weil\\\/#breadcrumb\",\"itemListElement\":[{\"@type\":\"ListItem\",\"position\":1,\"name\":\"Home\",\"item\":\"https:\\\/\\\/www.istitutostudisindacali.net\\\/bibliotecablog\\\/\"},{\"@type\":\"ListItem\",\"position\":2,\"name\":\"Ti ricordi? &#8211; Simone Weil &#8211;\"}]},{\"@type\":\"WebSite\",\"@id\":\"https:\\\/\\\/www.istitutostudisindacali.net\\\/bibliotecablog\\\/#website\",\"url\":\"https:\\\/\\\/www.istitutostudisindacali.net\\\/bibliotecablog\\\/\",\"name\":\"Blog della Biblioteca\",\"description\":\"Arturo Chiari\",\"potentialAction\":[{\"@type\":\"SearchAction\",\"target\":{\"@type\":\"EntryPoint\",\"urlTemplate\":\"https:\\\/\\\/www.istitutostudisindacali.net\\\/bibliotecablog\\\/?s={search_term_string}\"},\"query-input\":{\"@type\":\"PropertyValueSpecification\",\"valueRequired\":true,\"valueName\":\"search_term_string\"}}],\"inLanguage\":\"it-IT\"},{\"@type\":\"Person\",\"@id\":\"https:\\\/\\\/www.istitutostudisindacali.net\\\/bibliotecablog\\\/#\\\/schema\\\/person\\\/67df37a680cbbc103a59f61989c3f7e0\",\"name\":\"Loredana Pietri\",\"image\":{\"@type\":\"ImageObject\",\"inLanguage\":\"it-IT\",\"@id\":\"https:\\\/\\\/secure.gravatar.com\\\/avatar\\\/14e1950ca26d7443d95784cdcfad5cf200bbbc261d085cf9375e018dc286c835?s=96&d=mm&r=g\",\"url\":\"https:\\\/\\\/secure.gravatar.com\\\/avatar\\\/14e1950ca26d7443d95784cdcfad5cf200bbbc261d085cf9375e018dc286c835?s=96&d=mm&r=g\",\"contentUrl\":\"https:\\\/\\\/secure.gravatar.com\\\/avatar\\\/14e1950ca26d7443d95784cdcfad5cf200bbbc261d085cf9375e018dc286c835?s=96&d=mm&r=g\",\"caption\":\"Loredana Pietri\"},\"description\":\"Responsabile della Biblioteca si impegna nella sua conduzione per migliorarne i Servizi\",\"sameAs\":[\"https:\\\/\\\/www.istitutostudisindacali.net\\\/biblioteca\"],\"url\":\"https:\\\/\\\/www.istitutostudisindacali.net\\\/bibliotecablog\\\/author\\\/loredana-pietri\\\/\"}]}<\/script>\n<!-- \/ Yoast SEO plugin. -->","yoast_head_json":{"title":"Ti ricordi? - Simone Weil - Blog della Biblioteca","robots":{"index":"index","follow":"follow","max-snippet":"max-snippet:-1","max-image-preview":"max-image-preview:large","max-video-preview":"max-video-preview:-1"},"canonical":"https:\/\/www.istitutostudisindacali.net\/bibliotecablog\/2018\/07\/27\/ti-ricordi-simone-weil\/","og_locale":"it_IT","og_type":"article","og_title":"Ti ricordi? - Simone Weil - Blog della Biblioteca","og_description":"A met\u00e0 degli anni trenta Simone Weil indirizz\u00f2 un lettera ad un operaio iscritto al sindacato. Chiede, Simone Weil, al lavoratore: ti ricordi com&#8217;era prima? Prima delle conquiste sindacali. Il monito \u00e8 non dare per scontato ci\u00f2 che \u00e8 stato costruito quanto a tutele e dignit\u00e0, ma a rinnovare l&#8217;impegno con il sindacato. Il video [&hellip;]","og_url":"https:\/\/www.istitutostudisindacali.net\/bibliotecablog\/2018\/07\/27\/ti-ricordi-simone-weil\/","og_site_name":"Blog della Biblioteca","article_published_time":"2018-07-27T13:00:56+00:00","article_modified_time":"2023-02-04T18:12:24+00:00","og_image":[{"width":1771,"height":1181,"url":"https:\/\/www.istitutostudisindacali.net\/bibliotecablog\/wp-content\/uploads\/sites\/17\/2018\/07\/logo_msri_def.png","type":"image\/png"}],"author":"Loredana Pietri","twitter_card":"summary_large_image","twitter_misc":{"Scritto da":"Loredana Pietri"},"schema":{"@context":"https:\/\/schema.org","@graph":[{"@type":"Article","@id":"https:\/\/www.istitutostudisindacali.net\/bibliotecablog\/2018\/07\/27\/ti-ricordi-simone-weil\/#article","isPartOf":{"@id":"https:\/\/www.istitutostudisindacali.net\/bibliotecablog\/2018\/07\/27\/ti-ricordi-simone-weil\/"},"author":{"name":"Loredana Pietri","@id":"https:\/\/www.istitutostudisindacali.net\/bibliotecablog\/#\/schema\/person\/67df37a680cbbc103a59f61989c3f7e0"},"headline":"Ti ricordi? &#8211; Simone Weil &#8211;","datePublished":"2018-07-27T13:00:56+00:00","dateModified":"2023-02-04T18:12:24+00:00","mainEntityOfPage":{"@id":"https:\/\/www.istitutostudisindacali.net\/bibliotecablog\/2018\/07\/27\/ti-ricordi-simone-weil\/"},"wordCount":89,"image":{"@id":"https:\/\/www.istitutostudisindacali.net\/bibliotecablog\/2018\/07\/27\/ti-ricordi-simone-weil\/#primaryimage"},"thumbnailUrl":"https:\/\/www.istitutostudisindacali.net\/bibliotecablog\/wp-content\/uploads\/sites\/17\/2018\/07\/logo_msri_def.png","keywords":["Istituto Studi Sindacali","Sindacato","Ti ricordi?"],"articleSection":["Riformismo"],"inLanguage":"it-IT"},{"@type":"WebPage","@id":"https:\/\/www.istitutostudisindacali.net\/bibliotecablog\/2018\/07\/27\/ti-ricordi-simone-weil\/","url":"https:\/\/www.istitutostudisindacali.net\/bibliotecablog\/2018\/07\/27\/ti-ricordi-simone-weil\/","name":"Ti ricordi? - Simone Weil - Blog della Biblioteca","isPartOf":{"@id":"https:\/\/www.istitutostudisindacali.net\/bibliotecablog\/#website"},"primaryImageOfPage":{"@id":"https:\/\/www.istitutostudisindacali.net\/bibliotecablog\/2018\/07\/27\/ti-ricordi-simone-weil\/#primaryimage"},"image":{"@id":"https:\/\/www.istitutostudisindacali.net\/bibliotecablog\/2018\/07\/27\/ti-ricordi-simone-weil\/#primaryimage"},"thumbnailUrl":"https:\/\/www.istitutostudisindacali.net\/bibliotecablog\/wp-content\/uploads\/sites\/17\/2018\/07\/logo_msri_def.png","datePublished":"2018-07-27T13:00:56+00:00","dateModified":"2023-02-04T18:12:24+00:00","author":{"@id":"https:\/\/www.istitutostudisindacali.net\/bibliotecablog\/#\/schema\/person\/67df37a680cbbc103a59f61989c3f7e0"},"breadcrumb":{"@id":"https:\/\/www.istitutostudisindacali.net\/bibliotecablog\/2018\/07\/27\/ti-ricordi-simone-weil\/#breadcrumb"},"inLanguage":"it-IT","potentialAction":[{"@type":"ReadAction","target":["https:\/\/www.istitutostudisindacali.net\/bibliotecablog\/2018\/07\/27\/ti-ricordi-simone-weil\/"]}]},{"@type":"ImageObject","inLanguage":"it-IT","@id":"https:\/\/www.istitutostudisindacali.net\/bibliotecablog\/2018\/07\/27\/ti-ricordi-simone-weil\/#primaryimage","url":"https:\/\/www.istitutostudisindacali.net\/bibliotecablog\/wp-content\/uploads\/sites\/17\/2018\/07\/logo_msri_def.png","contentUrl":"https:\/\/www.istitutostudisindacali.net\/bibliotecablog\/wp-content\/uploads\/sites\/17\/2018\/07\/logo_msri_def.png","width":1771,"height":1181},{"@type":"BreadcrumbList","@id":"https:\/\/www.istitutostudisindacali.net\/bibliotecablog\/2018\/07\/27\/ti-ricordi-simone-weil\/#breadcrumb","itemListElement":[{"@type":"ListItem","position":1,"name":"Home","item":"https:\/\/www.istitutostudisindacali.net\/bibliotecablog\/"},{"@type":"ListItem","position":2,"name":"Ti ricordi? &#8211; Simone Weil &#8211;"}]},{"@type":"WebSite","@id":"https:\/\/www.istitutostudisindacali.net\/bibliotecablog\/#website","url":"https:\/\/www.istitutostudisindacali.net\/bibliotecablog\/","name":"Blog della Biblioteca","description":"Arturo Chiari","potentialAction":[{"@type":"SearchAction","target":{"@type":"EntryPoint","urlTemplate":"https:\/\/www.istitutostudisindacali.net\/bibliotecablog\/?s={search_term_string}"},"query-input":{"@type":"PropertyValueSpecification","valueRequired":true,"valueName":"search_term_string"}}],"inLanguage":"it-IT"},{"@type":"Person","@id":"https:\/\/www.istitutostudisindacali.net\/bibliotecablog\/#\/schema\/person\/67df37a680cbbc103a59f61989c3f7e0","name":"Loredana Pietri","image":{"@type":"ImageObject","inLanguage":"it-IT","@id":"https:\/\/secure.gravatar.com\/avatar\/14e1950ca26d7443d95784cdcfad5cf200bbbc261d085cf9375e018dc286c835?s=96&d=mm&r=g","url":"https:\/\/secure.gravatar.com\/avatar\/14e1950ca26d7443d95784cdcfad5cf200bbbc261d085cf9375e018dc286c835?s=96&d=mm&r=g","contentUrl":"https:\/\/secure.gravatar.com\/avatar\/14e1950ca26d7443d95784cdcfad5cf200bbbc261d085cf9375e018dc286c835?s=96&d=mm&r=g","caption":"Loredana Pietri"},"description":"Responsabile della Biblioteca si impegna nella sua conduzione per migliorarne i Servizi","sameAs":["https:\/\/www.istitutostudisindacali.net\/biblioteca"],"url":"https:\/\/www.istitutostudisindacali.net\/bibliotecablog\/author\/loredana-pietri\/"}]}},"jetpack_featured_media_url":"https:\/\/www.istitutostudisindacali.net\/bibliotecablog\/wp-content\/uploads\/sites\/17\/2018\/07\/logo_msri_def.png","jetpack_sharing_enabled":true,"_links":{"self":[{"href":"https:\/\/www.istitutostudisindacali.net\/bibliotecablog\/wp-json\/wp\/v2\/posts\/374","targetHints":{"allow":["GET"]}}],"collection":[{"href":"https:\/\/www.istitutostudisindacali.net\/bibliotecablog\/wp-json\/wp\/v2\/posts"}],"about":[{"href":"https:\/\/www.istitutostudisindacali.net\/bibliotecablog\/wp-json\/wp\/v2\/types\/post"}],"author":[{"embeddable":true,"href":"https:\/\/www.istitutostudisindacali.net\/bibliotecablog\/wp-json\/wp\/v2\/users\/7"}],"replies":[{"embeddable":true,"href":"https:\/\/www.istitutostudisindacali.net\/bibliotecablog\/wp-json\/wp\/v2\/comments?post=374"}],"version-history":[{"count":1,"href":"https:\/\/www.istitutostudisindacali.net\/bibliotecablog\/wp-json\/wp\/v2\/posts\/374\/revisions"}],"predecessor-version":[{"id":4587,"href":"https:\/\/www.istitutostudisindacali.net\/bibliotecablog\/wp-json\/wp\/v2\/posts\/374\/revisions\/4587"}],"wp:featuredmedia":[{"embeddable":true,"href":"https:\/\/www.istitutostudisindacali.net\/bibliotecablog\/wp-json\/wp\/v2\/media\/366"}],"wp:attachment":[{"href":"https:\/\/www.istitutostudisindacali.net\/bibliotecablog\/wp-json\/wp\/v2\/media?parent=374"}],"wp:term":[{"taxonomy":"category","embeddable":true,"href":"https:\/\/www.istitutostudisindacali.net\/bibliotecablog\/wp-json\/wp\/v2\/categories?post=374"},{"taxonomy":"post_tag","embeddable":true,"href":"https:\/\/www.istitutostudisindacali.net\/bibliotecablog\/wp-json\/wp\/v2\/tags?post=374"}],"curies":[{"name":"wp","href":"https:\/\/api.w.org\/{rel}","templated":true}]}}