{"id":340,"date":"2018-07-09T13:51:04","date_gmt":"2018-07-09T11:51:04","guid":{"rendered":"https:\/\/bibliotecarturochiari.wordpress.com\/?p=212"},"modified":"2023-02-04T19:12:30","modified_gmt":"2023-02-04T18:12:30","slug":"craxi-il-potere-e-la-stampa","status":"publish","type":"post","link":"https:\/\/www.istitutostudisindacali.net\/bibliotecablog\/2018\/07\/09\/craxi-il-potere-e-la-stampa\/","title":{"rendered":"&#8220;Craxi il potere e la stampa&#8221;"},"content":{"rendered":"<p style=\"text-align:justify\">9 luglio 1979. Il nuovo Presidente della Repubblica Sandro Pertini affida l&#8217;incarico di formare il Governo al Socialista Bettino Craxi.<\/p>\n<p style=\"text-align:justify\">[&#8230;]LA SETTIMANA NERA (23-29 gennaio 1984)<br \/>\nI giorni della grande tempesta per il governo Craxi, che sta per compiere i sei mesi di vita, cominciano venerd\u00ec 20 gennaio 1984, il giorno dei santi Sebastiano e Fabiano. Quel giorno il Consiglio dei ministri nomina il democristiano Franco Piga presidente della CONSOB, la Commissione di controllo della Borsa e della societ\u00e0. Il giorno dopo il Corriere della Sera titola cinque colonne all&#8217;apertura della pagina 10 : Franco Piga presidente della &lt;&lt;Consob&gt;&gt;. Sottotitolo, che annuncia le ostilit\u00e0: &lt;&lt;Goria: ho accettato l&#8217;indicazione di Craxi&gt;&gt;. Dice la notizia; &lt;&lt;A circa tre mesi dalle dimissioni del presidente dell&#8217;organismo di controllo Vincenzo Milazzo ieri il Consiglio dei ministri ha accolto la proposta della nomina a questo delicato incarico del Consiglio di Stato Franco Piga fatta dal Presidente del Consiglio Craxi, a cui spetta la scelta secondo la legge istitutiva della commissione&gt;&gt;. La scelta , dice pi\u00f9 sotto il quotidiano ne ritratto di Piga, \u00e8 &lt;&lt;accolta freddamente a Milano e con qualche polemica a Roma&gt;&gt;; ma &lt;&lt;chi lo conosce bene \u00e8 convinto che un magistrato come lui non potr\u00e0 non assolvere l&#8217;incarico con spirito di servizio&gt;&gt;.<br \/>\nTutti sanno in realt\u00e0 che il ministro del Tesoro Coria era contrario alla nomina di Piga, personaggio molto discusso e &lt;&lt;abile navigatore delle coulisse romane&gt;&gt;, secondo La Repubblica. Goria, infatti, fa esprimere dal suo portavoce il proprio dissenso, anche se smentisce di essere stato sul punto di dare le dimissioni per protestare contro la nomina sgradita.<br \/>\nMa nello stesso giorno della nomina di Piga avviene un fatto che ha dell&#8217;incredibile. Un comunicato della segreteria del PSI annuncia l&#8217;esistenza di un accordo tra DC e PSI per la riconferma del socialista Nerio Nesi alla presidenza della Banca Nazionale del Lavoro, la pi\u00f9 grande banca pubblica italiana. Il comunicato, di scrittura contorta, \u00e8 stato diramato dall&#8217;Adn Kronos, agenzia molto vicina ai socialisti. Nei nervosissimi ambienti romani la notizia provoca un soprassalto. Gli osservatori vedono nelle due vicende parallele un patteggiamento di lottizzazione: Nesi contro Piga, la Bnl in cambio della CONSOB. Tutto \u00e8 passato sulla testa del ministro del Tesoro, che per entrambe le nomine nutriva forti perplessit\u00e0. Ma ci\u00f2 che desta maggiore scandalo \u00e8 la sostanza del comunicato. Per la prima volta si dichiara alla luce del sole che le nomine nei grandi istituti di credito sono oggetto di una trattativa tra partiti. Nessuno aveva mai messo in piazza con tanta evidenza la realt\u00e0 dell&#8217;egemonia del potere politico sulla realt\u00e0 sociale. I mercanteggiamenti si facevano da sempre, ma nessuno li proclamava a cielo aperto.<br \/>\nIl curioso \u00e8 che Craxi stesso \u00e8 stato colto di sorpresa da questa polemica. Il comunicato non l&#8217;ha voluto lui. In una serie di concitate telefonate Nerio Nesi spiega a tutta Roma che il comunicato lo ha steso Vincenzo Balzamo, capo della segreteria del PSI, e che ne ha parlato soltanto con Riccardo Misasi, massiccia figura di barone calabrese e responsabile della segreteria De Mita.<br \/>\nLa vicenda desta una tempesta di polemiche, di nuovo incentrate sulla &lt;&lt;questione morale&gt;&gt;. I pi\u00f9 fervidi nella denuncia sono i repubblicani, che dopo il loro successo elettorale del giugno 1983 cavalcano spavaldamente la tigre della moralit\u00e0. Spadolini scrive una protesta di fuoco su La voce Repubblicana.<br \/>\nIl vespaio irrita molto Craxi, che pure deve avere disapprovato il maldestro comunicato. Da Palazzo Chigi esce a questo punto un altro comunicato che parla di &lt;&lt;perfetta idiozia&gt;&gt; di chi \u00e8 partito lancia in resta contro questi provvedimenti. Il maligno mondo romano si diverte a raffigurarsi lo straripante Spadolini nelle vesti dell'&lt;&lt;idiota&gt;&gt;. Il leader repubblicano ricambia subito con furore, dislocandosi sul sentiero di guerra. L&#8217;inquietudine generale cresce. L&#8217;ex socialista Franco Bassanini, deputato della Sinistra indipendente, stigmatizza: &lt;&lt;La nota di Palazzo Chigi ha l&#8217;aria di un messaggio di rassicurazione a tutti gli uomini del presidente. Significa che il partito non li abbandoner\u00e0 in alcun caso, anche a dispetto delle norme di legge&gt;&gt;. [&#8230;]<\/p>\n<p style=\"text-align:justify\">Tratto dal libro &#8220;Craxi il potere e la stampa&#8221; di Guido Gerosa pp.3\/5<\/p>\n","protected":false},"excerpt":{"rendered":"<p>9 luglio 1979. Il nuovo Presidente della Repubblica Sandro Pertini affida l&#8217;incarico di formare il Governo al Socialista Bettino Craxi. [&#8230;]LA SETTIMANA NERA (23-29 gennaio 1984) I giorni della grande tempesta per il governo Craxi, che sta per compiere i sei mesi di vita, cominciano venerd\u00ec 20 gennaio 1984, il giorno dei santi Sebastiano e [&hellip;]<\/p>\n","protected":false},"author":7,"featured_media":372,"comment_status":"closed","ping_status":"closed","sticky":false,"template":"","format":"standard","meta":{"_et_pb_use_builder":"","_et_pb_old_content":"","_et_gb_content_width":"","ngg_post_thumbnail":0,"_jetpack_memberships_contains_paid_content":false,"footnotes":""},"categories":[107],"tags":[],"class_list":["post-340","post","type-post","status-publish","format-standard","has-post-thumbnail","hentry","category-politica","et-has-post-format-content","et_post_format-et-post-format-standard"],"yoast_head":"<!-- This site is optimized with the Yoast SEO plugin v27.5 - https:\/\/yoast.com\/product\/yoast-seo-wordpress\/ -->\n<title>&quot;Craxi il potere e la stampa&quot; - Blog della Biblioteca<\/title>\n<meta name=\"robots\" content=\"index, follow, max-snippet:-1, max-image-preview:large, max-video-preview:-1\" \/>\n<link rel=\"canonical\" href=\"https:\/\/www.istitutostudisindacali.net\/bibliotecablog\/2018\/07\/09\/craxi-il-potere-e-la-stampa\/\" \/>\n<meta property=\"og:locale\" content=\"it_IT\" \/>\n<meta property=\"og:type\" content=\"article\" \/>\n<meta property=\"og:title\" content=\"&quot;Craxi il potere e la stampa&quot; - Blog della Biblioteca\" \/>\n<meta property=\"og:description\" content=\"9 luglio 1979. Il nuovo Presidente della Repubblica Sandro Pertini affida l&#8217;incarico di formare il Governo al Socialista Bettino Craxi. [&#8230;]LA SETTIMANA NERA (23-29 gennaio 1984) I giorni della grande tempesta per il governo Craxi, che sta per compiere i sei mesi di vita, cominciano venerd\u00ec 20 gennaio 1984, il giorno dei santi Sebastiano e [&hellip;]\" \/>\n<meta property=\"og:url\" content=\"https:\/\/www.istitutostudisindacali.net\/bibliotecablog\/2018\/07\/09\/craxi-il-potere-e-la-stampa\/\" \/>\n<meta property=\"og:site_name\" content=\"Blog della Biblioteca\" \/>\n<meta property=\"article:published_time\" content=\"2018-07-09T11:51:04+00:00\" \/>\n<meta property=\"article:modified_time\" content=\"2023-02-04T18:12:30+00:00\" \/>\n<meta property=\"og:image\" content=\"https:\/\/www.istitutostudisindacali.net\/bibliotecablog\/wp-content\/uploads\/sites\/17\/2018\/07\/craxi1.jpg\" \/>\n\t<meta property=\"og:image:width\" content=\"600\" \/>\n\t<meta property=\"og:image:height\" content=\"315\" \/>\n\t<meta property=\"og:image:type\" content=\"image\/jpeg\" \/>\n<meta name=\"author\" content=\"Loredana Pietri\" \/>\n<meta name=\"twitter:card\" content=\"summary_large_image\" \/>\n<meta name=\"twitter:label1\" content=\"Scritto da\" \/>\n\t<meta name=\"twitter:data1\" content=\"Loredana Pietri\" \/>\n\t<meta name=\"twitter:label2\" content=\"Tempo di lettura stimato\" \/>\n\t<meta name=\"twitter:data2\" content=\"4 minuti\" \/>\n<script type=\"application\/ld+json\" class=\"yoast-schema-graph\">{\"@context\":\"https:\\\/\\\/schema.org\",\"@graph\":[{\"@type\":\"Article\",\"@id\":\"https:\\\/\\\/www.istitutostudisindacali.net\\\/bibliotecablog\\\/2018\\\/07\\\/09\\\/craxi-il-potere-e-la-stampa\\\/#article\",\"isPartOf\":{\"@id\":\"https:\\\/\\\/www.istitutostudisindacali.net\\\/bibliotecablog\\\/2018\\\/07\\\/09\\\/craxi-il-potere-e-la-stampa\\\/\"},\"author\":{\"name\":\"Loredana Pietri\",\"@id\":\"https:\\\/\\\/www.istitutostudisindacali.net\\\/bibliotecablog\\\/#\\\/schema\\\/person\\\/67df37a680cbbc103a59f61989c3f7e0\"},\"headline\":\"&#8220;Craxi il potere e la stampa&#8221;\",\"datePublished\":\"2018-07-09T11:51:04+00:00\",\"dateModified\":\"2023-02-04T18:12:30+00:00\",\"mainEntityOfPage\":{\"@id\":\"https:\\\/\\\/www.istitutostudisindacali.net\\\/bibliotecablog\\\/2018\\\/07\\\/09\\\/craxi-il-potere-e-la-stampa\\\/\"},\"wordCount\":719,\"image\":{\"@id\":\"https:\\\/\\\/www.istitutostudisindacali.net\\\/bibliotecablog\\\/2018\\\/07\\\/09\\\/craxi-il-potere-e-la-stampa\\\/#primaryimage\"},\"thumbnailUrl\":\"https:\\\/\\\/www.istitutostudisindacali.net\\\/bibliotecablog\\\/wp-content\\\/uploads\\\/sites\\\/17\\\/2018\\\/07\\\/craxi1.jpg\",\"articleSection\":[\"Politica\"],\"inLanguage\":\"it-IT\"},{\"@type\":\"WebPage\",\"@id\":\"https:\\\/\\\/www.istitutostudisindacali.net\\\/bibliotecablog\\\/2018\\\/07\\\/09\\\/craxi-il-potere-e-la-stampa\\\/\",\"url\":\"https:\\\/\\\/www.istitutostudisindacali.net\\\/bibliotecablog\\\/2018\\\/07\\\/09\\\/craxi-il-potere-e-la-stampa\\\/\",\"name\":\"\\\"Craxi il potere e la stampa\\\" - Blog della Biblioteca\",\"isPartOf\":{\"@id\":\"https:\\\/\\\/www.istitutostudisindacali.net\\\/bibliotecablog\\\/#website\"},\"primaryImageOfPage\":{\"@id\":\"https:\\\/\\\/www.istitutostudisindacali.net\\\/bibliotecablog\\\/2018\\\/07\\\/09\\\/craxi-il-potere-e-la-stampa\\\/#primaryimage\"},\"image\":{\"@id\":\"https:\\\/\\\/www.istitutostudisindacali.net\\\/bibliotecablog\\\/2018\\\/07\\\/09\\\/craxi-il-potere-e-la-stampa\\\/#primaryimage\"},\"thumbnailUrl\":\"https:\\\/\\\/www.istitutostudisindacali.net\\\/bibliotecablog\\\/wp-content\\\/uploads\\\/sites\\\/17\\\/2018\\\/07\\\/craxi1.jpg\",\"datePublished\":\"2018-07-09T11:51:04+00:00\",\"dateModified\":\"2023-02-04T18:12:30+00:00\",\"author\":{\"@id\":\"https:\\\/\\\/www.istitutostudisindacali.net\\\/bibliotecablog\\\/#\\\/schema\\\/person\\\/67df37a680cbbc103a59f61989c3f7e0\"},\"breadcrumb\":{\"@id\":\"https:\\\/\\\/www.istitutostudisindacali.net\\\/bibliotecablog\\\/2018\\\/07\\\/09\\\/craxi-il-potere-e-la-stampa\\\/#breadcrumb\"},\"inLanguage\":\"it-IT\",\"potentialAction\":[{\"@type\":\"ReadAction\",\"target\":[\"https:\\\/\\\/www.istitutostudisindacali.net\\\/bibliotecablog\\\/2018\\\/07\\\/09\\\/craxi-il-potere-e-la-stampa\\\/\"]}]},{\"@type\":\"ImageObject\",\"inLanguage\":\"it-IT\",\"@id\":\"https:\\\/\\\/www.istitutostudisindacali.net\\\/bibliotecablog\\\/2018\\\/07\\\/09\\\/craxi-il-potere-e-la-stampa\\\/#primaryimage\",\"url\":\"https:\\\/\\\/www.istitutostudisindacali.net\\\/bibliotecablog\\\/wp-content\\\/uploads\\\/sites\\\/17\\\/2018\\\/07\\\/craxi1.jpg\",\"contentUrl\":\"https:\\\/\\\/www.istitutostudisindacali.net\\\/bibliotecablog\\\/wp-content\\\/uploads\\\/sites\\\/17\\\/2018\\\/07\\\/craxi1.jpg\",\"width\":600,\"height\":315},{\"@type\":\"BreadcrumbList\",\"@id\":\"https:\\\/\\\/www.istitutostudisindacali.net\\\/bibliotecablog\\\/2018\\\/07\\\/09\\\/craxi-il-potere-e-la-stampa\\\/#breadcrumb\",\"itemListElement\":[{\"@type\":\"ListItem\",\"position\":1,\"name\":\"Home\",\"item\":\"https:\\\/\\\/www.istitutostudisindacali.net\\\/bibliotecablog\\\/\"},{\"@type\":\"ListItem\",\"position\":2,\"name\":\"&#8220;Craxi il potere e la stampa&#8221;\"}]},{\"@type\":\"WebSite\",\"@id\":\"https:\\\/\\\/www.istitutostudisindacali.net\\\/bibliotecablog\\\/#website\",\"url\":\"https:\\\/\\\/www.istitutostudisindacali.net\\\/bibliotecablog\\\/\",\"name\":\"Blog della Biblioteca\",\"description\":\"Arturo Chiari\",\"potentialAction\":[{\"@type\":\"SearchAction\",\"target\":{\"@type\":\"EntryPoint\",\"urlTemplate\":\"https:\\\/\\\/www.istitutostudisindacali.net\\\/bibliotecablog\\\/?s={search_term_string}\"},\"query-input\":{\"@type\":\"PropertyValueSpecification\",\"valueRequired\":true,\"valueName\":\"search_term_string\"}}],\"inLanguage\":\"it-IT\"},{\"@type\":\"Person\",\"@id\":\"https:\\\/\\\/www.istitutostudisindacali.net\\\/bibliotecablog\\\/#\\\/schema\\\/person\\\/67df37a680cbbc103a59f61989c3f7e0\",\"name\":\"Loredana Pietri\",\"image\":{\"@type\":\"ImageObject\",\"inLanguage\":\"it-IT\",\"@id\":\"https:\\\/\\\/secure.gravatar.com\\\/avatar\\\/14e1950ca26d7443d95784cdcfad5cf200bbbc261d085cf9375e018dc286c835?s=96&d=mm&r=g\",\"url\":\"https:\\\/\\\/secure.gravatar.com\\\/avatar\\\/14e1950ca26d7443d95784cdcfad5cf200bbbc261d085cf9375e018dc286c835?s=96&d=mm&r=g\",\"contentUrl\":\"https:\\\/\\\/secure.gravatar.com\\\/avatar\\\/14e1950ca26d7443d95784cdcfad5cf200bbbc261d085cf9375e018dc286c835?s=96&d=mm&r=g\",\"caption\":\"Loredana Pietri\"},\"description\":\"Responsabile della Biblioteca si impegna nella sua conduzione per migliorarne i Servizi\",\"sameAs\":[\"https:\\\/\\\/www.istitutostudisindacali.net\\\/biblioteca\"],\"url\":\"https:\\\/\\\/www.istitutostudisindacali.net\\\/bibliotecablog\\\/author\\\/loredana-pietri\\\/\"}]}<\/script>\n<!-- \/ Yoast SEO plugin. -->","yoast_head_json":{"title":"\"Craxi il potere e la stampa\" - Blog della Biblioteca","robots":{"index":"index","follow":"follow","max-snippet":"max-snippet:-1","max-image-preview":"max-image-preview:large","max-video-preview":"max-video-preview:-1"},"canonical":"https:\/\/www.istitutostudisindacali.net\/bibliotecablog\/2018\/07\/09\/craxi-il-potere-e-la-stampa\/","og_locale":"it_IT","og_type":"article","og_title":"\"Craxi il potere e la stampa\" - Blog della Biblioteca","og_description":"9 luglio 1979. Il nuovo Presidente della Repubblica Sandro Pertini affida l&#8217;incarico di formare il Governo al Socialista Bettino Craxi. [&#8230;]LA SETTIMANA NERA (23-29 gennaio 1984) I giorni della grande tempesta per il governo Craxi, che sta per compiere i sei mesi di vita, cominciano venerd\u00ec 20 gennaio 1984, il giorno dei santi Sebastiano e [&hellip;]","og_url":"https:\/\/www.istitutostudisindacali.net\/bibliotecablog\/2018\/07\/09\/craxi-il-potere-e-la-stampa\/","og_site_name":"Blog della Biblioteca","article_published_time":"2018-07-09T11:51:04+00:00","article_modified_time":"2023-02-04T18:12:30+00:00","og_image":[{"width":600,"height":315,"url":"https:\/\/www.istitutostudisindacali.net\/bibliotecablog\/wp-content\/uploads\/sites\/17\/2018\/07\/craxi1.jpg","type":"image\/jpeg"}],"author":"Loredana Pietri","twitter_card":"summary_large_image","twitter_misc":{"Scritto da":"Loredana Pietri","Tempo di lettura stimato":"4 minuti"},"schema":{"@context":"https:\/\/schema.org","@graph":[{"@type":"Article","@id":"https:\/\/www.istitutostudisindacali.net\/bibliotecablog\/2018\/07\/09\/craxi-il-potere-e-la-stampa\/#article","isPartOf":{"@id":"https:\/\/www.istitutostudisindacali.net\/bibliotecablog\/2018\/07\/09\/craxi-il-potere-e-la-stampa\/"},"author":{"name":"Loredana Pietri","@id":"https:\/\/www.istitutostudisindacali.net\/bibliotecablog\/#\/schema\/person\/67df37a680cbbc103a59f61989c3f7e0"},"headline":"&#8220;Craxi il potere e la stampa&#8221;","datePublished":"2018-07-09T11:51:04+00:00","dateModified":"2023-02-04T18:12:30+00:00","mainEntityOfPage":{"@id":"https:\/\/www.istitutostudisindacali.net\/bibliotecablog\/2018\/07\/09\/craxi-il-potere-e-la-stampa\/"},"wordCount":719,"image":{"@id":"https:\/\/www.istitutostudisindacali.net\/bibliotecablog\/2018\/07\/09\/craxi-il-potere-e-la-stampa\/#primaryimage"},"thumbnailUrl":"https:\/\/www.istitutostudisindacali.net\/bibliotecablog\/wp-content\/uploads\/sites\/17\/2018\/07\/craxi1.jpg","articleSection":["Politica"],"inLanguage":"it-IT"},{"@type":"WebPage","@id":"https:\/\/www.istitutostudisindacali.net\/bibliotecablog\/2018\/07\/09\/craxi-il-potere-e-la-stampa\/","url":"https:\/\/www.istitutostudisindacali.net\/bibliotecablog\/2018\/07\/09\/craxi-il-potere-e-la-stampa\/","name":"\"Craxi il potere e la stampa\" - Blog della Biblioteca","isPartOf":{"@id":"https:\/\/www.istitutostudisindacali.net\/bibliotecablog\/#website"},"primaryImageOfPage":{"@id":"https:\/\/www.istitutostudisindacali.net\/bibliotecablog\/2018\/07\/09\/craxi-il-potere-e-la-stampa\/#primaryimage"},"image":{"@id":"https:\/\/www.istitutostudisindacali.net\/bibliotecablog\/2018\/07\/09\/craxi-il-potere-e-la-stampa\/#primaryimage"},"thumbnailUrl":"https:\/\/www.istitutostudisindacali.net\/bibliotecablog\/wp-content\/uploads\/sites\/17\/2018\/07\/craxi1.jpg","datePublished":"2018-07-09T11:51:04+00:00","dateModified":"2023-02-04T18:12:30+00:00","author":{"@id":"https:\/\/www.istitutostudisindacali.net\/bibliotecablog\/#\/schema\/person\/67df37a680cbbc103a59f61989c3f7e0"},"breadcrumb":{"@id":"https:\/\/www.istitutostudisindacali.net\/bibliotecablog\/2018\/07\/09\/craxi-il-potere-e-la-stampa\/#breadcrumb"},"inLanguage":"it-IT","potentialAction":[{"@type":"ReadAction","target":["https:\/\/www.istitutostudisindacali.net\/bibliotecablog\/2018\/07\/09\/craxi-il-potere-e-la-stampa\/"]}]},{"@type":"ImageObject","inLanguage":"it-IT","@id":"https:\/\/www.istitutostudisindacali.net\/bibliotecablog\/2018\/07\/09\/craxi-il-potere-e-la-stampa\/#primaryimage","url":"https:\/\/www.istitutostudisindacali.net\/bibliotecablog\/wp-content\/uploads\/sites\/17\/2018\/07\/craxi1.jpg","contentUrl":"https:\/\/www.istitutostudisindacali.net\/bibliotecablog\/wp-content\/uploads\/sites\/17\/2018\/07\/craxi1.jpg","width":600,"height":315},{"@type":"BreadcrumbList","@id":"https:\/\/www.istitutostudisindacali.net\/bibliotecablog\/2018\/07\/09\/craxi-il-potere-e-la-stampa\/#breadcrumb","itemListElement":[{"@type":"ListItem","position":1,"name":"Home","item":"https:\/\/www.istitutostudisindacali.net\/bibliotecablog\/"},{"@type":"ListItem","position":2,"name":"&#8220;Craxi il potere e la stampa&#8221;"}]},{"@type":"WebSite","@id":"https:\/\/www.istitutostudisindacali.net\/bibliotecablog\/#website","url":"https:\/\/www.istitutostudisindacali.net\/bibliotecablog\/","name":"Blog della Biblioteca","description":"Arturo Chiari","potentialAction":[{"@type":"SearchAction","target":{"@type":"EntryPoint","urlTemplate":"https:\/\/www.istitutostudisindacali.net\/bibliotecablog\/?s={search_term_string}"},"query-input":{"@type":"PropertyValueSpecification","valueRequired":true,"valueName":"search_term_string"}}],"inLanguage":"it-IT"},{"@type":"Person","@id":"https:\/\/www.istitutostudisindacali.net\/bibliotecablog\/#\/schema\/person\/67df37a680cbbc103a59f61989c3f7e0","name":"Loredana Pietri","image":{"@type":"ImageObject","inLanguage":"it-IT","@id":"https:\/\/secure.gravatar.com\/avatar\/14e1950ca26d7443d95784cdcfad5cf200bbbc261d085cf9375e018dc286c835?s=96&d=mm&r=g","url":"https:\/\/secure.gravatar.com\/avatar\/14e1950ca26d7443d95784cdcfad5cf200bbbc261d085cf9375e018dc286c835?s=96&d=mm&r=g","contentUrl":"https:\/\/secure.gravatar.com\/avatar\/14e1950ca26d7443d95784cdcfad5cf200bbbc261d085cf9375e018dc286c835?s=96&d=mm&r=g","caption":"Loredana Pietri"},"description":"Responsabile della Biblioteca si impegna nella sua conduzione per migliorarne i Servizi","sameAs":["https:\/\/www.istitutostudisindacali.net\/biblioteca"],"url":"https:\/\/www.istitutostudisindacali.net\/bibliotecablog\/author\/loredana-pietri\/"}]}},"jetpack_featured_media_url":"https:\/\/www.istitutostudisindacali.net\/bibliotecablog\/wp-content\/uploads\/sites\/17\/2018\/07\/craxi1.jpg","jetpack_sharing_enabled":true,"_links":{"self":[{"href":"https:\/\/www.istitutostudisindacali.net\/bibliotecablog\/wp-json\/wp\/v2\/posts\/340","targetHints":{"allow":["GET"]}}],"collection":[{"href":"https:\/\/www.istitutostudisindacali.net\/bibliotecablog\/wp-json\/wp\/v2\/posts"}],"about":[{"href":"https:\/\/www.istitutostudisindacali.net\/bibliotecablog\/wp-json\/wp\/v2\/types\/post"}],"author":[{"embeddable":true,"href":"https:\/\/www.istitutostudisindacali.net\/bibliotecablog\/wp-json\/wp\/v2\/users\/7"}],"replies":[{"embeddable":true,"href":"https:\/\/www.istitutostudisindacali.net\/bibliotecablog\/wp-json\/wp\/v2\/comments?post=340"}],"version-history":[{"count":1,"href":"https:\/\/www.istitutostudisindacali.net\/bibliotecablog\/wp-json\/wp\/v2\/posts\/340\/revisions"}],"predecessor-version":[{"id":4600,"href":"https:\/\/www.istitutostudisindacali.net\/bibliotecablog\/wp-json\/wp\/v2\/posts\/340\/revisions\/4600"}],"wp:featuredmedia":[{"embeddable":true,"href":"https:\/\/www.istitutostudisindacali.net\/bibliotecablog\/wp-json\/wp\/v2\/media\/372"}],"wp:attachment":[{"href":"https:\/\/www.istitutostudisindacali.net\/bibliotecablog\/wp-json\/wp\/v2\/media?parent=340"}],"wp:term":[{"taxonomy":"category","embeddable":true,"href":"https:\/\/www.istitutostudisindacali.net\/bibliotecablog\/wp-json\/wp\/v2\/categories?post=340"},{"taxonomy":"post_tag","embeddable":true,"href":"https:\/\/www.istitutostudisindacali.net\/bibliotecablog\/wp-json\/wp\/v2\/tags?post=340"}],"curies":[{"name":"wp","href":"https:\/\/api.w.org\/{rel}","templated":true}]}}