{"id":339,"date":"2018-07-02T12:52:28","date_gmt":"2018-07-02T10:52:28","guid":{"rendered":"https:\/\/bibliotecarturochiari.wordpress.com\/?p=191"},"modified":"2023-02-04T19:12:31","modified_gmt":"2023-02-04T18:12:31","slug":"per-i-sessantotto-anni-della-uil","status":"publish","type":"post","link":"https:\/\/www.istitutostudisindacali.net\/bibliotecablog\/2018\/07\/02\/per-i-sessantotto-anni-della-uil\/","title":{"rendered":"Per i sessantotto anni della UIL"},"content":{"rendered":"<p style=\"text-align:justify\">Ogni compleanno dopo gli \u201canta\u201d presume un passaggio, anche veloce, un bilancio sulle vicende che hanno caratterizzato il percorso di vita per poter guardare con ottimismo o severit\u00e0 alla prosecuzione \u201cdell\u2019avventura\u201d.<\/p>\n<p style=\"text-align:justify\">Per le organizzazioni complesse e articolate diventa difficile poter ragionare distesamente, immaginando pregi e difetti equamente distribuiti, poich\u00e9 scelte e decisioni sono state prese da persone diverse e in periodi storici e contingenze sociali differenti.<\/p>\n<p style=\"text-align:justify\">Ma, anche se pu\u00f2 sembrare un gioco, un esercizio di fantasia, le vicende che hanno portato la UIL a festeggiare questa ricorrenza sono tutte presenti ed offrono un\u2019occasione per parlare di noi.<\/p>\n<p style=\"text-align:justify\">Di un sindacato che quotidianamente da sessantotto anni prova e riesce ad essere vicino a chi lavora, a chi cerca di reggere l\u2019urto delle crisi imprenditoriali e dei valori che hanno fatto forte la nostra democrazia e a chi non si scoraggia davanti alle minacce e alle intimidazioni ideologiche o mafiose.<\/p>\n<p style=\"text-align:justify\">Un impegno che dal passato ad oggi segna la differenza tra chi crede o no che ci sia anche solo una possibilit\u00e0 di migliorare la realt\u00e0 che ci circonda.<\/p>\n<p style=\"text-align:justify\">Certo il mondo \u00e8 cambiato. Le tecnologie sono state travolgenti nel tempo e il lavoro e le modalit\u00e0 delle relazioni hanno subito particolari modificazioni.<\/p>\n<p style=\"text-align:justify\">Ci sono stati mutamenti qualitativi nella direzione di un nuovo tipo di sviluppo economico.<\/p>\n<p style=\"text-align:justify\">Tuttavia, nonostante ci\u00f2, il valore della solidariet\u00e0, della partecipazione democratica, la diffusione della consapevolezza che sono necessarie risposte concrete ai bisogni delle nuove generazioni, la ricetta dell\u2019unit\u00e0 che deve indirizzare l\u2019azione hanno permesso alla UIL di continuare ad essere un soggetto centrale nell\u2019iniziativa sindacale.<\/p>\n<p style=\"text-align:justify\">Il tempo trascorso ha consegnato alla storia italiana il sindacato che pragmaticamente indica soluzioni e suggerisce percorsi e riforme che permettono al lavoratore di riappropriarsi del proprio ruolo di cittadino.<\/p>\n<p style=\"text-align:justify\">Questa riflessione porta ad avere una cognizione sulle grandi conquiste che hanno accompagnato la crescita di questo Paese &#8211; perch\u00e9 \u00e8 bene chiarirlo una volta per tutte che la storia della UIL \u00e8 parte della storia di questo Paese &#8211; come sulle scelte pratiche e contingenti che continuamente le lavoratrici e i lavoratori hanno chiesto, chiedono e chiederanno di fare, e che molte volte \u201caltrove\u201d non si ha il coraggio di compiere.<\/p>\n<p style=\"text-align:justify\">Sulla tutela e sull\u2019assistenza che i pi\u00f9 deboli reclamano, laddove non sempre trovano interlocutori capaci di capire e impegnarsi, sulle risposte ai giovani e a chi ha perduto il lavoro.<\/p>\n<p style=\"text-align:justify\">I confronti su situazioni fondamentali come il rapporto con i nuovi lavori, la robotizzazione dei processi produttivi, le nuove flessibilit\u00e0, la crisi del welfare, come ora si conosce, insieme con un diverso rapporto con l\u2019Europa e gli organismi internazionali sono divenute le sfide del futuro immediato.<\/p>\n<p style=\"text-align:justify\">Laddove sono necessarie indicazioni concrete di cosa si possa fare per la difesa del lavoro e dei lavoratori.<\/p>\n<p style=\"text-align:justify\">In questo contesto, questo compleanno giunge con il congresso di giugno alle porte e in particolare, con la Uil in crescita.<\/p>\n<p style=\"text-align:justify\">Questo risultato \u00e8 entusiasmante e i suoi frutti sono il risultato premiante dell\u2019impegno del lavoro svolto in questi ultimi anni dalla nostra Organizzazione, a tutti i suoi livelli, dai singoli delegati sino alle strutture nazionali.<\/p>\n<p style=\"text-align:justify\">E questo, consentitemelo, \u00e8 la ciliegina sulla torta.<\/p>\n<p style=\"text-align:justify\"><strong>Paolo Saija &#8211;\u00a0<\/strong><strong>Istituto di Studi Sindacali Italo Viglianesi<\/strong><\/p>\n","protected":false},"excerpt":{"rendered":"<p>Ogni compleanno dopo gli \u201canta\u201d presume un passaggio, anche veloce, un bilancio sulle vicende che hanno caratterizzato il percorso di vita per poter guardare con ottimismo o severit\u00e0 alla prosecuzione \u201cdell\u2019avventura\u201d. Per le organizzazioni complesse e articolate diventa difficile poter ragionare distesamente, immaginando pregi e difetti equamente distribuiti, poich\u00e9 scelte e decisioni sono state prese [&hellip;]<\/p>\n","protected":false},"author":7,"featured_media":342,"comment_status":"closed","ping_status":"closed","sticky":false,"template":"","format":"standard","meta":{"_et_pb_use_builder":"","_et_pb_old_content":"","_et_gb_content_width":"","ngg_post_thumbnail":0,"_jetpack_memberships_contains_paid_content":false,"footnotes":""},"categories":[12],"tags":[],"class_list":["post-339","post","type-post","status-publish","format-standard","has-post-thumbnail","hentry","category-sindacato","et-has-post-format-content","et_post_format-et-post-format-standard"],"yoast_head":"<!-- This site is optimized with the Yoast SEO plugin v27.4 - https:\/\/yoast.com\/product\/yoast-seo-wordpress\/ -->\n<title>Per i sessantotto anni della UIL - Blog della Biblioteca<\/title>\n<meta name=\"robots\" content=\"index, follow, max-snippet:-1, max-image-preview:large, max-video-preview:-1\" \/>\n<link rel=\"canonical\" href=\"https:\/\/www.istitutostudisindacali.net\/bibliotecablog\/2018\/07\/02\/per-i-sessantotto-anni-della-uil\/\" \/>\n<meta property=\"og:locale\" content=\"it_IT\" \/>\n<meta property=\"og:type\" content=\"article\" \/>\n<meta property=\"og:title\" content=\"Per i sessantotto anni della UIL - Blog della Biblioteca\" \/>\n<meta property=\"og:description\" content=\"Ogni compleanno dopo gli \u201canta\u201d presume un passaggio, anche veloce, un bilancio sulle vicende che hanno caratterizzato il percorso di vita per poter guardare con ottimismo o severit\u00e0 alla prosecuzione \u201cdell\u2019avventura\u201d. Per le organizzazioni complesse e articolate diventa difficile poter ragionare distesamente, immaginando pregi e difetti equamente distribuiti, poich\u00e9 scelte e decisioni sono state prese [&hellip;]\" \/>\n<meta property=\"og:url\" content=\"https:\/\/www.istitutostudisindacali.net\/bibliotecablog\/2018\/07\/02\/per-i-sessantotto-anni-della-uil\/\" \/>\n<meta property=\"og:site_name\" content=\"Blog della Biblioteca\" \/>\n<meta property=\"article:published_time\" content=\"2018-07-02T10:52:28+00:00\" \/>\n<meta property=\"article:modified_time\" content=\"2023-02-04T18:12:31+00:00\" \/>\n<meta property=\"og:image\" content=\"https:\/\/www.istitutostudisindacali.net\/bibliotecablog\/wp-content\/uploads\/sites\/17\/2018\/07\/cropped-20180504_081205.jpg\" \/>\n\t<meta property=\"og:image:width\" content=\"1980\" \/>\n\t<meta property=\"og:image:height\" content=\"1390\" \/>\n\t<meta property=\"og:image:type\" content=\"image\/jpeg\" \/>\n<meta name=\"author\" content=\"Loredana Pietri\" \/>\n<meta name=\"twitter:card\" content=\"summary_large_image\" \/>\n<meta name=\"twitter:label1\" content=\"Scritto da\" \/>\n\t<meta name=\"twitter:data1\" content=\"Loredana Pietri\" \/>\n\t<meta name=\"twitter:label2\" content=\"Tempo di lettura stimato\" \/>\n\t<meta name=\"twitter:data2\" content=\"3 minuti\" \/>\n<script type=\"application\/ld+json\" class=\"yoast-schema-graph\">{\"@context\":\"https:\\\/\\\/schema.org\",\"@graph\":[{\"@type\":\"Article\",\"@id\":\"https:\\\/\\\/www.istitutostudisindacali.net\\\/bibliotecablog\\\/2018\\\/07\\\/02\\\/per-i-sessantotto-anni-della-uil\\\/#article\",\"isPartOf\":{\"@id\":\"https:\\\/\\\/www.istitutostudisindacali.net\\\/bibliotecablog\\\/2018\\\/07\\\/02\\\/per-i-sessantotto-anni-della-uil\\\/\"},\"author\":{\"name\":\"Loredana Pietri\",\"@id\":\"https:\\\/\\\/www.istitutostudisindacali.net\\\/bibliotecablog\\\/#\\\/schema\\\/person\\\/67df37a680cbbc103a59f61989c3f7e0\"},\"headline\":\"Per i sessantotto anni della UIL\",\"datePublished\":\"2018-07-02T10:52:28+00:00\",\"dateModified\":\"2023-02-04T18:12:31+00:00\",\"mainEntityOfPage\":{\"@id\":\"https:\\\/\\\/www.istitutostudisindacali.net\\\/bibliotecablog\\\/2018\\\/07\\\/02\\\/per-i-sessantotto-anni-della-uil\\\/\"},\"wordCount\":539,\"image\":{\"@id\":\"https:\\\/\\\/www.istitutostudisindacali.net\\\/bibliotecablog\\\/2018\\\/07\\\/02\\\/per-i-sessantotto-anni-della-uil\\\/#primaryimage\"},\"thumbnailUrl\":\"https:\\\/\\\/www.istitutostudisindacali.net\\\/bibliotecablog\\\/wp-content\\\/uploads\\\/sites\\\/17\\\/2018\\\/07\\\/cropped-20180504_081205.jpg\",\"articleSection\":[\"Sindacato\"],\"inLanguage\":\"it-IT\"},{\"@type\":\"WebPage\",\"@id\":\"https:\\\/\\\/www.istitutostudisindacali.net\\\/bibliotecablog\\\/2018\\\/07\\\/02\\\/per-i-sessantotto-anni-della-uil\\\/\",\"url\":\"https:\\\/\\\/www.istitutostudisindacali.net\\\/bibliotecablog\\\/2018\\\/07\\\/02\\\/per-i-sessantotto-anni-della-uil\\\/\",\"name\":\"Per i sessantotto anni della UIL - Blog della Biblioteca\",\"isPartOf\":{\"@id\":\"https:\\\/\\\/www.istitutostudisindacali.net\\\/bibliotecablog\\\/#website\"},\"primaryImageOfPage\":{\"@id\":\"https:\\\/\\\/www.istitutostudisindacali.net\\\/bibliotecablog\\\/2018\\\/07\\\/02\\\/per-i-sessantotto-anni-della-uil\\\/#primaryimage\"},\"image\":{\"@id\":\"https:\\\/\\\/www.istitutostudisindacali.net\\\/bibliotecablog\\\/2018\\\/07\\\/02\\\/per-i-sessantotto-anni-della-uil\\\/#primaryimage\"},\"thumbnailUrl\":\"https:\\\/\\\/www.istitutostudisindacali.net\\\/bibliotecablog\\\/wp-content\\\/uploads\\\/sites\\\/17\\\/2018\\\/07\\\/cropped-20180504_081205.jpg\",\"datePublished\":\"2018-07-02T10:52:28+00:00\",\"dateModified\":\"2023-02-04T18:12:31+00:00\",\"author\":{\"@id\":\"https:\\\/\\\/www.istitutostudisindacali.net\\\/bibliotecablog\\\/#\\\/schema\\\/person\\\/67df37a680cbbc103a59f61989c3f7e0\"},\"breadcrumb\":{\"@id\":\"https:\\\/\\\/www.istitutostudisindacali.net\\\/bibliotecablog\\\/2018\\\/07\\\/02\\\/per-i-sessantotto-anni-della-uil\\\/#breadcrumb\"},\"inLanguage\":\"it-IT\",\"potentialAction\":[{\"@type\":\"ReadAction\",\"target\":[\"https:\\\/\\\/www.istitutostudisindacali.net\\\/bibliotecablog\\\/2018\\\/07\\\/02\\\/per-i-sessantotto-anni-della-uil\\\/\"]}]},{\"@type\":\"ImageObject\",\"inLanguage\":\"it-IT\",\"@id\":\"https:\\\/\\\/www.istitutostudisindacali.net\\\/bibliotecablog\\\/2018\\\/07\\\/02\\\/per-i-sessantotto-anni-della-uil\\\/#primaryimage\",\"url\":\"https:\\\/\\\/www.istitutostudisindacali.net\\\/bibliotecablog\\\/wp-content\\\/uploads\\\/sites\\\/17\\\/2018\\\/07\\\/cropped-20180504_081205.jpg\",\"contentUrl\":\"https:\\\/\\\/www.istitutostudisindacali.net\\\/bibliotecablog\\\/wp-content\\\/uploads\\\/sites\\\/17\\\/2018\\\/07\\\/cropped-20180504_081205.jpg\",\"width\":1980,\"height\":1390},{\"@type\":\"BreadcrumbList\",\"@id\":\"https:\\\/\\\/www.istitutostudisindacali.net\\\/bibliotecablog\\\/2018\\\/07\\\/02\\\/per-i-sessantotto-anni-della-uil\\\/#breadcrumb\",\"itemListElement\":[{\"@type\":\"ListItem\",\"position\":1,\"name\":\"Home\",\"item\":\"https:\\\/\\\/www.istitutostudisindacali.net\\\/bibliotecablog\\\/\"},{\"@type\":\"ListItem\",\"position\":2,\"name\":\"Per i sessantotto anni della UIL\"}]},{\"@type\":\"WebSite\",\"@id\":\"https:\\\/\\\/www.istitutostudisindacali.net\\\/bibliotecablog\\\/#website\",\"url\":\"https:\\\/\\\/www.istitutostudisindacali.net\\\/bibliotecablog\\\/\",\"name\":\"Blog della Biblioteca\",\"description\":\"Arturo Chiari\",\"potentialAction\":[{\"@type\":\"SearchAction\",\"target\":{\"@type\":\"EntryPoint\",\"urlTemplate\":\"https:\\\/\\\/www.istitutostudisindacali.net\\\/bibliotecablog\\\/?s={search_term_string}\"},\"query-input\":{\"@type\":\"PropertyValueSpecification\",\"valueRequired\":true,\"valueName\":\"search_term_string\"}}],\"inLanguage\":\"it-IT\"},{\"@type\":\"Person\",\"@id\":\"https:\\\/\\\/www.istitutostudisindacali.net\\\/bibliotecablog\\\/#\\\/schema\\\/person\\\/67df37a680cbbc103a59f61989c3f7e0\",\"name\":\"Loredana Pietri\",\"image\":{\"@type\":\"ImageObject\",\"inLanguage\":\"it-IT\",\"@id\":\"https:\\\/\\\/secure.gravatar.com\\\/avatar\\\/14e1950ca26d7443d95784cdcfad5cf200bbbc261d085cf9375e018dc286c835?s=96&d=mm&r=g\",\"url\":\"https:\\\/\\\/secure.gravatar.com\\\/avatar\\\/14e1950ca26d7443d95784cdcfad5cf200bbbc261d085cf9375e018dc286c835?s=96&d=mm&r=g\",\"contentUrl\":\"https:\\\/\\\/secure.gravatar.com\\\/avatar\\\/14e1950ca26d7443d95784cdcfad5cf200bbbc261d085cf9375e018dc286c835?s=96&d=mm&r=g\",\"caption\":\"Loredana Pietri\"},\"description\":\"Responsabile della Biblioteca si impegna nella sua conduzione per migliorarne i Servizi\",\"sameAs\":[\"https:\\\/\\\/www.istitutostudisindacali.net\\\/biblioteca\"],\"url\":\"https:\\\/\\\/www.istitutostudisindacali.net\\\/bibliotecablog\\\/author\\\/loredana-pietri\\\/\"}]}<\/script>\n<!-- \/ Yoast SEO plugin. -->","yoast_head_json":{"title":"Per i sessantotto anni della UIL - Blog della Biblioteca","robots":{"index":"index","follow":"follow","max-snippet":"max-snippet:-1","max-image-preview":"max-image-preview:large","max-video-preview":"max-video-preview:-1"},"canonical":"https:\/\/www.istitutostudisindacali.net\/bibliotecablog\/2018\/07\/02\/per-i-sessantotto-anni-della-uil\/","og_locale":"it_IT","og_type":"article","og_title":"Per i sessantotto anni della UIL - Blog della Biblioteca","og_description":"Ogni compleanno dopo gli \u201canta\u201d presume un passaggio, anche veloce, un bilancio sulle vicende che hanno caratterizzato il percorso di vita per poter guardare con ottimismo o severit\u00e0 alla prosecuzione \u201cdell\u2019avventura\u201d. Per le organizzazioni complesse e articolate diventa difficile poter ragionare distesamente, immaginando pregi e difetti equamente distribuiti, poich\u00e9 scelte e decisioni sono state prese [&hellip;]","og_url":"https:\/\/www.istitutostudisindacali.net\/bibliotecablog\/2018\/07\/02\/per-i-sessantotto-anni-della-uil\/","og_site_name":"Blog della Biblioteca","article_published_time":"2018-07-02T10:52:28+00:00","article_modified_time":"2023-02-04T18:12:31+00:00","og_image":[{"width":1980,"height":1390,"url":"https:\/\/www.istitutostudisindacali.net\/bibliotecablog\/wp-content\/uploads\/sites\/17\/2018\/07\/cropped-20180504_081205.jpg","type":"image\/jpeg"}],"author":"Loredana Pietri","twitter_card":"summary_large_image","twitter_misc":{"Scritto da":"Loredana Pietri","Tempo di lettura stimato":"3 minuti"},"schema":{"@context":"https:\/\/schema.org","@graph":[{"@type":"Article","@id":"https:\/\/www.istitutostudisindacali.net\/bibliotecablog\/2018\/07\/02\/per-i-sessantotto-anni-della-uil\/#article","isPartOf":{"@id":"https:\/\/www.istitutostudisindacali.net\/bibliotecablog\/2018\/07\/02\/per-i-sessantotto-anni-della-uil\/"},"author":{"name":"Loredana Pietri","@id":"https:\/\/www.istitutostudisindacali.net\/bibliotecablog\/#\/schema\/person\/67df37a680cbbc103a59f61989c3f7e0"},"headline":"Per i sessantotto anni della UIL","datePublished":"2018-07-02T10:52:28+00:00","dateModified":"2023-02-04T18:12:31+00:00","mainEntityOfPage":{"@id":"https:\/\/www.istitutostudisindacali.net\/bibliotecablog\/2018\/07\/02\/per-i-sessantotto-anni-della-uil\/"},"wordCount":539,"image":{"@id":"https:\/\/www.istitutostudisindacali.net\/bibliotecablog\/2018\/07\/02\/per-i-sessantotto-anni-della-uil\/#primaryimage"},"thumbnailUrl":"https:\/\/www.istitutostudisindacali.net\/bibliotecablog\/wp-content\/uploads\/sites\/17\/2018\/07\/cropped-20180504_081205.jpg","articleSection":["Sindacato"],"inLanguage":"it-IT"},{"@type":"WebPage","@id":"https:\/\/www.istitutostudisindacali.net\/bibliotecablog\/2018\/07\/02\/per-i-sessantotto-anni-della-uil\/","url":"https:\/\/www.istitutostudisindacali.net\/bibliotecablog\/2018\/07\/02\/per-i-sessantotto-anni-della-uil\/","name":"Per i sessantotto anni della UIL - Blog della Biblioteca","isPartOf":{"@id":"https:\/\/www.istitutostudisindacali.net\/bibliotecablog\/#website"},"primaryImageOfPage":{"@id":"https:\/\/www.istitutostudisindacali.net\/bibliotecablog\/2018\/07\/02\/per-i-sessantotto-anni-della-uil\/#primaryimage"},"image":{"@id":"https:\/\/www.istitutostudisindacali.net\/bibliotecablog\/2018\/07\/02\/per-i-sessantotto-anni-della-uil\/#primaryimage"},"thumbnailUrl":"https:\/\/www.istitutostudisindacali.net\/bibliotecablog\/wp-content\/uploads\/sites\/17\/2018\/07\/cropped-20180504_081205.jpg","datePublished":"2018-07-02T10:52:28+00:00","dateModified":"2023-02-04T18:12:31+00:00","author":{"@id":"https:\/\/www.istitutostudisindacali.net\/bibliotecablog\/#\/schema\/person\/67df37a680cbbc103a59f61989c3f7e0"},"breadcrumb":{"@id":"https:\/\/www.istitutostudisindacali.net\/bibliotecablog\/2018\/07\/02\/per-i-sessantotto-anni-della-uil\/#breadcrumb"},"inLanguage":"it-IT","potentialAction":[{"@type":"ReadAction","target":["https:\/\/www.istitutostudisindacali.net\/bibliotecablog\/2018\/07\/02\/per-i-sessantotto-anni-della-uil\/"]}]},{"@type":"ImageObject","inLanguage":"it-IT","@id":"https:\/\/www.istitutostudisindacali.net\/bibliotecablog\/2018\/07\/02\/per-i-sessantotto-anni-della-uil\/#primaryimage","url":"https:\/\/www.istitutostudisindacali.net\/bibliotecablog\/wp-content\/uploads\/sites\/17\/2018\/07\/cropped-20180504_081205.jpg","contentUrl":"https:\/\/www.istitutostudisindacali.net\/bibliotecablog\/wp-content\/uploads\/sites\/17\/2018\/07\/cropped-20180504_081205.jpg","width":1980,"height":1390},{"@type":"BreadcrumbList","@id":"https:\/\/www.istitutostudisindacali.net\/bibliotecablog\/2018\/07\/02\/per-i-sessantotto-anni-della-uil\/#breadcrumb","itemListElement":[{"@type":"ListItem","position":1,"name":"Home","item":"https:\/\/www.istitutostudisindacali.net\/bibliotecablog\/"},{"@type":"ListItem","position":2,"name":"Per i sessantotto anni della UIL"}]},{"@type":"WebSite","@id":"https:\/\/www.istitutostudisindacali.net\/bibliotecablog\/#website","url":"https:\/\/www.istitutostudisindacali.net\/bibliotecablog\/","name":"Blog della Biblioteca","description":"Arturo Chiari","potentialAction":[{"@type":"SearchAction","target":{"@type":"EntryPoint","urlTemplate":"https:\/\/www.istitutostudisindacali.net\/bibliotecablog\/?s={search_term_string}"},"query-input":{"@type":"PropertyValueSpecification","valueRequired":true,"valueName":"search_term_string"}}],"inLanguage":"it-IT"},{"@type":"Person","@id":"https:\/\/www.istitutostudisindacali.net\/bibliotecablog\/#\/schema\/person\/67df37a680cbbc103a59f61989c3f7e0","name":"Loredana Pietri","image":{"@type":"ImageObject","inLanguage":"it-IT","@id":"https:\/\/secure.gravatar.com\/avatar\/14e1950ca26d7443d95784cdcfad5cf200bbbc261d085cf9375e018dc286c835?s=96&d=mm&r=g","url":"https:\/\/secure.gravatar.com\/avatar\/14e1950ca26d7443d95784cdcfad5cf200bbbc261d085cf9375e018dc286c835?s=96&d=mm&r=g","contentUrl":"https:\/\/secure.gravatar.com\/avatar\/14e1950ca26d7443d95784cdcfad5cf200bbbc261d085cf9375e018dc286c835?s=96&d=mm&r=g","caption":"Loredana Pietri"},"description":"Responsabile della Biblioteca si impegna nella sua conduzione per migliorarne i Servizi","sameAs":["https:\/\/www.istitutostudisindacali.net\/biblioteca"],"url":"https:\/\/www.istitutostudisindacali.net\/bibliotecablog\/author\/loredana-pietri\/"}]}},"jetpack_featured_media_url":"https:\/\/www.istitutostudisindacali.net\/bibliotecablog\/wp-content\/uploads\/sites\/17\/2018\/07\/cropped-20180504_081205.jpg","jetpack_sharing_enabled":true,"_links":{"self":[{"href":"https:\/\/www.istitutostudisindacali.net\/bibliotecablog\/wp-json\/wp\/v2\/posts\/339","targetHints":{"allow":["GET"]}}],"collection":[{"href":"https:\/\/www.istitutostudisindacali.net\/bibliotecablog\/wp-json\/wp\/v2\/posts"}],"about":[{"href":"https:\/\/www.istitutostudisindacali.net\/bibliotecablog\/wp-json\/wp\/v2\/types\/post"}],"author":[{"embeddable":true,"href":"https:\/\/www.istitutostudisindacali.net\/bibliotecablog\/wp-json\/wp\/v2\/users\/7"}],"replies":[{"embeddable":true,"href":"https:\/\/www.istitutostudisindacali.net\/bibliotecablog\/wp-json\/wp\/v2\/comments?post=339"}],"version-history":[{"count":1,"href":"https:\/\/www.istitutostudisindacali.net\/bibliotecablog\/wp-json\/wp\/v2\/posts\/339\/revisions"}],"predecessor-version":[{"id":4602,"href":"https:\/\/www.istitutostudisindacali.net\/bibliotecablog\/wp-json\/wp\/v2\/posts\/339\/revisions\/4602"}],"wp:featuredmedia":[{"embeddable":true,"href":"https:\/\/www.istitutostudisindacali.net\/bibliotecablog\/wp-json\/wp\/v2\/media\/342"}],"wp:attachment":[{"href":"https:\/\/www.istitutostudisindacali.net\/bibliotecablog\/wp-json\/wp\/v2\/media?parent=339"}],"wp:term":[{"taxonomy":"category","embeddable":true,"href":"https:\/\/www.istitutostudisindacali.net\/bibliotecablog\/wp-json\/wp\/v2\/categories?post=339"},{"taxonomy":"post_tag","embeddable":true,"href":"https:\/\/www.istitutostudisindacali.net\/bibliotecablog\/wp-json\/wp\/v2\/tags?post=339"}],"curies":[{"name":"wp","href":"https:\/\/api.w.org\/{rel}","templated":true}]}}