{"id":336,"date":"2018-05-22T12:05:50","date_gmt":"2018-05-22T10:05:50","guid":{"rendered":"https:\/\/bibliotecarturochiari.wordpress.com\/?p=115"},"modified":"2023-02-04T19:12:33","modified_gmt":"2023-02-04T18:12:33","slug":"115","status":"publish","type":"post","link":"https:\/\/www.istitutostudisindacali.net\/bibliotecablog\/2018\/05\/22\/115\/","title":{"rendered":"Giacomo Matteotti eroe socialista"},"content":{"rendered":"<p>[&#8230;] A Matteotti non sfuggiva neppure il nodo dello spazio politico, e in particolare delle dimensioni idonee a favorire o meno il processo riformatore.<br \/>\nNel sua idea di socialismo il problema si riproponeva sotto due profili.<br \/>\nLa logica della socializzazione era alternativa a quella capitalistica, ma era pur sempre ad essa correlata: la grande azienda, l&#8217;ampiezza del marcato e l&#8217;economia di scala, la mobilit\u00e0 degli uomini e dei beni, lo sviluppo tecnologico con l&#8217;industrializ<span class=\"text_exposed_show\">zazione e l&#8217;espansione dei trasporti, la citt\u00e0, l&#8217;istruzione diffusa e perfino il godimento di un maggior tempo libero costituivano requisiti irrinunciabili dello sviluppo, senza il quale sarebbe stato inconcepibile anche il processo di emancipazione.<br \/>\nCi\u00f2 induceva a guardare con sospetto il piccolo, al quale si poteva concedere credito solo se e in quanto tramite l&#8217;associazione riacquistasse quella pi\u00f9 ampia dimensione che lo avrebbe reso idoneo a cogliere le occasioni offerte dallo sviluppo tecnologico e le sollecitazioni del mercato.<br \/>\nPerfino quando parlava della &#8220;campagna senza fine del Polesine&#8221;, Matteotti si sforzava di considerarla come una sorta di &#8220;grande centro&#8221; o &#8220;citt\u00e0&#8221; , purch\u00e9 pervenisse all&#8217;unione dei comuni su scala provinciale.<br \/>\nAl tempo stesso riteneva essenziale conferire allo spazio politico una fisicit\u00e0, possibilmente densa e mobile, come poteva esserlo una rete infrastrutturale che innervasse il sistema locale superando la frammentazione e l&#8217;isolamento, e con ci\u00f2 la condanna all&#8217;inefficienza.<br \/>\nNel Consiglio provinciale di Rovigo, Matteotti dedic\u00f2 molta attenzione al problema delle tranvie a vapore; alla costituzione di una rete intercomunale telefonica, che inizialmente abbracciasse 14 comuni; alla costruzione di un nuovo ponte sull&#8217;Adige; alla manutenzione delle strade provinciali.<br \/>\nA proposito della rete tranviaria si diceva certo la avrebbe incrementato &#8220;la somma dei desideri dei lavoratori&#8221; e &#8220;migliorata la qualit\u00e0 dei piaceri ricercati (viaggi, istruzione generale e professionale) staccandoli cos\u00ec dall&#8217;antica e dai clericali lodata facile contentabilit\u00e0 delle provincie classi povere&#8221;. Insomma, c&#8217;era la fiducia che la mobilit\u00e0, traguardo storicamente inarrivabile per i lavoratori dei campi se non per emigrare, costituisse di per s\u00e9 un fattore di emancipazione culturale, tale da contrastare l&#8217;atavico e passivo attaccamento viscerale al pezzo di terra coltivata.<br \/>\nDa l\u00ec passava lo stesso disegno riformatore della &#8220;grande citt\u00e0&#8221; polesana, che non poteva prescindere dall&#8217;impulso dell&#8217;organizzazione dei lavoratori ne mentre imparavano a gestire la cosa pubblica, dai nuovi organismi economici e sociali improntati alla solidariet\u00e0, e dalla riqualificazione degli enti territoriali.<br \/>\n[&#8230;]<\/span><\/p>\n<div class=\"text_exposed_show\">\n<p>Tratto dal libro &#8220;Giacomo Matteotti eroe socialista&#8221; a cura di Maurizio Degl&#8217;innocenti<\/p>\n<p>Disponibile presso la Biblioteca Nazionale UIL Arturo Chiari<\/p>\n<\/div>\n","protected":false},"excerpt":{"rendered":"<p>[&#8230;] A Matteotti non sfuggiva neppure il nodo dello spazio politico, e in particolare delle dimensioni idonee a favorire o meno il processo riformatore. Nel sua idea di socialismo il problema si riproponeva sotto due profili. La logica della socializzazione era alternativa a quella capitalistica, ma era pur sempre ad essa correlata: la grande azienda, [&hellip;]<\/p>\n","protected":false},"author":7,"featured_media":356,"comment_status":"closed","ping_status":"closed","sticky":false,"template":"","format":"standard","meta":{"_et_pb_use_builder":"","_et_pb_old_content":"","_et_gb_content_width":"","ngg_post_thumbnail":0,"_jetpack_memberships_contains_paid_content":false,"footnotes":""},"categories":[115],"tags":[49,608,609],"class_list":["post-336","post","type-post","status-publish","format-standard","has-post-thumbnail","hentry","category-storia","tag-giacomo-matteotti","tag-riformisti","tag-socialisti","et-has-post-format-content","et_post_format-et-post-format-standard"],"yoast_head":"<!-- This site is optimized with the Yoast SEO plugin v27.4 - https:\/\/yoast.com\/product\/yoast-seo-wordpress\/ -->\n<title>Giacomo Matteotti eroe socialista - Blog della Biblioteca<\/title>\n<meta name=\"robots\" content=\"index, follow, max-snippet:-1, max-image-preview:large, max-video-preview:-1\" \/>\n<link rel=\"canonical\" href=\"https:\/\/www.istitutostudisindacali.net\/bibliotecablog\/2018\/05\/22\/115\/\" \/>\n<meta property=\"og:locale\" content=\"it_IT\" \/>\n<meta property=\"og:type\" content=\"article\" \/>\n<meta property=\"og:title\" content=\"Giacomo Matteotti eroe socialista - Blog della Biblioteca\" \/>\n<meta property=\"og:description\" content=\"[&#8230;] A Matteotti non sfuggiva neppure il nodo dello spazio politico, e in particolare delle dimensioni idonee a favorire o meno il processo riformatore. Nel sua idea di socialismo il problema si riproponeva sotto due profili. La logica della socializzazione era alternativa a quella capitalistica, ma era pur sempre ad essa correlata: la grande azienda, [&hellip;]\" \/>\n<meta property=\"og:url\" content=\"https:\/\/www.istitutostudisindacali.net\/bibliotecablog\/2018\/05\/22\/115\/\" \/>\n<meta property=\"og:site_name\" content=\"Blog della Biblioteca\" \/>\n<meta property=\"article:published_time\" content=\"2018-05-22T10:05:50+00:00\" \/>\n<meta property=\"article:modified_time\" content=\"2023-02-04T18:12:33+00:00\" \/>\n<meta property=\"og:image\" content=\"https:\/\/www.istitutostudisindacali.net\/bibliotecablog\/wp-content\/uploads\/sites\/17\/2018\/07\/matteotti-small1.jpg\" \/>\n\t<meta property=\"og:image:width\" content=\"1729\" \/>\n\t<meta property=\"og:image:height\" content=\"1581\" \/>\n\t<meta property=\"og:image:type\" content=\"image\/jpeg\" \/>\n<meta name=\"author\" content=\"Loredana Pietri\" \/>\n<meta name=\"twitter:card\" content=\"summary_large_image\" \/>\n<meta name=\"twitter:label1\" content=\"Scritto da\" \/>\n\t<meta name=\"twitter:data1\" content=\"Loredana Pietri\" \/>\n\t<meta name=\"twitter:label2\" content=\"Tempo di lettura stimato\" \/>\n\t<meta name=\"twitter:data2\" content=\"2 minuti\" \/>\n<script type=\"application\/ld+json\" class=\"yoast-schema-graph\">{\"@context\":\"https:\\\/\\\/schema.org\",\"@graph\":[{\"@type\":\"Article\",\"@id\":\"https:\\\/\\\/www.istitutostudisindacali.net\\\/bibliotecablog\\\/2018\\\/05\\\/22\\\/115\\\/#article\",\"isPartOf\":{\"@id\":\"https:\\\/\\\/www.istitutostudisindacali.net\\\/bibliotecablog\\\/2018\\\/05\\\/22\\\/115\\\/\"},\"author\":{\"name\":\"Loredana Pietri\",\"@id\":\"https:\\\/\\\/www.istitutostudisindacali.net\\\/bibliotecablog\\\/#\\\/schema\\\/person\\\/67df37a680cbbc103a59f61989c3f7e0\"},\"headline\":\"Giacomo Matteotti eroe socialista\",\"datePublished\":\"2018-05-22T10:05:50+00:00\",\"dateModified\":\"2023-02-04T18:12:33+00:00\",\"mainEntityOfPage\":{\"@id\":\"https:\\\/\\\/www.istitutostudisindacali.net\\\/bibliotecablog\\\/2018\\\/05\\\/22\\\/115\\\/\"},\"wordCount\":420,\"image\":{\"@id\":\"https:\\\/\\\/www.istitutostudisindacali.net\\\/bibliotecablog\\\/2018\\\/05\\\/22\\\/115\\\/#primaryimage\"},\"thumbnailUrl\":\"https:\\\/\\\/www.istitutostudisindacali.net\\\/bibliotecablog\\\/wp-content\\\/uploads\\\/sites\\\/17\\\/2018\\\/07\\\/matteotti-small1.jpg\",\"keywords\":[\"Giacomo Matteotti\",\"Riformisti\",\"Socialisti\"],\"articleSection\":[\"Storia\"],\"inLanguage\":\"it-IT\"},{\"@type\":\"WebPage\",\"@id\":\"https:\\\/\\\/www.istitutostudisindacali.net\\\/bibliotecablog\\\/2018\\\/05\\\/22\\\/115\\\/\",\"url\":\"https:\\\/\\\/www.istitutostudisindacali.net\\\/bibliotecablog\\\/2018\\\/05\\\/22\\\/115\\\/\",\"name\":\"Giacomo Matteotti eroe socialista - Blog della Biblioteca\",\"isPartOf\":{\"@id\":\"https:\\\/\\\/www.istitutostudisindacali.net\\\/bibliotecablog\\\/#website\"},\"primaryImageOfPage\":{\"@id\":\"https:\\\/\\\/www.istitutostudisindacali.net\\\/bibliotecablog\\\/2018\\\/05\\\/22\\\/115\\\/#primaryimage\"},\"image\":{\"@id\":\"https:\\\/\\\/www.istitutostudisindacali.net\\\/bibliotecablog\\\/2018\\\/05\\\/22\\\/115\\\/#primaryimage\"},\"thumbnailUrl\":\"https:\\\/\\\/www.istitutostudisindacali.net\\\/bibliotecablog\\\/wp-content\\\/uploads\\\/sites\\\/17\\\/2018\\\/07\\\/matteotti-small1.jpg\",\"datePublished\":\"2018-05-22T10:05:50+00:00\",\"dateModified\":\"2023-02-04T18:12:33+00:00\",\"author\":{\"@id\":\"https:\\\/\\\/www.istitutostudisindacali.net\\\/bibliotecablog\\\/#\\\/schema\\\/person\\\/67df37a680cbbc103a59f61989c3f7e0\"},\"breadcrumb\":{\"@id\":\"https:\\\/\\\/www.istitutostudisindacali.net\\\/bibliotecablog\\\/2018\\\/05\\\/22\\\/115\\\/#breadcrumb\"},\"inLanguage\":\"it-IT\",\"potentialAction\":[{\"@type\":\"ReadAction\",\"target\":[\"https:\\\/\\\/www.istitutostudisindacali.net\\\/bibliotecablog\\\/2018\\\/05\\\/22\\\/115\\\/\"]}]},{\"@type\":\"ImageObject\",\"inLanguage\":\"it-IT\",\"@id\":\"https:\\\/\\\/www.istitutostudisindacali.net\\\/bibliotecablog\\\/2018\\\/05\\\/22\\\/115\\\/#primaryimage\",\"url\":\"https:\\\/\\\/www.istitutostudisindacali.net\\\/bibliotecablog\\\/wp-content\\\/uploads\\\/sites\\\/17\\\/2018\\\/07\\\/matteotti-small1.jpg\",\"contentUrl\":\"https:\\\/\\\/www.istitutostudisindacali.net\\\/bibliotecablog\\\/wp-content\\\/uploads\\\/sites\\\/17\\\/2018\\\/07\\\/matteotti-small1.jpg\",\"width\":1729,\"height\":1581},{\"@type\":\"BreadcrumbList\",\"@id\":\"https:\\\/\\\/www.istitutostudisindacali.net\\\/bibliotecablog\\\/2018\\\/05\\\/22\\\/115\\\/#breadcrumb\",\"itemListElement\":[{\"@type\":\"ListItem\",\"position\":1,\"name\":\"Home\",\"item\":\"https:\\\/\\\/www.istitutostudisindacali.net\\\/bibliotecablog\\\/\"},{\"@type\":\"ListItem\",\"position\":2,\"name\":\"Giacomo Matteotti eroe socialista\"}]},{\"@type\":\"WebSite\",\"@id\":\"https:\\\/\\\/www.istitutostudisindacali.net\\\/bibliotecablog\\\/#website\",\"url\":\"https:\\\/\\\/www.istitutostudisindacali.net\\\/bibliotecablog\\\/\",\"name\":\"Blog della Biblioteca\",\"description\":\"Arturo Chiari\",\"potentialAction\":[{\"@type\":\"SearchAction\",\"target\":{\"@type\":\"EntryPoint\",\"urlTemplate\":\"https:\\\/\\\/www.istitutostudisindacali.net\\\/bibliotecablog\\\/?s={search_term_string}\"},\"query-input\":{\"@type\":\"PropertyValueSpecification\",\"valueRequired\":true,\"valueName\":\"search_term_string\"}}],\"inLanguage\":\"it-IT\"},{\"@type\":\"Person\",\"@id\":\"https:\\\/\\\/www.istitutostudisindacali.net\\\/bibliotecablog\\\/#\\\/schema\\\/person\\\/67df37a680cbbc103a59f61989c3f7e0\",\"name\":\"Loredana Pietri\",\"image\":{\"@type\":\"ImageObject\",\"inLanguage\":\"it-IT\",\"@id\":\"https:\\\/\\\/secure.gravatar.com\\\/avatar\\\/14e1950ca26d7443d95784cdcfad5cf200bbbc261d085cf9375e018dc286c835?s=96&d=mm&r=g\",\"url\":\"https:\\\/\\\/secure.gravatar.com\\\/avatar\\\/14e1950ca26d7443d95784cdcfad5cf200bbbc261d085cf9375e018dc286c835?s=96&d=mm&r=g\",\"contentUrl\":\"https:\\\/\\\/secure.gravatar.com\\\/avatar\\\/14e1950ca26d7443d95784cdcfad5cf200bbbc261d085cf9375e018dc286c835?s=96&d=mm&r=g\",\"caption\":\"Loredana Pietri\"},\"description\":\"Responsabile della Biblioteca si impegna nella sua conduzione per migliorarne i Servizi\",\"sameAs\":[\"https:\\\/\\\/www.istitutostudisindacali.net\\\/biblioteca\"],\"url\":\"https:\\\/\\\/www.istitutostudisindacali.net\\\/bibliotecablog\\\/author\\\/loredana-pietri\\\/\"}]}<\/script>\n<!-- \/ Yoast SEO plugin. -->","yoast_head_json":{"title":"Giacomo Matteotti eroe socialista - Blog della Biblioteca","robots":{"index":"index","follow":"follow","max-snippet":"max-snippet:-1","max-image-preview":"max-image-preview:large","max-video-preview":"max-video-preview:-1"},"canonical":"https:\/\/www.istitutostudisindacali.net\/bibliotecablog\/2018\/05\/22\/115\/","og_locale":"it_IT","og_type":"article","og_title":"Giacomo Matteotti eroe socialista - Blog della Biblioteca","og_description":"[&#8230;] A Matteotti non sfuggiva neppure il nodo dello spazio politico, e in particolare delle dimensioni idonee a favorire o meno il processo riformatore. Nel sua idea di socialismo il problema si riproponeva sotto due profili. La logica della socializzazione era alternativa a quella capitalistica, ma era pur sempre ad essa correlata: la grande azienda, [&hellip;]","og_url":"https:\/\/www.istitutostudisindacali.net\/bibliotecablog\/2018\/05\/22\/115\/","og_site_name":"Blog della Biblioteca","article_published_time":"2018-05-22T10:05:50+00:00","article_modified_time":"2023-02-04T18:12:33+00:00","og_image":[{"width":1729,"height":1581,"url":"https:\/\/www.istitutostudisindacali.net\/bibliotecablog\/wp-content\/uploads\/sites\/17\/2018\/07\/matteotti-small1.jpg","type":"image\/jpeg"}],"author":"Loredana Pietri","twitter_card":"summary_large_image","twitter_misc":{"Scritto da":"Loredana Pietri","Tempo di lettura stimato":"2 minuti"},"schema":{"@context":"https:\/\/schema.org","@graph":[{"@type":"Article","@id":"https:\/\/www.istitutostudisindacali.net\/bibliotecablog\/2018\/05\/22\/115\/#article","isPartOf":{"@id":"https:\/\/www.istitutostudisindacali.net\/bibliotecablog\/2018\/05\/22\/115\/"},"author":{"name":"Loredana Pietri","@id":"https:\/\/www.istitutostudisindacali.net\/bibliotecablog\/#\/schema\/person\/67df37a680cbbc103a59f61989c3f7e0"},"headline":"Giacomo Matteotti eroe socialista","datePublished":"2018-05-22T10:05:50+00:00","dateModified":"2023-02-04T18:12:33+00:00","mainEntityOfPage":{"@id":"https:\/\/www.istitutostudisindacali.net\/bibliotecablog\/2018\/05\/22\/115\/"},"wordCount":420,"image":{"@id":"https:\/\/www.istitutostudisindacali.net\/bibliotecablog\/2018\/05\/22\/115\/#primaryimage"},"thumbnailUrl":"https:\/\/www.istitutostudisindacali.net\/bibliotecablog\/wp-content\/uploads\/sites\/17\/2018\/07\/matteotti-small1.jpg","keywords":["Giacomo Matteotti","Riformisti","Socialisti"],"articleSection":["Storia"],"inLanguage":"it-IT"},{"@type":"WebPage","@id":"https:\/\/www.istitutostudisindacali.net\/bibliotecablog\/2018\/05\/22\/115\/","url":"https:\/\/www.istitutostudisindacali.net\/bibliotecablog\/2018\/05\/22\/115\/","name":"Giacomo Matteotti eroe socialista - Blog della Biblioteca","isPartOf":{"@id":"https:\/\/www.istitutostudisindacali.net\/bibliotecablog\/#website"},"primaryImageOfPage":{"@id":"https:\/\/www.istitutostudisindacali.net\/bibliotecablog\/2018\/05\/22\/115\/#primaryimage"},"image":{"@id":"https:\/\/www.istitutostudisindacali.net\/bibliotecablog\/2018\/05\/22\/115\/#primaryimage"},"thumbnailUrl":"https:\/\/www.istitutostudisindacali.net\/bibliotecablog\/wp-content\/uploads\/sites\/17\/2018\/07\/matteotti-small1.jpg","datePublished":"2018-05-22T10:05:50+00:00","dateModified":"2023-02-04T18:12:33+00:00","author":{"@id":"https:\/\/www.istitutostudisindacali.net\/bibliotecablog\/#\/schema\/person\/67df37a680cbbc103a59f61989c3f7e0"},"breadcrumb":{"@id":"https:\/\/www.istitutostudisindacali.net\/bibliotecablog\/2018\/05\/22\/115\/#breadcrumb"},"inLanguage":"it-IT","potentialAction":[{"@type":"ReadAction","target":["https:\/\/www.istitutostudisindacali.net\/bibliotecablog\/2018\/05\/22\/115\/"]}]},{"@type":"ImageObject","inLanguage":"it-IT","@id":"https:\/\/www.istitutostudisindacali.net\/bibliotecablog\/2018\/05\/22\/115\/#primaryimage","url":"https:\/\/www.istitutostudisindacali.net\/bibliotecablog\/wp-content\/uploads\/sites\/17\/2018\/07\/matteotti-small1.jpg","contentUrl":"https:\/\/www.istitutostudisindacali.net\/bibliotecablog\/wp-content\/uploads\/sites\/17\/2018\/07\/matteotti-small1.jpg","width":1729,"height":1581},{"@type":"BreadcrumbList","@id":"https:\/\/www.istitutostudisindacali.net\/bibliotecablog\/2018\/05\/22\/115\/#breadcrumb","itemListElement":[{"@type":"ListItem","position":1,"name":"Home","item":"https:\/\/www.istitutostudisindacali.net\/bibliotecablog\/"},{"@type":"ListItem","position":2,"name":"Giacomo Matteotti eroe socialista"}]},{"@type":"WebSite","@id":"https:\/\/www.istitutostudisindacali.net\/bibliotecablog\/#website","url":"https:\/\/www.istitutostudisindacali.net\/bibliotecablog\/","name":"Blog della Biblioteca","description":"Arturo Chiari","potentialAction":[{"@type":"SearchAction","target":{"@type":"EntryPoint","urlTemplate":"https:\/\/www.istitutostudisindacali.net\/bibliotecablog\/?s={search_term_string}"},"query-input":{"@type":"PropertyValueSpecification","valueRequired":true,"valueName":"search_term_string"}}],"inLanguage":"it-IT"},{"@type":"Person","@id":"https:\/\/www.istitutostudisindacali.net\/bibliotecablog\/#\/schema\/person\/67df37a680cbbc103a59f61989c3f7e0","name":"Loredana Pietri","image":{"@type":"ImageObject","inLanguage":"it-IT","@id":"https:\/\/secure.gravatar.com\/avatar\/14e1950ca26d7443d95784cdcfad5cf200bbbc261d085cf9375e018dc286c835?s=96&d=mm&r=g","url":"https:\/\/secure.gravatar.com\/avatar\/14e1950ca26d7443d95784cdcfad5cf200bbbc261d085cf9375e018dc286c835?s=96&d=mm&r=g","contentUrl":"https:\/\/secure.gravatar.com\/avatar\/14e1950ca26d7443d95784cdcfad5cf200bbbc261d085cf9375e018dc286c835?s=96&d=mm&r=g","caption":"Loredana Pietri"},"description":"Responsabile della Biblioteca si impegna nella sua conduzione per migliorarne i Servizi","sameAs":["https:\/\/www.istitutostudisindacali.net\/biblioteca"],"url":"https:\/\/www.istitutostudisindacali.net\/bibliotecablog\/author\/loredana-pietri\/"}]}},"jetpack_featured_media_url":"https:\/\/www.istitutostudisindacali.net\/bibliotecablog\/wp-content\/uploads\/sites\/17\/2018\/07\/matteotti-small1.jpg","jetpack_sharing_enabled":true,"_links":{"self":[{"href":"https:\/\/www.istitutostudisindacali.net\/bibliotecablog\/wp-json\/wp\/v2\/posts\/336","targetHints":{"allow":["GET"]}}],"collection":[{"href":"https:\/\/www.istitutostudisindacali.net\/bibliotecablog\/wp-json\/wp\/v2\/posts"}],"about":[{"href":"https:\/\/www.istitutostudisindacali.net\/bibliotecablog\/wp-json\/wp\/v2\/types\/post"}],"author":[{"embeddable":true,"href":"https:\/\/www.istitutostudisindacali.net\/bibliotecablog\/wp-json\/wp\/v2\/users\/7"}],"replies":[{"embeddable":true,"href":"https:\/\/www.istitutostudisindacali.net\/bibliotecablog\/wp-json\/wp\/v2\/comments?post=336"}],"version-history":[{"count":1,"href":"https:\/\/www.istitutostudisindacali.net\/bibliotecablog\/wp-json\/wp\/v2\/posts\/336\/revisions"}],"predecessor-version":[{"id":4605,"href":"https:\/\/www.istitutostudisindacali.net\/bibliotecablog\/wp-json\/wp\/v2\/posts\/336\/revisions\/4605"}],"wp:featuredmedia":[{"embeddable":true,"href":"https:\/\/www.istitutostudisindacali.net\/bibliotecablog\/wp-json\/wp\/v2\/media\/356"}],"wp:attachment":[{"href":"https:\/\/www.istitutostudisindacali.net\/bibliotecablog\/wp-json\/wp\/v2\/media?parent=336"}],"wp:term":[{"taxonomy":"category","embeddable":true,"href":"https:\/\/www.istitutostudisindacali.net\/bibliotecablog\/wp-json\/wp\/v2\/categories?post=336"},{"taxonomy":"post_tag","embeddable":true,"href":"https:\/\/www.istitutostudisindacali.net\/bibliotecablog\/wp-json\/wp\/v2\/tags?post=336"}],"curies":[{"name":"wp","href":"https:\/\/api.w.org\/{rel}","templated":true}]}}