{"id":314,"date":"2018-05-11T13:23:50","date_gmt":"2018-05-11T11:23:50","guid":{"rendered":"https:\/\/bibliotecarturochiari.wordpress.com\/?p=314"},"modified":"2023-02-04T19:12:34","modified_gmt":"2023-02-04T18:12:34","slug":"sandro-pertini-combattente-per-la-liberta-a-cura-di-stefano-caretti-e-maurizio-delinnocenti","status":"publish","type":"post","link":"https:\/\/www.istitutostudisindacali.net\/bibliotecablog\/2018\/05\/11\/sandro-pertini-combattente-per-la-liberta-a-cura-di-stefano-caretti-e-maurizio-delinnocenti\/","title":{"rendered":"&#8220;Sandro Pertini combattente per la libert\u00e0&#8221; a cura di Stefano Caretti e Maurizio Del&#8217;Innocenti"},"content":{"rendered":"<p style=\"text-align:justify\">[&#8230;] 23 Dicembre 1929<br \/>\nMia buona mamma, son riuscito a procurarmi un pezzo di lapis e un p\u00f2 di carta e tento di scriverti nonostante questi maledetti ferri che mi stringono i polsi. Voglio che ti giungano i miei auguri per il nuovo anno, mamma, e far\u00f2 di tutto perch\u00e8 a Napoli questa mia lettera sia imbucata. Sono qui solo in una piccola cella del vagone cellulare. Mi portano a Napoli e verso il 27 mi porteranno al reclusorio di S. Stefano. Mamma buona e santa, non ti rattrist<span class=\"text_exposed_show\">are per questa mia nuova sorte. Pensa, mamma, che lotto per un&#8217;idea sublime, tutta luce. Oggi pi\u00f9 di ieri io sento d&#8217;amare questa idea. Il carcere rende pi\u00f9 profondo in me questo amore. La condanna, mamma buona, \u00e8 motivo d&#8217;orgoglio per il tuo Sandro, e lo deve essere per te. Se tu sapessi con quale gioia, e con quanta fierezza io alzai dalla gabbia dopo la lettura della sentenza il grido della mia fede&lt;&lt; Viva il Socialismo&gt;&gt;, &lt;&lt;Abbasso il fascismo&gt;&gt;. E allora mi saltarono addosso furenti, turandomi la bocca quasi a soffocarmi, ma io nulla sentivo. Ascoltavo solo il mio cuore battere contento. Scrivi alla buona Signora e diglielo che oggi pi\u00f9 di ieri sono degno del loro affetto. Da che non mi dimentichino. Dirai loro che auguro a tutti un anno fecondo per la nostra causa. Cerchino di lottare sempre e con pi\u00f9 ardore di ieri, perch\u00e9 oggi essi uomini liberi debbono lottare anche per noi costretti all&#8217;inazione, che il mio spirito \u00e8 sempre con loro e sogno la libert\u00e0 solo per riprendere fra di loro il mio posto di combattimento. Vorrei che il mio saluto giungesse in modo particolare al maestro ed ai miei compagni di lavoro, che non dimentico. Fu lavorando con essi, che io conobbi tanto bene quanto prima ignoravo, e che arricchii di pregio e virt\u00f9 il mio animo, rendendolo capace di affrontare serenamente prove come questa. Sappiamo che a S. Stefano vi si trovano Ziniboni e Terracini, mi sar\u00e0 difficile per\u00f2 vederli per\u00f2 dovr\u00f2 fare circa 20 mesi di segregazione cellulare. Gramsci \u00e8 ammalato gravemente Scacianna \u00e8 tisico il Tulli \u00e8 diventato cieco. Noi politici siamo sorvegliatissimi, ed il carcere viene reso pi\u00f9 duro a noi che ai reclusi comuni.<br \/>\nGrazie mamma, di quanto mi hai mandato, non speravo tanto. Per ora continua a scrivere qui a &lt;&lt;Regina Coeli&gt;&gt; perch\u00e8 devi fingere di non aver ricevuta questa mia. L&#8217;unita lettera appena letta, spediscila alla buona signora. Tu mamma, amami sempre cos\u00ec! Ti stringo forte il tuo Sandro. [&#8230;]<\/span><\/p>\n<div class=\"text_exposed_show\">\n<p>Tratto dal libro &#8220;Sandro Pertini combattente per la libert\u00e0&#8221; a cura di Stefano Caretti e Maurizio Del&#8217;Innocenti<\/p>\n<p>Disponibile presso la Biblioteca Nazionale UIL Arturo Chiari<\/p>\n<\/div>\n","protected":false},"excerpt":{"rendered":"<p>La prigionia di Sandro Pertini per la lotta alla libert\u00e0<\/p>\n","protected":false},"author":7,"featured_media":315,"comment_status":"closed","ping_status":"closed","sticky":false,"template":"","format":"standard","meta":{"_et_pb_use_builder":"","_et_pb_old_content":"","_et_gb_content_width":"","ngg_post_thumbnail":0,"_jetpack_memberships_contains_paid_content":false,"footnotes":""},"categories":[115],"tags":[35,595,65,25],"class_list":["post-314","post","type-post","status-publish","format-standard","has-post-thumbnail","hentry","category-storia","tag-fascismo","tag-prigionia","tag-sandro-pertini","tag-socialismo","et-has-post-format-content","et_post_format-et-post-format-standard"],"yoast_head":"<!-- This site is optimized with the Yoast SEO plugin v27.4 - https:\/\/yoast.com\/product\/yoast-seo-wordpress\/ -->\n<title>&quot;Sandro Pertini combattente per la libert\u00e0&quot; a cura di Stefano Caretti e Maurizio Del&#039;Innocenti - Blog della Biblioteca<\/title>\n<meta name=\"robots\" content=\"index, follow, max-snippet:-1, max-image-preview:large, max-video-preview:-1\" \/>\n<link rel=\"canonical\" href=\"https:\/\/www.istitutostudisindacali.net\/bibliotecablog\/2018\/05\/11\/sandro-pertini-combattente-per-la-liberta-a-cura-di-stefano-caretti-e-maurizio-delinnocenti\/\" \/>\n<meta property=\"og:locale\" content=\"it_IT\" \/>\n<meta property=\"og:type\" content=\"article\" \/>\n<meta property=\"og:title\" content=\"&quot;Sandro Pertini combattente per la libert\u00e0&quot; a cura di Stefano Caretti e Maurizio Del&#039;Innocenti - Blog della Biblioteca\" \/>\n<meta property=\"og:description\" content=\"La prigionia di Sandro Pertini per la lotta alla libert\u00e0\" \/>\n<meta property=\"og:url\" content=\"https:\/\/www.istitutostudisindacali.net\/bibliotecablog\/2018\/05\/11\/sandro-pertini-combattente-per-la-liberta-a-cura-di-stefano-caretti-e-maurizio-delinnocenti\/\" \/>\n<meta property=\"og:site_name\" content=\"Blog della Biblioteca\" \/>\n<meta property=\"article:published_time\" content=\"2018-05-11T11:23:50+00:00\" \/>\n<meta property=\"article:modified_time\" content=\"2023-02-04T18:12:34+00:00\" \/>\n<meta property=\"og:image\" content=\"https:\/\/www.istitutostudisindacali.net\/bibliotecablog\/wp-content\/uploads\/sites\/17\/2018\/07\/pertini_giovane.jpg\" \/>\n\t<meta property=\"og:image:width\" content=\"398\" \/>\n\t<meta property=\"og:image:height\" content=\"600\" \/>\n\t<meta property=\"og:image:type\" content=\"image\/jpeg\" \/>\n<meta name=\"author\" content=\"Loredana Pietri\" \/>\n<meta name=\"twitter:card\" content=\"summary_large_image\" \/>\n<meta name=\"twitter:label1\" content=\"Scritto da\" \/>\n\t<meta name=\"twitter:data1\" content=\"Loredana Pietri\" \/>\n\t<meta name=\"twitter:label2\" content=\"Tempo di lettura stimato\" \/>\n\t<meta name=\"twitter:data2\" content=\"2 minuti\" \/>\n<script type=\"application\/ld+json\" class=\"yoast-schema-graph\">{\"@context\":\"https:\\\/\\\/schema.org\",\"@graph\":[{\"@type\":\"Article\",\"@id\":\"https:\\\/\\\/www.istitutostudisindacali.net\\\/bibliotecablog\\\/2018\\\/05\\\/11\\\/sandro-pertini-combattente-per-la-liberta-a-cura-di-stefano-caretti-e-maurizio-delinnocenti\\\/#article\",\"isPartOf\":{\"@id\":\"https:\\\/\\\/www.istitutostudisindacali.net\\\/bibliotecablog\\\/2018\\\/05\\\/11\\\/sandro-pertini-combattente-per-la-liberta-a-cura-di-stefano-caretti-e-maurizio-delinnocenti\\\/\"},\"author\":{\"name\":\"Loredana Pietri\",\"@id\":\"https:\\\/\\\/www.istitutostudisindacali.net\\\/bibliotecablog\\\/#\\\/schema\\\/person\\\/67df37a680cbbc103a59f61989c3f7e0\"},\"headline\":\"&#8220;Sandro Pertini combattente per la libert\u00e0&#8221; a cura di Stefano Caretti e Maurizio Del&#8217;Innocenti\",\"datePublished\":\"2018-05-11T11:23:50+00:00\",\"dateModified\":\"2023-02-04T18:12:34+00:00\",\"mainEntityOfPage\":{\"@id\":\"https:\\\/\\\/www.istitutostudisindacali.net\\\/bibliotecablog\\\/2018\\\/05\\\/11\\\/sandro-pertini-combattente-per-la-liberta-a-cura-di-stefano-caretti-e-maurizio-delinnocenti\\\/\"},\"wordCount\":469,\"image\":{\"@id\":\"https:\\\/\\\/www.istitutostudisindacali.net\\\/bibliotecablog\\\/2018\\\/05\\\/11\\\/sandro-pertini-combattente-per-la-liberta-a-cura-di-stefano-caretti-e-maurizio-delinnocenti\\\/#primaryimage\"},\"thumbnailUrl\":\"https:\\\/\\\/www.istitutostudisindacali.net\\\/bibliotecablog\\\/wp-content\\\/uploads\\\/sites\\\/17\\\/2018\\\/07\\\/pertini_giovane.jpg\",\"keywords\":[\"Fascismo\",\"Prigionia\",\"Sandro Pertini\",\"Socialismo\"],\"articleSection\":[\"Storia\"],\"inLanguage\":\"it-IT\"},{\"@type\":\"WebPage\",\"@id\":\"https:\\\/\\\/www.istitutostudisindacali.net\\\/bibliotecablog\\\/2018\\\/05\\\/11\\\/sandro-pertini-combattente-per-la-liberta-a-cura-di-stefano-caretti-e-maurizio-delinnocenti\\\/\",\"url\":\"https:\\\/\\\/www.istitutostudisindacali.net\\\/bibliotecablog\\\/2018\\\/05\\\/11\\\/sandro-pertini-combattente-per-la-liberta-a-cura-di-stefano-caretti-e-maurizio-delinnocenti\\\/\",\"name\":\"\\\"Sandro Pertini combattente per la libert\u00e0\\\" a cura di Stefano Caretti e Maurizio Del'Innocenti - Blog della Biblioteca\",\"isPartOf\":{\"@id\":\"https:\\\/\\\/www.istitutostudisindacali.net\\\/bibliotecablog\\\/#website\"},\"primaryImageOfPage\":{\"@id\":\"https:\\\/\\\/www.istitutostudisindacali.net\\\/bibliotecablog\\\/2018\\\/05\\\/11\\\/sandro-pertini-combattente-per-la-liberta-a-cura-di-stefano-caretti-e-maurizio-delinnocenti\\\/#primaryimage\"},\"image\":{\"@id\":\"https:\\\/\\\/www.istitutostudisindacali.net\\\/bibliotecablog\\\/2018\\\/05\\\/11\\\/sandro-pertini-combattente-per-la-liberta-a-cura-di-stefano-caretti-e-maurizio-delinnocenti\\\/#primaryimage\"},\"thumbnailUrl\":\"https:\\\/\\\/www.istitutostudisindacali.net\\\/bibliotecablog\\\/wp-content\\\/uploads\\\/sites\\\/17\\\/2018\\\/07\\\/pertini_giovane.jpg\",\"datePublished\":\"2018-05-11T11:23:50+00:00\",\"dateModified\":\"2023-02-04T18:12:34+00:00\",\"author\":{\"@id\":\"https:\\\/\\\/www.istitutostudisindacali.net\\\/bibliotecablog\\\/#\\\/schema\\\/person\\\/67df37a680cbbc103a59f61989c3f7e0\"},\"breadcrumb\":{\"@id\":\"https:\\\/\\\/www.istitutostudisindacali.net\\\/bibliotecablog\\\/2018\\\/05\\\/11\\\/sandro-pertini-combattente-per-la-liberta-a-cura-di-stefano-caretti-e-maurizio-delinnocenti\\\/#breadcrumb\"},\"inLanguage\":\"it-IT\",\"potentialAction\":[{\"@type\":\"ReadAction\",\"target\":[\"https:\\\/\\\/www.istitutostudisindacali.net\\\/bibliotecablog\\\/2018\\\/05\\\/11\\\/sandro-pertini-combattente-per-la-liberta-a-cura-di-stefano-caretti-e-maurizio-delinnocenti\\\/\"]}]},{\"@type\":\"ImageObject\",\"inLanguage\":\"it-IT\",\"@id\":\"https:\\\/\\\/www.istitutostudisindacali.net\\\/bibliotecablog\\\/2018\\\/05\\\/11\\\/sandro-pertini-combattente-per-la-liberta-a-cura-di-stefano-caretti-e-maurizio-delinnocenti\\\/#primaryimage\",\"url\":\"https:\\\/\\\/www.istitutostudisindacali.net\\\/bibliotecablog\\\/wp-content\\\/uploads\\\/sites\\\/17\\\/2018\\\/07\\\/pertini_giovane.jpg\",\"contentUrl\":\"https:\\\/\\\/www.istitutostudisindacali.net\\\/bibliotecablog\\\/wp-content\\\/uploads\\\/sites\\\/17\\\/2018\\\/07\\\/pertini_giovane.jpg\",\"width\":398,\"height\":600},{\"@type\":\"BreadcrumbList\",\"@id\":\"https:\\\/\\\/www.istitutostudisindacali.net\\\/bibliotecablog\\\/2018\\\/05\\\/11\\\/sandro-pertini-combattente-per-la-liberta-a-cura-di-stefano-caretti-e-maurizio-delinnocenti\\\/#breadcrumb\",\"itemListElement\":[{\"@type\":\"ListItem\",\"position\":1,\"name\":\"Home\",\"item\":\"https:\\\/\\\/www.istitutostudisindacali.net\\\/bibliotecablog\\\/\"},{\"@type\":\"ListItem\",\"position\":2,\"name\":\"&#8220;Sandro Pertini combattente per la libert\u00e0&#8221; a cura di Stefano Caretti e Maurizio Del&#8217;Innocenti\"}]},{\"@type\":\"WebSite\",\"@id\":\"https:\\\/\\\/www.istitutostudisindacali.net\\\/bibliotecablog\\\/#website\",\"url\":\"https:\\\/\\\/www.istitutostudisindacali.net\\\/bibliotecablog\\\/\",\"name\":\"Blog della Biblioteca\",\"description\":\"Arturo Chiari\",\"potentialAction\":[{\"@type\":\"SearchAction\",\"target\":{\"@type\":\"EntryPoint\",\"urlTemplate\":\"https:\\\/\\\/www.istitutostudisindacali.net\\\/bibliotecablog\\\/?s={search_term_string}\"},\"query-input\":{\"@type\":\"PropertyValueSpecification\",\"valueRequired\":true,\"valueName\":\"search_term_string\"}}],\"inLanguage\":\"it-IT\"},{\"@type\":\"Person\",\"@id\":\"https:\\\/\\\/www.istitutostudisindacali.net\\\/bibliotecablog\\\/#\\\/schema\\\/person\\\/67df37a680cbbc103a59f61989c3f7e0\",\"name\":\"Loredana Pietri\",\"image\":{\"@type\":\"ImageObject\",\"inLanguage\":\"it-IT\",\"@id\":\"https:\\\/\\\/secure.gravatar.com\\\/avatar\\\/14e1950ca26d7443d95784cdcfad5cf200bbbc261d085cf9375e018dc286c835?s=96&d=mm&r=g\",\"url\":\"https:\\\/\\\/secure.gravatar.com\\\/avatar\\\/14e1950ca26d7443d95784cdcfad5cf200bbbc261d085cf9375e018dc286c835?s=96&d=mm&r=g\",\"contentUrl\":\"https:\\\/\\\/secure.gravatar.com\\\/avatar\\\/14e1950ca26d7443d95784cdcfad5cf200bbbc261d085cf9375e018dc286c835?s=96&d=mm&r=g\",\"caption\":\"Loredana Pietri\"},\"description\":\"Responsabile della Biblioteca si impegna nella sua conduzione per migliorarne i Servizi\",\"sameAs\":[\"https:\\\/\\\/www.istitutostudisindacali.net\\\/biblioteca\"],\"url\":\"https:\\\/\\\/www.istitutostudisindacali.net\\\/bibliotecablog\\\/author\\\/loredana-pietri\\\/\"}]}<\/script>\n<!-- \/ Yoast SEO plugin. -->","yoast_head_json":{"title":"\"Sandro Pertini combattente per la libert\u00e0\" a cura di Stefano Caretti e Maurizio Del'Innocenti - Blog della Biblioteca","robots":{"index":"index","follow":"follow","max-snippet":"max-snippet:-1","max-image-preview":"max-image-preview:large","max-video-preview":"max-video-preview:-1"},"canonical":"https:\/\/www.istitutostudisindacali.net\/bibliotecablog\/2018\/05\/11\/sandro-pertini-combattente-per-la-liberta-a-cura-di-stefano-caretti-e-maurizio-delinnocenti\/","og_locale":"it_IT","og_type":"article","og_title":"\"Sandro Pertini combattente per la libert\u00e0\" a cura di Stefano Caretti e Maurizio Del'Innocenti - Blog della Biblioteca","og_description":"La prigionia di Sandro Pertini per la lotta alla libert\u00e0","og_url":"https:\/\/www.istitutostudisindacali.net\/bibliotecablog\/2018\/05\/11\/sandro-pertini-combattente-per-la-liberta-a-cura-di-stefano-caretti-e-maurizio-delinnocenti\/","og_site_name":"Blog della Biblioteca","article_published_time":"2018-05-11T11:23:50+00:00","article_modified_time":"2023-02-04T18:12:34+00:00","og_image":[{"width":398,"height":600,"url":"https:\/\/www.istitutostudisindacali.net\/bibliotecablog\/wp-content\/uploads\/sites\/17\/2018\/07\/pertini_giovane.jpg","type":"image\/jpeg"}],"author":"Loredana Pietri","twitter_card":"summary_large_image","twitter_misc":{"Scritto da":"Loredana Pietri","Tempo di lettura stimato":"2 minuti"},"schema":{"@context":"https:\/\/schema.org","@graph":[{"@type":"Article","@id":"https:\/\/www.istitutostudisindacali.net\/bibliotecablog\/2018\/05\/11\/sandro-pertini-combattente-per-la-liberta-a-cura-di-stefano-caretti-e-maurizio-delinnocenti\/#article","isPartOf":{"@id":"https:\/\/www.istitutostudisindacali.net\/bibliotecablog\/2018\/05\/11\/sandro-pertini-combattente-per-la-liberta-a-cura-di-stefano-caretti-e-maurizio-delinnocenti\/"},"author":{"name":"Loredana Pietri","@id":"https:\/\/www.istitutostudisindacali.net\/bibliotecablog\/#\/schema\/person\/67df37a680cbbc103a59f61989c3f7e0"},"headline":"&#8220;Sandro Pertini combattente per la libert\u00e0&#8221; a cura di Stefano Caretti e Maurizio Del&#8217;Innocenti","datePublished":"2018-05-11T11:23:50+00:00","dateModified":"2023-02-04T18:12:34+00:00","mainEntityOfPage":{"@id":"https:\/\/www.istitutostudisindacali.net\/bibliotecablog\/2018\/05\/11\/sandro-pertini-combattente-per-la-liberta-a-cura-di-stefano-caretti-e-maurizio-delinnocenti\/"},"wordCount":469,"image":{"@id":"https:\/\/www.istitutostudisindacali.net\/bibliotecablog\/2018\/05\/11\/sandro-pertini-combattente-per-la-liberta-a-cura-di-stefano-caretti-e-maurizio-delinnocenti\/#primaryimage"},"thumbnailUrl":"https:\/\/www.istitutostudisindacali.net\/bibliotecablog\/wp-content\/uploads\/sites\/17\/2018\/07\/pertini_giovane.jpg","keywords":["Fascismo","Prigionia","Sandro Pertini","Socialismo"],"articleSection":["Storia"],"inLanguage":"it-IT"},{"@type":"WebPage","@id":"https:\/\/www.istitutostudisindacali.net\/bibliotecablog\/2018\/05\/11\/sandro-pertini-combattente-per-la-liberta-a-cura-di-stefano-caretti-e-maurizio-delinnocenti\/","url":"https:\/\/www.istitutostudisindacali.net\/bibliotecablog\/2018\/05\/11\/sandro-pertini-combattente-per-la-liberta-a-cura-di-stefano-caretti-e-maurizio-delinnocenti\/","name":"\"Sandro Pertini combattente per la libert\u00e0\" a cura di Stefano Caretti e Maurizio Del'Innocenti - Blog della Biblioteca","isPartOf":{"@id":"https:\/\/www.istitutostudisindacali.net\/bibliotecablog\/#website"},"primaryImageOfPage":{"@id":"https:\/\/www.istitutostudisindacali.net\/bibliotecablog\/2018\/05\/11\/sandro-pertini-combattente-per-la-liberta-a-cura-di-stefano-caretti-e-maurizio-delinnocenti\/#primaryimage"},"image":{"@id":"https:\/\/www.istitutostudisindacali.net\/bibliotecablog\/2018\/05\/11\/sandro-pertini-combattente-per-la-liberta-a-cura-di-stefano-caretti-e-maurizio-delinnocenti\/#primaryimage"},"thumbnailUrl":"https:\/\/www.istitutostudisindacali.net\/bibliotecablog\/wp-content\/uploads\/sites\/17\/2018\/07\/pertini_giovane.jpg","datePublished":"2018-05-11T11:23:50+00:00","dateModified":"2023-02-04T18:12:34+00:00","author":{"@id":"https:\/\/www.istitutostudisindacali.net\/bibliotecablog\/#\/schema\/person\/67df37a680cbbc103a59f61989c3f7e0"},"breadcrumb":{"@id":"https:\/\/www.istitutostudisindacali.net\/bibliotecablog\/2018\/05\/11\/sandro-pertini-combattente-per-la-liberta-a-cura-di-stefano-caretti-e-maurizio-delinnocenti\/#breadcrumb"},"inLanguage":"it-IT","potentialAction":[{"@type":"ReadAction","target":["https:\/\/www.istitutostudisindacali.net\/bibliotecablog\/2018\/05\/11\/sandro-pertini-combattente-per-la-liberta-a-cura-di-stefano-caretti-e-maurizio-delinnocenti\/"]}]},{"@type":"ImageObject","inLanguage":"it-IT","@id":"https:\/\/www.istitutostudisindacali.net\/bibliotecablog\/2018\/05\/11\/sandro-pertini-combattente-per-la-liberta-a-cura-di-stefano-caretti-e-maurizio-delinnocenti\/#primaryimage","url":"https:\/\/www.istitutostudisindacali.net\/bibliotecablog\/wp-content\/uploads\/sites\/17\/2018\/07\/pertini_giovane.jpg","contentUrl":"https:\/\/www.istitutostudisindacali.net\/bibliotecablog\/wp-content\/uploads\/sites\/17\/2018\/07\/pertini_giovane.jpg","width":398,"height":600},{"@type":"BreadcrumbList","@id":"https:\/\/www.istitutostudisindacali.net\/bibliotecablog\/2018\/05\/11\/sandro-pertini-combattente-per-la-liberta-a-cura-di-stefano-caretti-e-maurizio-delinnocenti\/#breadcrumb","itemListElement":[{"@type":"ListItem","position":1,"name":"Home","item":"https:\/\/www.istitutostudisindacali.net\/bibliotecablog\/"},{"@type":"ListItem","position":2,"name":"&#8220;Sandro Pertini combattente per la libert\u00e0&#8221; a cura di Stefano Caretti e Maurizio Del&#8217;Innocenti"}]},{"@type":"WebSite","@id":"https:\/\/www.istitutostudisindacali.net\/bibliotecablog\/#website","url":"https:\/\/www.istitutostudisindacali.net\/bibliotecablog\/","name":"Blog della Biblioteca","description":"Arturo Chiari","potentialAction":[{"@type":"SearchAction","target":{"@type":"EntryPoint","urlTemplate":"https:\/\/www.istitutostudisindacali.net\/bibliotecablog\/?s={search_term_string}"},"query-input":{"@type":"PropertyValueSpecification","valueRequired":true,"valueName":"search_term_string"}}],"inLanguage":"it-IT"},{"@type":"Person","@id":"https:\/\/www.istitutostudisindacali.net\/bibliotecablog\/#\/schema\/person\/67df37a680cbbc103a59f61989c3f7e0","name":"Loredana Pietri","image":{"@type":"ImageObject","inLanguage":"it-IT","@id":"https:\/\/secure.gravatar.com\/avatar\/14e1950ca26d7443d95784cdcfad5cf200bbbc261d085cf9375e018dc286c835?s=96&d=mm&r=g","url":"https:\/\/secure.gravatar.com\/avatar\/14e1950ca26d7443d95784cdcfad5cf200bbbc261d085cf9375e018dc286c835?s=96&d=mm&r=g","contentUrl":"https:\/\/secure.gravatar.com\/avatar\/14e1950ca26d7443d95784cdcfad5cf200bbbc261d085cf9375e018dc286c835?s=96&d=mm&r=g","caption":"Loredana Pietri"},"description":"Responsabile della Biblioteca si impegna nella sua conduzione per migliorarne i Servizi","sameAs":["https:\/\/www.istitutostudisindacali.net\/biblioteca"],"url":"https:\/\/www.istitutostudisindacali.net\/bibliotecablog\/author\/loredana-pietri\/"}]}},"jetpack_featured_media_url":"https:\/\/www.istitutostudisindacali.net\/bibliotecablog\/wp-content\/uploads\/sites\/17\/2018\/07\/pertini_giovane.jpg","jetpack_sharing_enabled":true,"_links":{"self":[{"href":"https:\/\/www.istitutostudisindacali.net\/bibliotecablog\/wp-json\/wp\/v2\/posts\/314","targetHints":{"allow":["GET"]}}],"collection":[{"href":"https:\/\/www.istitutostudisindacali.net\/bibliotecablog\/wp-json\/wp\/v2\/posts"}],"about":[{"href":"https:\/\/www.istitutostudisindacali.net\/bibliotecablog\/wp-json\/wp\/v2\/types\/post"}],"author":[{"embeddable":true,"href":"https:\/\/www.istitutostudisindacali.net\/bibliotecablog\/wp-json\/wp\/v2\/users\/7"}],"replies":[{"embeddable":true,"href":"https:\/\/www.istitutostudisindacali.net\/bibliotecablog\/wp-json\/wp\/v2\/comments?post=314"}],"version-history":[{"count":1,"href":"https:\/\/www.istitutostudisindacali.net\/bibliotecablog\/wp-json\/wp\/v2\/posts\/314\/revisions"}],"predecessor-version":[{"id":4608,"href":"https:\/\/www.istitutostudisindacali.net\/bibliotecablog\/wp-json\/wp\/v2\/posts\/314\/revisions\/4608"}],"wp:featuredmedia":[{"embeddable":true,"href":"https:\/\/www.istitutostudisindacali.net\/bibliotecablog\/wp-json\/wp\/v2\/media\/315"}],"wp:attachment":[{"href":"https:\/\/www.istitutostudisindacali.net\/bibliotecablog\/wp-json\/wp\/v2\/media?parent=314"}],"wp:term":[{"taxonomy":"category","embeddable":true,"href":"https:\/\/www.istitutostudisindacali.net\/bibliotecablog\/wp-json\/wp\/v2\/categories?post=314"},{"taxonomy":"post_tag","embeddable":true,"href":"https:\/\/www.istitutostudisindacali.net\/bibliotecablog\/wp-json\/wp\/v2\/tags?post=314"}],"curies":[{"name":"wp","href":"https:\/\/api.w.org\/{rel}","templated":true}]}}