{"id":3126,"date":"2016-01-26T11:02:00","date_gmt":"2016-01-26T10:02:00","guid":{"rendered":"https:\/\/www.istitutostudisindacali.net\/biblioteca\/?p=3126"},"modified":"2023-02-04T19:12:40","modified_gmt":"2023-02-04T18:12:40","slug":"firenze-sembrava-deserta","status":"publish","type":"post","link":"https:\/\/www.istitutostudisindacali.net\/bibliotecablog\/2016\/01\/26\/firenze-sembrava-deserta\/","title":{"rendered":"Firenze sembrava deserta"},"content":{"rendered":"\n<p>&#8230; &#8220;Firenze sembrava deserta. Si incontravano solo pattuglie che avanzavano con cautela guidate da gruppi di partigiani. Si udiva uno sporadico fuoco di fucileria e di mitragliatrici in lontananza verso le colline di Fiesole. Giunti, per successive informazioni, volevamo andare, lasciammo la jeep. Chiamai un ragazzo che, assieme ad altri cinque o sei compagni, stava acquattato dietro un muro di recinzione di un orto. Erano armati di un moschetto, uno teneva in pugno una bandiera italiana; il maggiore di essi forse non arrivava a diciotto anni. Ci fecero cenno di raggiungerli dove si trovavano; il pi\u00f9 grande, che sembrava essere il capo, ci indic\u00f2 la strada, che andava in salita proprio davanti a noi, e la casa dove dovevamo andare. Era a circa duecento metri di distanza: una specie di villetta a due piani che appariva deserta, completamente sprangata.<br>Si offrirono subito di andare loro a vedere se dentro c&#8217;era gente, e partirono tutti insieme sparpagliandosi e arrivarono all&#8217;altezza della casa fatti segno al fuoco di una mitragliatrice che sparava dalla cima di una collinetta pi\u00f9 arretrata.<br>Sembrava di essere ritornati al 1848. Ci fecero segno che la casa era abitata. Cos\u00ec anche Page e io arrivammo a sbalzi sul retro della casa. Dopo una certa resistenza finimmo per entrare. Dei nostri collaboratori nessuna traccia. C&#8217;era una quantit\u00e0 di gente ammassata che subito ci fece una grande accoglienza.<br>Dopo circa un&#8217;ora cominci\u00f2 intorno alla casa un fuoco di fucileria sempre pi\u00f9 intenso e da una fessura di una serrande del lato posteriore vedemmo i ragazzi che retrocedevano verso il punto dal quale eravamo partiti.<br>Il nostro armamento era costituito in tutto dalle nostre pistole di ordinanza. Non ci rimase altro da fare che rimanere con i nostri ospiti sprangati nella casa e sperare bene. &#8221; &#8230;<\/p>\n\n\n\n<p>Tratto dal libro &#8220;Per la libert\u00e0 &#8211; Il contributo militare italiano al servizio informazioni alleato (8 settembre 1943 &#8211; 25 aprile 1945)&#8221; di Luigi Marchesi<\/p>\n\n\n\n<p>Disponibile presso la Biblioteca Nazionale UIL<\/p>\n","protected":false},"excerpt":{"rendered":"<p>&#8230; &#8220;Firenze sembrava deserta. Si incontravano solo pattuglie che avanzavano con cautela guidate da gruppi di partigiani. Si udiva uno sporadico fuoco di fucileria e di mitragliatrici in lontananza verso le colline di Fiesole. Giunti, per successive informazioni, volevamo andare, lasciammo la jeep. Chiamai un ragazzo che, assieme ad altri cinque o sei compagni, stava [&hellip;]<\/p>\n","protected":false},"author":7,"featured_media":3127,"comment_status":"open","ping_status":"open","sticky":false,"template":"","format":"standard","meta":{"_et_pb_use_builder":"","_et_pb_old_content":"","_et_gb_content_width":"","ngg_post_thumbnail":0,"_jetpack_memberships_contains_paid_content":false,"footnotes":""},"categories":[115],"tags":[],"class_list":["post-3126","post","type-post","status-publish","format-standard","has-post-thumbnail","hentry","category-storia","et-has-post-format-content","et_post_format-et-post-format-standard"],"yoast_head":"<!-- This site is optimized with the Yoast SEO plugin v27.4 - https:\/\/yoast.com\/product\/yoast-seo-wordpress\/ -->\n<title>Firenze sembrava deserta - Blog della Biblioteca<\/title>\n<meta name=\"robots\" content=\"index, follow, max-snippet:-1, max-image-preview:large, max-video-preview:-1\" \/>\n<link rel=\"canonical\" href=\"https:\/\/www.istitutostudisindacali.net\/bibliotecablog\/2016\/01\/26\/firenze-sembrava-deserta\/\" \/>\n<meta property=\"og:locale\" content=\"it_IT\" \/>\n<meta property=\"og:type\" content=\"article\" \/>\n<meta property=\"og:title\" content=\"Firenze sembrava deserta - Blog della Biblioteca\" \/>\n<meta property=\"og:description\" content=\"&#8230; &#8220;Firenze sembrava deserta. Si incontravano solo pattuglie che avanzavano con cautela guidate da gruppi di partigiani. Si udiva uno sporadico fuoco di fucileria e di mitragliatrici in lontananza verso le colline di Fiesole. Giunti, per successive informazioni, volevamo andare, lasciammo la jeep. Chiamai un ragazzo che, assieme ad altri cinque o sei compagni, stava [&hellip;]\" \/>\n<meta property=\"og:url\" content=\"https:\/\/www.istitutostudisindacali.net\/bibliotecablog\/2016\/01\/26\/firenze-sembrava-deserta\/\" \/>\n<meta property=\"og:site_name\" content=\"Blog della Biblioteca\" \/>\n<meta property=\"article:published_time\" content=\"2016-01-26T10:02:00+00:00\" \/>\n<meta property=\"article:modified_time\" content=\"2023-02-04T18:12:40+00:00\" \/>\n<meta property=\"og:image\" content=\"https:\/\/www.istitutostudisindacali.net\/bibliotecablog\/wp-content\/uploads\/sites\/17\/2022\/01\/firenze.jpg\" \/>\n\t<meta property=\"og:image:width\" content=\"1280\" \/>\n\t<meta property=\"og:image:height\" content=\"852\" \/>\n\t<meta property=\"og:image:type\" content=\"image\/jpeg\" \/>\n<meta name=\"author\" content=\"Loredana Pietri\" \/>\n<meta name=\"twitter:card\" content=\"summary_large_image\" \/>\n<meta name=\"twitter:label1\" content=\"Scritto da\" \/>\n\t<meta name=\"twitter:data1\" content=\"Loredana Pietri\" \/>\n\t<meta name=\"twitter:label2\" content=\"Tempo di lettura stimato\" \/>\n\t<meta name=\"twitter:data2\" content=\"2 minuti\" \/>\n<script type=\"application\/ld+json\" class=\"yoast-schema-graph\">{\"@context\":\"https:\\\/\\\/schema.org\",\"@graph\":[{\"@type\":\"Article\",\"@id\":\"https:\\\/\\\/www.istitutostudisindacali.net\\\/bibliotecablog\\\/2016\\\/01\\\/26\\\/firenze-sembrava-deserta\\\/#article\",\"isPartOf\":{\"@id\":\"https:\\\/\\\/www.istitutostudisindacali.net\\\/bibliotecablog\\\/2016\\\/01\\\/26\\\/firenze-sembrava-deserta\\\/\"},\"author\":{\"name\":\"Loredana Pietri\",\"@id\":\"https:\\\/\\\/www.istitutostudisindacali.net\\\/bibliotecablog\\\/#\\\/schema\\\/person\\\/67df37a680cbbc103a59f61989c3f7e0\"},\"headline\":\"Firenze sembrava deserta\",\"datePublished\":\"2016-01-26T10:02:00+00:00\",\"dateModified\":\"2023-02-04T18:12:40+00:00\",\"mainEntityOfPage\":{\"@id\":\"https:\\\/\\\/www.istitutostudisindacali.net\\\/bibliotecablog\\\/2016\\\/01\\\/26\\\/firenze-sembrava-deserta\\\/\"},\"wordCount\":326,\"commentCount\":0,\"image\":{\"@id\":\"https:\\\/\\\/www.istitutostudisindacali.net\\\/bibliotecablog\\\/2016\\\/01\\\/26\\\/firenze-sembrava-deserta\\\/#primaryimage\"},\"thumbnailUrl\":\"https:\\\/\\\/www.istitutostudisindacali.net\\\/bibliotecablog\\\/wp-content\\\/uploads\\\/sites\\\/17\\\/2022\\\/01\\\/firenze.jpg\",\"articleSection\":[\"Storia\"],\"inLanguage\":\"it-IT\",\"potentialAction\":[{\"@type\":\"CommentAction\",\"name\":\"Comment\",\"target\":[\"https:\\\/\\\/www.istitutostudisindacali.net\\\/bibliotecablog\\\/2016\\\/01\\\/26\\\/firenze-sembrava-deserta\\\/#respond\"]}]},{\"@type\":\"WebPage\",\"@id\":\"https:\\\/\\\/www.istitutostudisindacali.net\\\/bibliotecablog\\\/2016\\\/01\\\/26\\\/firenze-sembrava-deserta\\\/\",\"url\":\"https:\\\/\\\/www.istitutostudisindacali.net\\\/bibliotecablog\\\/2016\\\/01\\\/26\\\/firenze-sembrava-deserta\\\/\",\"name\":\"Firenze sembrava deserta - Blog della Biblioteca\",\"isPartOf\":{\"@id\":\"https:\\\/\\\/www.istitutostudisindacali.net\\\/bibliotecablog\\\/#website\"},\"primaryImageOfPage\":{\"@id\":\"https:\\\/\\\/www.istitutostudisindacali.net\\\/bibliotecablog\\\/2016\\\/01\\\/26\\\/firenze-sembrava-deserta\\\/#primaryimage\"},\"image\":{\"@id\":\"https:\\\/\\\/www.istitutostudisindacali.net\\\/bibliotecablog\\\/2016\\\/01\\\/26\\\/firenze-sembrava-deserta\\\/#primaryimage\"},\"thumbnailUrl\":\"https:\\\/\\\/www.istitutostudisindacali.net\\\/bibliotecablog\\\/wp-content\\\/uploads\\\/sites\\\/17\\\/2022\\\/01\\\/firenze.jpg\",\"datePublished\":\"2016-01-26T10:02:00+00:00\",\"dateModified\":\"2023-02-04T18:12:40+00:00\",\"author\":{\"@id\":\"https:\\\/\\\/www.istitutostudisindacali.net\\\/bibliotecablog\\\/#\\\/schema\\\/person\\\/67df37a680cbbc103a59f61989c3f7e0\"},\"breadcrumb\":{\"@id\":\"https:\\\/\\\/www.istitutostudisindacali.net\\\/bibliotecablog\\\/2016\\\/01\\\/26\\\/firenze-sembrava-deserta\\\/#breadcrumb\"},\"inLanguage\":\"it-IT\",\"potentialAction\":[{\"@type\":\"ReadAction\",\"target\":[\"https:\\\/\\\/www.istitutostudisindacali.net\\\/bibliotecablog\\\/2016\\\/01\\\/26\\\/firenze-sembrava-deserta\\\/\"]}]},{\"@type\":\"ImageObject\",\"inLanguage\":\"it-IT\",\"@id\":\"https:\\\/\\\/www.istitutostudisindacali.net\\\/bibliotecablog\\\/2016\\\/01\\\/26\\\/firenze-sembrava-deserta\\\/#primaryimage\",\"url\":\"https:\\\/\\\/www.istitutostudisindacali.net\\\/bibliotecablog\\\/wp-content\\\/uploads\\\/sites\\\/17\\\/2022\\\/01\\\/firenze.jpg\",\"contentUrl\":\"https:\\\/\\\/www.istitutostudisindacali.net\\\/bibliotecablog\\\/wp-content\\\/uploads\\\/sites\\\/17\\\/2022\\\/01\\\/firenze.jpg\",\"width\":1280,\"height\":852},{\"@type\":\"BreadcrumbList\",\"@id\":\"https:\\\/\\\/www.istitutostudisindacali.net\\\/bibliotecablog\\\/2016\\\/01\\\/26\\\/firenze-sembrava-deserta\\\/#breadcrumb\",\"itemListElement\":[{\"@type\":\"ListItem\",\"position\":1,\"name\":\"Home\",\"item\":\"https:\\\/\\\/www.istitutostudisindacali.net\\\/bibliotecablog\\\/\"},{\"@type\":\"ListItem\",\"position\":2,\"name\":\"Firenze sembrava deserta\"}]},{\"@type\":\"WebSite\",\"@id\":\"https:\\\/\\\/www.istitutostudisindacali.net\\\/bibliotecablog\\\/#website\",\"url\":\"https:\\\/\\\/www.istitutostudisindacali.net\\\/bibliotecablog\\\/\",\"name\":\"Blog della Biblioteca\",\"description\":\"Arturo Chiari\",\"potentialAction\":[{\"@type\":\"SearchAction\",\"target\":{\"@type\":\"EntryPoint\",\"urlTemplate\":\"https:\\\/\\\/www.istitutostudisindacali.net\\\/bibliotecablog\\\/?s={search_term_string}\"},\"query-input\":{\"@type\":\"PropertyValueSpecification\",\"valueRequired\":true,\"valueName\":\"search_term_string\"}}],\"inLanguage\":\"it-IT\"},{\"@type\":\"Person\",\"@id\":\"https:\\\/\\\/www.istitutostudisindacali.net\\\/bibliotecablog\\\/#\\\/schema\\\/person\\\/67df37a680cbbc103a59f61989c3f7e0\",\"name\":\"Loredana Pietri\",\"image\":{\"@type\":\"ImageObject\",\"inLanguage\":\"it-IT\",\"@id\":\"https:\\\/\\\/secure.gravatar.com\\\/avatar\\\/14e1950ca26d7443d95784cdcfad5cf200bbbc261d085cf9375e018dc286c835?s=96&d=mm&r=g\",\"url\":\"https:\\\/\\\/secure.gravatar.com\\\/avatar\\\/14e1950ca26d7443d95784cdcfad5cf200bbbc261d085cf9375e018dc286c835?s=96&d=mm&r=g\",\"contentUrl\":\"https:\\\/\\\/secure.gravatar.com\\\/avatar\\\/14e1950ca26d7443d95784cdcfad5cf200bbbc261d085cf9375e018dc286c835?s=96&d=mm&r=g\",\"caption\":\"Loredana Pietri\"},\"description\":\"Responsabile della Biblioteca si impegna nella sua conduzione per migliorarne i Servizi\",\"sameAs\":[\"https:\\\/\\\/www.istitutostudisindacali.net\\\/biblioteca\"],\"url\":\"https:\\\/\\\/www.istitutostudisindacali.net\\\/bibliotecablog\\\/author\\\/loredana-pietri\\\/\"}]}<\/script>\n<!-- \/ Yoast SEO plugin. -->","yoast_head_json":{"title":"Firenze sembrava deserta - Blog della Biblioteca","robots":{"index":"index","follow":"follow","max-snippet":"max-snippet:-1","max-image-preview":"max-image-preview:large","max-video-preview":"max-video-preview:-1"},"canonical":"https:\/\/www.istitutostudisindacali.net\/bibliotecablog\/2016\/01\/26\/firenze-sembrava-deserta\/","og_locale":"it_IT","og_type":"article","og_title":"Firenze sembrava deserta - Blog della Biblioteca","og_description":"&#8230; &#8220;Firenze sembrava deserta. Si incontravano solo pattuglie che avanzavano con cautela guidate da gruppi di partigiani. Si udiva uno sporadico fuoco di fucileria e di mitragliatrici in lontananza verso le colline di Fiesole. Giunti, per successive informazioni, volevamo andare, lasciammo la jeep. Chiamai un ragazzo che, assieme ad altri cinque o sei compagni, stava [&hellip;]","og_url":"https:\/\/www.istitutostudisindacali.net\/bibliotecablog\/2016\/01\/26\/firenze-sembrava-deserta\/","og_site_name":"Blog della Biblioteca","article_published_time":"2016-01-26T10:02:00+00:00","article_modified_time":"2023-02-04T18:12:40+00:00","og_image":[{"width":1280,"height":852,"url":"https:\/\/www.istitutostudisindacali.net\/bibliotecablog\/wp-content\/uploads\/sites\/17\/2022\/01\/firenze.jpg","type":"image\/jpeg"}],"author":"Loredana Pietri","twitter_card":"summary_large_image","twitter_misc":{"Scritto da":"Loredana Pietri","Tempo di lettura stimato":"2 minuti"},"schema":{"@context":"https:\/\/schema.org","@graph":[{"@type":"Article","@id":"https:\/\/www.istitutostudisindacali.net\/bibliotecablog\/2016\/01\/26\/firenze-sembrava-deserta\/#article","isPartOf":{"@id":"https:\/\/www.istitutostudisindacali.net\/bibliotecablog\/2016\/01\/26\/firenze-sembrava-deserta\/"},"author":{"name":"Loredana Pietri","@id":"https:\/\/www.istitutostudisindacali.net\/bibliotecablog\/#\/schema\/person\/67df37a680cbbc103a59f61989c3f7e0"},"headline":"Firenze sembrava deserta","datePublished":"2016-01-26T10:02:00+00:00","dateModified":"2023-02-04T18:12:40+00:00","mainEntityOfPage":{"@id":"https:\/\/www.istitutostudisindacali.net\/bibliotecablog\/2016\/01\/26\/firenze-sembrava-deserta\/"},"wordCount":326,"commentCount":0,"image":{"@id":"https:\/\/www.istitutostudisindacali.net\/bibliotecablog\/2016\/01\/26\/firenze-sembrava-deserta\/#primaryimage"},"thumbnailUrl":"https:\/\/www.istitutostudisindacali.net\/bibliotecablog\/wp-content\/uploads\/sites\/17\/2022\/01\/firenze.jpg","articleSection":["Storia"],"inLanguage":"it-IT","potentialAction":[{"@type":"CommentAction","name":"Comment","target":["https:\/\/www.istitutostudisindacali.net\/bibliotecablog\/2016\/01\/26\/firenze-sembrava-deserta\/#respond"]}]},{"@type":"WebPage","@id":"https:\/\/www.istitutostudisindacali.net\/bibliotecablog\/2016\/01\/26\/firenze-sembrava-deserta\/","url":"https:\/\/www.istitutostudisindacali.net\/bibliotecablog\/2016\/01\/26\/firenze-sembrava-deserta\/","name":"Firenze sembrava deserta - Blog della Biblioteca","isPartOf":{"@id":"https:\/\/www.istitutostudisindacali.net\/bibliotecablog\/#website"},"primaryImageOfPage":{"@id":"https:\/\/www.istitutostudisindacali.net\/bibliotecablog\/2016\/01\/26\/firenze-sembrava-deserta\/#primaryimage"},"image":{"@id":"https:\/\/www.istitutostudisindacali.net\/bibliotecablog\/2016\/01\/26\/firenze-sembrava-deserta\/#primaryimage"},"thumbnailUrl":"https:\/\/www.istitutostudisindacali.net\/bibliotecablog\/wp-content\/uploads\/sites\/17\/2022\/01\/firenze.jpg","datePublished":"2016-01-26T10:02:00+00:00","dateModified":"2023-02-04T18:12:40+00:00","author":{"@id":"https:\/\/www.istitutostudisindacali.net\/bibliotecablog\/#\/schema\/person\/67df37a680cbbc103a59f61989c3f7e0"},"breadcrumb":{"@id":"https:\/\/www.istitutostudisindacali.net\/bibliotecablog\/2016\/01\/26\/firenze-sembrava-deserta\/#breadcrumb"},"inLanguage":"it-IT","potentialAction":[{"@type":"ReadAction","target":["https:\/\/www.istitutostudisindacali.net\/bibliotecablog\/2016\/01\/26\/firenze-sembrava-deserta\/"]}]},{"@type":"ImageObject","inLanguage":"it-IT","@id":"https:\/\/www.istitutostudisindacali.net\/bibliotecablog\/2016\/01\/26\/firenze-sembrava-deserta\/#primaryimage","url":"https:\/\/www.istitutostudisindacali.net\/bibliotecablog\/wp-content\/uploads\/sites\/17\/2022\/01\/firenze.jpg","contentUrl":"https:\/\/www.istitutostudisindacali.net\/bibliotecablog\/wp-content\/uploads\/sites\/17\/2022\/01\/firenze.jpg","width":1280,"height":852},{"@type":"BreadcrumbList","@id":"https:\/\/www.istitutostudisindacali.net\/bibliotecablog\/2016\/01\/26\/firenze-sembrava-deserta\/#breadcrumb","itemListElement":[{"@type":"ListItem","position":1,"name":"Home","item":"https:\/\/www.istitutostudisindacali.net\/bibliotecablog\/"},{"@type":"ListItem","position":2,"name":"Firenze sembrava deserta"}]},{"@type":"WebSite","@id":"https:\/\/www.istitutostudisindacali.net\/bibliotecablog\/#website","url":"https:\/\/www.istitutostudisindacali.net\/bibliotecablog\/","name":"Blog della Biblioteca","description":"Arturo Chiari","potentialAction":[{"@type":"SearchAction","target":{"@type":"EntryPoint","urlTemplate":"https:\/\/www.istitutostudisindacali.net\/bibliotecablog\/?s={search_term_string}"},"query-input":{"@type":"PropertyValueSpecification","valueRequired":true,"valueName":"search_term_string"}}],"inLanguage":"it-IT"},{"@type":"Person","@id":"https:\/\/www.istitutostudisindacali.net\/bibliotecablog\/#\/schema\/person\/67df37a680cbbc103a59f61989c3f7e0","name":"Loredana Pietri","image":{"@type":"ImageObject","inLanguage":"it-IT","@id":"https:\/\/secure.gravatar.com\/avatar\/14e1950ca26d7443d95784cdcfad5cf200bbbc261d085cf9375e018dc286c835?s=96&d=mm&r=g","url":"https:\/\/secure.gravatar.com\/avatar\/14e1950ca26d7443d95784cdcfad5cf200bbbc261d085cf9375e018dc286c835?s=96&d=mm&r=g","contentUrl":"https:\/\/secure.gravatar.com\/avatar\/14e1950ca26d7443d95784cdcfad5cf200bbbc261d085cf9375e018dc286c835?s=96&d=mm&r=g","caption":"Loredana Pietri"},"description":"Responsabile della Biblioteca si impegna nella sua conduzione per migliorarne i Servizi","sameAs":["https:\/\/www.istitutostudisindacali.net\/biblioteca"],"url":"https:\/\/www.istitutostudisindacali.net\/bibliotecablog\/author\/loredana-pietri\/"}]}},"jetpack_featured_media_url":"https:\/\/www.istitutostudisindacali.net\/bibliotecablog\/wp-content\/uploads\/sites\/17\/2022\/01\/firenze.jpg","jetpack_sharing_enabled":true,"_links":{"self":[{"href":"https:\/\/www.istitutostudisindacali.net\/bibliotecablog\/wp-json\/wp\/v2\/posts\/3126","targetHints":{"allow":["GET"]}}],"collection":[{"href":"https:\/\/www.istitutostudisindacali.net\/bibliotecablog\/wp-json\/wp\/v2\/posts"}],"about":[{"href":"https:\/\/www.istitutostudisindacali.net\/bibliotecablog\/wp-json\/wp\/v2\/types\/post"}],"author":[{"embeddable":true,"href":"https:\/\/www.istitutostudisindacali.net\/bibliotecablog\/wp-json\/wp\/v2\/users\/7"}],"replies":[{"embeddable":true,"href":"https:\/\/www.istitutostudisindacali.net\/bibliotecablog\/wp-json\/wp\/v2\/comments?post=3126"}],"version-history":[{"count":1,"href":"https:\/\/www.istitutostudisindacali.net\/bibliotecablog\/wp-json\/wp\/v2\/posts\/3126\/revisions"}],"predecessor-version":[{"id":4618,"href":"https:\/\/www.istitutostudisindacali.net\/bibliotecablog\/wp-json\/wp\/v2\/posts\/3126\/revisions\/4618"}],"wp:featuredmedia":[{"embeddable":true,"href":"https:\/\/www.istitutostudisindacali.net\/bibliotecablog\/wp-json\/wp\/v2\/media\/3127"}],"wp:attachment":[{"href":"https:\/\/www.istitutostudisindacali.net\/bibliotecablog\/wp-json\/wp\/v2\/media?parent=3126"}],"wp:term":[{"taxonomy":"category","embeddable":true,"href":"https:\/\/www.istitutostudisindacali.net\/bibliotecablog\/wp-json\/wp\/v2\/categories?post=3126"},{"taxonomy":"post_tag","embeddable":true,"href":"https:\/\/www.istitutostudisindacali.net\/bibliotecablog\/wp-json\/wp\/v2\/tags?post=3126"}],"curies":[{"name":"wp","href":"https:\/\/api.w.org\/{rel}","templated":true}]}}