{"id":2350,"date":"1969-06-08T07:34:51","date_gmt":"1969-06-08T05:34:51","guid":{"rendered":"https:\/\/bibliotecarturochiari.wordpress.com\/?p=2350"},"modified":"2023-02-04T19:13:00","modified_gmt":"2023-02-04T18:13:00","slug":"le-commissioni-operaie-in-spagna-di-marcelino-camacho","status":"publish","type":"post","link":"https:\/\/www.istitutostudisindacali.net\/bibliotecablog\/1969\/06\/08\/le-commissioni-operaie-in-spagna-di-marcelino-camacho\/","title":{"rendered":"Le commissioni operaie in Spagna di Marcelino Camacho"},"content":{"rendered":"<p>ACCADDE OGGI &#8211; 8 giugno 1969 \u2013  Il Generale Francisco Franco ordina la chiusura della frontiera spagnola di Gibilterra<\/p>\n<p>Le commissioni operaie in Spagna di Marcelino Camacho<\/p>\n<blockquote><p><strong>\u00a08 giugno 1969 &#8211;\u00a0 Il Generale Francisco Franco ordina la chiusura della frontiera spagnola di Gibilterra.<\/strong><\/p>\n<p>La Spagna, pur avendo riconosciuto il valore giuridico del Trattato di Utrecht, contesta tuttora la sovranit\u00e0 politica del Regno Unito e cerca di esercitare un potere sempre pi\u00f9 forte sulle acque dello Stretto.<\/p>\n<p>Il regime di Franco ha sollevato la questione della sovranit\u00e0 di Gibilterra a partire dal 1957. L\u2019ha portata davanti alle Nazioni Unite negli anni Sessanta, nel quadro del grande dibattito sulla decolonizzazione. La Spagna non ha tardato a ingaggiare un braccio di ferro con la Gran Bretagna, imponendo un blocco tra il 1969 e il 1985, data in cui il governo di Londra accett\u00f2 di farla entrare nella Comunit\u00e0 europea.<\/p><\/blockquote>\n<p style=\"text-align:justify\">[&#8230;] La classe operaia ha percorso la propria ha percorso la strada in condizioni estremamente dure, e proprio le virt\u00f9 e i difetti di questo passato glorioso sono state il fermento in cui si \u00e8 formato il nuovo movimento operaio, quello delle Comisiones Obreras.<\/p>\n<p style=\"text-align:justify\"><img loading=\"lazy\" decoding=\"async\" class=\" size-full wp-image-2358 alignleft\" src=\"https:\/\/www.istitutostudisindacali.net\/biblioteca\/wp-content\/uploads\/sites\/2\/2020\/06\/21-0.jpg\" alt=\"21-0\" width=\"262\" height=\"377\" srcset=\"https:\/\/www.istitutostudisindacali.net\/bibliotecablog\/wp-content\/uploads\/sites\/17\/2020\/06\/21-0.jpg 262w, https:\/\/www.istitutostudisindacali.net\/bibliotecablog\/wp-content\/uploads\/sites\/17\/2020\/06\/21-0-208x300.jpg 208w\" sizes=\"(max-width: 262px) 100vw, 262px\" \/>Indifesi i lavoratori nei confronti dei capitalisti per l&#8217;atomizzazione dei pochissimi membri d&#8217;ognuna delle numerose organizzazioni clandestine esistenti e prive di un reale contatto con le masse operaie, con alcuni sindacali (CSN) al servizio degli sfruttatori, i lavoratori spagnoli avevano, ora ancor di pi\u00f9 di prima, le proprie forme di autodifesa e poi quelle dell&#8217;attacco, o soccombere in quanto classe cosciente, capace non solo di stare ma anche di essere nella societ\u00e0.<\/p>\n<p style=\"text-align:justify\">E, pur vivendo in una societ\u00e0 infetta dal fascismo, i lavoratori, come corpo sociale vivo, non potevano morire classe senza che la societ\u00e0 perisse: pertanto, come per una necessit\u00e0 storica, crearono i loro antivirus, i loro anticorpo: La Comisiones obreras.<\/p>\n<p style=\"text-align:justify\">Davanti all&#8217;inutilit\u00e0 dei gruppi clandestini e alla subordinazione dei Sindacali verticali agli sfruttatori, i lavoratori &#8211; nelle fabbriche, nei cantieri, nelle miniere, nei campi &#8211; eleggevano o designavano, nel corso di una nuova assemblea o di una consulta, una commissione ogni qualvolta dovessero avanzare una qualche rivendicazione, fosse essa di aumento salariale, di migliori condizioni di lavoro, di organizzazione dei trasporti ecc.<\/p>\n<p style=\"text-align:justify\"><img loading=\"lazy\" decoding=\"async\" class=\" size-full wp-image-2359 aligncenter\" src=\"https:\/\/www.istitutostudisindacali.net\/biblioteca\/wp-content\/uploads\/sites\/2\/2020\/06\/1106322_1.jpg\" alt=\"1106322_1\" width=\"467\" height=\"340\" srcset=\"https:\/\/www.istitutostudisindacali.net\/bibliotecablog\/wp-content\/uploads\/sites\/17\/2020\/06\/1106322_1.jpg 467w, https:\/\/www.istitutostudisindacali.net\/bibliotecablog\/wp-content\/uploads\/sites\/17\/2020\/06\/1106322_1-300x218.jpg 300w\" sizes=\"(max-width: 467px) 100vw, 467px\" \/>La Comision esponeva i problemi o le richieste alla impresa o al padrone riferendo poi i risultati del proprio intervento.\u00a0 \u00a0Cos\u00ec, spontaneamente, i lavoratori crearono l&#8217;embrione del nuovo movimento operaio, come una necessit\u00e0, per difendere i loro interessi nelle nuove condizioni, dando vita da allora a un nuovo equilibrio per la difesa dei loro interessi di classe, immediati o mediati.\u00a0 \u00a0Potremmo dividere questo processo in due fasi:\u00a0 quella spontanea, nella quale la Comisiones Obrear nascono e muoiono con il nascere e il risolversi di ciasun problema; e quella cosciente, in cui diventano permanenti e in cui , attraverso una costante azione creativa, coordinano ed elaborano le lotte e il livelli minimi di organizzazione e di base sociale e politica indispensabili per adempiere alla loro funzione nel presente e nel futuro.\u00a0 \u00a0[&#8230;] pp.60<\/p>\n<h3 style=\"text-align:center\"><img loading=\"lazy\" decoding=\"async\" class=\"alignnone size-full wp-image-2360\" src=\"https:\/\/www.istitutostudisindacali.net\/biblioteca\/wp-content\/uploads\/sites\/2\/2020\/06\/a4g8n1.jpg\" alt=\"a4g8n1\" width=\"377\" height=\"309\" srcset=\"https:\/\/www.istitutostudisindacali.net\/bibliotecablog\/wp-content\/uploads\/sites\/17\/2020\/06\/a4g8n1.jpg 377w, https:\/\/www.istitutostudisindacali.net\/bibliotecablog\/wp-content\/uploads\/sites\/17\/2020\/06\/a4g8n1-300x246.jpg 300w\" sizes=\"(max-width: 377px) 100vw, 377px\" \/><\/h3>\n<h3 style=\"text-align:center\">Tratto dal libro Le Commissioni operaie in Spagna<\/h3>\n<h3 style=\"text-align:center\">Disponibile presso la BIBLIOTECA NAZIONALE UIL ARTURO CHIARI<\/h3>\n<p>&nbsp;<\/p>\n<p><img loading=\"lazy\" decoding=\"async\" class=\"alignnone size-full wp-image-2362\" src=\"https:\/\/www.istitutostudisindacali.net\/biblioteca\/wp-content\/uploads\/sites\/2\/2020\/06\/marcha-trabajo-1mayo.jpg\" alt=\"Marcha-trabajo-1mayo\" width=\"760\" height=\"506\" srcset=\"https:\/\/www.istitutostudisindacali.net\/bibliotecablog\/wp-content\/uploads\/sites\/17\/2020\/06\/marcha-trabajo-1mayo.jpg 760w, https:\/\/www.istitutostudisindacali.net\/bibliotecablog\/wp-content\/uploads\/sites\/17\/2020\/06\/marcha-trabajo-1mayo-300x200.jpg 300w, https:\/\/www.istitutostudisindacali.net\/bibliotecablog\/wp-content\/uploads\/sites\/17\/2020\/06\/marcha-trabajo-1mayo-610x406.jpg 610w\" sizes=\"(max-width: 760px) 100vw, 760px\" \/><\/p>\n","protected":false},"excerpt":{"rendered":"<p>ACCADDE OGGI &#8211; 8 giugno 1969 \u2013 Il Generale Francisco Franco ordina la chiusura della frontiera spagnola di Gibilterra Le commissioni operaie in Spagna di Marcelino Camacho \u00a08 giugno 1969 &#8211;\u00a0 Il Generale Francisco Franco ordina la chiusura della frontiera spagnola di Gibilterra. La Spagna, pur avendo riconosciuto il valore giuridico del Trattato di Utrecht, [&hellip;]<\/p>\n","protected":false},"author":7,"featured_media":2363,"comment_status":"closed","ping_status":"closed","sticky":false,"template":"","format":"standard","meta":{"_et_pb_use_builder":"","_et_pb_old_content":"","_et_gb_content_width":"","ngg_post_thumbnail":0,"_jetpack_memberships_contains_paid_content":false,"footnotes":""},"categories":[4,90],"tags":[],"class_list":["post-2350","post","type-post","status-publish","format-standard","has-post-thumbnail","hentry","category-accadde-oggi","category-movimento-operaio","et-has-post-format-content","et_post_format-et-post-format-standard"],"yoast_head":"<!-- This site is optimized with the Yoast SEO plugin v27.4 - https:\/\/yoast.com\/product\/yoast-seo-wordpress\/ -->\n<title>Le commissioni operaie in Spagna di Marcelino Camacho - Blog della Biblioteca<\/title>\n<meta name=\"robots\" content=\"index, follow, max-snippet:-1, max-image-preview:large, max-video-preview:-1\" \/>\n<link rel=\"canonical\" href=\"https:\/\/www.istitutostudisindacali.net\/bibliotecablog\/1969\/06\/08\/le-commissioni-operaie-in-spagna-di-marcelino-camacho\/\" \/>\n<meta property=\"og:locale\" content=\"it_IT\" \/>\n<meta property=\"og:type\" content=\"article\" \/>\n<meta property=\"og:title\" content=\"Le commissioni operaie in Spagna di Marcelino Camacho - Blog della Biblioteca\" \/>\n<meta property=\"og:description\" content=\"ACCADDE OGGI &#8211; 8 giugno 1969 \u2013 Il Generale Francisco Franco ordina la chiusura della frontiera spagnola di Gibilterra Le commissioni operaie in Spagna di Marcelino Camacho \u00a08 giugno 1969 &#8211;\u00a0 Il Generale Francisco Franco ordina la chiusura della frontiera spagnola di Gibilterra. La Spagna, pur avendo riconosciuto il valore giuridico del Trattato di Utrecht, [&hellip;]\" \/>\n<meta property=\"og:url\" content=\"https:\/\/www.istitutostudisindacali.net\/bibliotecablog\/1969\/06\/08\/le-commissioni-operaie-in-spagna-di-marcelino-camacho\/\" \/>\n<meta property=\"og:site_name\" content=\"Blog della Biblioteca\" \/>\n<meta property=\"article:published_time\" content=\"1969-06-08T05:34:51+00:00\" \/>\n<meta property=\"article:modified_time\" content=\"2023-02-04T18:13:00+00:00\" \/>\n<meta property=\"og:image\" content=\"https:\/\/www.istitutostudisindacali.net\/bibliotecablog\/wp-content\/uploads\/sites\/17\/2020\/06\/trabajado2-1.jpg\" \/>\n\t<meta property=\"og:image:width\" content=\"800\" \/>\n\t<meta property=\"og:image:height\" content=\"483\" \/>\n\t<meta property=\"og:image:type\" content=\"image\/jpeg\" \/>\n<meta name=\"author\" content=\"Loredana Pietri\" \/>\n<meta name=\"twitter:card\" content=\"summary_large_image\" \/>\n<meta name=\"twitter:label1\" content=\"Scritto da\" \/>\n\t<meta name=\"twitter:data1\" content=\"Loredana Pietri\" \/>\n\t<meta name=\"twitter:label2\" content=\"Tempo di lettura stimato\" \/>\n\t<meta name=\"twitter:data2\" content=\"3 minuti\" \/>\n<script type=\"application\/ld+json\" class=\"yoast-schema-graph\">{\"@context\":\"https:\\\/\\\/schema.org\",\"@graph\":[{\"@type\":\"Article\",\"@id\":\"https:\\\/\\\/www.istitutostudisindacali.net\\\/bibliotecablog\\\/1969\\\/06\\\/08\\\/le-commissioni-operaie-in-spagna-di-marcelino-camacho\\\/#article\",\"isPartOf\":{\"@id\":\"https:\\\/\\\/www.istitutostudisindacali.net\\\/bibliotecablog\\\/1969\\\/06\\\/08\\\/le-commissioni-operaie-in-spagna-di-marcelino-camacho\\\/\"},\"author\":{\"name\":\"Loredana Pietri\",\"@id\":\"https:\\\/\\\/www.istitutostudisindacali.net\\\/bibliotecablog\\\/#\\\/schema\\\/person\\\/67df37a680cbbc103a59f61989c3f7e0\"},\"headline\":\"Le commissioni operaie in Spagna di Marcelino Camacho\",\"datePublished\":\"1969-06-08T05:34:51+00:00\",\"dateModified\":\"2023-02-04T18:13:00+00:00\",\"mainEntityOfPage\":{\"@id\":\"https:\\\/\\\/www.istitutostudisindacali.net\\\/bibliotecablog\\\/1969\\\/06\\\/08\\\/le-commissioni-operaie-in-spagna-di-marcelino-camacho\\\/\"},\"wordCount\":515,\"image\":{\"@id\":\"https:\\\/\\\/www.istitutostudisindacali.net\\\/bibliotecablog\\\/1969\\\/06\\\/08\\\/le-commissioni-operaie-in-spagna-di-marcelino-camacho\\\/#primaryimage\"},\"thumbnailUrl\":\"https:\\\/\\\/www.istitutostudisindacali.net\\\/bibliotecablog\\\/wp-content\\\/uploads\\\/sites\\\/17\\\/2020\\\/06\\\/trabajado2-1.jpg\",\"articleSection\":[\"Accadde Oggi\",\"Movimento Operaio\"],\"inLanguage\":\"it-IT\"},{\"@type\":\"WebPage\",\"@id\":\"https:\\\/\\\/www.istitutostudisindacali.net\\\/bibliotecablog\\\/1969\\\/06\\\/08\\\/le-commissioni-operaie-in-spagna-di-marcelino-camacho\\\/\",\"url\":\"https:\\\/\\\/www.istitutostudisindacali.net\\\/bibliotecablog\\\/1969\\\/06\\\/08\\\/le-commissioni-operaie-in-spagna-di-marcelino-camacho\\\/\",\"name\":\"Le commissioni operaie in Spagna di Marcelino Camacho - Blog della Biblioteca\",\"isPartOf\":{\"@id\":\"https:\\\/\\\/www.istitutostudisindacali.net\\\/bibliotecablog\\\/#website\"},\"primaryImageOfPage\":{\"@id\":\"https:\\\/\\\/www.istitutostudisindacali.net\\\/bibliotecablog\\\/1969\\\/06\\\/08\\\/le-commissioni-operaie-in-spagna-di-marcelino-camacho\\\/#primaryimage\"},\"image\":{\"@id\":\"https:\\\/\\\/www.istitutostudisindacali.net\\\/bibliotecablog\\\/1969\\\/06\\\/08\\\/le-commissioni-operaie-in-spagna-di-marcelino-camacho\\\/#primaryimage\"},\"thumbnailUrl\":\"https:\\\/\\\/www.istitutostudisindacali.net\\\/bibliotecablog\\\/wp-content\\\/uploads\\\/sites\\\/17\\\/2020\\\/06\\\/trabajado2-1.jpg\",\"datePublished\":\"1969-06-08T05:34:51+00:00\",\"dateModified\":\"2023-02-04T18:13:00+00:00\",\"author\":{\"@id\":\"https:\\\/\\\/www.istitutostudisindacali.net\\\/bibliotecablog\\\/#\\\/schema\\\/person\\\/67df37a680cbbc103a59f61989c3f7e0\"},\"breadcrumb\":{\"@id\":\"https:\\\/\\\/www.istitutostudisindacali.net\\\/bibliotecablog\\\/1969\\\/06\\\/08\\\/le-commissioni-operaie-in-spagna-di-marcelino-camacho\\\/#breadcrumb\"},\"inLanguage\":\"it-IT\",\"potentialAction\":[{\"@type\":\"ReadAction\",\"target\":[\"https:\\\/\\\/www.istitutostudisindacali.net\\\/bibliotecablog\\\/1969\\\/06\\\/08\\\/le-commissioni-operaie-in-spagna-di-marcelino-camacho\\\/\"]}]},{\"@type\":\"ImageObject\",\"inLanguage\":\"it-IT\",\"@id\":\"https:\\\/\\\/www.istitutostudisindacali.net\\\/bibliotecablog\\\/1969\\\/06\\\/08\\\/le-commissioni-operaie-in-spagna-di-marcelino-camacho\\\/#primaryimage\",\"url\":\"https:\\\/\\\/www.istitutostudisindacali.net\\\/bibliotecablog\\\/wp-content\\\/uploads\\\/sites\\\/17\\\/2020\\\/06\\\/trabajado2-1.jpg\",\"contentUrl\":\"https:\\\/\\\/www.istitutostudisindacali.net\\\/bibliotecablog\\\/wp-content\\\/uploads\\\/sites\\\/17\\\/2020\\\/06\\\/trabajado2-1.jpg\",\"width\":800,\"height\":483},{\"@type\":\"BreadcrumbList\",\"@id\":\"https:\\\/\\\/www.istitutostudisindacali.net\\\/bibliotecablog\\\/1969\\\/06\\\/08\\\/le-commissioni-operaie-in-spagna-di-marcelino-camacho\\\/#breadcrumb\",\"itemListElement\":[{\"@type\":\"ListItem\",\"position\":1,\"name\":\"Home\",\"item\":\"https:\\\/\\\/www.istitutostudisindacali.net\\\/bibliotecablog\\\/\"},{\"@type\":\"ListItem\",\"position\":2,\"name\":\"Le commissioni operaie in Spagna di Marcelino Camacho\"}]},{\"@type\":\"WebSite\",\"@id\":\"https:\\\/\\\/www.istitutostudisindacali.net\\\/bibliotecablog\\\/#website\",\"url\":\"https:\\\/\\\/www.istitutostudisindacali.net\\\/bibliotecablog\\\/\",\"name\":\"Blog della Biblioteca\",\"description\":\"Arturo Chiari\",\"potentialAction\":[{\"@type\":\"SearchAction\",\"target\":{\"@type\":\"EntryPoint\",\"urlTemplate\":\"https:\\\/\\\/www.istitutostudisindacali.net\\\/bibliotecablog\\\/?s={search_term_string}\"},\"query-input\":{\"@type\":\"PropertyValueSpecification\",\"valueRequired\":true,\"valueName\":\"search_term_string\"}}],\"inLanguage\":\"it-IT\"},{\"@type\":\"Person\",\"@id\":\"https:\\\/\\\/www.istitutostudisindacali.net\\\/bibliotecablog\\\/#\\\/schema\\\/person\\\/67df37a680cbbc103a59f61989c3f7e0\",\"name\":\"Loredana Pietri\",\"image\":{\"@type\":\"ImageObject\",\"inLanguage\":\"it-IT\",\"@id\":\"https:\\\/\\\/secure.gravatar.com\\\/avatar\\\/14e1950ca26d7443d95784cdcfad5cf200bbbc261d085cf9375e018dc286c835?s=96&d=mm&r=g\",\"url\":\"https:\\\/\\\/secure.gravatar.com\\\/avatar\\\/14e1950ca26d7443d95784cdcfad5cf200bbbc261d085cf9375e018dc286c835?s=96&d=mm&r=g\",\"contentUrl\":\"https:\\\/\\\/secure.gravatar.com\\\/avatar\\\/14e1950ca26d7443d95784cdcfad5cf200bbbc261d085cf9375e018dc286c835?s=96&d=mm&r=g\",\"caption\":\"Loredana Pietri\"},\"description\":\"Responsabile della Biblioteca si impegna nella sua conduzione per migliorarne i Servizi\",\"sameAs\":[\"https:\\\/\\\/www.istitutostudisindacali.net\\\/biblioteca\"],\"url\":\"https:\\\/\\\/www.istitutostudisindacali.net\\\/bibliotecablog\\\/author\\\/loredana-pietri\\\/\"}]}<\/script>\n<!-- \/ Yoast SEO plugin. -->","yoast_head_json":{"title":"Le commissioni operaie in Spagna di Marcelino Camacho - Blog della Biblioteca","robots":{"index":"index","follow":"follow","max-snippet":"max-snippet:-1","max-image-preview":"max-image-preview:large","max-video-preview":"max-video-preview:-1"},"canonical":"https:\/\/www.istitutostudisindacali.net\/bibliotecablog\/1969\/06\/08\/le-commissioni-operaie-in-spagna-di-marcelino-camacho\/","og_locale":"it_IT","og_type":"article","og_title":"Le commissioni operaie in Spagna di Marcelino Camacho - Blog della Biblioteca","og_description":"ACCADDE OGGI &#8211; 8 giugno 1969 \u2013 Il Generale Francisco Franco ordina la chiusura della frontiera spagnola di Gibilterra Le commissioni operaie in Spagna di Marcelino Camacho \u00a08 giugno 1969 &#8211;\u00a0 Il Generale Francisco Franco ordina la chiusura della frontiera spagnola di Gibilterra. La Spagna, pur avendo riconosciuto il valore giuridico del Trattato di Utrecht, [&hellip;]","og_url":"https:\/\/www.istitutostudisindacali.net\/bibliotecablog\/1969\/06\/08\/le-commissioni-operaie-in-spagna-di-marcelino-camacho\/","og_site_name":"Blog della Biblioteca","article_published_time":"1969-06-08T05:34:51+00:00","article_modified_time":"2023-02-04T18:13:00+00:00","og_image":[{"width":800,"height":483,"url":"https:\/\/www.istitutostudisindacali.net\/bibliotecablog\/wp-content\/uploads\/sites\/17\/2020\/06\/trabajado2-1.jpg","type":"image\/jpeg"}],"author":"Loredana Pietri","twitter_card":"summary_large_image","twitter_misc":{"Scritto da":"Loredana Pietri","Tempo di lettura stimato":"3 minuti"},"schema":{"@context":"https:\/\/schema.org","@graph":[{"@type":"Article","@id":"https:\/\/www.istitutostudisindacali.net\/bibliotecablog\/1969\/06\/08\/le-commissioni-operaie-in-spagna-di-marcelino-camacho\/#article","isPartOf":{"@id":"https:\/\/www.istitutostudisindacali.net\/bibliotecablog\/1969\/06\/08\/le-commissioni-operaie-in-spagna-di-marcelino-camacho\/"},"author":{"name":"Loredana Pietri","@id":"https:\/\/www.istitutostudisindacali.net\/bibliotecablog\/#\/schema\/person\/67df37a680cbbc103a59f61989c3f7e0"},"headline":"Le commissioni operaie in Spagna di Marcelino Camacho","datePublished":"1969-06-08T05:34:51+00:00","dateModified":"2023-02-04T18:13:00+00:00","mainEntityOfPage":{"@id":"https:\/\/www.istitutostudisindacali.net\/bibliotecablog\/1969\/06\/08\/le-commissioni-operaie-in-spagna-di-marcelino-camacho\/"},"wordCount":515,"image":{"@id":"https:\/\/www.istitutostudisindacali.net\/bibliotecablog\/1969\/06\/08\/le-commissioni-operaie-in-spagna-di-marcelino-camacho\/#primaryimage"},"thumbnailUrl":"https:\/\/www.istitutostudisindacali.net\/bibliotecablog\/wp-content\/uploads\/sites\/17\/2020\/06\/trabajado2-1.jpg","articleSection":["Accadde Oggi","Movimento Operaio"],"inLanguage":"it-IT"},{"@type":"WebPage","@id":"https:\/\/www.istitutostudisindacali.net\/bibliotecablog\/1969\/06\/08\/le-commissioni-operaie-in-spagna-di-marcelino-camacho\/","url":"https:\/\/www.istitutostudisindacali.net\/bibliotecablog\/1969\/06\/08\/le-commissioni-operaie-in-spagna-di-marcelino-camacho\/","name":"Le commissioni operaie in Spagna di Marcelino Camacho - Blog della Biblioteca","isPartOf":{"@id":"https:\/\/www.istitutostudisindacali.net\/bibliotecablog\/#website"},"primaryImageOfPage":{"@id":"https:\/\/www.istitutostudisindacali.net\/bibliotecablog\/1969\/06\/08\/le-commissioni-operaie-in-spagna-di-marcelino-camacho\/#primaryimage"},"image":{"@id":"https:\/\/www.istitutostudisindacali.net\/bibliotecablog\/1969\/06\/08\/le-commissioni-operaie-in-spagna-di-marcelino-camacho\/#primaryimage"},"thumbnailUrl":"https:\/\/www.istitutostudisindacali.net\/bibliotecablog\/wp-content\/uploads\/sites\/17\/2020\/06\/trabajado2-1.jpg","datePublished":"1969-06-08T05:34:51+00:00","dateModified":"2023-02-04T18:13:00+00:00","author":{"@id":"https:\/\/www.istitutostudisindacali.net\/bibliotecablog\/#\/schema\/person\/67df37a680cbbc103a59f61989c3f7e0"},"breadcrumb":{"@id":"https:\/\/www.istitutostudisindacali.net\/bibliotecablog\/1969\/06\/08\/le-commissioni-operaie-in-spagna-di-marcelino-camacho\/#breadcrumb"},"inLanguage":"it-IT","potentialAction":[{"@type":"ReadAction","target":["https:\/\/www.istitutostudisindacali.net\/bibliotecablog\/1969\/06\/08\/le-commissioni-operaie-in-spagna-di-marcelino-camacho\/"]}]},{"@type":"ImageObject","inLanguage":"it-IT","@id":"https:\/\/www.istitutostudisindacali.net\/bibliotecablog\/1969\/06\/08\/le-commissioni-operaie-in-spagna-di-marcelino-camacho\/#primaryimage","url":"https:\/\/www.istitutostudisindacali.net\/bibliotecablog\/wp-content\/uploads\/sites\/17\/2020\/06\/trabajado2-1.jpg","contentUrl":"https:\/\/www.istitutostudisindacali.net\/bibliotecablog\/wp-content\/uploads\/sites\/17\/2020\/06\/trabajado2-1.jpg","width":800,"height":483},{"@type":"BreadcrumbList","@id":"https:\/\/www.istitutostudisindacali.net\/bibliotecablog\/1969\/06\/08\/le-commissioni-operaie-in-spagna-di-marcelino-camacho\/#breadcrumb","itemListElement":[{"@type":"ListItem","position":1,"name":"Home","item":"https:\/\/www.istitutostudisindacali.net\/bibliotecablog\/"},{"@type":"ListItem","position":2,"name":"Le commissioni operaie in Spagna di Marcelino Camacho"}]},{"@type":"WebSite","@id":"https:\/\/www.istitutostudisindacali.net\/bibliotecablog\/#website","url":"https:\/\/www.istitutostudisindacali.net\/bibliotecablog\/","name":"Blog della Biblioteca","description":"Arturo Chiari","potentialAction":[{"@type":"SearchAction","target":{"@type":"EntryPoint","urlTemplate":"https:\/\/www.istitutostudisindacali.net\/bibliotecablog\/?s={search_term_string}"},"query-input":{"@type":"PropertyValueSpecification","valueRequired":true,"valueName":"search_term_string"}}],"inLanguage":"it-IT"},{"@type":"Person","@id":"https:\/\/www.istitutostudisindacali.net\/bibliotecablog\/#\/schema\/person\/67df37a680cbbc103a59f61989c3f7e0","name":"Loredana Pietri","image":{"@type":"ImageObject","inLanguage":"it-IT","@id":"https:\/\/secure.gravatar.com\/avatar\/14e1950ca26d7443d95784cdcfad5cf200bbbc261d085cf9375e018dc286c835?s=96&d=mm&r=g","url":"https:\/\/secure.gravatar.com\/avatar\/14e1950ca26d7443d95784cdcfad5cf200bbbc261d085cf9375e018dc286c835?s=96&d=mm&r=g","contentUrl":"https:\/\/secure.gravatar.com\/avatar\/14e1950ca26d7443d95784cdcfad5cf200bbbc261d085cf9375e018dc286c835?s=96&d=mm&r=g","caption":"Loredana Pietri"},"description":"Responsabile della Biblioteca si impegna nella sua conduzione per migliorarne i Servizi","sameAs":["https:\/\/www.istitutostudisindacali.net\/biblioteca"],"url":"https:\/\/www.istitutostudisindacali.net\/bibliotecablog\/author\/loredana-pietri\/"}]}},"jetpack_featured_media_url":"https:\/\/www.istitutostudisindacali.net\/bibliotecablog\/wp-content\/uploads\/sites\/17\/2020\/06\/trabajado2-1.jpg","jetpack_sharing_enabled":true,"_links":{"self":[{"href":"https:\/\/www.istitutostudisindacali.net\/bibliotecablog\/wp-json\/wp\/v2\/posts\/2350","targetHints":{"allow":["GET"]}}],"collection":[{"href":"https:\/\/www.istitutostudisindacali.net\/bibliotecablog\/wp-json\/wp\/v2\/posts"}],"about":[{"href":"https:\/\/www.istitutostudisindacali.net\/bibliotecablog\/wp-json\/wp\/v2\/types\/post"}],"author":[{"embeddable":true,"href":"https:\/\/www.istitutostudisindacali.net\/bibliotecablog\/wp-json\/wp\/v2\/users\/7"}],"replies":[{"embeddable":true,"href":"https:\/\/www.istitutostudisindacali.net\/bibliotecablog\/wp-json\/wp\/v2\/comments?post=2350"}],"version-history":[{"count":1,"href":"https:\/\/www.istitutostudisindacali.net\/bibliotecablog\/wp-json\/wp\/v2\/posts\/2350\/revisions"}],"predecessor-version":[{"id":4656,"href":"https:\/\/www.istitutostudisindacali.net\/bibliotecablog\/wp-json\/wp\/v2\/posts\/2350\/revisions\/4656"}],"wp:featuredmedia":[{"embeddable":true,"href":"https:\/\/www.istitutostudisindacali.net\/bibliotecablog\/wp-json\/wp\/v2\/media\/2363"}],"wp:attachment":[{"href":"https:\/\/www.istitutostudisindacali.net\/bibliotecablog\/wp-json\/wp\/v2\/media?parent=2350"}],"wp:term":[{"taxonomy":"category","embeddable":true,"href":"https:\/\/www.istitutostudisindacali.net\/bibliotecablog\/wp-json\/wp\/v2\/categories?post=2350"},{"taxonomy":"post_tag","embeddable":true,"href":"https:\/\/www.istitutostudisindacali.net\/bibliotecablog\/wp-json\/wp\/v2\/tags?post=2350"}],"curies":[{"name":"wp","href":"https:\/\/api.w.org\/{rel}","templated":true}]}}