{"id":2262,"date":"2011-10-28T10:09:23","date_gmt":"2011-10-28T08:09:23","guid":{"rendered":"https:\/\/bibliotecarturochiari.wordpress.com\/?p=2262"},"modified":"2023-02-04T19:12:42","modified_gmt":"2023-02-04T18:12:42","slug":"la-paura-e-la-speranza-di-giulio-tremonti","status":"publish","type":"post","link":"https:\/\/www.istitutostudisindacali.net\/bibliotecablog\/2011\/10\/28\/la-paura-e-la-speranza-di-giulio-tremonti\/","title":{"rendered":"ACCADDE OGGI &#8211; 28 ottobre 2011 Sciopero nazionale del Pubblico Impiego contro i costi della politica."},"content":{"rendered":"<p>ACCADDE OGGI &#8211; 28 ottobre 2011 Sciopero nazionale del Pubblico Impiego contro i costi della politica.<\/p>\n<p>&#8220;La paura e la speranza&#8221; di Giulio Tremonti<\/p>\n<blockquote>\n<p style=\"text-align:center\"><em><strong>28 ottobre 2011 &#8211; UILPA &#8211; UILFPL &#8211; UILSCUOLA &#8211; UILRUA <\/strong><\/em><\/p>\n<p style=\"text-align:center\"><em><strong>Sciopero nazionale del Pubblico Impiego contro i costi della politica.<\/strong><\/em><\/p>\n<\/blockquote>\n<p style=\"text-align:justify\"><img loading=\"lazy\" decoding=\"async\" class=\"  wp-image-2274 aligncenter\" src=\"https:\/\/www.istitutostudisindacali.net\/biblioteca\/wp-content\/uploads\/sites\/2\/2019\/10\/sciopero_nazionale_28_ottobre_manifesto.jpg\" alt=\"sciopero_nazionale_28_ottobre_manifesto\" width=\"447\" height=\"632\" \/>\u00a0[&#8230;] Il primo pensiero politico organizzato \u00e8 stato espresso da Platone nella Repubblica. Qui la politica \u00e8<em> t\u00e9chne<\/em>, nella sua forma superiore:&lt;&lt;<em>E t\u00e9chne politik\u00e9<\/em>&gt;&gt;.<\/p>\n<p style=\"text-align:justify\">L&#8217;immagine usata da Platone \u00e8 quella del timone come strumento di governo di una nave.\u00a0 \u00a0Un&#8217;arte, la politica, che tra le arti \u00e8 la pi\u00f9 complicata, perch\u00e8 occorre insieme conoscere la nave e l&#8217;equipaggio, la superficie del are, i fondale, le stelle.<\/p>\n<p style=\"text-align:justify\"><img loading=\"lazy\" decoding=\"async\" class=\"alignnone size-full wp-image-2273\" src=\"https:\/\/www.istitutostudisindacali.net\/biblioteca\/wp-content\/uploads\/sites\/2\/2019\/10\/ma.jpg\" alt=\"ma\" width=\"800\" height=\"577\" srcset=\"https:\/\/www.istitutostudisindacali.net\/bibliotecablog\/wp-content\/uploads\/sites\/17\/2019\/10\/ma.jpg 800w, https:\/\/www.istitutostudisindacali.net\/bibliotecablog\/wp-content\/uploads\/sites\/17\/2019\/10\/ma-300x216.jpg 300w, https:\/\/www.istitutostudisindacali.net\/bibliotecablog\/wp-content\/uploads\/sites\/17\/2019\/10\/ma-768x554.jpg 768w, https:\/\/www.istitutostudisindacali.net\/bibliotecablog\/wp-content\/uploads\/sites\/17\/2019\/10\/ma-610x440.jpg 610w\" sizes=\"(max-width: 800px) 100vw, 800px\" \/>Non possiamo fermare il mondo, ma dobbiamo capirlo e muoverci di conseguenza.\u00a0 \u00a0La meteorologia non fa il tempo, non decide quando splende il sole o quando piove, ma aiuta a navigare.\u00a0 \u00a0 I marinai sanno che non si governa il mare ma la nave, che si manovrano le vele e non il vento, ed \u00e8 proprio cos\u00ec che la nostra nave deve provare a prendere il largo, se non vuole affondare in porto.<\/p>\n<p style=\"text-align:justify\">La crisi che viviamo non \u00e8 in specie solo una crisi economica.\u00a0 \u00a0 E&#8217; soprattutto una crisi sociale e morale.\u00a0 \u00a0E&#8217; la crisi del modello europeo finora dominante in Europa ed \u00e8 il prodotto di un errore.<\/p>\n<p style=\"text-align:justify\"><img loading=\"lazy\" decoding=\"async\" class=\"alignnone size-full wp-image-2272\" src=\"https:\/\/www.istitutostudisindacali.net\/biblioteca\/wp-content\/uploads\/sites\/2\/2019\/10\/900900_0_2066163_10496.jpg\" alt=\"900900_0_2066163_10496\" width=\"900\" height=\"680\" srcset=\"https:\/\/www.istitutostudisindacali.net\/bibliotecablog\/wp-content\/uploads\/sites\/17\/2019\/10\/900900_0_2066163_10496.jpg 900w, https:\/\/www.istitutostudisindacali.net\/bibliotecablog\/wp-content\/uploads\/sites\/17\/2019\/10\/900900_0_2066163_10496-300x227.jpg 300w, https:\/\/www.istitutostudisindacali.net\/bibliotecablog\/wp-content\/uploads\/sites\/17\/2019\/10\/900900_0_2066163_10496-768x580.jpg 768w, https:\/\/www.istitutostudisindacali.net\/bibliotecablog\/wp-content\/uploads\/sites\/17\/2019\/10\/900900_0_2066163_10496-610x461.jpg 610w\" sizes=\"(max-width: 900px) 100vw, 900px\" \/>Il mercatismo, la riduzione ideologica dell&#8217;uomo nel mercato &#8211; esisto per consumare, consumo e dunque esisto -, basa infatti la sua essenza su di un calcolo troppo sintetico, un calcolo che si sta dimostrando sbagliato.<\/p>\n<p style=\"text-align:justify\">Per non continuare nell&#8217;errore non basta dire che ora al mercato si deve &lt;&lt;aggiungere&gt;&gt; la politica.\u00a0 \u00a0Non basterebbe questo esercizio, perch\u00e8 finora il mercato \u00e8 stato ed \u00e8 esso stesso la forza politica prevalente avendo ancora, proprio il mercato, il quasi totale monopolio culturale e materiale dell&#8217;esistente.<\/p>\n<p style=\"text-align:justify\"><img loading=\"lazy\" decoding=\"async\" class=\"alignnone size-full wp-image-2271\" src=\"https:\/\/www.istitutostudisindacali.net\/biblioteca\/wp-content\/uploads\/sites\/2\/2019\/10\/900900_0_2066140_10496.jpg\" alt=\"900900_0_2066140_10496\" width=\"900\" height=\"672\" srcset=\"https:\/\/www.istitutostudisindacali.net\/bibliotecablog\/wp-content\/uploads\/sites\/17\/2019\/10\/900900_0_2066140_10496.jpg 900w, https:\/\/www.istitutostudisindacali.net\/bibliotecablog\/wp-content\/uploads\/sites\/17\/2019\/10\/900900_0_2066140_10496-300x224.jpg 300w, https:\/\/www.istitutostudisindacali.net\/bibliotecablog\/wp-content\/uploads\/sites\/17\/2019\/10\/900900_0_2066140_10496-768x573.jpg 768w, https:\/\/www.istitutostudisindacali.net\/bibliotecablog\/wp-content\/uploads\/sites\/17\/2019\/10\/900900_0_2066140_10496-610x455.jpg 610w\" sizes=\"(max-width: 900px) 100vw, 900px\" \/>Dino a che \u00e8 cos\u00ec, c&#8217;\u00e8 dunque spazio solo per il mercato e non per la politica.<\/p>\n<p style=\"text-align:justify\">Per cambiare, l&#8217;unica politica che si pu\u00f2 fare \u00e8 una politica alternativa al mercatismo e per farla serve una &lt;&lt;filosofia&gt;&gt; politica diversa, una filosofia che ci sposti dal primato dell&#8217;economia al primato della politica. Serve una leva che &#8211; come ogni leva &#8211; per funzionare deve per\u00f2 avere un punto d&#8217;appoggio. Questo punto pu\u00f2 essere uno solo: quello delle &lt;&lt;radici&gt;&gt;, le &gt;&gt;radici giudaico-cristiane&gt;&gt; dell&#8217;Europa.[&#8230;]<\/p>\n<p>&nbsp;<\/p>\n<h3 style=\"text-align:center\"><strong><em>Disponibile presso la BIBLIOTECA NAZIONALE UIL ARTURO CHIARI<\/em><\/strong><\/h3>\n","protected":false},"excerpt":{"rendered":"<p>La crisi che viviamo non \u00e8 in specie solo una crisi economica<\/p>\n","protected":false},"author":7,"featured_media":2270,"comment_status":"closed","ping_status":"closed","sticky":false,"template":"","format":"standard","meta":{"_et_pb_use_builder":"","_et_pb_old_content":"","_et_gb_content_width":"","ngg_post_thumbnail":0,"_jetpack_memberships_contains_paid_content":false,"footnotes":""},"categories":[4,107],"tags":[615,616,7,617,11,618,619,620,621],"class_list":["post-2262","post","type-post","status-publish","format-standard","has-post-thumbnail","hentry","category-accadde-oggi","category-politica","tag-costi-della-politica","tag-europa","tag-evidenza","tag-giulio-tremonti","tag-sciopero","tag-uilfpl","tag-uilpa","tag-uilrua","tag-uilscuola","et-has-post-format-content","et_post_format-et-post-format-standard"],"yoast_head":"<!-- This site is optimized with the Yoast SEO plugin v27.4 - https:\/\/yoast.com\/product\/yoast-seo-wordpress\/ -->\n<title>ACCADDE OGGI - 28 ottobre 2011 Sciopero nazionale del Pubblico Impiego contro i costi della politica. - Blog della Biblioteca<\/title>\n<meta name=\"robots\" content=\"index, follow, max-snippet:-1, max-image-preview:large, max-video-preview:-1\" \/>\n<link rel=\"canonical\" href=\"https:\/\/www.istitutostudisindacali.net\/bibliotecablog\/2011\/10\/28\/la-paura-e-la-speranza-di-giulio-tremonti\/\" \/>\n<meta property=\"og:locale\" content=\"it_IT\" \/>\n<meta property=\"og:type\" content=\"article\" \/>\n<meta property=\"og:title\" content=\"ACCADDE OGGI - 28 ottobre 2011 Sciopero nazionale del Pubblico Impiego contro i costi della politica. - Blog della Biblioteca\" \/>\n<meta property=\"og:description\" content=\"La crisi che viviamo non \u00e8 in specie solo una crisi economica\" \/>\n<meta property=\"og:url\" content=\"https:\/\/www.istitutostudisindacali.net\/bibliotecablog\/2011\/10\/28\/la-paura-e-la-speranza-di-giulio-tremonti\/\" \/>\n<meta property=\"og:site_name\" content=\"Blog della Biblioteca\" \/>\n<meta property=\"article:published_time\" content=\"2011-10-28T08:09:23+00:00\" \/>\n<meta property=\"article:modified_time\" content=\"2023-02-04T18:12:42+00:00\" \/>\n<meta property=\"og:image\" content=\"https:\/\/www.istitutostudisindacali.net\/bibliotecablog\/wp-content\/uploads\/sites\/17\/2019\/10\/28.10.2011-manifestazione-e1444041072344.jpg\" \/>\n\t<meta property=\"og:image:width\" content=\"701\" \/>\n\t<meta property=\"og:image:height\" content=\"238\" \/>\n\t<meta property=\"og:image:type\" content=\"image\/jpeg\" \/>\n<meta name=\"author\" content=\"Loredana Pietri\" \/>\n<meta name=\"twitter:card\" content=\"summary_large_image\" \/>\n<meta name=\"twitter:label1\" content=\"Scritto da\" \/>\n\t<meta name=\"twitter:data1\" content=\"Loredana Pietri\" \/>\n\t<meta name=\"twitter:label2\" content=\"Tempo di lettura stimato\" \/>\n\t<meta name=\"twitter:data2\" content=\"2 minuti\" \/>\n<script type=\"application\/ld+json\" class=\"yoast-schema-graph\">{\"@context\":\"https:\\\/\\\/schema.org\",\"@graph\":[{\"@type\":\"Article\",\"@id\":\"https:\\\/\\\/www.istitutostudisindacali.net\\\/bibliotecablog\\\/2011\\\/10\\\/28\\\/la-paura-e-la-speranza-di-giulio-tremonti\\\/#article\",\"isPartOf\":{\"@id\":\"https:\\\/\\\/www.istitutostudisindacali.net\\\/bibliotecablog\\\/2011\\\/10\\\/28\\\/la-paura-e-la-speranza-di-giulio-tremonti\\\/\"},\"author\":{\"name\":\"Loredana Pietri\",\"@id\":\"https:\\\/\\\/www.istitutostudisindacali.net\\\/bibliotecablog\\\/#\\\/schema\\\/person\\\/67df37a680cbbc103a59f61989c3f7e0\"},\"headline\":\"ACCADDE OGGI &#8211; 28 ottobre 2011 Sciopero nazionale del Pubblico Impiego contro i costi della politica.\",\"datePublished\":\"2011-10-28T08:09:23+00:00\",\"dateModified\":\"2023-02-04T18:12:42+00:00\",\"mainEntityOfPage\":{\"@id\":\"https:\\\/\\\/www.istitutostudisindacali.net\\\/bibliotecablog\\\/2011\\\/10\\\/28\\\/la-paura-e-la-speranza-di-giulio-tremonti\\\/\"},\"wordCount\":422,\"image\":{\"@id\":\"https:\\\/\\\/www.istitutostudisindacali.net\\\/bibliotecablog\\\/2011\\\/10\\\/28\\\/la-paura-e-la-speranza-di-giulio-tremonti\\\/#primaryimage\"},\"thumbnailUrl\":\"https:\\\/\\\/www.istitutostudisindacali.net\\\/bibliotecablog\\\/wp-content\\\/uploads\\\/sites\\\/17\\\/2019\\\/10\\\/28.10.2011-manifestazione-e1444041072344.jpg\",\"keywords\":[\"Costi della politica\",\"Europa\",\"evidenza\",\"Giulio Tremonti\",\"sciopero\",\"UILFPL\",\"UILPA\",\"UILRUA\",\"UILSCUOLA\"],\"articleSection\":[\"Accadde Oggi\",\"Politica\"],\"inLanguage\":\"it-IT\"},{\"@type\":\"WebPage\",\"@id\":\"https:\\\/\\\/www.istitutostudisindacali.net\\\/bibliotecablog\\\/2011\\\/10\\\/28\\\/la-paura-e-la-speranza-di-giulio-tremonti\\\/\",\"url\":\"https:\\\/\\\/www.istitutostudisindacali.net\\\/bibliotecablog\\\/2011\\\/10\\\/28\\\/la-paura-e-la-speranza-di-giulio-tremonti\\\/\",\"name\":\"ACCADDE OGGI - 28 ottobre 2011 Sciopero nazionale del Pubblico Impiego contro i costi della politica. - Blog della Biblioteca\",\"isPartOf\":{\"@id\":\"https:\\\/\\\/www.istitutostudisindacali.net\\\/bibliotecablog\\\/#website\"},\"primaryImageOfPage\":{\"@id\":\"https:\\\/\\\/www.istitutostudisindacali.net\\\/bibliotecablog\\\/2011\\\/10\\\/28\\\/la-paura-e-la-speranza-di-giulio-tremonti\\\/#primaryimage\"},\"image\":{\"@id\":\"https:\\\/\\\/www.istitutostudisindacali.net\\\/bibliotecablog\\\/2011\\\/10\\\/28\\\/la-paura-e-la-speranza-di-giulio-tremonti\\\/#primaryimage\"},\"thumbnailUrl\":\"https:\\\/\\\/www.istitutostudisindacali.net\\\/bibliotecablog\\\/wp-content\\\/uploads\\\/sites\\\/17\\\/2019\\\/10\\\/28.10.2011-manifestazione-e1444041072344.jpg\",\"datePublished\":\"2011-10-28T08:09:23+00:00\",\"dateModified\":\"2023-02-04T18:12:42+00:00\",\"author\":{\"@id\":\"https:\\\/\\\/www.istitutostudisindacali.net\\\/bibliotecablog\\\/#\\\/schema\\\/person\\\/67df37a680cbbc103a59f61989c3f7e0\"},\"breadcrumb\":{\"@id\":\"https:\\\/\\\/www.istitutostudisindacali.net\\\/bibliotecablog\\\/2011\\\/10\\\/28\\\/la-paura-e-la-speranza-di-giulio-tremonti\\\/#breadcrumb\"},\"inLanguage\":\"it-IT\",\"potentialAction\":[{\"@type\":\"ReadAction\",\"target\":[\"https:\\\/\\\/www.istitutostudisindacali.net\\\/bibliotecablog\\\/2011\\\/10\\\/28\\\/la-paura-e-la-speranza-di-giulio-tremonti\\\/\"]}]},{\"@type\":\"ImageObject\",\"inLanguage\":\"it-IT\",\"@id\":\"https:\\\/\\\/www.istitutostudisindacali.net\\\/bibliotecablog\\\/2011\\\/10\\\/28\\\/la-paura-e-la-speranza-di-giulio-tremonti\\\/#primaryimage\",\"url\":\"https:\\\/\\\/www.istitutostudisindacali.net\\\/bibliotecablog\\\/wp-content\\\/uploads\\\/sites\\\/17\\\/2019\\\/10\\\/28.10.2011-manifestazione-e1444041072344.jpg\",\"contentUrl\":\"https:\\\/\\\/www.istitutostudisindacali.net\\\/bibliotecablog\\\/wp-content\\\/uploads\\\/sites\\\/17\\\/2019\\\/10\\\/28.10.2011-manifestazione-e1444041072344.jpg\",\"width\":701,\"height\":238},{\"@type\":\"BreadcrumbList\",\"@id\":\"https:\\\/\\\/www.istitutostudisindacali.net\\\/bibliotecablog\\\/2011\\\/10\\\/28\\\/la-paura-e-la-speranza-di-giulio-tremonti\\\/#breadcrumb\",\"itemListElement\":[{\"@type\":\"ListItem\",\"position\":1,\"name\":\"Home\",\"item\":\"https:\\\/\\\/www.istitutostudisindacali.net\\\/bibliotecablog\\\/\"},{\"@type\":\"ListItem\",\"position\":2,\"name\":\"ACCADDE OGGI &#8211; 28 ottobre 2011 Sciopero nazionale del Pubblico Impiego contro i costi della politica.\"}]},{\"@type\":\"WebSite\",\"@id\":\"https:\\\/\\\/www.istitutostudisindacali.net\\\/bibliotecablog\\\/#website\",\"url\":\"https:\\\/\\\/www.istitutostudisindacali.net\\\/bibliotecablog\\\/\",\"name\":\"Blog della Biblioteca\",\"description\":\"Arturo Chiari\",\"potentialAction\":[{\"@type\":\"SearchAction\",\"target\":{\"@type\":\"EntryPoint\",\"urlTemplate\":\"https:\\\/\\\/www.istitutostudisindacali.net\\\/bibliotecablog\\\/?s={search_term_string}\"},\"query-input\":{\"@type\":\"PropertyValueSpecification\",\"valueRequired\":true,\"valueName\":\"search_term_string\"}}],\"inLanguage\":\"it-IT\"},{\"@type\":\"Person\",\"@id\":\"https:\\\/\\\/www.istitutostudisindacali.net\\\/bibliotecablog\\\/#\\\/schema\\\/person\\\/67df37a680cbbc103a59f61989c3f7e0\",\"name\":\"Loredana Pietri\",\"image\":{\"@type\":\"ImageObject\",\"inLanguage\":\"it-IT\",\"@id\":\"https:\\\/\\\/secure.gravatar.com\\\/avatar\\\/14e1950ca26d7443d95784cdcfad5cf200bbbc261d085cf9375e018dc286c835?s=96&d=mm&r=g\",\"url\":\"https:\\\/\\\/secure.gravatar.com\\\/avatar\\\/14e1950ca26d7443d95784cdcfad5cf200bbbc261d085cf9375e018dc286c835?s=96&d=mm&r=g\",\"contentUrl\":\"https:\\\/\\\/secure.gravatar.com\\\/avatar\\\/14e1950ca26d7443d95784cdcfad5cf200bbbc261d085cf9375e018dc286c835?s=96&d=mm&r=g\",\"caption\":\"Loredana Pietri\"},\"description\":\"Responsabile della Biblioteca si impegna nella sua conduzione per migliorarne i Servizi\",\"sameAs\":[\"https:\\\/\\\/www.istitutostudisindacali.net\\\/biblioteca\"],\"url\":\"https:\\\/\\\/www.istitutostudisindacali.net\\\/bibliotecablog\\\/author\\\/loredana-pietri\\\/\"}]}<\/script>\n<!-- \/ Yoast SEO plugin. -->","yoast_head_json":{"title":"ACCADDE OGGI - 28 ottobre 2011 Sciopero nazionale del Pubblico Impiego contro i costi della politica. - Blog della Biblioteca","robots":{"index":"index","follow":"follow","max-snippet":"max-snippet:-1","max-image-preview":"max-image-preview:large","max-video-preview":"max-video-preview:-1"},"canonical":"https:\/\/www.istitutostudisindacali.net\/bibliotecablog\/2011\/10\/28\/la-paura-e-la-speranza-di-giulio-tremonti\/","og_locale":"it_IT","og_type":"article","og_title":"ACCADDE OGGI - 28 ottobre 2011 Sciopero nazionale del Pubblico Impiego contro i costi della politica. - Blog della Biblioteca","og_description":"La crisi che viviamo non \u00e8 in specie solo una crisi economica","og_url":"https:\/\/www.istitutostudisindacali.net\/bibliotecablog\/2011\/10\/28\/la-paura-e-la-speranza-di-giulio-tremonti\/","og_site_name":"Blog della Biblioteca","article_published_time":"2011-10-28T08:09:23+00:00","article_modified_time":"2023-02-04T18:12:42+00:00","og_image":[{"width":701,"height":238,"url":"https:\/\/www.istitutostudisindacali.net\/bibliotecablog\/wp-content\/uploads\/sites\/17\/2019\/10\/28.10.2011-manifestazione-e1444041072344.jpg","type":"image\/jpeg"}],"author":"Loredana Pietri","twitter_card":"summary_large_image","twitter_misc":{"Scritto da":"Loredana Pietri","Tempo di lettura stimato":"2 minuti"},"schema":{"@context":"https:\/\/schema.org","@graph":[{"@type":"Article","@id":"https:\/\/www.istitutostudisindacali.net\/bibliotecablog\/2011\/10\/28\/la-paura-e-la-speranza-di-giulio-tremonti\/#article","isPartOf":{"@id":"https:\/\/www.istitutostudisindacali.net\/bibliotecablog\/2011\/10\/28\/la-paura-e-la-speranza-di-giulio-tremonti\/"},"author":{"name":"Loredana Pietri","@id":"https:\/\/www.istitutostudisindacali.net\/bibliotecablog\/#\/schema\/person\/67df37a680cbbc103a59f61989c3f7e0"},"headline":"ACCADDE OGGI &#8211; 28 ottobre 2011 Sciopero nazionale del Pubblico Impiego contro i costi della politica.","datePublished":"2011-10-28T08:09:23+00:00","dateModified":"2023-02-04T18:12:42+00:00","mainEntityOfPage":{"@id":"https:\/\/www.istitutostudisindacali.net\/bibliotecablog\/2011\/10\/28\/la-paura-e-la-speranza-di-giulio-tremonti\/"},"wordCount":422,"image":{"@id":"https:\/\/www.istitutostudisindacali.net\/bibliotecablog\/2011\/10\/28\/la-paura-e-la-speranza-di-giulio-tremonti\/#primaryimage"},"thumbnailUrl":"https:\/\/www.istitutostudisindacali.net\/bibliotecablog\/wp-content\/uploads\/sites\/17\/2019\/10\/28.10.2011-manifestazione-e1444041072344.jpg","keywords":["Costi della politica","Europa","evidenza","Giulio Tremonti","sciopero","UILFPL","UILPA","UILRUA","UILSCUOLA"],"articleSection":["Accadde Oggi","Politica"],"inLanguage":"it-IT"},{"@type":"WebPage","@id":"https:\/\/www.istitutostudisindacali.net\/bibliotecablog\/2011\/10\/28\/la-paura-e-la-speranza-di-giulio-tremonti\/","url":"https:\/\/www.istitutostudisindacali.net\/bibliotecablog\/2011\/10\/28\/la-paura-e-la-speranza-di-giulio-tremonti\/","name":"ACCADDE OGGI - 28 ottobre 2011 Sciopero nazionale del Pubblico Impiego contro i costi della politica. - Blog della Biblioteca","isPartOf":{"@id":"https:\/\/www.istitutostudisindacali.net\/bibliotecablog\/#website"},"primaryImageOfPage":{"@id":"https:\/\/www.istitutostudisindacali.net\/bibliotecablog\/2011\/10\/28\/la-paura-e-la-speranza-di-giulio-tremonti\/#primaryimage"},"image":{"@id":"https:\/\/www.istitutostudisindacali.net\/bibliotecablog\/2011\/10\/28\/la-paura-e-la-speranza-di-giulio-tremonti\/#primaryimage"},"thumbnailUrl":"https:\/\/www.istitutostudisindacali.net\/bibliotecablog\/wp-content\/uploads\/sites\/17\/2019\/10\/28.10.2011-manifestazione-e1444041072344.jpg","datePublished":"2011-10-28T08:09:23+00:00","dateModified":"2023-02-04T18:12:42+00:00","author":{"@id":"https:\/\/www.istitutostudisindacali.net\/bibliotecablog\/#\/schema\/person\/67df37a680cbbc103a59f61989c3f7e0"},"breadcrumb":{"@id":"https:\/\/www.istitutostudisindacali.net\/bibliotecablog\/2011\/10\/28\/la-paura-e-la-speranza-di-giulio-tremonti\/#breadcrumb"},"inLanguage":"it-IT","potentialAction":[{"@type":"ReadAction","target":["https:\/\/www.istitutostudisindacali.net\/bibliotecablog\/2011\/10\/28\/la-paura-e-la-speranza-di-giulio-tremonti\/"]}]},{"@type":"ImageObject","inLanguage":"it-IT","@id":"https:\/\/www.istitutostudisindacali.net\/bibliotecablog\/2011\/10\/28\/la-paura-e-la-speranza-di-giulio-tremonti\/#primaryimage","url":"https:\/\/www.istitutostudisindacali.net\/bibliotecablog\/wp-content\/uploads\/sites\/17\/2019\/10\/28.10.2011-manifestazione-e1444041072344.jpg","contentUrl":"https:\/\/www.istitutostudisindacali.net\/bibliotecablog\/wp-content\/uploads\/sites\/17\/2019\/10\/28.10.2011-manifestazione-e1444041072344.jpg","width":701,"height":238},{"@type":"BreadcrumbList","@id":"https:\/\/www.istitutostudisindacali.net\/bibliotecablog\/2011\/10\/28\/la-paura-e-la-speranza-di-giulio-tremonti\/#breadcrumb","itemListElement":[{"@type":"ListItem","position":1,"name":"Home","item":"https:\/\/www.istitutostudisindacali.net\/bibliotecablog\/"},{"@type":"ListItem","position":2,"name":"ACCADDE OGGI &#8211; 28 ottobre 2011 Sciopero nazionale del Pubblico Impiego contro i costi della politica."}]},{"@type":"WebSite","@id":"https:\/\/www.istitutostudisindacali.net\/bibliotecablog\/#website","url":"https:\/\/www.istitutostudisindacali.net\/bibliotecablog\/","name":"Blog della Biblioteca","description":"Arturo Chiari","potentialAction":[{"@type":"SearchAction","target":{"@type":"EntryPoint","urlTemplate":"https:\/\/www.istitutostudisindacali.net\/bibliotecablog\/?s={search_term_string}"},"query-input":{"@type":"PropertyValueSpecification","valueRequired":true,"valueName":"search_term_string"}}],"inLanguage":"it-IT"},{"@type":"Person","@id":"https:\/\/www.istitutostudisindacali.net\/bibliotecablog\/#\/schema\/person\/67df37a680cbbc103a59f61989c3f7e0","name":"Loredana Pietri","image":{"@type":"ImageObject","inLanguage":"it-IT","@id":"https:\/\/secure.gravatar.com\/avatar\/14e1950ca26d7443d95784cdcfad5cf200bbbc261d085cf9375e018dc286c835?s=96&d=mm&r=g","url":"https:\/\/secure.gravatar.com\/avatar\/14e1950ca26d7443d95784cdcfad5cf200bbbc261d085cf9375e018dc286c835?s=96&d=mm&r=g","contentUrl":"https:\/\/secure.gravatar.com\/avatar\/14e1950ca26d7443d95784cdcfad5cf200bbbc261d085cf9375e018dc286c835?s=96&d=mm&r=g","caption":"Loredana Pietri"},"description":"Responsabile della Biblioteca si impegna nella sua conduzione per migliorarne i Servizi","sameAs":["https:\/\/www.istitutostudisindacali.net\/biblioteca"],"url":"https:\/\/www.istitutostudisindacali.net\/bibliotecablog\/author\/loredana-pietri\/"}]}},"jetpack_featured_media_url":"https:\/\/www.istitutostudisindacali.net\/bibliotecablog\/wp-content\/uploads\/sites\/17\/2019\/10\/28.10.2011-manifestazione-e1444041072344.jpg","jetpack_sharing_enabled":true,"_links":{"self":[{"href":"https:\/\/www.istitutostudisindacali.net\/bibliotecablog\/wp-json\/wp\/v2\/posts\/2262","targetHints":{"allow":["GET"]}}],"collection":[{"href":"https:\/\/www.istitutostudisindacali.net\/bibliotecablog\/wp-json\/wp\/v2\/posts"}],"about":[{"href":"https:\/\/www.istitutostudisindacali.net\/bibliotecablog\/wp-json\/wp\/v2\/types\/post"}],"author":[{"embeddable":true,"href":"https:\/\/www.istitutostudisindacali.net\/bibliotecablog\/wp-json\/wp\/v2\/users\/7"}],"replies":[{"embeddable":true,"href":"https:\/\/www.istitutostudisindacali.net\/bibliotecablog\/wp-json\/wp\/v2\/comments?post=2262"}],"version-history":[{"count":1,"href":"https:\/\/www.istitutostudisindacali.net\/bibliotecablog\/wp-json\/wp\/v2\/posts\/2262\/revisions"}],"predecessor-version":[{"id":4620,"href":"https:\/\/www.istitutostudisindacali.net\/bibliotecablog\/wp-json\/wp\/v2\/posts\/2262\/revisions\/4620"}],"wp:featuredmedia":[{"embeddable":true,"href":"https:\/\/www.istitutostudisindacali.net\/bibliotecablog\/wp-json\/wp\/v2\/media\/2270"}],"wp:attachment":[{"href":"https:\/\/www.istitutostudisindacali.net\/bibliotecablog\/wp-json\/wp\/v2\/media?parent=2262"}],"wp:term":[{"taxonomy":"category","embeddable":true,"href":"https:\/\/www.istitutostudisindacali.net\/bibliotecablog\/wp-json\/wp\/v2\/categories?post=2262"},{"taxonomy":"post_tag","embeddable":true,"href":"https:\/\/www.istitutostudisindacali.net\/bibliotecablog\/wp-json\/wp\/v2\/tags?post=2262"}],"curies":[{"name":"wp","href":"https:\/\/api.w.org\/{rel}","templated":true}]}}