{"id":2244,"date":"1980-10-14T09:16:29","date_gmt":"1980-10-14T08:16:29","guid":{"rendered":"https:\/\/bibliotecarturochiari.wordpress.com\/?p=2244"},"modified":"2023-02-04T19:12:52","modified_gmt":"2023-02-04T18:12:52","slug":"fiat-sindacati-negli-anni-80-di-enzo-mattina","status":"publish","type":"post","link":"https:\/\/www.istitutostudisindacali.net\/bibliotecablog\/1980\/10\/14\/fiat-sindacati-negli-anni-80-di-enzo-mattina\/","title":{"rendered":"ACCADDE OGGI &#8211; 14 Ottobre 1980 Torino, marcia dei quarantamila"},"content":{"rendered":"<p>ACCADDE OGGI &#8211; Torino, 14 Ottobre 1980, marcia dei quarantamila<\/p>\n<p>\u201cFIAT &amp; Sindacati negli anni \u201980\u201d di Enzo Mattina<\/p>\n<blockquote>\n<p style=\"text-align:center\"><strong><em>14 ottobre <\/em>1980<\/strong>\u00a0\u2013 Per le vie di\u00a0Torino\u00a0si compie la\u00a0Marcia dei quarantamila.<\/p>\n<\/blockquote>\n<p style=\"text-align:justify\"><img loading=\"lazy\" decoding=\"async\" class=\"  wp-image-2206 alignleft\" src=\"https:\/\/www.istitutostudisindacali.net\/biblioteca\/wp-content\/uploads\/sites\/2\/2019\/10\/images.jpg\" alt=\"images\" width=\"405\" height=\"293\" \/>[&#8230;]Nei momenti in cui pi\u00f9 difficili erano apparti i rapporti tra dirigenza sindacale ed insieme dei lavoratori, quando circolava la parola d&#8217;ordine della trattativa di Torino, l&#8217;impegno assunto dai segretari della FLM era stato quello di non giungere a nessun accordo se prima non vi fosse stato sui suoi contenuti di massima il giudizio delle assemblee dei lavoratori.<\/p>\n<p style=\"text-align:justify\">Sulla base di questo impegno nel corso della vertenza si susseguono giorno per giorno assemblee di informazione sull&#8217;andamento delle trattative e, allorch\u00e9 a Roma si concordano tutti i punti di un&#8217;intesa , contrariamente a quanto solitamente accade, questa non viene suggellata con la sigla dei negoziatori.<\/p>\n<p style=\"text-align:justify\"><img loading=\"lazy\" decoding=\"async\" class=\" size-full wp-image-2250 aligncenter\" src=\"https:\/\/www.istitutostudisindacali.net\/biblioteca\/wp-content\/uploads\/sites\/2\/2019\/10\/occupazione-fabbrica.jpg\" alt=\"occupazione fabbrica\" width=\"600\" height=\"448\" srcset=\"https:\/\/www.istitutostudisindacali.net\/bibliotecablog\/wp-content\/uploads\/sites\/17\/2019\/10\/occupazione-fabbrica.jpg 600w, https:\/\/www.istitutostudisindacali.net\/bibliotecablog\/wp-content\/uploads\/sites\/17\/2019\/10\/occupazione-fabbrica-300x224.jpg 300w\" sizes=\"(max-width: 600px) 100vw, 600px\" \/>I dirigenti nazionali del sindacato avvertono nettamente che, quali che siano le ragioni che lo hanno determinato, si \u00e8 prodotto un allentamento del rapporto di fiducia tra la struttura sindacale e la massa dei lavoratori.<\/p>\n<p style=\"text-align:justify\"><img loading=\"lazy\" decoding=\"async\" class=\"  wp-image-2251 aligncenter\" src=\"https:\/\/www.istitutostudisindacali.net\/biblioteca\/wp-content\/uploads\/sites\/2\/2019\/10\/cutq4ayueaa0psg.jpg\" alt=\"CutQ4ayUEAA0Psg\" width=\"457\" height=\"408\" \/>L&#8217;universo sociale della FIAT contempla troppe segmentazioni perch\u00e8 si possa acquisire con facilit\u00e0 un giudizio omogeneo ed attendibile sulla fase finale di quella che comunemente viene considerata la vicenda pi\u00f9 spinosa e rischiosa della storia sindacale degli ultimi trent&#8217;anni.[&#8230;]pp97<\/p>\n<p><img loading=\"lazy\" decoding=\"async\" class=\"alignnone size-full wp-image-2252\" src=\"https:\/\/www.istitutostudisindacali.net\/biblioteca\/wp-content\/uploads\/sites\/2\/2019\/10\/img_20181014_135857.jpg\" alt=\"IMG_20181014_135857\" width=\"877\" height=\"636\" srcset=\"https:\/\/www.istitutostudisindacali.net\/bibliotecablog\/wp-content\/uploads\/sites\/17\/2019\/10\/img_20181014_135857.jpg 877w, https:\/\/www.istitutostudisindacali.net\/bibliotecablog\/wp-content\/uploads\/sites\/17\/2019\/10\/img_20181014_135857-300x218.jpg 300w, https:\/\/www.istitutostudisindacali.net\/bibliotecablog\/wp-content\/uploads\/sites\/17\/2019\/10\/img_20181014_135857-768x557.jpg 768w, https:\/\/www.istitutostudisindacali.net\/bibliotecablog\/wp-content\/uploads\/sites\/17\/2019\/10\/img_20181014_135857-610x442.jpg 610w\" sizes=\"(max-width: 877px) 100vw, 877px\" \/><img loading=\"lazy\" decoding=\"async\" class=\" size-full wp-image-2253 aligncenter\" src=\"https:\/\/www.istitutostudisindacali.net\/biblioteca\/wp-content\/uploads\/sites\/2\/2019\/10\/0101011141614253_20101011.jpg\" alt=\"0101011141614253_20101011\" width=\"460\" height=\"257\" srcset=\"https:\/\/www.istitutostudisindacali.net\/bibliotecablog\/wp-content\/uploads\/sites\/17\/2019\/10\/0101011141614253_20101011.jpg 460w, https:\/\/www.istitutostudisindacali.net\/bibliotecablog\/wp-content\/uploads\/sites\/17\/2019\/10\/0101011141614253_20101011-300x168.jpg 300w\" sizes=\"(max-width: 460px) 100vw, 460px\" \/><\/p>\n<h3 style=\"text-align:center\"><strong><em>Disponibile presso la BIBLIOTECA NAZIONALE UIL ARTURO CHIARI<\/em><\/strong><\/h3>\n<p>&nbsp;<\/p>\n","protected":false},"excerpt":{"rendered":"<p>ACCADDE OGGI &#8211; Torino, 14 Ottobre 1980, marcia dei quarantamila \u201cFIAT &amp; Sindacati negli anni \u201980\u201d di Enzo Mattina 14 ottobre 1980\u00a0\u2013 Per le vie di\u00a0Torino\u00a0si compie la\u00a0Marcia dei quarantamila. [&#8230;]Nei momenti in cui pi\u00f9 difficili erano apparti i rapporti tra dirigenza sindacale ed insieme dei lavoratori, quando circolava la parola d&#8217;ordine della trattativa di [&hellip;]<\/p>\n","protected":false},"author":7,"featured_media":2249,"comment_status":"closed","ping_status":"closed","sticky":false,"template":"","format":"standard","meta":{"_et_pb_use_builder":"","_et_pb_old_content":"","_et_gb_content_width":"","ngg_post_thumbnail":0,"_jetpack_memberships_contains_paid_content":false,"footnotes":""},"categories":[4,117],"tags":[7,72,519,520],"class_list":["post-2244","post","type-post","status-publish","format-standard","has-post-thumbnail","hentry","category-accadde-oggi","category-industria","tag-evidenza","tag-fiat","tag-flm","tag-marcia-dei-quarantamila","et-has-post-format-content","et_post_format-et-post-format-standard"],"yoast_head":"<!-- This site is optimized with the Yoast SEO plugin v27.4 - https:\/\/yoast.com\/product\/yoast-seo-wordpress\/ -->\n<title>ACCADDE OGGI - 14 Ottobre 1980 Torino, marcia dei quarantamila - Blog della Biblioteca<\/title>\n<meta name=\"robots\" content=\"index, follow, max-snippet:-1, max-image-preview:large, max-video-preview:-1\" \/>\n<link rel=\"canonical\" href=\"https:\/\/www.istitutostudisindacali.net\/bibliotecablog\/1980\/10\/14\/fiat-sindacati-negli-anni-80-di-enzo-mattina\/\" \/>\n<meta property=\"og:locale\" content=\"it_IT\" \/>\n<meta property=\"og:type\" content=\"article\" \/>\n<meta property=\"og:title\" content=\"ACCADDE OGGI - 14 Ottobre 1980 Torino, marcia dei quarantamila - Blog della Biblioteca\" \/>\n<meta property=\"og:description\" content=\"ACCADDE OGGI &#8211; Torino, 14 Ottobre 1980, marcia dei quarantamila \u201cFIAT &amp; Sindacati negli anni \u201980\u201d di Enzo Mattina 14 ottobre 1980\u00a0\u2013 Per le vie di\u00a0Torino\u00a0si compie la\u00a0Marcia dei quarantamila. [&#8230;]Nei momenti in cui pi\u00f9 difficili erano apparti i rapporti tra dirigenza sindacale ed insieme dei lavoratori, quando circolava la parola d&#8217;ordine della trattativa di [&hellip;]\" \/>\n<meta property=\"og:url\" content=\"https:\/\/www.istitutostudisindacali.net\/bibliotecablog\/1980\/10\/14\/fiat-sindacati-negli-anni-80-di-enzo-mattina\/\" \/>\n<meta property=\"og:site_name\" content=\"Blog della Biblioteca\" \/>\n<meta property=\"article:published_time\" content=\"1980-10-14T08:16:29+00:00\" \/>\n<meta property=\"article:modified_time\" content=\"2023-02-04T18:12:52+00:00\" \/>\n<meta property=\"og:image\" content=\"https:\/\/www.istitutostudisindacali.net\/bibliotecablog\/wp-content\/uploads\/sites\/17\/2019\/10\/vogliamo_la_trattativa_-_marcia_quarantamila_1980.jpg\" \/>\n\t<meta property=\"og:image:width\" content=\"998\" \/>\n\t<meta property=\"og:image:height\" content=\"562\" \/>\n\t<meta property=\"og:image:type\" content=\"image\/jpeg\" \/>\n<meta name=\"author\" content=\"Loredana Pietri\" \/>\n<meta name=\"twitter:card\" content=\"summary_large_image\" \/>\n<meta name=\"twitter:label1\" content=\"Scritto da\" \/>\n\t<meta name=\"twitter:data1\" content=\"Loredana Pietri\" \/>\n\t<meta name=\"twitter:label2\" content=\"Tempo di lettura stimato\" \/>\n\t<meta name=\"twitter:data2\" content=\"1 minuto\" \/>\n<script type=\"application\/ld+json\" class=\"yoast-schema-graph\">{\"@context\":\"https:\\\/\\\/schema.org\",\"@graph\":[{\"@type\":\"Article\",\"@id\":\"https:\\\/\\\/www.istitutostudisindacali.net\\\/bibliotecablog\\\/1980\\\/10\\\/14\\\/fiat-sindacati-negli-anni-80-di-enzo-mattina\\\/#article\",\"isPartOf\":{\"@id\":\"https:\\\/\\\/www.istitutostudisindacali.net\\\/bibliotecablog\\\/1980\\\/10\\\/14\\\/fiat-sindacati-negli-anni-80-di-enzo-mattina\\\/\"},\"author\":{\"name\":\"Loredana Pietri\",\"@id\":\"https:\\\/\\\/www.istitutostudisindacali.net\\\/bibliotecablog\\\/#\\\/schema\\\/person\\\/67df37a680cbbc103a59f61989c3f7e0\"},\"headline\":\"ACCADDE OGGI &#8211; 14 Ottobre 1980 Torino, marcia dei quarantamila\",\"datePublished\":\"1980-10-14T08:16:29+00:00\",\"dateModified\":\"2023-02-04T18:12:52+00:00\",\"mainEntityOfPage\":{\"@id\":\"https:\\\/\\\/www.istitutostudisindacali.net\\\/bibliotecablog\\\/1980\\\/10\\\/14\\\/fiat-sindacati-negli-anni-80-di-enzo-mattina\\\/\"},\"wordCount\":228,\"image\":{\"@id\":\"https:\\\/\\\/www.istitutostudisindacali.net\\\/bibliotecablog\\\/1980\\\/10\\\/14\\\/fiat-sindacati-negli-anni-80-di-enzo-mattina\\\/#primaryimage\"},\"thumbnailUrl\":\"https:\\\/\\\/www.istitutostudisindacali.net\\\/bibliotecablog\\\/wp-content\\\/uploads\\\/sites\\\/17\\\/2019\\\/10\\\/vogliamo_la_trattativa_-_marcia_quarantamila_1980.jpg\",\"keywords\":[\"evidenza\",\"Fiat\",\"FLM\",\"marcia dei quarantamila\"],\"articleSection\":[\"Accadde Oggi\",\"Industria\"],\"inLanguage\":\"it-IT\"},{\"@type\":\"WebPage\",\"@id\":\"https:\\\/\\\/www.istitutostudisindacali.net\\\/bibliotecablog\\\/1980\\\/10\\\/14\\\/fiat-sindacati-negli-anni-80-di-enzo-mattina\\\/\",\"url\":\"https:\\\/\\\/www.istitutostudisindacali.net\\\/bibliotecablog\\\/1980\\\/10\\\/14\\\/fiat-sindacati-negli-anni-80-di-enzo-mattina\\\/\",\"name\":\"ACCADDE OGGI - 14 Ottobre 1980 Torino, marcia dei quarantamila - Blog della Biblioteca\",\"isPartOf\":{\"@id\":\"https:\\\/\\\/www.istitutostudisindacali.net\\\/bibliotecablog\\\/#website\"},\"primaryImageOfPage\":{\"@id\":\"https:\\\/\\\/www.istitutostudisindacali.net\\\/bibliotecablog\\\/1980\\\/10\\\/14\\\/fiat-sindacati-negli-anni-80-di-enzo-mattina\\\/#primaryimage\"},\"image\":{\"@id\":\"https:\\\/\\\/www.istitutostudisindacali.net\\\/bibliotecablog\\\/1980\\\/10\\\/14\\\/fiat-sindacati-negli-anni-80-di-enzo-mattina\\\/#primaryimage\"},\"thumbnailUrl\":\"https:\\\/\\\/www.istitutostudisindacali.net\\\/bibliotecablog\\\/wp-content\\\/uploads\\\/sites\\\/17\\\/2019\\\/10\\\/vogliamo_la_trattativa_-_marcia_quarantamila_1980.jpg\",\"datePublished\":\"1980-10-14T08:16:29+00:00\",\"dateModified\":\"2023-02-04T18:12:52+00:00\",\"author\":{\"@id\":\"https:\\\/\\\/www.istitutostudisindacali.net\\\/bibliotecablog\\\/#\\\/schema\\\/person\\\/67df37a680cbbc103a59f61989c3f7e0\"},\"breadcrumb\":{\"@id\":\"https:\\\/\\\/www.istitutostudisindacali.net\\\/bibliotecablog\\\/1980\\\/10\\\/14\\\/fiat-sindacati-negli-anni-80-di-enzo-mattina\\\/#breadcrumb\"},\"inLanguage\":\"it-IT\",\"potentialAction\":[{\"@type\":\"ReadAction\",\"target\":[\"https:\\\/\\\/www.istitutostudisindacali.net\\\/bibliotecablog\\\/1980\\\/10\\\/14\\\/fiat-sindacati-negli-anni-80-di-enzo-mattina\\\/\"]}]},{\"@type\":\"ImageObject\",\"inLanguage\":\"it-IT\",\"@id\":\"https:\\\/\\\/www.istitutostudisindacali.net\\\/bibliotecablog\\\/1980\\\/10\\\/14\\\/fiat-sindacati-negli-anni-80-di-enzo-mattina\\\/#primaryimage\",\"url\":\"https:\\\/\\\/www.istitutostudisindacali.net\\\/bibliotecablog\\\/wp-content\\\/uploads\\\/sites\\\/17\\\/2019\\\/10\\\/vogliamo_la_trattativa_-_marcia_quarantamila_1980.jpg\",\"contentUrl\":\"https:\\\/\\\/www.istitutostudisindacali.net\\\/bibliotecablog\\\/wp-content\\\/uploads\\\/sites\\\/17\\\/2019\\\/10\\\/vogliamo_la_trattativa_-_marcia_quarantamila_1980.jpg\",\"width\":998,\"height\":562},{\"@type\":\"BreadcrumbList\",\"@id\":\"https:\\\/\\\/www.istitutostudisindacali.net\\\/bibliotecablog\\\/1980\\\/10\\\/14\\\/fiat-sindacati-negli-anni-80-di-enzo-mattina\\\/#breadcrumb\",\"itemListElement\":[{\"@type\":\"ListItem\",\"position\":1,\"name\":\"Home\",\"item\":\"https:\\\/\\\/www.istitutostudisindacali.net\\\/bibliotecablog\\\/\"},{\"@type\":\"ListItem\",\"position\":2,\"name\":\"ACCADDE OGGI &#8211; 14 Ottobre 1980 Torino, marcia dei quarantamila\"}]},{\"@type\":\"WebSite\",\"@id\":\"https:\\\/\\\/www.istitutostudisindacali.net\\\/bibliotecablog\\\/#website\",\"url\":\"https:\\\/\\\/www.istitutostudisindacali.net\\\/bibliotecablog\\\/\",\"name\":\"Blog della Biblioteca\",\"description\":\"Arturo Chiari\",\"potentialAction\":[{\"@type\":\"SearchAction\",\"target\":{\"@type\":\"EntryPoint\",\"urlTemplate\":\"https:\\\/\\\/www.istitutostudisindacali.net\\\/bibliotecablog\\\/?s={search_term_string}\"},\"query-input\":{\"@type\":\"PropertyValueSpecification\",\"valueRequired\":true,\"valueName\":\"search_term_string\"}}],\"inLanguage\":\"it-IT\"},{\"@type\":\"Person\",\"@id\":\"https:\\\/\\\/www.istitutostudisindacali.net\\\/bibliotecablog\\\/#\\\/schema\\\/person\\\/67df37a680cbbc103a59f61989c3f7e0\",\"name\":\"Loredana Pietri\",\"image\":{\"@type\":\"ImageObject\",\"inLanguage\":\"it-IT\",\"@id\":\"https:\\\/\\\/secure.gravatar.com\\\/avatar\\\/14e1950ca26d7443d95784cdcfad5cf200bbbc261d085cf9375e018dc286c835?s=96&d=mm&r=g\",\"url\":\"https:\\\/\\\/secure.gravatar.com\\\/avatar\\\/14e1950ca26d7443d95784cdcfad5cf200bbbc261d085cf9375e018dc286c835?s=96&d=mm&r=g\",\"contentUrl\":\"https:\\\/\\\/secure.gravatar.com\\\/avatar\\\/14e1950ca26d7443d95784cdcfad5cf200bbbc261d085cf9375e018dc286c835?s=96&d=mm&r=g\",\"caption\":\"Loredana Pietri\"},\"description\":\"Responsabile della Biblioteca si impegna nella sua conduzione per migliorarne i Servizi\",\"sameAs\":[\"https:\\\/\\\/www.istitutostudisindacali.net\\\/biblioteca\"],\"url\":\"https:\\\/\\\/www.istitutostudisindacali.net\\\/bibliotecablog\\\/author\\\/loredana-pietri\\\/\"}]}<\/script>\n<!-- \/ Yoast SEO plugin. -->","yoast_head_json":{"title":"ACCADDE OGGI - 14 Ottobre 1980 Torino, marcia dei quarantamila - Blog della Biblioteca","robots":{"index":"index","follow":"follow","max-snippet":"max-snippet:-1","max-image-preview":"max-image-preview:large","max-video-preview":"max-video-preview:-1"},"canonical":"https:\/\/www.istitutostudisindacali.net\/bibliotecablog\/1980\/10\/14\/fiat-sindacati-negli-anni-80-di-enzo-mattina\/","og_locale":"it_IT","og_type":"article","og_title":"ACCADDE OGGI - 14 Ottobre 1980 Torino, marcia dei quarantamila - Blog della Biblioteca","og_description":"ACCADDE OGGI &#8211; Torino, 14 Ottobre 1980, marcia dei quarantamila \u201cFIAT &amp; Sindacati negli anni \u201980\u201d di Enzo Mattina 14 ottobre 1980\u00a0\u2013 Per le vie di\u00a0Torino\u00a0si compie la\u00a0Marcia dei quarantamila. [&#8230;]Nei momenti in cui pi\u00f9 difficili erano apparti i rapporti tra dirigenza sindacale ed insieme dei lavoratori, quando circolava la parola d&#8217;ordine della trattativa di [&hellip;]","og_url":"https:\/\/www.istitutostudisindacali.net\/bibliotecablog\/1980\/10\/14\/fiat-sindacati-negli-anni-80-di-enzo-mattina\/","og_site_name":"Blog della Biblioteca","article_published_time":"1980-10-14T08:16:29+00:00","article_modified_time":"2023-02-04T18:12:52+00:00","og_image":[{"width":998,"height":562,"url":"https:\/\/www.istitutostudisindacali.net\/bibliotecablog\/wp-content\/uploads\/sites\/17\/2019\/10\/vogliamo_la_trattativa_-_marcia_quarantamila_1980.jpg","type":"image\/jpeg"}],"author":"Loredana Pietri","twitter_card":"summary_large_image","twitter_misc":{"Scritto da":"Loredana Pietri","Tempo di lettura stimato":"1 minuto"},"schema":{"@context":"https:\/\/schema.org","@graph":[{"@type":"Article","@id":"https:\/\/www.istitutostudisindacali.net\/bibliotecablog\/1980\/10\/14\/fiat-sindacati-negli-anni-80-di-enzo-mattina\/#article","isPartOf":{"@id":"https:\/\/www.istitutostudisindacali.net\/bibliotecablog\/1980\/10\/14\/fiat-sindacati-negli-anni-80-di-enzo-mattina\/"},"author":{"name":"Loredana Pietri","@id":"https:\/\/www.istitutostudisindacali.net\/bibliotecablog\/#\/schema\/person\/67df37a680cbbc103a59f61989c3f7e0"},"headline":"ACCADDE OGGI &#8211; 14 Ottobre 1980 Torino, marcia dei quarantamila","datePublished":"1980-10-14T08:16:29+00:00","dateModified":"2023-02-04T18:12:52+00:00","mainEntityOfPage":{"@id":"https:\/\/www.istitutostudisindacali.net\/bibliotecablog\/1980\/10\/14\/fiat-sindacati-negli-anni-80-di-enzo-mattina\/"},"wordCount":228,"image":{"@id":"https:\/\/www.istitutostudisindacali.net\/bibliotecablog\/1980\/10\/14\/fiat-sindacati-negli-anni-80-di-enzo-mattina\/#primaryimage"},"thumbnailUrl":"https:\/\/www.istitutostudisindacali.net\/bibliotecablog\/wp-content\/uploads\/sites\/17\/2019\/10\/vogliamo_la_trattativa_-_marcia_quarantamila_1980.jpg","keywords":["evidenza","Fiat","FLM","marcia dei quarantamila"],"articleSection":["Accadde Oggi","Industria"],"inLanguage":"it-IT"},{"@type":"WebPage","@id":"https:\/\/www.istitutostudisindacali.net\/bibliotecablog\/1980\/10\/14\/fiat-sindacati-negli-anni-80-di-enzo-mattina\/","url":"https:\/\/www.istitutostudisindacali.net\/bibliotecablog\/1980\/10\/14\/fiat-sindacati-negli-anni-80-di-enzo-mattina\/","name":"ACCADDE OGGI - 14 Ottobre 1980 Torino, marcia dei quarantamila - Blog della Biblioteca","isPartOf":{"@id":"https:\/\/www.istitutostudisindacali.net\/bibliotecablog\/#website"},"primaryImageOfPage":{"@id":"https:\/\/www.istitutostudisindacali.net\/bibliotecablog\/1980\/10\/14\/fiat-sindacati-negli-anni-80-di-enzo-mattina\/#primaryimage"},"image":{"@id":"https:\/\/www.istitutostudisindacali.net\/bibliotecablog\/1980\/10\/14\/fiat-sindacati-negli-anni-80-di-enzo-mattina\/#primaryimage"},"thumbnailUrl":"https:\/\/www.istitutostudisindacali.net\/bibliotecablog\/wp-content\/uploads\/sites\/17\/2019\/10\/vogliamo_la_trattativa_-_marcia_quarantamila_1980.jpg","datePublished":"1980-10-14T08:16:29+00:00","dateModified":"2023-02-04T18:12:52+00:00","author":{"@id":"https:\/\/www.istitutostudisindacali.net\/bibliotecablog\/#\/schema\/person\/67df37a680cbbc103a59f61989c3f7e0"},"breadcrumb":{"@id":"https:\/\/www.istitutostudisindacali.net\/bibliotecablog\/1980\/10\/14\/fiat-sindacati-negli-anni-80-di-enzo-mattina\/#breadcrumb"},"inLanguage":"it-IT","potentialAction":[{"@type":"ReadAction","target":["https:\/\/www.istitutostudisindacali.net\/bibliotecablog\/1980\/10\/14\/fiat-sindacati-negli-anni-80-di-enzo-mattina\/"]}]},{"@type":"ImageObject","inLanguage":"it-IT","@id":"https:\/\/www.istitutostudisindacali.net\/bibliotecablog\/1980\/10\/14\/fiat-sindacati-negli-anni-80-di-enzo-mattina\/#primaryimage","url":"https:\/\/www.istitutostudisindacali.net\/bibliotecablog\/wp-content\/uploads\/sites\/17\/2019\/10\/vogliamo_la_trattativa_-_marcia_quarantamila_1980.jpg","contentUrl":"https:\/\/www.istitutostudisindacali.net\/bibliotecablog\/wp-content\/uploads\/sites\/17\/2019\/10\/vogliamo_la_trattativa_-_marcia_quarantamila_1980.jpg","width":998,"height":562},{"@type":"BreadcrumbList","@id":"https:\/\/www.istitutostudisindacali.net\/bibliotecablog\/1980\/10\/14\/fiat-sindacati-negli-anni-80-di-enzo-mattina\/#breadcrumb","itemListElement":[{"@type":"ListItem","position":1,"name":"Home","item":"https:\/\/www.istitutostudisindacali.net\/bibliotecablog\/"},{"@type":"ListItem","position":2,"name":"ACCADDE OGGI &#8211; 14 Ottobre 1980 Torino, marcia dei quarantamila"}]},{"@type":"WebSite","@id":"https:\/\/www.istitutostudisindacali.net\/bibliotecablog\/#website","url":"https:\/\/www.istitutostudisindacali.net\/bibliotecablog\/","name":"Blog della Biblioteca","description":"Arturo Chiari","potentialAction":[{"@type":"SearchAction","target":{"@type":"EntryPoint","urlTemplate":"https:\/\/www.istitutostudisindacali.net\/bibliotecablog\/?s={search_term_string}"},"query-input":{"@type":"PropertyValueSpecification","valueRequired":true,"valueName":"search_term_string"}}],"inLanguage":"it-IT"},{"@type":"Person","@id":"https:\/\/www.istitutostudisindacali.net\/bibliotecablog\/#\/schema\/person\/67df37a680cbbc103a59f61989c3f7e0","name":"Loredana Pietri","image":{"@type":"ImageObject","inLanguage":"it-IT","@id":"https:\/\/secure.gravatar.com\/avatar\/14e1950ca26d7443d95784cdcfad5cf200bbbc261d085cf9375e018dc286c835?s=96&d=mm&r=g","url":"https:\/\/secure.gravatar.com\/avatar\/14e1950ca26d7443d95784cdcfad5cf200bbbc261d085cf9375e018dc286c835?s=96&d=mm&r=g","contentUrl":"https:\/\/secure.gravatar.com\/avatar\/14e1950ca26d7443d95784cdcfad5cf200bbbc261d085cf9375e018dc286c835?s=96&d=mm&r=g","caption":"Loredana Pietri"},"description":"Responsabile della Biblioteca si impegna nella sua conduzione per migliorarne i Servizi","sameAs":["https:\/\/www.istitutostudisindacali.net\/biblioteca"],"url":"https:\/\/www.istitutostudisindacali.net\/bibliotecablog\/author\/loredana-pietri\/"}]}},"jetpack_featured_media_url":"https:\/\/www.istitutostudisindacali.net\/bibliotecablog\/wp-content\/uploads\/sites\/17\/2019\/10\/vogliamo_la_trattativa_-_marcia_quarantamila_1980.jpg","jetpack_sharing_enabled":true,"_links":{"self":[{"href":"https:\/\/www.istitutostudisindacali.net\/bibliotecablog\/wp-json\/wp\/v2\/posts\/2244","targetHints":{"allow":["GET"]}}],"collection":[{"href":"https:\/\/www.istitutostudisindacali.net\/bibliotecablog\/wp-json\/wp\/v2\/posts"}],"about":[{"href":"https:\/\/www.istitutostudisindacali.net\/bibliotecablog\/wp-json\/wp\/v2\/types\/post"}],"author":[{"embeddable":true,"href":"https:\/\/www.istitutostudisindacali.net\/bibliotecablog\/wp-json\/wp\/v2\/users\/7"}],"replies":[{"embeddable":true,"href":"https:\/\/www.istitutostudisindacali.net\/bibliotecablog\/wp-json\/wp\/v2\/comments?post=2244"}],"version-history":[{"count":1,"href":"https:\/\/www.istitutostudisindacali.net\/bibliotecablog\/wp-json\/wp\/v2\/posts\/2244\/revisions"}],"predecessor-version":[{"id":4639,"href":"https:\/\/www.istitutostudisindacali.net\/bibliotecablog\/wp-json\/wp\/v2\/posts\/2244\/revisions\/4639"}],"wp:featuredmedia":[{"embeddable":true,"href":"https:\/\/www.istitutostudisindacali.net\/bibliotecablog\/wp-json\/wp\/v2\/media\/2249"}],"wp:attachment":[{"href":"https:\/\/www.istitutostudisindacali.net\/bibliotecablog\/wp-json\/wp\/v2\/media?parent=2244"}],"wp:term":[{"taxonomy":"category","embeddable":true,"href":"https:\/\/www.istitutostudisindacali.net\/bibliotecablog\/wp-json\/wp\/v2\/categories?post=2244"},{"taxonomy":"post_tag","embeddable":true,"href":"https:\/\/www.istitutostudisindacali.net\/bibliotecablog\/wp-json\/wp\/v2\/tags?post=2244"}],"curies":[{"name":"wp","href":"https:\/\/api.w.org\/{rel}","templated":true}]}}