{"id":2179,"date":"2019-10-01T08:20:20","date_gmt":"2019-10-01T06:20:20","guid":{"rendered":"https:\/\/bibliotecarturochiari.wordpress.com\/?p=2179"},"modified":"2023-02-04T19:10:52","modified_gmt":"2023-02-04T18:10:52","slug":"i-diritti-della-liberta-di-franco-lotito-e-antonella-pirastu","status":"publish","type":"post","link":"https:\/\/www.istitutostudisindacali.net\/bibliotecablog\/2019\/10\/01\/i-diritti-della-liberta-di-franco-lotito-e-antonella-pirastu\/","title":{"rendered":"ACCADDE OGGI \u2013 1 ottobre 2019 davanti alla sede di Roma Metropolitane la Polizia ha forzato il presidio pacifico dei lavoratori"},"content":{"rendered":"<p>ACCADDE OGGI \u2013 1 ottobre 2019 davanti alla sede di Roma Metropolitane la Polizia ha forzato il presidio pacifico dei lavoratori<\/p>\n<p>&#8220;I diritti della libert\u00e0&#8221; di Franco Lotito e Antonella Pirastu<\/p>\n<blockquote>\n<p style=\"text-align:justify\"><strong>1 ottobre 2019<\/strong> davanti alla sede di Roma Metropolitane la Polizia ha forzato il presidio pacifico dei lavoratori che si battevano contro la liquidazione della societ\u00e0.<\/p>\n<p>Nel forzare il presidio la polizia ha ferito politici e sindacalisti che erano al fianco dei lavoratori.<\/p>\n<p style=\"text-align:justify\">\u201cEpisodi come quello di questa sera &#8211; aggiungono i segretari generali delle tre confederazioni &#8211; non possono essere pi\u00f9 tollerati. E\u2019 necessario fare la massima chiarezza su quanto \u00e8 successo e individuare le responsabilit\u00e0\u201d.<br \/>\n\u201cAi lavoratori, ai dirigenti sindacali e agli esponenti politici presenti al presidio e vittime dell\u2019aggressione va tutta la nostra solidariet\u00e0\u201d: concludono Landini, Furlan e Barbagallo.<\/p>\n<div id=\"attachment_2187\" style=\"width: 1000px\" class=\"wp-caption alignnone\"><img loading=\"lazy\" decoding=\"async\" aria-describedby=\"caption-attachment-2187\" class=\"alignnone size-full wp-image-2187\" src=\"https:\/\/www.istitutostudisindacali.net\/biblioteca\/wp-content\/uploads\/sites\/2\/2019\/10\/stefano-fassina-ferito-manifestazione-roma-metropolitane-oggi-ultime-notizie_01203557.jpg\" alt=\"++ Capogruppo Leu Camera, Fassina ferito a manifestazione ++\" width=\"990\" height=\"660\" srcset=\"https:\/\/www.istitutostudisindacali.net\/bibliotecablog\/wp-content\/uploads\/sites\/17\/2019\/10\/stefano-fassina-ferito-manifestazione-roma-metropolitane-oggi-ultime-notizie_01203557.jpg 990w, https:\/\/www.istitutostudisindacali.net\/bibliotecablog\/wp-content\/uploads\/sites\/17\/2019\/10\/stefano-fassina-ferito-manifestazione-roma-metropolitane-oggi-ultime-notizie_01203557-300x200.jpg 300w, https:\/\/www.istitutostudisindacali.net\/bibliotecablog\/wp-content\/uploads\/sites\/17\/2019\/10\/stefano-fassina-ferito-manifestazione-roma-metropolitane-oggi-ultime-notizie_01203557-768x512.jpg 768w, https:\/\/www.istitutostudisindacali.net\/bibliotecablog\/wp-content\/uploads\/sites\/17\/2019\/10\/stefano-fassina-ferito-manifestazione-roma-metropolitane-oggi-ultime-notizie_01203557-610x407.jpg 610w\" sizes=\"(max-width: 990px) 100vw, 990px\" \/><p id=\"caption-attachment-2187\" class=\"wp-caption-text\">L&#8217;amministratore unico di Roma Metropolitane, Marco Santucci, accanto a Stefano Fassina a terra dopo i tafferugli all&#8217;esterno della sede di Roma Metropolitane, Roma, 01 ottobre 2019. ANSA<\/p><\/div><\/blockquote>\n<p style=\"text-align:justify\">[&#8230;] L&#8217;analisi e lo studio del diritto di sciopero affondano le radici metodologiche nella norma costituzionale che nell&#8217;art.40 afferma:<em><strong> &#8220;Il diritto di sciopero si esercita nell&#8217;ambito delle leggi che lo regolano&#8221;<\/strong><\/em> .<\/p>\n<p><img loading=\"lazy\" decoding=\"async\" class=\"alignnone size-full wp-image-2184\" src=\"https:\/\/www.istitutostudisindacali.net\/biblioteca\/wp-content\/uploads\/sites\/2\/2019\/10\/a6431a952b5fccadf2828a9d1c0934b6-kqyh-656x369corriere-web-roma_640x360.jpg\" alt=\"a6431a952b5fccadf2828a9d1c0934b6-kqyh--656x369corriere-web-roma_640x360\" width=\"640\" height=\"360\" srcset=\"https:\/\/www.istitutostudisindacali.net\/bibliotecablog\/wp-content\/uploads\/sites\/17\/2019\/10\/a6431a952b5fccadf2828a9d1c0934b6-kqyh-656x369corriere-web-roma_640x360.jpg 640w, https:\/\/www.istitutostudisindacali.net\/bibliotecablog\/wp-content\/uploads\/sites\/17\/2019\/10\/a6431a952b5fccadf2828a9d1c0934b6-kqyh-656x369corriere-web-roma_640x360-300x169.jpg 300w, https:\/\/www.istitutostudisindacali.net\/bibliotecablog\/wp-content\/uploads\/sites\/17\/2019\/10\/a6431a952b5fccadf2828a9d1c0934b6-kqyh-656x369corriere-web-roma_640x360-610x343.jpg 610w\" sizes=\"(max-width: 640px) 100vw, 640px\" \/><\/p>\n<p style=\"text-align:justify\">Tale norma si contrappone con effetti dirompenti a quella che era stata la precedente disciplina sullo sciopero.<\/p>\n<p style=\"text-align:justify\">Per comprendere pertanto l&#8217;attuale sistema, sono necessari dei brevi riferimenti storici.<\/p>\n<p style=\"text-align:justify\">Se il rapporto che legava il lavoratore subordinato all&#8217;impresa poteva definirsi libero al momento genetico del contratto di lavoro, certamente non lo era per ci\u00f2 che riguardava la definizione delle prestazioni e le modalit\u00e0 di svolgimento nell&#8217;attivit\u00e0 lavorativa.<\/p>\n<p style=\"text-align:justify\">Non esisteva nell&#8217;800 una disciplina sul contratto di lavoro; si utilizzava come unica fonte il diritto comune dei contratti.<img loading=\"lazy\" decoding=\"async\" class=\"alignnone size-full wp-image-2185\" src=\"https:\/\/www.istitutostudisindacali.net\/biblioteca\/wp-content\/uploads\/sites\/2\/2019\/10\/roma-metropolitane-7-1.jpg\" alt=\"roma-metropolitane-7-1\" width=\"1000\" height=\"563\" srcset=\"https:\/\/www.istitutostudisindacali.net\/bibliotecablog\/wp-content\/uploads\/sites\/17\/2019\/10\/roma-metropolitane-7-1.jpg 1000w, https:\/\/www.istitutostudisindacali.net\/bibliotecablog\/wp-content\/uploads\/sites\/17\/2019\/10\/roma-metropolitane-7-1-300x169.jpg 300w, https:\/\/www.istitutostudisindacali.net\/bibliotecablog\/wp-content\/uploads\/sites\/17\/2019\/10\/roma-metropolitane-7-1-768x432.jpg 768w, https:\/\/www.istitutostudisindacali.net\/bibliotecablog\/wp-content\/uploads\/sites\/17\/2019\/10\/roma-metropolitane-7-1-610x343.jpg 610w\" sizes=\"(max-width: 1000px) 100vw, 1000px\" \/><\/p>\n<p style=\"text-align:justify\">Ci\u00f2 determin\u00f2 la nascita di conflitti tra datori di lavoro ed i lavoratori, quali portatori di interessi contrapposti.<\/p>\n<p style=\"text-align:justify\">Dalla mancanza di una tutela nei confronti dei lavoratori, ne deriv\u00f2 una forte discrezionalit\u00e0 dell&#8217;imprenditore nel fissare le regole sul rapporto.<\/p>\n<p style=\"text-align:justify\">Ne consegu\u00ec che la classe operaia, costretta dalle improrogabili esigenze di vita, era vincolata ad accettare, non avendo altre scelte le pi\u00f9 esose ed ingiustificate richieste.\u00a0 \u00a0Tale condizione di inferiorit\u00e0 contrattuale era comune a tutti i lavoratori, i quali manifestarono subito l&#8217;interessa ad una nuova libert\u00e0 contrattuale.\u00a0 \u00a0Altres\u00ec fu la considerazione che solo attraverso l&#8217;esercizio di &#8220;gruppo&#8221; delle comuni pretese, si sarebbero potuti sperare risultati concreti.[&#8230;]<\/p>\n<p><img loading=\"lazy\" decoding=\"async\" class=\"alignnone size-full wp-image-2183\" src=\"https:\/\/www.istitutostudisindacali.net\/biblioteca\/wp-content\/uploads\/sites\/2\/2019\/10\/71260908_2475000372547812_1673925050773798912_n.jpg\" alt=\"71260908_2475000372547812_1673925050773798912_n\" width=\"960\" height=\"540\" srcset=\"https:\/\/www.istitutostudisindacali.net\/bibliotecablog\/wp-content\/uploads\/sites\/17\/2019\/10\/71260908_2475000372547812_1673925050773798912_n.jpg 960w, https:\/\/www.istitutostudisindacali.net\/bibliotecablog\/wp-content\/uploads\/sites\/17\/2019\/10\/71260908_2475000372547812_1673925050773798912_n-300x169.jpg 300w, https:\/\/www.istitutostudisindacali.net\/bibliotecablog\/wp-content\/uploads\/sites\/17\/2019\/10\/71260908_2475000372547812_1673925050773798912_n-768x432.jpg 768w, https:\/\/www.istitutostudisindacali.net\/bibliotecablog\/wp-content\/uploads\/sites\/17\/2019\/10\/71260908_2475000372547812_1673925050773798912_n-610x343.jpg 610w\" sizes=\"(max-width: 960px) 100vw, 960px\" \/><\/p>\n<h3 style=\"text-align:center\"><strong><em>Disponibile presso la BIBLIOTECA NAZIONALE UIL ARTURO CHIARI<\/em><\/strong><\/h3>\n<p>&nbsp;<\/p>\n","protected":false},"excerpt":{"rendered":"<p>ACCADDE OGGI \u2013 1 ottobre 2019 davanti alla sede di Roma Metropolitane la Polizia ha forzato il presidio pacifico dei lavoratori &#8220;I diritti della libert\u00e0&#8221; di Franco Lotito e Antonella Pirastu 1 ottobre 2019 davanti alla sede di Roma Metropolitane la Polizia ha forzato il presidio pacifico dei lavoratori che si battevano contro la liquidazione [&hellip;]<\/p>\n","protected":false},"author":7,"featured_media":2186,"comment_status":"closed","ping_status":"closed","sticky":false,"template":"","format":"standard","meta":{"_et_pb_use_builder":"","_et_pb_old_content":"","_et_gb_content_width":"","ngg_post_thumbnail":0,"_jetpack_memberships_contains_paid_content":false,"footnotes":""},"categories":[4,78],"tags":[1177,7,432,1178,11],"class_list":["post-2179","post","type-post","status-publish","format-standard","has-post-thumbnail","hentry","category-accadde-oggi","category-sciopero","tag-art-40","tag-evidenza","tag-manifestazione","tag-roma-metropolitana","tag-sciopero","et-has-post-format-content","et_post_format-et-post-format-standard"],"yoast_head":"<!-- This site is optimized with the Yoast SEO plugin v27.4 - https:\/\/yoast.com\/product\/yoast-seo-wordpress\/ -->\n<title>ACCADDE OGGI \u2013 1 ottobre 2019 davanti alla sede di Roma Metropolitane la Polizia ha forzato il presidio pacifico dei lavoratori - Blog della Biblioteca<\/title>\n<meta name=\"robots\" content=\"index, follow, max-snippet:-1, max-image-preview:large, max-video-preview:-1\" \/>\n<link rel=\"canonical\" href=\"https:\/\/www.istitutostudisindacali.net\/bibliotecablog\/2019\/10\/01\/i-diritti-della-liberta-di-franco-lotito-e-antonella-pirastu\/\" \/>\n<meta property=\"og:locale\" content=\"it_IT\" \/>\n<meta property=\"og:type\" content=\"article\" \/>\n<meta property=\"og:title\" content=\"ACCADDE OGGI \u2013 1 ottobre 2019 davanti alla sede di Roma Metropolitane la Polizia ha forzato il presidio pacifico dei lavoratori - Blog della Biblioteca\" \/>\n<meta property=\"og:description\" content=\"ACCADDE OGGI \u2013 1 ottobre 2019 davanti alla sede di Roma Metropolitane la Polizia ha forzato il presidio pacifico dei lavoratori &#8220;I diritti della libert\u00e0&#8221; di Franco Lotito e Antonella Pirastu 1 ottobre 2019 davanti alla sede di Roma Metropolitane la Polizia ha forzato il presidio pacifico dei lavoratori che si battevano contro la liquidazione [&hellip;]\" \/>\n<meta property=\"og:url\" content=\"https:\/\/www.istitutostudisindacali.net\/bibliotecablog\/2019\/10\/01\/i-diritti-della-liberta-di-franco-lotito-e-antonella-pirastu\/\" \/>\n<meta property=\"og:site_name\" content=\"Blog della Biblioteca\" \/>\n<meta property=\"article:published_time\" content=\"2019-10-01T06:20:20+00:00\" \/>\n<meta property=\"article:modified_time\" content=\"2023-02-04T18:10:52+00:00\" \/>\n<meta property=\"og:image\" content=\"https:\/\/www.istitutostudisindacali.net\/bibliotecablog\/wp-content\/uploads\/sites\/17\/2019\/10\/roma-proteste-720x480-1.jpg\" \/>\n\t<meta property=\"og:image:width\" content=\"720\" \/>\n\t<meta property=\"og:image:height\" content=\"480\" \/>\n\t<meta property=\"og:image:type\" content=\"image\/jpeg\" \/>\n<meta name=\"author\" content=\"Loredana Pietri\" \/>\n<meta name=\"twitter:card\" content=\"summary_large_image\" \/>\n<meta name=\"twitter:label1\" content=\"Scritto da\" \/>\n\t<meta name=\"twitter:data1\" content=\"Loredana Pietri\" \/>\n\t<meta name=\"twitter:label2\" content=\"Tempo di lettura stimato\" \/>\n\t<meta name=\"twitter:data2\" content=\"2 minuti\" \/>\n<script type=\"application\/ld+json\" class=\"yoast-schema-graph\">{\"@context\":\"https:\\\/\\\/schema.org\",\"@graph\":[{\"@type\":\"Article\",\"@id\":\"https:\\\/\\\/www.istitutostudisindacali.net\\\/bibliotecablog\\\/2019\\\/10\\\/01\\\/i-diritti-della-liberta-di-franco-lotito-e-antonella-pirastu\\\/#article\",\"isPartOf\":{\"@id\":\"https:\\\/\\\/www.istitutostudisindacali.net\\\/bibliotecablog\\\/2019\\\/10\\\/01\\\/i-diritti-della-liberta-di-franco-lotito-e-antonella-pirastu\\\/\"},\"author\":{\"name\":\"Loredana Pietri\",\"@id\":\"https:\\\/\\\/www.istitutostudisindacali.net\\\/bibliotecablog\\\/#\\\/schema\\\/person\\\/67df37a680cbbc103a59f61989c3f7e0\"},\"headline\":\"ACCADDE OGGI \u2013 1 ottobre 2019 davanti alla sede di Roma Metropolitane la Polizia ha forzato il presidio pacifico dei lavoratori\",\"datePublished\":\"2019-10-01T06:20:20+00:00\",\"dateModified\":\"2023-02-04T18:10:52+00:00\",\"mainEntityOfPage\":{\"@id\":\"https:\\\/\\\/www.istitutostudisindacali.net\\\/bibliotecablog\\\/2019\\\/10\\\/01\\\/i-diritti-della-liberta-di-franco-lotito-e-antonella-pirastu\\\/\"},\"wordCount\":418,\"image\":{\"@id\":\"https:\\\/\\\/www.istitutostudisindacali.net\\\/bibliotecablog\\\/2019\\\/10\\\/01\\\/i-diritti-della-liberta-di-franco-lotito-e-antonella-pirastu\\\/#primaryimage\"},\"thumbnailUrl\":\"https:\\\/\\\/www.istitutostudisindacali.net\\\/bibliotecablog\\\/wp-content\\\/uploads\\\/sites\\\/17\\\/2019\\\/10\\\/roma-proteste-720x480-1.jpg\",\"keywords\":[\"Art.40\",\"evidenza\",\"manifestazione\",\"Roma Metropolitana\",\"sciopero\"],\"articleSection\":[\"Accadde Oggi\",\"Sciopero\"],\"inLanguage\":\"it-IT\"},{\"@type\":\"WebPage\",\"@id\":\"https:\\\/\\\/www.istitutostudisindacali.net\\\/bibliotecablog\\\/2019\\\/10\\\/01\\\/i-diritti-della-liberta-di-franco-lotito-e-antonella-pirastu\\\/\",\"url\":\"https:\\\/\\\/www.istitutostudisindacali.net\\\/bibliotecablog\\\/2019\\\/10\\\/01\\\/i-diritti-della-liberta-di-franco-lotito-e-antonella-pirastu\\\/\",\"name\":\"ACCADDE OGGI \u2013 1 ottobre 2019 davanti alla sede di Roma Metropolitane la Polizia ha forzato il presidio pacifico dei lavoratori - Blog della Biblioteca\",\"isPartOf\":{\"@id\":\"https:\\\/\\\/www.istitutostudisindacali.net\\\/bibliotecablog\\\/#website\"},\"primaryImageOfPage\":{\"@id\":\"https:\\\/\\\/www.istitutostudisindacali.net\\\/bibliotecablog\\\/2019\\\/10\\\/01\\\/i-diritti-della-liberta-di-franco-lotito-e-antonella-pirastu\\\/#primaryimage\"},\"image\":{\"@id\":\"https:\\\/\\\/www.istitutostudisindacali.net\\\/bibliotecablog\\\/2019\\\/10\\\/01\\\/i-diritti-della-liberta-di-franco-lotito-e-antonella-pirastu\\\/#primaryimage\"},\"thumbnailUrl\":\"https:\\\/\\\/www.istitutostudisindacali.net\\\/bibliotecablog\\\/wp-content\\\/uploads\\\/sites\\\/17\\\/2019\\\/10\\\/roma-proteste-720x480-1.jpg\",\"datePublished\":\"2019-10-01T06:20:20+00:00\",\"dateModified\":\"2023-02-04T18:10:52+00:00\",\"author\":{\"@id\":\"https:\\\/\\\/www.istitutostudisindacali.net\\\/bibliotecablog\\\/#\\\/schema\\\/person\\\/67df37a680cbbc103a59f61989c3f7e0\"},\"breadcrumb\":{\"@id\":\"https:\\\/\\\/www.istitutostudisindacali.net\\\/bibliotecablog\\\/2019\\\/10\\\/01\\\/i-diritti-della-liberta-di-franco-lotito-e-antonella-pirastu\\\/#breadcrumb\"},\"inLanguage\":\"it-IT\",\"potentialAction\":[{\"@type\":\"ReadAction\",\"target\":[\"https:\\\/\\\/www.istitutostudisindacali.net\\\/bibliotecablog\\\/2019\\\/10\\\/01\\\/i-diritti-della-liberta-di-franco-lotito-e-antonella-pirastu\\\/\"]}]},{\"@type\":\"ImageObject\",\"inLanguage\":\"it-IT\",\"@id\":\"https:\\\/\\\/www.istitutostudisindacali.net\\\/bibliotecablog\\\/2019\\\/10\\\/01\\\/i-diritti-della-liberta-di-franco-lotito-e-antonella-pirastu\\\/#primaryimage\",\"url\":\"https:\\\/\\\/www.istitutostudisindacali.net\\\/bibliotecablog\\\/wp-content\\\/uploads\\\/sites\\\/17\\\/2019\\\/10\\\/roma-proteste-720x480-1.jpg\",\"contentUrl\":\"https:\\\/\\\/www.istitutostudisindacali.net\\\/bibliotecablog\\\/wp-content\\\/uploads\\\/sites\\\/17\\\/2019\\\/10\\\/roma-proteste-720x480-1.jpg\",\"width\":720,\"height\":480},{\"@type\":\"BreadcrumbList\",\"@id\":\"https:\\\/\\\/www.istitutostudisindacali.net\\\/bibliotecablog\\\/2019\\\/10\\\/01\\\/i-diritti-della-liberta-di-franco-lotito-e-antonella-pirastu\\\/#breadcrumb\",\"itemListElement\":[{\"@type\":\"ListItem\",\"position\":1,\"name\":\"Home\",\"item\":\"https:\\\/\\\/www.istitutostudisindacali.net\\\/bibliotecablog\\\/\"},{\"@type\":\"ListItem\",\"position\":2,\"name\":\"ACCADDE OGGI \u2013 1 ottobre 2019 davanti alla sede di Roma Metropolitane la Polizia ha forzato il presidio pacifico dei lavoratori\"}]},{\"@type\":\"WebSite\",\"@id\":\"https:\\\/\\\/www.istitutostudisindacali.net\\\/bibliotecablog\\\/#website\",\"url\":\"https:\\\/\\\/www.istitutostudisindacali.net\\\/bibliotecablog\\\/\",\"name\":\"Blog della Biblioteca\",\"description\":\"Arturo Chiari\",\"potentialAction\":[{\"@type\":\"SearchAction\",\"target\":{\"@type\":\"EntryPoint\",\"urlTemplate\":\"https:\\\/\\\/www.istitutostudisindacali.net\\\/bibliotecablog\\\/?s={search_term_string}\"},\"query-input\":{\"@type\":\"PropertyValueSpecification\",\"valueRequired\":true,\"valueName\":\"search_term_string\"}}],\"inLanguage\":\"it-IT\"},{\"@type\":\"Person\",\"@id\":\"https:\\\/\\\/www.istitutostudisindacali.net\\\/bibliotecablog\\\/#\\\/schema\\\/person\\\/67df37a680cbbc103a59f61989c3f7e0\",\"name\":\"Loredana Pietri\",\"image\":{\"@type\":\"ImageObject\",\"inLanguage\":\"it-IT\",\"@id\":\"https:\\\/\\\/secure.gravatar.com\\\/avatar\\\/14e1950ca26d7443d95784cdcfad5cf200bbbc261d085cf9375e018dc286c835?s=96&d=mm&r=g\",\"url\":\"https:\\\/\\\/secure.gravatar.com\\\/avatar\\\/14e1950ca26d7443d95784cdcfad5cf200bbbc261d085cf9375e018dc286c835?s=96&d=mm&r=g\",\"contentUrl\":\"https:\\\/\\\/secure.gravatar.com\\\/avatar\\\/14e1950ca26d7443d95784cdcfad5cf200bbbc261d085cf9375e018dc286c835?s=96&d=mm&r=g\",\"caption\":\"Loredana Pietri\"},\"description\":\"Responsabile della Biblioteca si impegna nella sua conduzione per migliorarne i Servizi\",\"sameAs\":[\"https:\\\/\\\/www.istitutostudisindacali.net\\\/biblioteca\"],\"url\":\"https:\\\/\\\/www.istitutostudisindacali.net\\\/bibliotecablog\\\/author\\\/loredana-pietri\\\/\"}]}<\/script>\n<!-- \/ Yoast SEO plugin. -->","yoast_head_json":{"title":"ACCADDE OGGI \u2013 1 ottobre 2019 davanti alla sede di Roma Metropolitane la Polizia ha forzato il presidio pacifico dei lavoratori - Blog della Biblioteca","robots":{"index":"index","follow":"follow","max-snippet":"max-snippet:-1","max-image-preview":"max-image-preview:large","max-video-preview":"max-video-preview:-1"},"canonical":"https:\/\/www.istitutostudisindacali.net\/bibliotecablog\/2019\/10\/01\/i-diritti-della-liberta-di-franco-lotito-e-antonella-pirastu\/","og_locale":"it_IT","og_type":"article","og_title":"ACCADDE OGGI \u2013 1 ottobre 2019 davanti alla sede di Roma Metropolitane la Polizia ha forzato il presidio pacifico dei lavoratori - Blog della Biblioteca","og_description":"ACCADDE OGGI \u2013 1 ottobre 2019 davanti alla sede di Roma Metropolitane la Polizia ha forzato il presidio pacifico dei lavoratori &#8220;I diritti della libert\u00e0&#8221; di Franco Lotito e Antonella Pirastu 1 ottobre 2019 davanti alla sede di Roma Metropolitane la Polizia ha forzato il presidio pacifico dei lavoratori che si battevano contro la liquidazione [&hellip;]","og_url":"https:\/\/www.istitutostudisindacali.net\/bibliotecablog\/2019\/10\/01\/i-diritti-della-liberta-di-franco-lotito-e-antonella-pirastu\/","og_site_name":"Blog della Biblioteca","article_published_time":"2019-10-01T06:20:20+00:00","article_modified_time":"2023-02-04T18:10:52+00:00","og_image":[{"width":720,"height":480,"url":"https:\/\/www.istitutostudisindacali.net\/bibliotecablog\/wp-content\/uploads\/sites\/17\/2019\/10\/roma-proteste-720x480-1.jpg","type":"image\/jpeg"}],"author":"Loredana Pietri","twitter_card":"summary_large_image","twitter_misc":{"Scritto da":"Loredana Pietri","Tempo di lettura stimato":"2 minuti"},"schema":{"@context":"https:\/\/schema.org","@graph":[{"@type":"Article","@id":"https:\/\/www.istitutostudisindacali.net\/bibliotecablog\/2019\/10\/01\/i-diritti-della-liberta-di-franco-lotito-e-antonella-pirastu\/#article","isPartOf":{"@id":"https:\/\/www.istitutostudisindacali.net\/bibliotecablog\/2019\/10\/01\/i-diritti-della-liberta-di-franco-lotito-e-antonella-pirastu\/"},"author":{"name":"Loredana Pietri","@id":"https:\/\/www.istitutostudisindacali.net\/bibliotecablog\/#\/schema\/person\/67df37a680cbbc103a59f61989c3f7e0"},"headline":"ACCADDE OGGI \u2013 1 ottobre 2019 davanti alla sede di Roma Metropolitane la Polizia ha forzato il presidio pacifico dei lavoratori","datePublished":"2019-10-01T06:20:20+00:00","dateModified":"2023-02-04T18:10:52+00:00","mainEntityOfPage":{"@id":"https:\/\/www.istitutostudisindacali.net\/bibliotecablog\/2019\/10\/01\/i-diritti-della-liberta-di-franco-lotito-e-antonella-pirastu\/"},"wordCount":418,"image":{"@id":"https:\/\/www.istitutostudisindacali.net\/bibliotecablog\/2019\/10\/01\/i-diritti-della-liberta-di-franco-lotito-e-antonella-pirastu\/#primaryimage"},"thumbnailUrl":"https:\/\/www.istitutostudisindacali.net\/bibliotecablog\/wp-content\/uploads\/sites\/17\/2019\/10\/roma-proteste-720x480-1.jpg","keywords":["Art.40","evidenza","manifestazione","Roma Metropolitana","sciopero"],"articleSection":["Accadde Oggi","Sciopero"],"inLanguage":"it-IT"},{"@type":"WebPage","@id":"https:\/\/www.istitutostudisindacali.net\/bibliotecablog\/2019\/10\/01\/i-diritti-della-liberta-di-franco-lotito-e-antonella-pirastu\/","url":"https:\/\/www.istitutostudisindacali.net\/bibliotecablog\/2019\/10\/01\/i-diritti-della-liberta-di-franco-lotito-e-antonella-pirastu\/","name":"ACCADDE OGGI \u2013 1 ottobre 2019 davanti alla sede di Roma Metropolitane la Polizia ha forzato il presidio pacifico dei lavoratori - Blog della Biblioteca","isPartOf":{"@id":"https:\/\/www.istitutostudisindacali.net\/bibliotecablog\/#website"},"primaryImageOfPage":{"@id":"https:\/\/www.istitutostudisindacali.net\/bibliotecablog\/2019\/10\/01\/i-diritti-della-liberta-di-franco-lotito-e-antonella-pirastu\/#primaryimage"},"image":{"@id":"https:\/\/www.istitutostudisindacali.net\/bibliotecablog\/2019\/10\/01\/i-diritti-della-liberta-di-franco-lotito-e-antonella-pirastu\/#primaryimage"},"thumbnailUrl":"https:\/\/www.istitutostudisindacali.net\/bibliotecablog\/wp-content\/uploads\/sites\/17\/2019\/10\/roma-proteste-720x480-1.jpg","datePublished":"2019-10-01T06:20:20+00:00","dateModified":"2023-02-04T18:10:52+00:00","author":{"@id":"https:\/\/www.istitutostudisindacali.net\/bibliotecablog\/#\/schema\/person\/67df37a680cbbc103a59f61989c3f7e0"},"breadcrumb":{"@id":"https:\/\/www.istitutostudisindacali.net\/bibliotecablog\/2019\/10\/01\/i-diritti-della-liberta-di-franco-lotito-e-antonella-pirastu\/#breadcrumb"},"inLanguage":"it-IT","potentialAction":[{"@type":"ReadAction","target":["https:\/\/www.istitutostudisindacali.net\/bibliotecablog\/2019\/10\/01\/i-diritti-della-liberta-di-franco-lotito-e-antonella-pirastu\/"]}]},{"@type":"ImageObject","inLanguage":"it-IT","@id":"https:\/\/www.istitutostudisindacali.net\/bibliotecablog\/2019\/10\/01\/i-diritti-della-liberta-di-franco-lotito-e-antonella-pirastu\/#primaryimage","url":"https:\/\/www.istitutostudisindacali.net\/bibliotecablog\/wp-content\/uploads\/sites\/17\/2019\/10\/roma-proteste-720x480-1.jpg","contentUrl":"https:\/\/www.istitutostudisindacali.net\/bibliotecablog\/wp-content\/uploads\/sites\/17\/2019\/10\/roma-proteste-720x480-1.jpg","width":720,"height":480},{"@type":"BreadcrumbList","@id":"https:\/\/www.istitutostudisindacali.net\/bibliotecablog\/2019\/10\/01\/i-diritti-della-liberta-di-franco-lotito-e-antonella-pirastu\/#breadcrumb","itemListElement":[{"@type":"ListItem","position":1,"name":"Home","item":"https:\/\/www.istitutostudisindacali.net\/bibliotecablog\/"},{"@type":"ListItem","position":2,"name":"ACCADDE OGGI \u2013 1 ottobre 2019 davanti alla sede di Roma Metropolitane la Polizia ha forzato il presidio pacifico dei lavoratori"}]},{"@type":"WebSite","@id":"https:\/\/www.istitutostudisindacali.net\/bibliotecablog\/#website","url":"https:\/\/www.istitutostudisindacali.net\/bibliotecablog\/","name":"Blog della Biblioteca","description":"Arturo Chiari","potentialAction":[{"@type":"SearchAction","target":{"@type":"EntryPoint","urlTemplate":"https:\/\/www.istitutostudisindacali.net\/bibliotecablog\/?s={search_term_string}"},"query-input":{"@type":"PropertyValueSpecification","valueRequired":true,"valueName":"search_term_string"}}],"inLanguage":"it-IT"},{"@type":"Person","@id":"https:\/\/www.istitutostudisindacali.net\/bibliotecablog\/#\/schema\/person\/67df37a680cbbc103a59f61989c3f7e0","name":"Loredana Pietri","image":{"@type":"ImageObject","inLanguage":"it-IT","@id":"https:\/\/secure.gravatar.com\/avatar\/14e1950ca26d7443d95784cdcfad5cf200bbbc261d085cf9375e018dc286c835?s=96&d=mm&r=g","url":"https:\/\/secure.gravatar.com\/avatar\/14e1950ca26d7443d95784cdcfad5cf200bbbc261d085cf9375e018dc286c835?s=96&d=mm&r=g","contentUrl":"https:\/\/secure.gravatar.com\/avatar\/14e1950ca26d7443d95784cdcfad5cf200bbbc261d085cf9375e018dc286c835?s=96&d=mm&r=g","caption":"Loredana Pietri"},"description":"Responsabile della Biblioteca si impegna nella sua conduzione per migliorarne i Servizi","sameAs":["https:\/\/www.istitutostudisindacali.net\/biblioteca"],"url":"https:\/\/www.istitutostudisindacali.net\/bibliotecablog\/author\/loredana-pietri\/"}]}},"jetpack_featured_media_url":"https:\/\/www.istitutostudisindacali.net\/bibliotecablog\/wp-content\/uploads\/sites\/17\/2019\/10\/roma-proteste-720x480-1.jpg","jetpack_sharing_enabled":true,"_links":{"self":[{"href":"https:\/\/www.istitutostudisindacali.net\/bibliotecablog\/wp-json\/wp\/v2\/posts\/2179","targetHints":{"allow":["GET"]}}],"collection":[{"href":"https:\/\/www.istitutostudisindacali.net\/bibliotecablog\/wp-json\/wp\/v2\/posts"}],"about":[{"href":"https:\/\/www.istitutostudisindacali.net\/bibliotecablog\/wp-json\/wp\/v2\/types\/post"}],"author":[{"embeddable":true,"href":"https:\/\/www.istitutostudisindacali.net\/bibliotecablog\/wp-json\/wp\/v2\/users\/7"}],"replies":[{"embeddable":true,"href":"https:\/\/www.istitutostudisindacali.net\/bibliotecablog\/wp-json\/wp\/v2\/comments?post=2179"}],"version-history":[{"count":1,"href":"https:\/\/www.istitutostudisindacali.net\/bibliotecablog\/wp-json\/wp\/v2\/posts\/2179\/revisions"}],"predecessor-version":[{"id":4458,"href":"https:\/\/www.istitutostudisindacali.net\/bibliotecablog\/wp-json\/wp\/v2\/posts\/2179\/revisions\/4458"}],"wp:featuredmedia":[{"embeddable":true,"href":"https:\/\/www.istitutostudisindacali.net\/bibliotecablog\/wp-json\/wp\/v2\/media\/2186"}],"wp:attachment":[{"href":"https:\/\/www.istitutostudisindacali.net\/bibliotecablog\/wp-json\/wp\/v2\/media?parent=2179"}],"wp:term":[{"taxonomy":"category","embeddable":true,"href":"https:\/\/www.istitutostudisindacali.net\/bibliotecablog\/wp-json\/wp\/v2\/categories?post=2179"},{"taxonomy":"post_tag","embeddable":true,"href":"https:\/\/www.istitutostudisindacali.net\/bibliotecablog\/wp-json\/wp\/v2\/tags?post=2179"}],"curies":[{"name":"wp","href":"https:\/\/api.w.org\/{rel}","templated":true}]}}