{"id":2024,"date":"1904-09-04T07:37:34","date_gmt":"1904-09-04T06:37:34","guid":{"rendered":"https:\/\/bibliotecarturochiari.wordpress.com\/?p=2024"},"modified":"2023-02-04T19:13:38","modified_gmt":"2023-02-04T18:13:38","slug":"storia-del-movimento-operaio-italiano-di-giulio-trevisani","status":"publish","type":"post","link":"https:\/\/www.istitutostudisindacali.net\/bibliotecablog\/1904\/09\/04\/storia-del-movimento-operaio-italiano-di-giulio-trevisani\/","title":{"rendered":"ACCADDE OGGI &#8211; 4 settembre 1904 &#8211; Sciopero Bugerru"},"content":{"rendered":"<p>ACCADDE OGGI &#8211; 4 settembre 1904 &#8211; Sciopero Bugerru<\/p>\n<p>&#8220;Storia del movimento operaio italiano&#8221; di Giulio Trevisani<\/p>\n<blockquote>\n<p style=\"text-align:justify\"><strong><img loading=\"lazy\" decoding=\"async\" class=\" size-full wp-image-2035 alignleft\" src=\"https:\/\/www.istitutostudisindacali.net\/biblioteca\/wp-content\/uploads\/sites\/2\/2019\/09\/1904-sciopero.gif\" alt=\"1904-sciopero\" width=\"275\" height=\"411\" \/>4 Settembre 1904<\/strong> i minatori di Buggerru, decisero di scioperare per protestare contro la decisione della &#8220;Societ\u00e9 des mines Malfidano&#8221; di ridurre la pausa pranzo. All&#8217;arrivo da Cagliari di due compagnie di fanteria, richieste dalla direzione della miniera, si scaten\u00f2 una sassaiola a cui i soldati risposero sparando sulla folla di minatori, in sciopero per ottenere un aumento salariale, provocando 4 morti e 11 feriti.<\/p>\n<p>&nbsp;<\/p>\n<p>In risposta all&#8217;eccidio perpetrato a Buggerru il 16 Settembre fu proclamato il primo sciopero generale nazionale italiano in risposta a quanto accaduto.<\/p><\/blockquote>\n<p>&nbsp;<\/p>\n<p style=\"text-align:justify\"><img loading=\"lazy\" decoding=\"async\" class=\"alignnone size-full wp-image-2036\" src=\"https:\/\/www.istitutostudisindacali.net\/biblioteca\/wp-content\/uploads\/sites\/2\/2019\/09\/1920123_648362398532729_543477335_n.jpg\" alt=\"1920123_648362398532729_543477335_n\" width=\"960\" height=\"622\" srcset=\"https:\/\/www.istitutostudisindacali.net\/bibliotecablog\/wp-content\/uploads\/sites\/17\/2019\/09\/1920123_648362398532729_543477335_n.jpg 960w, https:\/\/www.istitutostudisindacali.net\/bibliotecablog\/wp-content\/uploads\/sites\/17\/2019\/09\/1920123_648362398532729_543477335_n-300x194.jpg 300w, https:\/\/www.istitutostudisindacali.net\/bibliotecablog\/wp-content\/uploads\/sites\/17\/2019\/09\/1920123_648362398532729_543477335_n-768x498.jpg 768w, https:\/\/www.istitutostudisindacali.net\/bibliotecablog\/wp-content\/uploads\/sites\/17\/2019\/09\/1920123_648362398532729_543477335_n-610x395.jpg 610w\" sizes=\"(max-width: 960px) 100vw, 960px\" \/>[&#8230;] Le condizioni di vita dei minatori sardi erano tragiche: &lt;&lt;Il salario oscillava da un massimo di lire 2,45 a un mini di lire 2,07 per giornata, con potere di acquisto pari a 650-700 lire attuali; 0,80 centesimi erano pagati i ragazzi e 1,11 le donne: un Kg. di pane costava 34 centesimi, un Kg. di pasta 55 centesimi, un litro di olio lire 1,25, un litro di vino 30 centesimi.\u00a0 Il salario era anzi disceso &#8211; a seguito della crisi mondiale all&#8217;inizio del secolo &#8211; da lire 2,98, il massimo del 1898, alle lire 2,45 del 1904: era un salario inferiore del 35-40% ai corrispondenti salari della mano d&#8217;opera delle miniere del continente&gt;&gt;.<\/p>\n<p style=\"text-align:justify\"><img loading=\"lazy\" decoding=\"async\" class=\" size-full wp-image-2039 alignright\" src=\"https:\/\/www.istitutostudisindacali.net\/biblioteca\/wp-content\/uploads\/sites\/2\/2019\/09\/cernitrici1937.jpg\" alt=\"cernitrici1937\" width=\"450\" height=\"328\" srcset=\"https:\/\/www.istitutostudisindacali.net\/bibliotecablog\/wp-content\/uploads\/sites\/17\/2019\/09\/cernitrici1937.jpg 450w, https:\/\/www.istitutostudisindacali.net\/bibliotecablog\/wp-content\/uploads\/sites\/17\/2019\/09\/cernitrici1937-300x219.jpg 300w\" sizes=\"(max-width: 450px) 100vw, 450px\" \/>All&#8217;estrema vilt\u00e0 dei salari si aggiungeva, a rendere pi\u00f9 disperata la condizione dei minatori, il vecchio uso delle &lt;&lt;cantine&gt;&gt;, di &lt;&lt;negozi, cio\u00e8, che provvedevano di vivere i minatori e che, posti in condizioni di monopolio e arbitri dei prezzi , esercitavano uno sfruttamento dei minatori stessi. Il funzionamento di queste cantine era affidato a un esercente o era tenuto direttamente dalle societ\u00e0 dirigenti.\u00a0 \u00a0L&#8217;esercente registrava in un libro gli acquisti del minatore e percepiva il suo credito sulla paga del minatore stesso dalla societ\u00e0 dirigente.\u00a0 \u00a0 Il minatore percepiva poi all&#8217;atto della paga a sua volta la differenza in danaro, ma, poich\u00e9 la paga non avveniva con regolarit\u00e0, il minatore molto spesso non vedeva mai danaro, che questo era assorbito tutto dalla cantina.\u00a0 \u00a0Ci\u00f2 esasperava i minatori che talvolta erano pagani ogni 40, 70 e 100 giorni.\u00a0 \u00a0 Si presentava infine un altro problema, quello ben grave delle malattie, che nessuno si curava di prevenire, alle quale i minatori erano soggetti, date le condizioni ambientali in cui vivevano.\u00a0 \u00a0Le malattie pi\u00f9 frequenti erano le malattie degli occhi, i casi di enterite, bronchite, malaria, cirrosi epatica, catarro polmonare, reumatismo articolare cronico, poliartrite cronica&gt;&gt;.<\/p>\n<p style=\"text-align:justify\"><img loading=\"lazy\" decoding=\"async\" class=\" size-full wp-image-2043 aligncenter\" src=\"https:\/\/www.istitutostudisindacali.net\/biblioteca\/wp-content\/uploads\/sites\/2\/2019\/09\/montevecchio_cernitrici.2b.jpg\" alt=\"montevecchio_cernitrici.2b\" width=\"600\" height=\"436\" srcset=\"https:\/\/www.istitutostudisindacali.net\/bibliotecablog\/wp-content\/uploads\/sites\/17\/2019\/09\/montevecchio_cernitrici.2b.jpg 600w, https:\/\/www.istitutostudisindacali.net\/bibliotecablog\/wp-content\/uploads\/sites\/17\/2019\/09\/montevecchio_cernitrici.2b-300x218.jpg 300w\" sizes=\"(max-width: 600px) 100vw, 600px\" \/>&lt;&lt;Una cupa aria discriminatoria pesava sui licenziamenti senza preavviso e senza liquidazioni: nelle assunzioni &#8211; che avvenivano attraverso il tramite dei cosiddetti impresari, veri schiavisti, a cui era affidata l&#8217;amministrazione e la responsabilit\u00e0 di sessanta-ottanta operai &#8211; veniva escluso chiunque fosse sospettato di svolgere attivit\u00e0 sindacali o politiche; e chi veniva segnato nelle &#8220;liste nere&#8221; diventava disoccupato a vita&gt;&gt;.[&#8230;]<\/p>\n<p style=\"text-align:justify\"><img loading=\"lazy\" decoding=\"async\" class=\"  wp-image-2046 alignleft\" src=\"https:\/\/www.istitutostudisindacali.net\/biblioteca\/wp-content\/uploads\/sites\/2\/2019\/09\/20180921_101647.jpg\" alt=\"20180921_101647\" width=\"386\" height=\"514\" srcset=\"https:\/\/www.istitutostudisindacali.net\/bibliotecablog\/wp-content\/uploads\/sites\/17\/2019\/09\/20180921_101647.jpg 1102w, https:\/\/www.istitutostudisindacali.net\/bibliotecablog\/wp-content\/uploads\/sites\/17\/2019\/09\/20180921_101647-225x300.jpg 225w, https:\/\/www.istitutostudisindacali.net\/bibliotecablog\/wp-content\/uploads\/sites\/17\/2019\/09\/20180921_101647-768x1024.jpg 768w, https:\/\/www.istitutostudisindacali.net\/bibliotecablog\/wp-content\/uploads\/sites\/17\/2019\/09\/20180921_101647-610x813.jpg 610w, https:\/\/www.istitutostudisindacali.net\/bibliotecablog\/wp-content\/uploads\/sites\/17\/2019\/09\/20180921_101647-1080x1440.jpg 1080w\" sizes=\"(max-width: 386px) 100vw, 386px\" \/>[&#8230;]&lt;&lt;La societ\u00e0 Malfidano arriv\u00f2 ad ogni bassezza pur di impedire che gli operai potessero contare su una loro cooperativa. Nel 1900 aveva chiuso il credito nelle cantine della sua cooperati per affamare i lavoratori; poi, per impedire gli operai potessero aiutare la loro cooperativa a pagare i debiti ritard\u00f2 di 15 giorni il pagamento dei salari a tutti i dipendenti socie della cooperativa: poi proib\u00ec la cottura del pane nei locali del forno, poich\u00e9 questo era stato costruito su terreno di sua propriet\u00e0; ed ogni volta i minatori erano riusciti a superare le difficolt\u00e0 frapposte da Malfidano.\u00a0 \u00a0 La cooperativa rest\u00f2, cos\u00ec, in mano ai lavoratori e la Lega sindacale dei lavoratori di Buggerru, forte del successo ottenuto, si preparava [nell&#8217;agosto 1904] a riproporre le richieste non accolte nel 1900&gt;&gt;.\u00a0 \u00a0La Malfidano pass\u00f2, allora, alla provocazione: diminu\u00ec di un&#8217;ora l&#8217;intervallo fra il lavoro antimeridiano e quello pomeridiano; e minaccio gravi sanzioni a chi non osservasse nuovo orario.\u00a0 \u00a0Cominci\u00f2 allora lo sciopero che aggiunse alla protesta contro il mutamento di orario altre rivendicazioni gi\u00e0 pi\u00f9 volte avanzate: un contratto di lavoro un ufficio di collocamento, il riposo festivo e una cassa pensioni per la vecchiaia.<\/p>\n<p style=\"text-align:justify\"><img loading=\"lazy\" decoding=\"async\" class=\" size-full wp-image-2041 aligncenter\" src=\"https:\/\/www.istitutostudisindacali.net\/biblioteca\/wp-content\/uploads\/sites\/2\/2019\/09\/image.jpg\" alt=\"image\" width=\"505\" height=\"320\" srcset=\"https:\/\/www.istitutostudisindacali.net\/bibliotecablog\/wp-content\/uploads\/sites\/17\/2019\/09\/image.jpg 505w, https:\/\/www.istitutostudisindacali.net\/bibliotecablog\/wp-content\/uploads\/sites\/17\/2019\/09\/image-300x190.jpg 300w\" sizes=\"(max-width: 505px) 100vw, 505px\" \/>Vi furono delle trattative\u00a0 ma la direzione della miniera le tronc\u00f2 immediatamente.\u00a0 \u00a0 Si conobbero subito le ragioni del repentino mutamento di scena: &lt;&lt;si viene a sapere che sono in marcia e gi\u00e0\u00a0 vicini numerosi drappelli di carabinieri e due compagnie di soldati: alle 15 entrano a Buggerru e scendono verso il mare, mentre i duemila operai della miniera sono radunati davanti alla direzione, per seguire l&#8217;andamento e l&#8217;esito delle trattative.\u00a0 \u00a0Alcune centinaia di lavoratori si avvicinano ai soldati che vanno ad accantonarsi negli alloggi degli operai, da cui vengono allontanati i pochi lavoratori che in quel momento li occupavano.\u00a0 \u00a0Gli operai e i soldati vengono a contatto; si grida &#8220;<strong>FUORI FUORI<\/strong>&#8221; sempre pi\u00f9 concitatamente: la tensione si acuisce, finch\u00e8 la truppa fa fuoco a pi\u00f9 riprese&gt;&gt;. pp56<\/p>\n<p><img loading=\"lazy\" decoding=\"async\" class=\"alignnone  wp-image-2044\" src=\"https:\/\/www.istitutostudisindacali.net\/biblioteca\/wp-content\/uploads\/sites\/2\/2019\/09\/phoca_thumb_l_1904-napoli-sciopero-con-carabinieri-a-controll.i-manifestanti.jpg\" alt=\"phoca_thumb_l_1904 - Napoli sciopero con carabinieri a controll.i manifestanti\" width=\"606\" height=\"455\" srcset=\"https:\/\/www.istitutostudisindacali.net\/bibliotecablog\/wp-content\/uploads\/sites\/17\/2019\/09\/phoca_thumb_l_1904-napoli-sciopero-con-carabinieri-a-controll.i-manifestanti.jpg 352w, https:\/\/www.istitutostudisindacali.net\/bibliotecablog\/wp-content\/uploads\/sites\/17\/2019\/09\/phoca_thumb_l_1904-napoli-sciopero-con-carabinieri-a-controll.i-manifestanti-300x225.jpg 300w\" sizes=\"(max-width: 606px) 100vw, 606px\" \/><\/p>\n<p>&nbsp;<\/p>\n<h3 style=\"text-align:center\"><strong><em>Disponibile presso la BIBLIOTECA NAZIONALE UIL ARTURO CHIARI<\/em><\/strong><\/h3>\n","protected":false},"excerpt":{"rendered":"<p>ACCADDE OGGI &#8211; 4 settembre 1904 &#8211; Sciopero Bugerru &#8220;Storia del movimento operaio italiano&#8221; di Giulio Trevisani 4 Settembre 1904 i minatori di Buggerru, decisero di scioperare per protestare contro la decisione della &#8220;Societ\u00e9 des mines Malfidano&#8221; di ridurre la pausa pranzo. All&#8217;arrivo da Cagliari di due compagnie di fanteria, richieste dalla direzione della miniera, [&hellip;]<\/p>\n","protected":false},"author":7,"featured_media":2037,"comment_status":"closed","ping_status":"closed","sticky":false,"template":"","format":"standard","meta":{"_et_pb_use_builder":"","_et_pb_old_content":"","_et_gb_content_width":"","ngg_post_thumbnail":0,"_jetpack_memberships_contains_paid_content":false,"footnotes":""},"categories":[90],"tags":[86,87,88,7,89,10,91,11],"class_list":["post-2024","post","type-post","status-publish","format-standard","has-post-thumbnail","hentry","category-movimento-operaio","tag-buggerru","tag-cooperative","tag-eccidio","tag-evidenza","tag-malfidano","tag-minatori","tag-sardegna","tag-sciopero","et-has-post-format-content","et_post_format-et-post-format-standard"],"yoast_head":"<!-- This site is optimized with the Yoast SEO plugin v27.4 - https:\/\/yoast.com\/product\/yoast-seo-wordpress\/ -->\n<title>ACCADDE OGGI - 4 settembre 1904 - Sciopero Bugerru - Blog della Biblioteca<\/title>\n<meta name=\"robots\" content=\"index, follow, max-snippet:-1, max-image-preview:large, max-video-preview:-1\" \/>\n<link rel=\"canonical\" href=\"https:\/\/www.istitutostudisindacali.net\/bibliotecablog\/1904\/09\/04\/storia-del-movimento-operaio-italiano-di-giulio-trevisani\/\" \/>\n<meta property=\"og:locale\" content=\"it_IT\" \/>\n<meta property=\"og:type\" content=\"article\" \/>\n<meta property=\"og:title\" content=\"ACCADDE OGGI - 4 settembre 1904 - Sciopero Bugerru - Blog della Biblioteca\" \/>\n<meta property=\"og:description\" content=\"ACCADDE OGGI &#8211; 4 settembre 1904 &#8211; Sciopero Bugerru &#8220;Storia del movimento operaio italiano&#8221; di Giulio Trevisani 4 Settembre 1904 i minatori di Buggerru, decisero di scioperare per protestare contro la decisione della &#8220;Societ\u00e9 des mines Malfidano&#8221; di ridurre la pausa pranzo. All&#8217;arrivo da Cagliari di due compagnie di fanteria, richieste dalla direzione della miniera, [&hellip;]\" \/>\n<meta property=\"og:url\" content=\"https:\/\/www.istitutostudisindacali.net\/bibliotecablog\/1904\/09\/04\/storia-del-movimento-operaio-italiano-di-giulio-trevisani\/\" \/>\n<meta property=\"og:site_name\" content=\"Blog della Biblioteca\" \/>\n<meta property=\"article:published_time\" content=\"1904-09-04T06:37:34+00:00\" \/>\n<meta property=\"article:modified_time\" content=\"2023-02-04T18:13:38+00:00\" \/>\n<meta property=\"og:image\" content=\"https:\/\/www.istitutostudisindacali.net\/bibliotecablog\/wp-content\/uploads\/sites\/17\/2019\/09\/buggerru.jpg\" \/>\n\t<meta property=\"og:image:width\" content=\"676\" \/>\n\t<meta property=\"og:image:height\" content=\"500\" \/>\n\t<meta property=\"og:image:type\" content=\"image\/jpeg\" \/>\n<meta name=\"author\" content=\"Loredana Pietri\" \/>\n<meta name=\"twitter:card\" content=\"summary_large_image\" \/>\n<meta name=\"twitter:label1\" content=\"Scritto da\" \/>\n\t<meta name=\"twitter:data1\" content=\"Loredana Pietri\" \/>\n\t<meta name=\"twitter:label2\" content=\"Tempo di lettura stimato\" \/>\n\t<meta name=\"twitter:data2\" content=\"4 minuti\" \/>\n<script type=\"application\/ld+json\" class=\"yoast-schema-graph\">{\"@context\":\"https:\\\/\\\/schema.org\",\"@graph\":[{\"@type\":\"Article\",\"@id\":\"https:\\\/\\\/www.istitutostudisindacali.net\\\/bibliotecablog\\\/1904\\\/09\\\/04\\\/storia-del-movimento-operaio-italiano-di-giulio-trevisani\\\/#article\",\"isPartOf\":{\"@id\":\"https:\\\/\\\/www.istitutostudisindacali.net\\\/bibliotecablog\\\/1904\\\/09\\\/04\\\/storia-del-movimento-operaio-italiano-di-giulio-trevisani\\\/\"},\"author\":{\"name\":\"Loredana Pietri\",\"@id\":\"https:\\\/\\\/www.istitutostudisindacali.net\\\/bibliotecablog\\\/#\\\/schema\\\/person\\\/67df37a680cbbc103a59f61989c3f7e0\"},\"headline\":\"ACCADDE OGGI &#8211; 4 settembre 1904 &#8211; Sciopero Bugerru\",\"datePublished\":\"1904-09-04T06:37:34+00:00\",\"dateModified\":\"2023-02-04T18:13:38+00:00\",\"mainEntityOfPage\":{\"@id\":\"https:\\\/\\\/www.istitutostudisindacali.net\\\/bibliotecablog\\\/1904\\\/09\\\/04\\\/storia-del-movimento-operaio-italiano-di-giulio-trevisani\\\/\"},\"wordCount\":813,\"image\":{\"@id\":\"https:\\\/\\\/www.istitutostudisindacali.net\\\/bibliotecablog\\\/1904\\\/09\\\/04\\\/storia-del-movimento-operaio-italiano-di-giulio-trevisani\\\/#primaryimage\"},\"thumbnailUrl\":\"https:\\\/\\\/www.istitutostudisindacali.net\\\/bibliotecablog\\\/wp-content\\\/uploads\\\/sites\\\/17\\\/2019\\\/09\\\/buggerru.jpg\",\"keywords\":[\"Buggerru\",\"cooperative\",\"Eccidio\",\"evidenza\",\"Malfidano\",\"Minatori\",\"Sardegna\",\"sciopero\"],\"articleSection\":[\"Movimento Operaio\"],\"inLanguage\":\"it-IT\"},{\"@type\":\"WebPage\",\"@id\":\"https:\\\/\\\/www.istitutostudisindacali.net\\\/bibliotecablog\\\/1904\\\/09\\\/04\\\/storia-del-movimento-operaio-italiano-di-giulio-trevisani\\\/\",\"url\":\"https:\\\/\\\/www.istitutostudisindacali.net\\\/bibliotecablog\\\/1904\\\/09\\\/04\\\/storia-del-movimento-operaio-italiano-di-giulio-trevisani\\\/\",\"name\":\"ACCADDE OGGI - 4 settembre 1904 - Sciopero Bugerru - Blog della Biblioteca\",\"isPartOf\":{\"@id\":\"https:\\\/\\\/www.istitutostudisindacali.net\\\/bibliotecablog\\\/#website\"},\"primaryImageOfPage\":{\"@id\":\"https:\\\/\\\/www.istitutostudisindacali.net\\\/bibliotecablog\\\/1904\\\/09\\\/04\\\/storia-del-movimento-operaio-italiano-di-giulio-trevisani\\\/#primaryimage\"},\"image\":{\"@id\":\"https:\\\/\\\/www.istitutostudisindacali.net\\\/bibliotecablog\\\/1904\\\/09\\\/04\\\/storia-del-movimento-operaio-italiano-di-giulio-trevisani\\\/#primaryimage\"},\"thumbnailUrl\":\"https:\\\/\\\/www.istitutostudisindacali.net\\\/bibliotecablog\\\/wp-content\\\/uploads\\\/sites\\\/17\\\/2019\\\/09\\\/buggerru.jpg\",\"datePublished\":\"1904-09-04T06:37:34+00:00\",\"dateModified\":\"2023-02-04T18:13:38+00:00\",\"author\":{\"@id\":\"https:\\\/\\\/www.istitutostudisindacali.net\\\/bibliotecablog\\\/#\\\/schema\\\/person\\\/67df37a680cbbc103a59f61989c3f7e0\"},\"breadcrumb\":{\"@id\":\"https:\\\/\\\/www.istitutostudisindacali.net\\\/bibliotecablog\\\/1904\\\/09\\\/04\\\/storia-del-movimento-operaio-italiano-di-giulio-trevisani\\\/#breadcrumb\"},\"inLanguage\":\"it-IT\",\"potentialAction\":[{\"@type\":\"ReadAction\",\"target\":[\"https:\\\/\\\/www.istitutostudisindacali.net\\\/bibliotecablog\\\/1904\\\/09\\\/04\\\/storia-del-movimento-operaio-italiano-di-giulio-trevisani\\\/\"]}]},{\"@type\":\"ImageObject\",\"inLanguage\":\"it-IT\",\"@id\":\"https:\\\/\\\/www.istitutostudisindacali.net\\\/bibliotecablog\\\/1904\\\/09\\\/04\\\/storia-del-movimento-operaio-italiano-di-giulio-trevisani\\\/#primaryimage\",\"url\":\"https:\\\/\\\/www.istitutostudisindacali.net\\\/bibliotecablog\\\/wp-content\\\/uploads\\\/sites\\\/17\\\/2019\\\/09\\\/buggerru.jpg\",\"contentUrl\":\"https:\\\/\\\/www.istitutostudisindacali.net\\\/bibliotecablog\\\/wp-content\\\/uploads\\\/sites\\\/17\\\/2019\\\/09\\\/buggerru.jpg\",\"width\":676,\"height\":500},{\"@type\":\"BreadcrumbList\",\"@id\":\"https:\\\/\\\/www.istitutostudisindacali.net\\\/bibliotecablog\\\/1904\\\/09\\\/04\\\/storia-del-movimento-operaio-italiano-di-giulio-trevisani\\\/#breadcrumb\",\"itemListElement\":[{\"@type\":\"ListItem\",\"position\":1,\"name\":\"Home\",\"item\":\"https:\\\/\\\/www.istitutostudisindacali.net\\\/bibliotecablog\\\/\"},{\"@type\":\"ListItem\",\"position\":2,\"name\":\"ACCADDE OGGI &#8211; 4 settembre 1904 &#8211; Sciopero Bugerru\"}]},{\"@type\":\"WebSite\",\"@id\":\"https:\\\/\\\/www.istitutostudisindacali.net\\\/bibliotecablog\\\/#website\",\"url\":\"https:\\\/\\\/www.istitutostudisindacali.net\\\/bibliotecablog\\\/\",\"name\":\"Blog della Biblioteca\",\"description\":\"Arturo Chiari\",\"potentialAction\":[{\"@type\":\"SearchAction\",\"target\":{\"@type\":\"EntryPoint\",\"urlTemplate\":\"https:\\\/\\\/www.istitutostudisindacali.net\\\/bibliotecablog\\\/?s={search_term_string}\"},\"query-input\":{\"@type\":\"PropertyValueSpecification\",\"valueRequired\":true,\"valueName\":\"search_term_string\"}}],\"inLanguage\":\"it-IT\"},{\"@type\":\"Person\",\"@id\":\"https:\\\/\\\/www.istitutostudisindacali.net\\\/bibliotecablog\\\/#\\\/schema\\\/person\\\/67df37a680cbbc103a59f61989c3f7e0\",\"name\":\"Loredana Pietri\",\"image\":{\"@type\":\"ImageObject\",\"inLanguage\":\"it-IT\",\"@id\":\"https:\\\/\\\/secure.gravatar.com\\\/avatar\\\/14e1950ca26d7443d95784cdcfad5cf200bbbc261d085cf9375e018dc286c835?s=96&d=mm&r=g\",\"url\":\"https:\\\/\\\/secure.gravatar.com\\\/avatar\\\/14e1950ca26d7443d95784cdcfad5cf200bbbc261d085cf9375e018dc286c835?s=96&d=mm&r=g\",\"contentUrl\":\"https:\\\/\\\/secure.gravatar.com\\\/avatar\\\/14e1950ca26d7443d95784cdcfad5cf200bbbc261d085cf9375e018dc286c835?s=96&d=mm&r=g\",\"caption\":\"Loredana Pietri\"},\"description\":\"Responsabile della Biblioteca si impegna nella sua conduzione per migliorarne i Servizi\",\"sameAs\":[\"https:\\\/\\\/www.istitutostudisindacali.net\\\/biblioteca\"],\"url\":\"https:\\\/\\\/www.istitutostudisindacali.net\\\/bibliotecablog\\\/author\\\/loredana-pietri\\\/\"}]}<\/script>\n<!-- \/ Yoast SEO plugin. -->","yoast_head_json":{"title":"ACCADDE OGGI - 4 settembre 1904 - Sciopero Bugerru - Blog della Biblioteca","robots":{"index":"index","follow":"follow","max-snippet":"max-snippet:-1","max-image-preview":"max-image-preview:large","max-video-preview":"max-video-preview:-1"},"canonical":"https:\/\/www.istitutostudisindacali.net\/bibliotecablog\/1904\/09\/04\/storia-del-movimento-operaio-italiano-di-giulio-trevisani\/","og_locale":"it_IT","og_type":"article","og_title":"ACCADDE OGGI - 4 settembre 1904 - Sciopero Bugerru - Blog della Biblioteca","og_description":"ACCADDE OGGI &#8211; 4 settembre 1904 &#8211; Sciopero Bugerru &#8220;Storia del movimento operaio italiano&#8221; di Giulio Trevisani 4 Settembre 1904 i minatori di Buggerru, decisero di scioperare per protestare contro la decisione della &#8220;Societ\u00e9 des mines Malfidano&#8221; di ridurre la pausa pranzo. All&#8217;arrivo da Cagliari di due compagnie di fanteria, richieste dalla direzione della miniera, [&hellip;]","og_url":"https:\/\/www.istitutostudisindacali.net\/bibliotecablog\/1904\/09\/04\/storia-del-movimento-operaio-italiano-di-giulio-trevisani\/","og_site_name":"Blog della Biblioteca","article_published_time":"1904-09-04T06:37:34+00:00","article_modified_time":"2023-02-04T18:13:38+00:00","og_image":[{"width":676,"height":500,"url":"https:\/\/www.istitutostudisindacali.net\/bibliotecablog\/wp-content\/uploads\/sites\/17\/2019\/09\/buggerru.jpg","type":"image\/jpeg"}],"author":"Loredana Pietri","twitter_card":"summary_large_image","twitter_misc":{"Scritto da":"Loredana Pietri","Tempo di lettura stimato":"4 minuti"},"schema":{"@context":"https:\/\/schema.org","@graph":[{"@type":"Article","@id":"https:\/\/www.istitutostudisindacali.net\/bibliotecablog\/1904\/09\/04\/storia-del-movimento-operaio-italiano-di-giulio-trevisani\/#article","isPartOf":{"@id":"https:\/\/www.istitutostudisindacali.net\/bibliotecablog\/1904\/09\/04\/storia-del-movimento-operaio-italiano-di-giulio-trevisani\/"},"author":{"name":"Loredana Pietri","@id":"https:\/\/www.istitutostudisindacali.net\/bibliotecablog\/#\/schema\/person\/67df37a680cbbc103a59f61989c3f7e0"},"headline":"ACCADDE OGGI &#8211; 4 settembre 1904 &#8211; Sciopero Bugerru","datePublished":"1904-09-04T06:37:34+00:00","dateModified":"2023-02-04T18:13:38+00:00","mainEntityOfPage":{"@id":"https:\/\/www.istitutostudisindacali.net\/bibliotecablog\/1904\/09\/04\/storia-del-movimento-operaio-italiano-di-giulio-trevisani\/"},"wordCount":813,"image":{"@id":"https:\/\/www.istitutostudisindacali.net\/bibliotecablog\/1904\/09\/04\/storia-del-movimento-operaio-italiano-di-giulio-trevisani\/#primaryimage"},"thumbnailUrl":"https:\/\/www.istitutostudisindacali.net\/bibliotecablog\/wp-content\/uploads\/sites\/17\/2019\/09\/buggerru.jpg","keywords":["Buggerru","cooperative","Eccidio","evidenza","Malfidano","Minatori","Sardegna","sciopero"],"articleSection":["Movimento Operaio"],"inLanguage":"it-IT"},{"@type":"WebPage","@id":"https:\/\/www.istitutostudisindacali.net\/bibliotecablog\/1904\/09\/04\/storia-del-movimento-operaio-italiano-di-giulio-trevisani\/","url":"https:\/\/www.istitutostudisindacali.net\/bibliotecablog\/1904\/09\/04\/storia-del-movimento-operaio-italiano-di-giulio-trevisani\/","name":"ACCADDE OGGI - 4 settembre 1904 - Sciopero Bugerru - Blog della Biblioteca","isPartOf":{"@id":"https:\/\/www.istitutostudisindacali.net\/bibliotecablog\/#website"},"primaryImageOfPage":{"@id":"https:\/\/www.istitutostudisindacali.net\/bibliotecablog\/1904\/09\/04\/storia-del-movimento-operaio-italiano-di-giulio-trevisani\/#primaryimage"},"image":{"@id":"https:\/\/www.istitutostudisindacali.net\/bibliotecablog\/1904\/09\/04\/storia-del-movimento-operaio-italiano-di-giulio-trevisani\/#primaryimage"},"thumbnailUrl":"https:\/\/www.istitutostudisindacali.net\/bibliotecablog\/wp-content\/uploads\/sites\/17\/2019\/09\/buggerru.jpg","datePublished":"1904-09-04T06:37:34+00:00","dateModified":"2023-02-04T18:13:38+00:00","author":{"@id":"https:\/\/www.istitutostudisindacali.net\/bibliotecablog\/#\/schema\/person\/67df37a680cbbc103a59f61989c3f7e0"},"breadcrumb":{"@id":"https:\/\/www.istitutostudisindacali.net\/bibliotecablog\/1904\/09\/04\/storia-del-movimento-operaio-italiano-di-giulio-trevisani\/#breadcrumb"},"inLanguage":"it-IT","potentialAction":[{"@type":"ReadAction","target":["https:\/\/www.istitutostudisindacali.net\/bibliotecablog\/1904\/09\/04\/storia-del-movimento-operaio-italiano-di-giulio-trevisani\/"]}]},{"@type":"ImageObject","inLanguage":"it-IT","@id":"https:\/\/www.istitutostudisindacali.net\/bibliotecablog\/1904\/09\/04\/storia-del-movimento-operaio-italiano-di-giulio-trevisani\/#primaryimage","url":"https:\/\/www.istitutostudisindacali.net\/bibliotecablog\/wp-content\/uploads\/sites\/17\/2019\/09\/buggerru.jpg","contentUrl":"https:\/\/www.istitutostudisindacali.net\/bibliotecablog\/wp-content\/uploads\/sites\/17\/2019\/09\/buggerru.jpg","width":676,"height":500},{"@type":"BreadcrumbList","@id":"https:\/\/www.istitutostudisindacali.net\/bibliotecablog\/1904\/09\/04\/storia-del-movimento-operaio-italiano-di-giulio-trevisani\/#breadcrumb","itemListElement":[{"@type":"ListItem","position":1,"name":"Home","item":"https:\/\/www.istitutostudisindacali.net\/bibliotecablog\/"},{"@type":"ListItem","position":2,"name":"ACCADDE OGGI &#8211; 4 settembre 1904 &#8211; Sciopero Bugerru"}]},{"@type":"WebSite","@id":"https:\/\/www.istitutostudisindacali.net\/bibliotecablog\/#website","url":"https:\/\/www.istitutostudisindacali.net\/bibliotecablog\/","name":"Blog della Biblioteca","description":"Arturo Chiari","potentialAction":[{"@type":"SearchAction","target":{"@type":"EntryPoint","urlTemplate":"https:\/\/www.istitutostudisindacali.net\/bibliotecablog\/?s={search_term_string}"},"query-input":{"@type":"PropertyValueSpecification","valueRequired":true,"valueName":"search_term_string"}}],"inLanguage":"it-IT"},{"@type":"Person","@id":"https:\/\/www.istitutostudisindacali.net\/bibliotecablog\/#\/schema\/person\/67df37a680cbbc103a59f61989c3f7e0","name":"Loredana Pietri","image":{"@type":"ImageObject","inLanguage":"it-IT","@id":"https:\/\/secure.gravatar.com\/avatar\/14e1950ca26d7443d95784cdcfad5cf200bbbc261d085cf9375e018dc286c835?s=96&d=mm&r=g","url":"https:\/\/secure.gravatar.com\/avatar\/14e1950ca26d7443d95784cdcfad5cf200bbbc261d085cf9375e018dc286c835?s=96&d=mm&r=g","contentUrl":"https:\/\/secure.gravatar.com\/avatar\/14e1950ca26d7443d95784cdcfad5cf200bbbc261d085cf9375e018dc286c835?s=96&d=mm&r=g","caption":"Loredana Pietri"},"description":"Responsabile della Biblioteca si impegna nella sua conduzione per migliorarne i Servizi","sameAs":["https:\/\/www.istitutostudisindacali.net\/biblioteca"],"url":"https:\/\/www.istitutostudisindacali.net\/bibliotecablog\/author\/loredana-pietri\/"}]}},"jetpack_featured_media_url":"https:\/\/www.istitutostudisindacali.net\/bibliotecablog\/wp-content\/uploads\/sites\/17\/2019\/09\/buggerru.jpg","jetpack_sharing_enabled":true,"_links":{"self":[{"href":"https:\/\/www.istitutostudisindacali.net\/bibliotecablog\/wp-json\/wp\/v2\/posts\/2024","targetHints":{"allow":["GET"]}}],"collection":[{"href":"https:\/\/www.istitutostudisindacali.net\/bibliotecablog\/wp-json\/wp\/v2\/posts"}],"about":[{"href":"https:\/\/www.istitutostudisindacali.net\/bibliotecablog\/wp-json\/wp\/v2\/types\/post"}],"author":[{"embeddable":true,"href":"https:\/\/www.istitutostudisindacali.net\/bibliotecablog\/wp-json\/wp\/v2\/users\/7"}],"replies":[{"embeddable":true,"href":"https:\/\/www.istitutostudisindacali.net\/bibliotecablog\/wp-json\/wp\/v2\/comments?post=2024"}],"version-history":[{"count":1,"href":"https:\/\/www.istitutostudisindacali.net\/bibliotecablog\/wp-json\/wp\/v2\/posts\/2024\/revisions"}],"predecessor-version":[{"id":4733,"href":"https:\/\/www.istitutostudisindacali.net\/bibliotecablog\/wp-json\/wp\/v2\/posts\/2024\/revisions\/4733"}],"wp:featuredmedia":[{"embeddable":true,"href":"https:\/\/www.istitutostudisindacali.net\/bibliotecablog\/wp-json\/wp\/v2\/media\/2037"}],"wp:attachment":[{"href":"https:\/\/www.istitutostudisindacali.net\/bibliotecablog\/wp-json\/wp\/v2\/media?parent=2024"}],"wp:term":[{"taxonomy":"category","embeddable":true,"href":"https:\/\/www.istitutostudisindacali.net\/bibliotecablog\/wp-json\/wp\/v2\/categories?post=2024"},{"taxonomy":"post_tag","embeddable":true,"href":"https:\/\/www.istitutostudisindacali.net\/bibliotecablog\/wp-json\/wp\/v2\/tags?post=2024"}],"curies":[{"name":"wp","href":"https:\/\/api.w.org\/{rel}","templated":true}]}}