{"id":1889,"date":"1979-07-15T08:40:52","date_gmt":"1979-07-15T06:40:52","guid":{"rendered":"https:\/\/bibliotecarturochiari.wordpress.com\/?p=1889"},"modified":"2023-02-04T19:12:54","modified_gmt":"2023-02-04T18:12:54","slug":"i-metalmeccanici-di-gianfranco-bianchi-e-giorgio-lauzi","status":"publish","type":"post","link":"https:\/\/www.istitutostudisindacali.net\/bibliotecablog\/1979\/07\/15\/i-metalmeccanici-di-gianfranco-bianchi-e-giorgio-lauzi\/","title":{"rendered":"ACCADDE OGGI \u2013 15 luglio 1979 viene firmato il contratto dei metalmeccanici"},"content":{"rendered":"<p>ACCADDE OGGI \u2013 15 luglio 1979 viene firmato il contratto dei metalmeccanici<\/p>\n<p>&#8220;I Metalmeccanici&#8221; di Gianfranco Bianchi e Giorgio Lauzi<\/p>\n<blockquote>\n<p style=\"text-align:center\"><strong>15 luglio 1979 <\/strong>viene\u00a0firmato il contratto dei metalmeccanici.<\/p>\n<p><img loading=\"lazy\" decoding=\"async\" class=\"  wp-image-1891 aligncenter\" src=\"https:\/\/www.istitutostudisindacali.net\/biblioteca\/wp-content\/uploads\/sites\/2\/2019\/07\/1973-2-copia.gif\" alt=\"1973-2 - Copia\" width=\"548\" height=\"258\" \/><\/p>\n<p style=\"text-align:justify\">Le cinque festivit\u00e0 religiose abolite vengono trasformate in cinque gruppi di 8 ore di permesso retribuito (successivamente portate a quattro gruppi di 8 ore con la riconferma dell\u2019Epifania); inoltre viene sancita una riduzione dell\u2019orario di lavoro pari a 40 ore annue per alcuni comparti della metalmeccanica.<\/p>\n<\/blockquote>\n<p style=\"text-align:justify\"><img loading=\"lazy\" decoding=\"async\" class=\"alignnone size-full wp-image-1895\" src=\"https:\/\/www.istitutostudisindacali.net\/biblioteca\/wp-content\/uploads\/sites\/2\/2019\/07\/l8_79_07_04_b.jpg\" alt=\"L8_79_07_04_b\" width=\"1075\" height=\"714\" srcset=\"https:\/\/www.istitutostudisindacali.net\/bibliotecablog\/wp-content\/uploads\/sites\/17\/2019\/07\/l8_79_07_04_b.jpg 1075w, https:\/\/www.istitutostudisindacali.net\/bibliotecablog\/wp-content\/uploads\/sites\/17\/2019\/07\/l8_79_07_04_b-300x199.jpg 300w, https:\/\/www.istitutostudisindacali.net\/bibliotecablog\/wp-content\/uploads\/sites\/17\/2019\/07\/l8_79_07_04_b-1024x680.jpg 1024w, https:\/\/www.istitutostudisindacali.net\/bibliotecablog\/wp-content\/uploads\/sites\/17\/2019\/07\/l8_79_07_04_b-768x510.jpg 768w, https:\/\/www.istitutostudisindacali.net\/bibliotecablog\/wp-content\/uploads\/sites\/17\/2019\/07\/l8_79_07_04_b-610x405.jpg 610w\" sizes=\"(max-width: 1075px) 100vw, 1075px\" \/>[&#8230;] Pi\u00f9 volte, nel corso di questi anni, i metalmeccanici hanno dato vita a grandi iniziative unitarie a Roma. Abbiamo lottato e manifestato per conquistare i contratti pi\u00f9 avanzati, pi\u00f9 potere e dignit\u00e0 in fabbrica, per rivendicare una trasformazione profonda della economia e della societ\u00e0 a partire dagli obiettivi di sviluppo e rinascita del Mezzogiorno.<\/p>\n<p style=\"text-align:justify\">Le nostre lotte, finalizzate agli interessi dei lavoratori e del paese, hanno prodotto coscienza nuova, nuovi diritti e hanno contribuito potentemente alla difesa e allo sviluppo della libert\u00e0 e della democrazia; ci\u00f2 \u00e8 tanto pi\u00f9 essenziale oggi per impedire i tentativi di restaurazione autoritaria e per puntare a nuovi traguardi di partecipazione reale e di diffusione della democrazia.<\/p>\n<p style=\"text-align:justify\"><img loading=\"lazy\" decoding=\"async\" class=\" size-full wp-image-1893 alignleft\" src=\"https:\/\/www.istitutostudisindacali.net\/biblioteca\/wp-content\/uploads\/sites\/2\/2019\/07\/1255275531674_pirellinew11.jpg\" alt=\"1255275531674_pirellinew1[1]\" width=\"460\" height=\"307\" srcset=\"https:\/\/www.istitutostudisindacali.net\/bibliotecablog\/wp-content\/uploads\/sites\/17\/2019\/07\/1255275531674_pirellinew11.jpg 460w, https:\/\/www.istitutostudisindacali.net\/bibliotecablog\/wp-content\/uploads\/sites\/17\/2019\/07\/1255275531674_pirellinew11-300x200.jpg 300w\" sizes=\"(max-width: 460px) 100vw, 460px\" \/>Siamo in una fase cruciale e complessa dello scontro sociale, politico e di classe.<\/p>\n<p style=\"text-align:justify\"><em>Forze potenti<\/em> si muovono e si oppongono all&#8217;ulteriore avanzamento delle classi lavoratrici e operano per ostacolare\u00a0 e battere il moto progressista che con le lotte di questi anni reclama sia una svolta nelle caratteristiche dell&#8217;economia e nel ruolo dello Stato, sia la costruzione di nuovi rapporti di potere nelle fabbriche e nel paese, per una societ\u00e0 pi\u00f9 giusta fondata sul superamento degli squilibri sociali e territoriali e capace di dare risposta positiva al problema pi\u00f9 drammatico dei nostri tempi che \u00e8 di fronte a centinaia di migliaia di giovani e di disoccupati: l&#8217;occupazione.[&#8230;]pp.402<\/p>\n<p><img loading=\"lazy\" decoding=\"async\" class=\"alignnone size-full wp-image-1894\" src=\"https:\/\/www.istitutostudisindacali.net\/biblioteca\/wp-content\/uploads\/sites\/2\/2019\/07\/fiat.jpg\" alt=\"fiat\" width=\"1268\" height=\"918\" srcset=\"https:\/\/www.istitutostudisindacali.net\/bibliotecablog\/wp-content\/uploads\/sites\/17\/2019\/07\/fiat.jpg 1268w, https:\/\/www.istitutostudisindacali.net\/bibliotecablog\/wp-content\/uploads\/sites\/17\/2019\/07\/fiat-300x217.jpg 300w, https:\/\/www.istitutostudisindacali.net\/bibliotecablog\/wp-content\/uploads\/sites\/17\/2019\/07\/fiat-1024x741.jpg 1024w, https:\/\/www.istitutostudisindacali.net\/bibliotecablog\/wp-content\/uploads\/sites\/17\/2019\/07\/fiat-768x556.jpg 768w, https:\/\/www.istitutostudisindacali.net\/bibliotecablog\/wp-content\/uploads\/sites\/17\/2019\/07\/fiat-610x442.jpg 610w, https:\/\/www.istitutostudisindacali.net\/bibliotecablog\/wp-content\/uploads\/sites\/17\/2019\/07\/fiat-1080x782.jpg 1080w\" sizes=\"(max-width: 1268px) 100vw, 1268px\" \/><\/p>\n<h3 style=\"text-align:center\"><strong><em>Disponibile presso la BIBLIOTECA NAZIONALE UIL ARTURO CHIARI<\/em><\/strong><\/h3>\n","protected":false},"excerpt":{"rendered":"<p>15 luglio 1979 viene\u00a0firmato il contratto dei metalmeccanici<\/p>\n","protected":false},"author":7,"featured_media":1890,"comment_status":"closed","ping_status":"closed","sticky":false,"template":"","format":"standard","meta":{"_et_pb_use_builder":"","_et_pb_old_content":"","_et_gb_content_width":"","ngg_post_thumbnail":0,"_jetpack_memberships_contains_paid_content":false,"footnotes":""},"categories":[4,155],"tags":[447,7,357,448],"class_list":["post-1889","post","type-post","status-publish","format-standard","has-post-thumbnail","hentry","category-accadde-oggi","category-metalmeccanici","tag-contratto","tag-evidenza","tag-metalmeccanici","tag-orario-di-lavoro","et-has-post-format-content","et_post_format-et-post-format-standard"],"yoast_head":"<!-- This site is optimized with the Yoast SEO plugin v27.4 - https:\/\/yoast.com\/product\/yoast-seo-wordpress\/ -->\n<title>ACCADDE OGGI \u2013 15 luglio 1979 viene firmato il contratto dei metalmeccanici - Blog della Biblioteca<\/title>\n<meta name=\"robots\" content=\"index, follow, max-snippet:-1, max-image-preview:large, max-video-preview:-1\" \/>\n<link rel=\"canonical\" href=\"https:\/\/www.istitutostudisindacali.net\/bibliotecablog\/1979\/07\/15\/i-metalmeccanici-di-gianfranco-bianchi-e-giorgio-lauzi\/\" \/>\n<meta property=\"og:locale\" content=\"it_IT\" \/>\n<meta property=\"og:type\" content=\"article\" \/>\n<meta property=\"og:title\" content=\"ACCADDE OGGI \u2013 15 luglio 1979 viene firmato il contratto dei metalmeccanici - Blog della Biblioteca\" \/>\n<meta property=\"og:description\" content=\"15 luglio 1979 viene\u00a0firmato il contratto dei metalmeccanici\" \/>\n<meta property=\"og:url\" content=\"https:\/\/www.istitutostudisindacali.net\/bibliotecablog\/1979\/07\/15\/i-metalmeccanici-di-gianfranco-bianchi-e-giorgio-lauzi\/\" \/>\n<meta property=\"og:site_name\" content=\"Blog della Biblioteca\" \/>\n<meta property=\"article:published_time\" content=\"1979-07-15T06:40:52+00:00\" \/>\n<meta property=\"article:modified_time\" content=\"2023-02-04T18:12:54+00:00\" \/>\n<meta property=\"og:image\" content=\"https:\/\/www.istitutostudisindacali.net\/bibliotecablog\/wp-content\/uploads\/sites\/17\/2019\/07\/2435_2435.jpg\" \/>\n\t<meta property=\"og:image:width\" content=\"600\" \/>\n\t<meta property=\"og:image:height\" content=\"453\" \/>\n\t<meta property=\"og:image:type\" content=\"image\/jpeg\" \/>\n<meta name=\"author\" content=\"Loredana Pietri\" \/>\n<meta name=\"twitter:card\" content=\"summary_large_image\" \/>\n<meta name=\"twitter:label1\" content=\"Scritto da\" \/>\n\t<meta name=\"twitter:data1\" content=\"Loredana Pietri\" \/>\n\t<meta name=\"twitter:label2\" content=\"Tempo di lettura stimato\" \/>\n\t<meta name=\"twitter:data2\" content=\"1 minuto\" \/>\n<script type=\"application\/ld+json\" class=\"yoast-schema-graph\">{\"@context\":\"https:\\\/\\\/schema.org\",\"@graph\":[{\"@type\":\"Article\",\"@id\":\"https:\\\/\\\/www.istitutostudisindacali.net\\\/bibliotecablog\\\/1979\\\/07\\\/15\\\/i-metalmeccanici-di-gianfranco-bianchi-e-giorgio-lauzi\\\/#article\",\"isPartOf\":{\"@id\":\"https:\\\/\\\/www.istitutostudisindacali.net\\\/bibliotecablog\\\/1979\\\/07\\\/15\\\/i-metalmeccanici-di-gianfranco-bianchi-e-giorgio-lauzi\\\/\"},\"author\":{\"name\":\"Loredana Pietri\",\"@id\":\"https:\\\/\\\/www.istitutostudisindacali.net\\\/bibliotecablog\\\/#\\\/schema\\\/person\\\/67df37a680cbbc103a59f61989c3f7e0\"},\"headline\":\"ACCADDE OGGI \u2013 15 luglio 1979 viene firmato il contratto dei metalmeccanici\",\"datePublished\":\"1979-07-15T06:40:52+00:00\",\"dateModified\":\"2023-02-04T18:12:54+00:00\",\"mainEntityOfPage\":{\"@id\":\"https:\\\/\\\/www.istitutostudisindacali.net\\\/bibliotecablog\\\/1979\\\/07\\\/15\\\/i-metalmeccanici-di-gianfranco-bianchi-e-giorgio-lauzi\\\/\"},\"wordCount\":307,\"image\":{\"@id\":\"https:\\\/\\\/www.istitutostudisindacali.net\\\/bibliotecablog\\\/1979\\\/07\\\/15\\\/i-metalmeccanici-di-gianfranco-bianchi-e-giorgio-lauzi\\\/#primaryimage\"},\"thumbnailUrl\":\"https:\\\/\\\/www.istitutostudisindacali.net\\\/bibliotecablog\\\/wp-content\\\/uploads\\\/sites\\\/17\\\/2019\\\/07\\\/2435_2435.jpg\",\"keywords\":[\"Contratto\",\"evidenza\",\"Metalmeccanici\",\"orario di lavoro\"],\"articleSection\":[\"Accadde Oggi\",\"Metalmeccanici\"],\"inLanguage\":\"it-IT\"},{\"@type\":\"WebPage\",\"@id\":\"https:\\\/\\\/www.istitutostudisindacali.net\\\/bibliotecablog\\\/1979\\\/07\\\/15\\\/i-metalmeccanici-di-gianfranco-bianchi-e-giorgio-lauzi\\\/\",\"url\":\"https:\\\/\\\/www.istitutostudisindacali.net\\\/bibliotecablog\\\/1979\\\/07\\\/15\\\/i-metalmeccanici-di-gianfranco-bianchi-e-giorgio-lauzi\\\/\",\"name\":\"ACCADDE OGGI \u2013 15 luglio 1979 viene firmato il contratto dei metalmeccanici - Blog della Biblioteca\",\"isPartOf\":{\"@id\":\"https:\\\/\\\/www.istitutostudisindacali.net\\\/bibliotecablog\\\/#website\"},\"primaryImageOfPage\":{\"@id\":\"https:\\\/\\\/www.istitutostudisindacali.net\\\/bibliotecablog\\\/1979\\\/07\\\/15\\\/i-metalmeccanici-di-gianfranco-bianchi-e-giorgio-lauzi\\\/#primaryimage\"},\"image\":{\"@id\":\"https:\\\/\\\/www.istitutostudisindacali.net\\\/bibliotecablog\\\/1979\\\/07\\\/15\\\/i-metalmeccanici-di-gianfranco-bianchi-e-giorgio-lauzi\\\/#primaryimage\"},\"thumbnailUrl\":\"https:\\\/\\\/www.istitutostudisindacali.net\\\/bibliotecablog\\\/wp-content\\\/uploads\\\/sites\\\/17\\\/2019\\\/07\\\/2435_2435.jpg\",\"datePublished\":\"1979-07-15T06:40:52+00:00\",\"dateModified\":\"2023-02-04T18:12:54+00:00\",\"author\":{\"@id\":\"https:\\\/\\\/www.istitutostudisindacali.net\\\/bibliotecablog\\\/#\\\/schema\\\/person\\\/67df37a680cbbc103a59f61989c3f7e0\"},\"breadcrumb\":{\"@id\":\"https:\\\/\\\/www.istitutostudisindacali.net\\\/bibliotecablog\\\/1979\\\/07\\\/15\\\/i-metalmeccanici-di-gianfranco-bianchi-e-giorgio-lauzi\\\/#breadcrumb\"},\"inLanguage\":\"it-IT\",\"potentialAction\":[{\"@type\":\"ReadAction\",\"target\":[\"https:\\\/\\\/www.istitutostudisindacali.net\\\/bibliotecablog\\\/1979\\\/07\\\/15\\\/i-metalmeccanici-di-gianfranco-bianchi-e-giorgio-lauzi\\\/\"]}]},{\"@type\":\"ImageObject\",\"inLanguage\":\"it-IT\",\"@id\":\"https:\\\/\\\/www.istitutostudisindacali.net\\\/bibliotecablog\\\/1979\\\/07\\\/15\\\/i-metalmeccanici-di-gianfranco-bianchi-e-giorgio-lauzi\\\/#primaryimage\",\"url\":\"https:\\\/\\\/www.istitutostudisindacali.net\\\/bibliotecablog\\\/wp-content\\\/uploads\\\/sites\\\/17\\\/2019\\\/07\\\/2435_2435.jpg\",\"contentUrl\":\"https:\\\/\\\/www.istitutostudisindacali.net\\\/bibliotecablog\\\/wp-content\\\/uploads\\\/sites\\\/17\\\/2019\\\/07\\\/2435_2435.jpg\",\"width\":600,\"height\":453},{\"@type\":\"BreadcrumbList\",\"@id\":\"https:\\\/\\\/www.istitutostudisindacali.net\\\/bibliotecablog\\\/1979\\\/07\\\/15\\\/i-metalmeccanici-di-gianfranco-bianchi-e-giorgio-lauzi\\\/#breadcrumb\",\"itemListElement\":[{\"@type\":\"ListItem\",\"position\":1,\"name\":\"Home\",\"item\":\"https:\\\/\\\/www.istitutostudisindacali.net\\\/bibliotecablog\\\/\"},{\"@type\":\"ListItem\",\"position\":2,\"name\":\"ACCADDE OGGI \u2013 15 luglio 1979 viene firmato il contratto dei metalmeccanici\"}]},{\"@type\":\"WebSite\",\"@id\":\"https:\\\/\\\/www.istitutostudisindacali.net\\\/bibliotecablog\\\/#website\",\"url\":\"https:\\\/\\\/www.istitutostudisindacali.net\\\/bibliotecablog\\\/\",\"name\":\"Blog della Biblioteca\",\"description\":\"Arturo Chiari\",\"potentialAction\":[{\"@type\":\"SearchAction\",\"target\":{\"@type\":\"EntryPoint\",\"urlTemplate\":\"https:\\\/\\\/www.istitutostudisindacali.net\\\/bibliotecablog\\\/?s={search_term_string}\"},\"query-input\":{\"@type\":\"PropertyValueSpecification\",\"valueRequired\":true,\"valueName\":\"search_term_string\"}}],\"inLanguage\":\"it-IT\"},{\"@type\":\"Person\",\"@id\":\"https:\\\/\\\/www.istitutostudisindacali.net\\\/bibliotecablog\\\/#\\\/schema\\\/person\\\/67df37a680cbbc103a59f61989c3f7e0\",\"name\":\"Loredana Pietri\",\"image\":{\"@type\":\"ImageObject\",\"inLanguage\":\"it-IT\",\"@id\":\"https:\\\/\\\/secure.gravatar.com\\\/avatar\\\/14e1950ca26d7443d95784cdcfad5cf200bbbc261d085cf9375e018dc286c835?s=96&d=mm&r=g\",\"url\":\"https:\\\/\\\/secure.gravatar.com\\\/avatar\\\/14e1950ca26d7443d95784cdcfad5cf200bbbc261d085cf9375e018dc286c835?s=96&d=mm&r=g\",\"contentUrl\":\"https:\\\/\\\/secure.gravatar.com\\\/avatar\\\/14e1950ca26d7443d95784cdcfad5cf200bbbc261d085cf9375e018dc286c835?s=96&d=mm&r=g\",\"caption\":\"Loredana Pietri\"},\"description\":\"Responsabile della Biblioteca si impegna nella sua conduzione per migliorarne i Servizi\",\"sameAs\":[\"https:\\\/\\\/www.istitutostudisindacali.net\\\/biblioteca\"],\"url\":\"https:\\\/\\\/www.istitutostudisindacali.net\\\/bibliotecablog\\\/author\\\/loredana-pietri\\\/\"}]}<\/script>\n<!-- \/ Yoast SEO plugin. -->","yoast_head_json":{"title":"ACCADDE OGGI \u2013 15 luglio 1979 viene firmato il contratto dei metalmeccanici - Blog della Biblioteca","robots":{"index":"index","follow":"follow","max-snippet":"max-snippet:-1","max-image-preview":"max-image-preview:large","max-video-preview":"max-video-preview:-1"},"canonical":"https:\/\/www.istitutostudisindacali.net\/bibliotecablog\/1979\/07\/15\/i-metalmeccanici-di-gianfranco-bianchi-e-giorgio-lauzi\/","og_locale":"it_IT","og_type":"article","og_title":"ACCADDE OGGI \u2013 15 luglio 1979 viene firmato il contratto dei metalmeccanici - Blog della Biblioteca","og_description":"15 luglio 1979 viene\u00a0firmato il contratto dei metalmeccanici","og_url":"https:\/\/www.istitutostudisindacali.net\/bibliotecablog\/1979\/07\/15\/i-metalmeccanici-di-gianfranco-bianchi-e-giorgio-lauzi\/","og_site_name":"Blog della Biblioteca","article_published_time":"1979-07-15T06:40:52+00:00","article_modified_time":"2023-02-04T18:12:54+00:00","og_image":[{"width":600,"height":453,"url":"https:\/\/www.istitutostudisindacali.net\/bibliotecablog\/wp-content\/uploads\/sites\/17\/2019\/07\/2435_2435.jpg","type":"image\/jpeg"}],"author":"Loredana Pietri","twitter_card":"summary_large_image","twitter_misc":{"Scritto da":"Loredana Pietri","Tempo di lettura stimato":"1 minuto"},"schema":{"@context":"https:\/\/schema.org","@graph":[{"@type":"Article","@id":"https:\/\/www.istitutostudisindacali.net\/bibliotecablog\/1979\/07\/15\/i-metalmeccanici-di-gianfranco-bianchi-e-giorgio-lauzi\/#article","isPartOf":{"@id":"https:\/\/www.istitutostudisindacali.net\/bibliotecablog\/1979\/07\/15\/i-metalmeccanici-di-gianfranco-bianchi-e-giorgio-lauzi\/"},"author":{"name":"Loredana Pietri","@id":"https:\/\/www.istitutostudisindacali.net\/bibliotecablog\/#\/schema\/person\/67df37a680cbbc103a59f61989c3f7e0"},"headline":"ACCADDE OGGI \u2013 15 luglio 1979 viene firmato il contratto dei metalmeccanici","datePublished":"1979-07-15T06:40:52+00:00","dateModified":"2023-02-04T18:12:54+00:00","mainEntityOfPage":{"@id":"https:\/\/www.istitutostudisindacali.net\/bibliotecablog\/1979\/07\/15\/i-metalmeccanici-di-gianfranco-bianchi-e-giorgio-lauzi\/"},"wordCount":307,"image":{"@id":"https:\/\/www.istitutostudisindacali.net\/bibliotecablog\/1979\/07\/15\/i-metalmeccanici-di-gianfranco-bianchi-e-giorgio-lauzi\/#primaryimage"},"thumbnailUrl":"https:\/\/www.istitutostudisindacali.net\/bibliotecablog\/wp-content\/uploads\/sites\/17\/2019\/07\/2435_2435.jpg","keywords":["Contratto","evidenza","Metalmeccanici","orario di lavoro"],"articleSection":["Accadde Oggi","Metalmeccanici"],"inLanguage":"it-IT"},{"@type":"WebPage","@id":"https:\/\/www.istitutostudisindacali.net\/bibliotecablog\/1979\/07\/15\/i-metalmeccanici-di-gianfranco-bianchi-e-giorgio-lauzi\/","url":"https:\/\/www.istitutostudisindacali.net\/bibliotecablog\/1979\/07\/15\/i-metalmeccanici-di-gianfranco-bianchi-e-giorgio-lauzi\/","name":"ACCADDE OGGI \u2013 15 luglio 1979 viene firmato il contratto dei metalmeccanici - Blog della Biblioteca","isPartOf":{"@id":"https:\/\/www.istitutostudisindacali.net\/bibliotecablog\/#website"},"primaryImageOfPage":{"@id":"https:\/\/www.istitutostudisindacali.net\/bibliotecablog\/1979\/07\/15\/i-metalmeccanici-di-gianfranco-bianchi-e-giorgio-lauzi\/#primaryimage"},"image":{"@id":"https:\/\/www.istitutostudisindacali.net\/bibliotecablog\/1979\/07\/15\/i-metalmeccanici-di-gianfranco-bianchi-e-giorgio-lauzi\/#primaryimage"},"thumbnailUrl":"https:\/\/www.istitutostudisindacali.net\/bibliotecablog\/wp-content\/uploads\/sites\/17\/2019\/07\/2435_2435.jpg","datePublished":"1979-07-15T06:40:52+00:00","dateModified":"2023-02-04T18:12:54+00:00","author":{"@id":"https:\/\/www.istitutostudisindacali.net\/bibliotecablog\/#\/schema\/person\/67df37a680cbbc103a59f61989c3f7e0"},"breadcrumb":{"@id":"https:\/\/www.istitutostudisindacali.net\/bibliotecablog\/1979\/07\/15\/i-metalmeccanici-di-gianfranco-bianchi-e-giorgio-lauzi\/#breadcrumb"},"inLanguage":"it-IT","potentialAction":[{"@type":"ReadAction","target":["https:\/\/www.istitutostudisindacali.net\/bibliotecablog\/1979\/07\/15\/i-metalmeccanici-di-gianfranco-bianchi-e-giorgio-lauzi\/"]}]},{"@type":"ImageObject","inLanguage":"it-IT","@id":"https:\/\/www.istitutostudisindacali.net\/bibliotecablog\/1979\/07\/15\/i-metalmeccanici-di-gianfranco-bianchi-e-giorgio-lauzi\/#primaryimage","url":"https:\/\/www.istitutostudisindacali.net\/bibliotecablog\/wp-content\/uploads\/sites\/17\/2019\/07\/2435_2435.jpg","contentUrl":"https:\/\/www.istitutostudisindacali.net\/bibliotecablog\/wp-content\/uploads\/sites\/17\/2019\/07\/2435_2435.jpg","width":600,"height":453},{"@type":"BreadcrumbList","@id":"https:\/\/www.istitutostudisindacali.net\/bibliotecablog\/1979\/07\/15\/i-metalmeccanici-di-gianfranco-bianchi-e-giorgio-lauzi\/#breadcrumb","itemListElement":[{"@type":"ListItem","position":1,"name":"Home","item":"https:\/\/www.istitutostudisindacali.net\/bibliotecablog\/"},{"@type":"ListItem","position":2,"name":"ACCADDE OGGI \u2013 15 luglio 1979 viene firmato il contratto dei metalmeccanici"}]},{"@type":"WebSite","@id":"https:\/\/www.istitutostudisindacali.net\/bibliotecablog\/#website","url":"https:\/\/www.istitutostudisindacali.net\/bibliotecablog\/","name":"Blog della Biblioteca","description":"Arturo Chiari","potentialAction":[{"@type":"SearchAction","target":{"@type":"EntryPoint","urlTemplate":"https:\/\/www.istitutostudisindacali.net\/bibliotecablog\/?s={search_term_string}"},"query-input":{"@type":"PropertyValueSpecification","valueRequired":true,"valueName":"search_term_string"}}],"inLanguage":"it-IT"},{"@type":"Person","@id":"https:\/\/www.istitutostudisindacali.net\/bibliotecablog\/#\/schema\/person\/67df37a680cbbc103a59f61989c3f7e0","name":"Loredana Pietri","image":{"@type":"ImageObject","inLanguage":"it-IT","@id":"https:\/\/secure.gravatar.com\/avatar\/14e1950ca26d7443d95784cdcfad5cf200bbbc261d085cf9375e018dc286c835?s=96&d=mm&r=g","url":"https:\/\/secure.gravatar.com\/avatar\/14e1950ca26d7443d95784cdcfad5cf200bbbc261d085cf9375e018dc286c835?s=96&d=mm&r=g","contentUrl":"https:\/\/secure.gravatar.com\/avatar\/14e1950ca26d7443d95784cdcfad5cf200bbbc261d085cf9375e018dc286c835?s=96&d=mm&r=g","caption":"Loredana Pietri"},"description":"Responsabile della Biblioteca si impegna nella sua conduzione per migliorarne i Servizi","sameAs":["https:\/\/www.istitutostudisindacali.net\/biblioteca"],"url":"https:\/\/www.istitutostudisindacali.net\/bibliotecablog\/author\/loredana-pietri\/"}]}},"jetpack_featured_media_url":"https:\/\/www.istitutostudisindacali.net\/bibliotecablog\/wp-content\/uploads\/sites\/17\/2019\/07\/2435_2435.jpg","jetpack_sharing_enabled":true,"_links":{"self":[{"href":"https:\/\/www.istitutostudisindacali.net\/bibliotecablog\/wp-json\/wp\/v2\/posts\/1889","targetHints":{"allow":["GET"]}}],"collection":[{"href":"https:\/\/www.istitutostudisindacali.net\/bibliotecablog\/wp-json\/wp\/v2\/posts"}],"about":[{"href":"https:\/\/www.istitutostudisindacali.net\/bibliotecablog\/wp-json\/wp\/v2\/types\/post"}],"author":[{"embeddable":true,"href":"https:\/\/www.istitutostudisindacali.net\/bibliotecablog\/wp-json\/wp\/v2\/users\/7"}],"replies":[{"embeddable":true,"href":"https:\/\/www.istitutostudisindacali.net\/bibliotecablog\/wp-json\/wp\/v2\/comments?post=1889"}],"version-history":[{"count":1,"href":"https:\/\/www.istitutostudisindacali.net\/bibliotecablog\/wp-json\/wp\/v2\/posts\/1889\/revisions"}],"predecessor-version":[{"id":4643,"href":"https:\/\/www.istitutostudisindacali.net\/bibliotecablog\/wp-json\/wp\/v2\/posts\/1889\/revisions\/4643"}],"wp:featuredmedia":[{"embeddable":true,"href":"https:\/\/www.istitutostudisindacali.net\/bibliotecablog\/wp-json\/wp\/v2\/media\/1890"}],"wp:attachment":[{"href":"https:\/\/www.istitutostudisindacali.net\/bibliotecablog\/wp-json\/wp\/v2\/media?parent=1889"}],"wp:term":[{"taxonomy":"category","embeddable":true,"href":"https:\/\/www.istitutostudisindacali.net\/bibliotecablog\/wp-json\/wp\/v2\/categories?post=1889"},{"taxonomy":"post_tag","embeddable":true,"href":"https:\/\/www.istitutostudisindacali.net\/bibliotecablog\/wp-json\/wp\/v2\/tags?post=1889"}],"curies":[{"name":"wp","href":"https:\/\/api.w.org\/{rel}","templated":true}]}}