{"id":1833,"date":"2019-07-02T11:58:47","date_gmt":"2019-07-02T09:58:47","guid":{"rendered":"https:\/\/bibliotecarturochiari.wordpress.com\/?p=1833"},"modified":"2023-02-04T19:10:54","modified_gmt":"2023-02-04T18:10:54","slug":"notiziario-biblioteca-uil-arturo-chiari","status":"publish","type":"post","link":"https:\/\/www.istitutostudisindacali.net\/bibliotecablog\/2019\/07\/02\/notiziario-biblioteca-uil-arturo-chiari\/","title":{"rendered":"Notiziario Biblioteca UIL Arturo Chiari"},"content":{"rendered":"<p style=\"text-align:justify\">Con grande gioia vi introduco nella presentazione del Numero Zero del Notiziario della Biblioteca UIL Arturo Chiari.<\/p>\n<p style=\"text-align:justify\">Quello che avete tra le mani o in punta di mouse se avete la versione digitale, \u00e8 la prima uscita del Notiziario della Biblioteca UIL.<\/p>\n<p style=\"text-align:justify\">Si, la vostra biblioteca e la vostra bibliotecaria mette a disposizione un piccolo magazine a cura dell\u2019Istituto Studi Sindacali Italo Viglianesi che ha un unico scopo: quello di informarvi sulle nostre attivit\u00e0 e di divertirvi\u00a0<span class=\"text_exposed_show\">leggendo i nostri articoli.<\/span><\/p>\n<div class=\"text_exposed_show\">\n<p style=\"text-align:justify\">Niente di pi\u00f9 sincero e spontaneo per rendere un servizio sempre pi\u00f9 preciso ed attento alle necessit\u00e0 dei nostri colleghi sindacalisti, degli studiosi e dei ricercatori che cercano nelle nostre sale il luogo ideale per poter cogliere quel momento magico per sanare curiosit\u00e0 e approfondire i temi dei loro studi.<\/p>\n<p style=\"text-align:justify\">E\u2019 con grande stima e gioia che Vi accolgo qui, sperando anche nei vostri contributi che non mancheremo mai di porre sempre nella dovuta evidenza, consapevoli che insieme possiamo crescere e migliorarci nella nostra amata UIL.&#8221;<\/p>\n<p style=\"text-align:justify\">Benvenuti !<\/p>\n<p style=\"text-align:justify\">Pietri Loredana<\/p>\n<p style=\"text-align:justify\">Responsabile della Biblioteca UIL Arturo Chiari<\/p>\n<p style=\"text-align:justify\">Clicca <a href=\"https:\/\/www.yumpu.com\/it\/document\/read\/62722452\/notiziario-della-biblioteca-uil-numero-zero-bimestrale-luglio-2019\" target=\"_blank\" rel=\"noopener\">qui<\/a> per visionare il Notiziario ON LINE<\/p>\n<\/div>\n","protected":false},"excerpt":{"rendered":"<p>Con grande gioia vi introduco nella presentazione del Numero Zero del Notiziario della Biblioteca UIL Arturo Chiari. Quello che avete tra le mani o in punta di mouse se avete la versione digitale, \u00e8 la prima uscita del Notiziario della Biblioteca UIL. Si, la vostra biblioteca e la vostra bibliotecaria mette a disposizione un piccolo [&hellip;]<\/p>\n","protected":false},"author":7,"featured_media":1834,"comment_status":"closed","ping_status":"closed","sticky":false,"template":"","format":"standard","meta":{"_et_pb_use_builder":"","_et_pb_old_content":"","_et_gb_content_width":"","ngg_post_thumbnail":0,"_jetpack_memberships_contains_paid_content":false,"footnotes":""},"categories":[626],"tags":[903,7,1161],"class_list":["post-1833","post","type-post","status-publish","format-standard","has-post-thumbnail","hentry","category-mirb","tag-biblioteca-arturo-chiari","tag-evidenza","tag-notiziario","et-has-post-format-content","et_post_format-et-post-format-standard"],"yoast_head":"<!-- This site is optimized with the Yoast SEO plugin v27.4 - https:\/\/yoast.com\/product\/yoast-seo-wordpress\/ -->\n<title>Notiziario Biblioteca UIL Arturo Chiari - Blog della Biblioteca<\/title>\n<meta name=\"robots\" content=\"index, follow, max-snippet:-1, max-image-preview:large, max-video-preview:-1\" \/>\n<link rel=\"canonical\" href=\"https:\/\/www.istitutostudisindacali.net\/bibliotecablog\/2019\/07\/02\/notiziario-biblioteca-uil-arturo-chiari\/\" \/>\n<meta property=\"og:locale\" content=\"it_IT\" \/>\n<meta property=\"og:type\" content=\"article\" \/>\n<meta property=\"og:title\" content=\"Notiziario Biblioteca UIL Arturo Chiari - Blog della Biblioteca\" \/>\n<meta property=\"og:description\" content=\"Con grande gioia vi introduco nella presentazione del Numero Zero del Notiziario della Biblioteca UIL Arturo Chiari. Quello che avete tra le mani o in punta di mouse se avete la versione digitale, \u00e8 la prima uscita del Notiziario della Biblioteca UIL. Si, la vostra biblioteca e la vostra bibliotecaria mette a disposizione un piccolo [&hellip;]\" \/>\n<meta property=\"og:url\" content=\"https:\/\/www.istitutostudisindacali.net\/bibliotecablog\/2019\/07\/02\/notiziario-biblioteca-uil-arturo-chiari\/\" \/>\n<meta property=\"og:site_name\" content=\"Blog della Biblioteca\" \/>\n<meta property=\"article:published_time\" content=\"2019-07-02T09:58:47+00:00\" \/>\n<meta property=\"article:modified_time\" content=\"2023-02-04T18:10:54+00:00\" \/>\n<meta property=\"og:image\" content=\"https:\/\/www.istitutostudisindacali.net\/bibliotecablog\/wp-content\/uploads\/sites\/17\/2019\/07\/notiziario_0_def-page-002-scaled-1.jpg\" \/>\n\t<meta property=\"og:image:width\" content=\"1809\" \/>\n\t<meta property=\"og:image:height\" content=\"2560\" \/>\n\t<meta property=\"og:image:type\" content=\"image\/jpeg\" \/>\n<meta name=\"author\" content=\"Loredana Pietri\" \/>\n<meta name=\"twitter:card\" content=\"summary_large_image\" \/>\n<meta name=\"twitter:label1\" content=\"Scritto da\" \/>\n\t<meta name=\"twitter:data1\" content=\"Loredana Pietri\" \/>\n\t<meta name=\"twitter:label2\" content=\"Tempo di lettura stimato\" \/>\n\t<meta name=\"twitter:data2\" content=\"1 minuto\" \/>\n<script type=\"application\/ld+json\" class=\"yoast-schema-graph\">{\"@context\":\"https:\\\/\\\/schema.org\",\"@graph\":[{\"@type\":\"Article\",\"@id\":\"https:\\\/\\\/www.istitutostudisindacali.net\\\/bibliotecablog\\\/2019\\\/07\\\/02\\\/notiziario-biblioteca-uil-arturo-chiari\\\/#article\",\"isPartOf\":{\"@id\":\"https:\\\/\\\/www.istitutostudisindacali.net\\\/bibliotecablog\\\/2019\\\/07\\\/02\\\/notiziario-biblioteca-uil-arturo-chiari\\\/\"},\"author\":{\"name\":\"Loredana Pietri\",\"@id\":\"https:\\\/\\\/www.istitutostudisindacali.net\\\/bibliotecablog\\\/#\\\/schema\\\/person\\\/67df37a680cbbc103a59f61989c3f7e0\"},\"headline\":\"Notiziario Biblioteca UIL Arturo Chiari\",\"datePublished\":\"2019-07-02T09:58:47+00:00\",\"dateModified\":\"2023-02-04T18:10:54+00:00\",\"mainEntityOfPage\":{\"@id\":\"https:\\\/\\\/www.istitutostudisindacali.net\\\/bibliotecablog\\\/2019\\\/07\\\/02\\\/notiziario-biblioteca-uil-arturo-chiari\\\/\"},\"wordCount\":189,\"image\":{\"@id\":\"https:\\\/\\\/www.istitutostudisindacali.net\\\/bibliotecablog\\\/2019\\\/07\\\/02\\\/notiziario-biblioteca-uil-arturo-chiari\\\/#primaryimage\"},\"thumbnailUrl\":\"https:\\\/\\\/www.istitutostudisindacali.net\\\/bibliotecablog\\\/wp-content\\\/uploads\\\/sites\\\/17\\\/2019\\\/07\\\/notiziario_0_def-page-002-scaled-1.jpg\",\"keywords\":[\"Biblioteca Arturo Chiari\",\"evidenza\",\"Notiziario\"],\"articleSection\":[\"M(I)RB\"],\"inLanguage\":\"it-IT\"},{\"@type\":\"WebPage\",\"@id\":\"https:\\\/\\\/www.istitutostudisindacali.net\\\/bibliotecablog\\\/2019\\\/07\\\/02\\\/notiziario-biblioteca-uil-arturo-chiari\\\/\",\"url\":\"https:\\\/\\\/www.istitutostudisindacali.net\\\/bibliotecablog\\\/2019\\\/07\\\/02\\\/notiziario-biblioteca-uil-arturo-chiari\\\/\",\"name\":\"Notiziario Biblioteca UIL Arturo Chiari - Blog della Biblioteca\",\"isPartOf\":{\"@id\":\"https:\\\/\\\/www.istitutostudisindacali.net\\\/bibliotecablog\\\/#website\"},\"primaryImageOfPage\":{\"@id\":\"https:\\\/\\\/www.istitutostudisindacali.net\\\/bibliotecablog\\\/2019\\\/07\\\/02\\\/notiziario-biblioteca-uil-arturo-chiari\\\/#primaryimage\"},\"image\":{\"@id\":\"https:\\\/\\\/www.istitutostudisindacali.net\\\/bibliotecablog\\\/2019\\\/07\\\/02\\\/notiziario-biblioteca-uil-arturo-chiari\\\/#primaryimage\"},\"thumbnailUrl\":\"https:\\\/\\\/www.istitutostudisindacali.net\\\/bibliotecablog\\\/wp-content\\\/uploads\\\/sites\\\/17\\\/2019\\\/07\\\/notiziario_0_def-page-002-scaled-1.jpg\",\"datePublished\":\"2019-07-02T09:58:47+00:00\",\"dateModified\":\"2023-02-04T18:10:54+00:00\",\"author\":{\"@id\":\"https:\\\/\\\/www.istitutostudisindacali.net\\\/bibliotecablog\\\/#\\\/schema\\\/person\\\/67df37a680cbbc103a59f61989c3f7e0\"},\"breadcrumb\":{\"@id\":\"https:\\\/\\\/www.istitutostudisindacali.net\\\/bibliotecablog\\\/2019\\\/07\\\/02\\\/notiziario-biblioteca-uil-arturo-chiari\\\/#breadcrumb\"},\"inLanguage\":\"it-IT\",\"potentialAction\":[{\"@type\":\"ReadAction\",\"target\":[\"https:\\\/\\\/www.istitutostudisindacali.net\\\/bibliotecablog\\\/2019\\\/07\\\/02\\\/notiziario-biblioteca-uil-arturo-chiari\\\/\"]}]},{\"@type\":\"ImageObject\",\"inLanguage\":\"it-IT\",\"@id\":\"https:\\\/\\\/www.istitutostudisindacali.net\\\/bibliotecablog\\\/2019\\\/07\\\/02\\\/notiziario-biblioteca-uil-arturo-chiari\\\/#primaryimage\",\"url\":\"https:\\\/\\\/www.istitutostudisindacali.net\\\/bibliotecablog\\\/wp-content\\\/uploads\\\/sites\\\/17\\\/2019\\\/07\\\/notiziario_0_def-page-002-scaled-1.jpg\",\"contentUrl\":\"https:\\\/\\\/www.istitutostudisindacali.net\\\/bibliotecablog\\\/wp-content\\\/uploads\\\/sites\\\/17\\\/2019\\\/07\\\/notiziario_0_def-page-002-scaled-1.jpg\",\"width\":1809,\"height\":2560},{\"@type\":\"BreadcrumbList\",\"@id\":\"https:\\\/\\\/www.istitutostudisindacali.net\\\/bibliotecablog\\\/2019\\\/07\\\/02\\\/notiziario-biblioteca-uil-arturo-chiari\\\/#breadcrumb\",\"itemListElement\":[{\"@type\":\"ListItem\",\"position\":1,\"name\":\"Home\",\"item\":\"https:\\\/\\\/www.istitutostudisindacali.net\\\/bibliotecablog\\\/\"},{\"@type\":\"ListItem\",\"position\":2,\"name\":\"Notiziario Biblioteca UIL Arturo Chiari\"}]},{\"@type\":\"WebSite\",\"@id\":\"https:\\\/\\\/www.istitutostudisindacali.net\\\/bibliotecablog\\\/#website\",\"url\":\"https:\\\/\\\/www.istitutostudisindacali.net\\\/bibliotecablog\\\/\",\"name\":\"Blog della Biblioteca\",\"description\":\"Arturo Chiari\",\"potentialAction\":[{\"@type\":\"SearchAction\",\"target\":{\"@type\":\"EntryPoint\",\"urlTemplate\":\"https:\\\/\\\/www.istitutostudisindacali.net\\\/bibliotecablog\\\/?s={search_term_string}\"},\"query-input\":{\"@type\":\"PropertyValueSpecification\",\"valueRequired\":true,\"valueName\":\"search_term_string\"}}],\"inLanguage\":\"it-IT\"},{\"@type\":\"Person\",\"@id\":\"https:\\\/\\\/www.istitutostudisindacali.net\\\/bibliotecablog\\\/#\\\/schema\\\/person\\\/67df37a680cbbc103a59f61989c3f7e0\",\"name\":\"Loredana Pietri\",\"image\":{\"@type\":\"ImageObject\",\"inLanguage\":\"it-IT\",\"@id\":\"https:\\\/\\\/secure.gravatar.com\\\/avatar\\\/14e1950ca26d7443d95784cdcfad5cf200bbbc261d085cf9375e018dc286c835?s=96&d=mm&r=g\",\"url\":\"https:\\\/\\\/secure.gravatar.com\\\/avatar\\\/14e1950ca26d7443d95784cdcfad5cf200bbbc261d085cf9375e018dc286c835?s=96&d=mm&r=g\",\"contentUrl\":\"https:\\\/\\\/secure.gravatar.com\\\/avatar\\\/14e1950ca26d7443d95784cdcfad5cf200bbbc261d085cf9375e018dc286c835?s=96&d=mm&r=g\",\"caption\":\"Loredana Pietri\"},\"description\":\"Responsabile della Biblioteca si impegna nella sua conduzione per migliorarne i Servizi\",\"sameAs\":[\"https:\\\/\\\/www.istitutostudisindacali.net\\\/biblioteca\"],\"url\":\"https:\\\/\\\/www.istitutostudisindacali.net\\\/bibliotecablog\\\/author\\\/loredana-pietri\\\/\"}]}<\/script>\n<!-- \/ Yoast SEO plugin. -->","yoast_head_json":{"title":"Notiziario Biblioteca UIL Arturo Chiari - Blog della Biblioteca","robots":{"index":"index","follow":"follow","max-snippet":"max-snippet:-1","max-image-preview":"max-image-preview:large","max-video-preview":"max-video-preview:-1"},"canonical":"https:\/\/www.istitutostudisindacali.net\/bibliotecablog\/2019\/07\/02\/notiziario-biblioteca-uil-arturo-chiari\/","og_locale":"it_IT","og_type":"article","og_title":"Notiziario Biblioteca UIL Arturo Chiari - Blog della Biblioteca","og_description":"Con grande gioia vi introduco nella presentazione del Numero Zero del Notiziario della Biblioteca UIL Arturo Chiari. Quello che avete tra le mani o in punta di mouse se avete la versione digitale, \u00e8 la prima uscita del Notiziario della Biblioteca UIL. Si, la vostra biblioteca e la vostra bibliotecaria mette a disposizione un piccolo [&hellip;]","og_url":"https:\/\/www.istitutostudisindacali.net\/bibliotecablog\/2019\/07\/02\/notiziario-biblioteca-uil-arturo-chiari\/","og_site_name":"Blog della Biblioteca","article_published_time":"2019-07-02T09:58:47+00:00","article_modified_time":"2023-02-04T18:10:54+00:00","og_image":[{"width":1809,"height":2560,"url":"https:\/\/www.istitutostudisindacali.net\/bibliotecablog\/wp-content\/uploads\/sites\/17\/2019\/07\/notiziario_0_def-page-002-scaled-1.jpg","type":"image\/jpeg"}],"author":"Loredana Pietri","twitter_card":"summary_large_image","twitter_misc":{"Scritto da":"Loredana Pietri","Tempo di lettura stimato":"1 minuto"},"schema":{"@context":"https:\/\/schema.org","@graph":[{"@type":"Article","@id":"https:\/\/www.istitutostudisindacali.net\/bibliotecablog\/2019\/07\/02\/notiziario-biblioteca-uil-arturo-chiari\/#article","isPartOf":{"@id":"https:\/\/www.istitutostudisindacali.net\/bibliotecablog\/2019\/07\/02\/notiziario-biblioteca-uil-arturo-chiari\/"},"author":{"name":"Loredana Pietri","@id":"https:\/\/www.istitutostudisindacali.net\/bibliotecablog\/#\/schema\/person\/67df37a680cbbc103a59f61989c3f7e0"},"headline":"Notiziario Biblioteca UIL Arturo Chiari","datePublished":"2019-07-02T09:58:47+00:00","dateModified":"2023-02-04T18:10:54+00:00","mainEntityOfPage":{"@id":"https:\/\/www.istitutostudisindacali.net\/bibliotecablog\/2019\/07\/02\/notiziario-biblioteca-uil-arturo-chiari\/"},"wordCount":189,"image":{"@id":"https:\/\/www.istitutostudisindacali.net\/bibliotecablog\/2019\/07\/02\/notiziario-biblioteca-uil-arturo-chiari\/#primaryimage"},"thumbnailUrl":"https:\/\/www.istitutostudisindacali.net\/bibliotecablog\/wp-content\/uploads\/sites\/17\/2019\/07\/notiziario_0_def-page-002-scaled-1.jpg","keywords":["Biblioteca Arturo Chiari","evidenza","Notiziario"],"articleSection":["M(I)RB"],"inLanguage":"it-IT"},{"@type":"WebPage","@id":"https:\/\/www.istitutostudisindacali.net\/bibliotecablog\/2019\/07\/02\/notiziario-biblioteca-uil-arturo-chiari\/","url":"https:\/\/www.istitutostudisindacali.net\/bibliotecablog\/2019\/07\/02\/notiziario-biblioteca-uil-arturo-chiari\/","name":"Notiziario Biblioteca UIL Arturo Chiari - Blog della Biblioteca","isPartOf":{"@id":"https:\/\/www.istitutostudisindacali.net\/bibliotecablog\/#website"},"primaryImageOfPage":{"@id":"https:\/\/www.istitutostudisindacali.net\/bibliotecablog\/2019\/07\/02\/notiziario-biblioteca-uil-arturo-chiari\/#primaryimage"},"image":{"@id":"https:\/\/www.istitutostudisindacali.net\/bibliotecablog\/2019\/07\/02\/notiziario-biblioteca-uil-arturo-chiari\/#primaryimage"},"thumbnailUrl":"https:\/\/www.istitutostudisindacali.net\/bibliotecablog\/wp-content\/uploads\/sites\/17\/2019\/07\/notiziario_0_def-page-002-scaled-1.jpg","datePublished":"2019-07-02T09:58:47+00:00","dateModified":"2023-02-04T18:10:54+00:00","author":{"@id":"https:\/\/www.istitutostudisindacali.net\/bibliotecablog\/#\/schema\/person\/67df37a680cbbc103a59f61989c3f7e0"},"breadcrumb":{"@id":"https:\/\/www.istitutostudisindacali.net\/bibliotecablog\/2019\/07\/02\/notiziario-biblioteca-uil-arturo-chiari\/#breadcrumb"},"inLanguage":"it-IT","potentialAction":[{"@type":"ReadAction","target":["https:\/\/www.istitutostudisindacali.net\/bibliotecablog\/2019\/07\/02\/notiziario-biblioteca-uil-arturo-chiari\/"]}]},{"@type":"ImageObject","inLanguage":"it-IT","@id":"https:\/\/www.istitutostudisindacali.net\/bibliotecablog\/2019\/07\/02\/notiziario-biblioteca-uil-arturo-chiari\/#primaryimage","url":"https:\/\/www.istitutostudisindacali.net\/bibliotecablog\/wp-content\/uploads\/sites\/17\/2019\/07\/notiziario_0_def-page-002-scaled-1.jpg","contentUrl":"https:\/\/www.istitutostudisindacali.net\/bibliotecablog\/wp-content\/uploads\/sites\/17\/2019\/07\/notiziario_0_def-page-002-scaled-1.jpg","width":1809,"height":2560},{"@type":"BreadcrumbList","@id":"https:\/\/www.istitutostudisindacali.net\/bibliotecablog\/2019\/07\/02\/notiziario-biblioteca-uil-arturo-chiari\/#breadcrumb","itemListElement":[{"@type":"ListItem","position":1,"name":"Home","item":"https:\/\/www.istitutostudisindacali.net\/bibliotecablog\/"},{"@type":"ListItem","position":2,"name":"Notiziario Biblioteca UIL Arturo Chiari"}]},{"@type":"WebSite","@id":"https:\/\/www.istitutostudisindacali.net\/bibliotecablog\/#website","url":"https:\/\/www.istitutostudisindacali.net\/bibliotecablog\/","name":"Blog della Biblioteca","description":"Arturo Chiari","potentialAction":[{"@type":"SearchAction","target":{"@type":"EntryPoint","urlTemplate":"https:\/\/www.istitutostudisindacali.net\/bibliotecablog\/?s={search_term_string}"},"query-input":{"@type":"PropertyValueSpecification","valueRequired":true,"valueName":"search_term_string"}}],"inLanguage":"it-IT"},{"@type":"Person","@id":"https:\/\/www.istitutostudisindacali.net\/bibliotecablog\/#\/schema\/person\/67df37a680cbbc103a59f61989c3f7e0","name":"Loredana Pietri","image":{"@type":"ImageObject","inLanguage":"it-IT","@id":"https:\/\/secure.gravatar.com\/avatar\/14e1950ca26d7443d95784cdcfad5cf200bbbc261d085cf9375e018dc286c835?s=96&d=mm&r=g","url":"https:\/\/secure.gravatar.com\/avatar\/14e1950ca26d7443d95784cdcfad5cf200bbbc261d085cf9375e018dc286c835?s=96&d=mm&r=g","contentUrl":"https:\/\/secure.gravatar.com\/avatar\/14e1950ca26d7443d95784cdcfad5cf200bbbc261d085cf9375e018dc286c835?s=96&d=mm&r=g","caption":"Loredana Pietri"},"description":"Responsabile della Biblioteca si impegna nella sua conduzione per migliorarne i Servizi","sameAs":["https:\/\/www.istitutostudisindacali.net\/biblioteca"],"url":"https:\/\/www.istitutostudisindacali.net\/bibliotecablog\/author\/loredana-pietri\/"}]}},"jetpack_featured_media_url":"https:\/\/www.istitutostudisindacali.net\/bibliotecablog\/wp-content\/uploads\/sites\/17\/2019\/07\/notiziario_0_def-page-002-scaled-1.jpg","jetpack_sharing_enabled":true,"_links":{"self":[{"href":"https:\/\/www.istitutostudisindacali.net\/bibliotecablog\/wp-json\/wp\/v2\/posts\/1833","targetHints":{"allow":["GET"]}}],"collection":[{"href":"https:\/\/www.istitutostudisindacali.net\/bibliotecablog\/wp-json\/wp\/v2\/posts"}],"about":[{"href":"https:\/\/www.istitutostudisindacali.net\/bibliotecablog\/wp-json\/wp\/v2\/types\/post"}],"author":[{"embeddable":true,"href":"https:\/\/www.istitutostudisindacali.net\/bibliotecablog\/wp-json\/wp\/v2\/users\/7"}],"replies":[{"embeddable":true,"href":"https:\/\/www.istitutostudisindacali.net\/bibliotecablog\/wp-json\/wp\/v2\/comments?post=1833"}],"version-history":[{"count":1,"href":"https:\/\/www.istitutostudisindacali.net\/bibliotecablog\/wp-json\/wp\/v2\/posts\/1833\/revisions"}],"predecessor-version":[{"id":4462,"href":"https:\/\/www.istitutostudisindacali.net\/bibliotecablog\/wp-json\/wp\/v2\/posts\/1833\/revisions\/4462"}],"wp:featuredmedia":[{"embeddable":true,"href":"https:\/\/www.istitutostudisindacali.net\/bibliotecablog\/wp-json\/wp\/v2\/media\/1834"}],"wp:attachment":[{"href":"https:\/\/www.istitutostudisindacali.net\/bibliotecablog\/wp-json\/wp\/v2\/media?parent=1833"}],"wp:term":[{"taxonomy":"category","embeddable":true,"href":"https:\/\/www.istitutostudisindacali.net\/bibliotecablog\/wp-json\/wp\/v2\/categories?post=1833"},{"taxonomy":"post_tag","embeddable":true,"href":"https:\/\/www.istitutostudisindacali.net\/bibliotecablog\/wp-json\/wp\/v2\/tags?post=1833"}],"curies":[{"name":"wp","href":"https:\/\/api.w.org\/{rel}","templated":true}]}}