{"id":1737,"date":"2019-05-30T06:00:21","date_gmt":"2019-05-30T04:00:21","guid":{"rendered":"https:\/\/bibliotecarturochiari.wordpress.com\/?p=1737"},"modified":"2023-02-04T19:11:00","modified_gmt":"2023-02-04T18:11:00","slug":"30-maggio-1924-giacomo-matteotti-denuncia-in-parlamento-le-violenze-dei-fascisti-durante-le-elezioni-di-aprile","status":"publish","type":"post","link":"https:\/\/www.istitutostudisindacali.net\/bibliotecablog\/2019\/05\/30\/30-maggio-1924-giacomo-matteotti-denuncia-in-parlamento-le-violenze-dei-fascisti-durante-le-elezioni-di-aprile\/","title":{"rendered":"30 maggio 1924 Giacomo Matteotti denuncia in Parlamento le violenze dei fascisti durante le elezioni di Aprile"},"content":{"rendered":"<p><img loading=\"lazy\" decoding=\"async\" class=\"alignnone size-full wp-image-1743\" src=\"https:\/\/www.istitutostudisindacali.net\/biblioteca\/wp-content\/uploads\/sites\/2\/2019\/05\/v-5.jpg\" alt=\"V\" width=\"1717\" height=\"1003\" srcset=\"https:\/\/www.istitutostudisindacali.net\/bibliotecablog\/wp-content\/uploads\/sites\/17\/2019\/05\/v-5.jpg 1717w, https:\/\/www.istitutostudisindacali.net\/bibliotecablog\/wp-content\/uploads\/sites\/17\/2019\/05\/v-5-300x175.jpg 300w, https:\/\/www.istitutostudisindacali.net\/bibliotecablog\/wp-content\/uploads\/sites\/17\/2019\/05\/v-5-1024x598.jpg 1024w, https:\/\/www.istitutostudisindacali.net\/bibliotecablog\/wp-content\/uploads\/sites\/17\/2019\/05\/v-5-768x449.jpg 768w, https:\/\/www.istitutostudisindacali.net\/bibliotecablog\/wp-content\/uploads\/sites\/17\/2019\/05\/v-5-1536x897.jpg 1536w, https:\/\/www.istitutostudisindacali.net\/bibliotecablog\/wp-content\/uploads\/sites\/17\/2019\/05\/v-5-610x356.jpg 610w, https:\/\/www.istitutostudisindacali.net\/bibliotecablog\/wp-content\/uploads\/sites\/17\/2019\/05\/v-5-1080x631.jpg 1080w\" sizes=\"(max-width: 1717px) 100vw, 1717px\" \/><\/p>\n<p>[&#8230;]<b>Presidente.<\/b><sup id=\"cite_ref-1\" class=\"reference\"><\/sup>\u00a0Ha chiesto di parlare l\u2019onorevole Matteotti. Ne ha facolt\u00e0<sup id=\"cite_ref-2\" class=\"reference\"><\/sup>.<\/p>\n<p style=\"text-align:justify\"><b>Giacomo Matteotti.<\/b>\u00a0Noi abbiamo avuto da parte della Giunta delle elezioni la proposta di convalida di numerosi colleghi. Nessuno certamente, degli appartenenti a questa Assemblea, all\u2019infuori credo dei componenti la Giunta delle elezioni, saprebbe ridire l\u2019elenco dei nomi letti per la convalida, nessuno, n\u00e9 della Camera n\u00e9 delle tribune della stampa.\u00a0<i>(Vive interruzioni alla destra e al centro)<\/i><\/p>\n<p style=\"text-align:justify\"><b>Dario Lupi.<\/b><sup id=\"cite_ref-3\" class=\"reference\"><\/sup>\u00a0\u00c8 passato il tempo in cui si parlava per le tribune!<\/p>\n<p style=\"text-align:justify\"><b>Giacomo Matteotti.<\/b>\u00a0Certo la pubblicit\u00e0 \u00e8 per voi un\u2019istituzione dello stupidissimo secolo XIX.\u00a0<i>(Vivi rumori. Interruzioni alla destra e al centro)<\/i>\u00a0Comunque, dicevo, in questo momento non esiste da parte dell\u2019Assemblea una conoscenza esatta dell\u2019oggetto sul quale si delibera. Soltanto per quei pochissimi nomi che abbiamo potuto afferrare alla lettura, possiamo immaginare che essi rappresentino una parte della maggioranza. Ora, contro la loro convalida noi presentiamo questa pura e semplice eccezione: cio\u00e8, che la lista di maggioranza governativa, la quale nominalmente ha ottenuto una votazione di quattro milioni e tanti voti&#8230;\u00a0<i>(Interruzioni)<\/i>.<\/p>\n<p style=\"text-align:justify\"><i>Voci al centro: &#8220;Ed anche pi\u00f9!&#8221;<\/i><\/p>\n<p style=\"text-align:justify\"><b>Giacomo Matteotti.<\/b>\u00a0&#8230; cotesta lista non li ha ottenuti, di fatto e liberamente, ed \u00e8 dubitabile quindi se essa abbia ottenuto quel tanto di percentuale che \u00e8 necessario\u00a0<i>(Interruzioni. Proteste)<\/i>\u00a0per conquistare, anche secondo la vostra legge, i due terzi dei posti che le sono stati attribuiti! Potrebbe darsi che i nomi letti dal Presidente: siano di quei capilista che resterebbero eletti anche se, invece del premio di maggioranza, si applicasse la proporzionale pura in ogni circoscrizione. Ma poich\u00e9 nessuno ha udito i nomi, e non \u00e8 stata premessa nessuna affermazione generica di tale specie, probabilmente tali tutti non sono, e quindi contestiamo in questo luogo e in tronco la validit\u00e0 della elezione della maggioranza\u00a0<i>(Rumori vivissimi)<\/i>. Vorrei pregare almeno i colleghi, sulla elezione dei quali oggi si giudica, di astenersi per lo meno dai rumori, se non dal voto.\u00a0<i>(Vivi commenti &#8211; Proteste &#8211; Interruzioni alla destra e al centro)<\/i><\/p>\n<p style=\"text-align:justify\"><b>Maurizio Maraviglia.<\/b><sup id=\"cite_ref-4\" class=\"reference\"><\/sup>\u00a0In contestazione non c\u2019\u00e8 nessuno, diversamente si asterrebbe!<\/p>\n<p style=\"text-align:justify\"><b>Giacomo Matteotti.<\/b>\u00a0Noi contestiamo&#8230;.<\/p>\n<p style=\"text-align:justify\"><b>Maurizio Maraviglia.<\/b>\u00a0Allora contestate voi!<\/p>\n<p style=\"text-align:justify\"><b>Giacomo Matteotti.<\/b>\u00a0Certo sarebbe Maraviglia se contestasse lei! L\u2019elezione, secondo noi, \u00e8 essenzialmente non valida, e aggiungiamo che non \u00e8 valida in tutte le circoscrizioni. In primo luogo abbiamo la dichiarazione fatta esplicitamente dal governo, ripetuta da tutti gli organi della stampa ufficiale, ripetuta dagli oratori fascisti in tutti i comizi, che le elezioni non avevano che un valore assai relativo, in quanto che il Governo non si sentiva soggetto al responso elettorale, ma che in ogni caso &#8211; come ha dichiarato replicatamente &#8211; avrebbe mantenuto il potere con la forza, anche se&#8230;\u00a0<i>(Vivaci interruzioni a destra e al centro. Movimenti dell\u2019onorevole Presidente del Consiglio)<\/i><\/p>\n<p style=\"text-align:justify\"><i>Voci a destra: &#8220;S\u00ec, s\u00ec! Noi abbiamo fatto la guerra!&#8221; (Applausi alla destra e al centro)<\/i>.<\/p>\n<p style=\"text-align:justify\"><b><img loading=\"lazy\" decoding=\"async\" class=\"alignnone size-full wp-image-1738\" src=\"https:\/\/www.istitutostudisindacali.net\/biblioteca\/wp-content\/uploads\/sites\/2\/2019\/05\/art_764_1_parlamento_n.jpg\" alt=\"art_764_1_parlamento_n\" width=\"1535\" height=\"996\" srcset=\"https:\/\/www.istitutostudisindacali.net\/bibliotecablog\/wp-content\/uploads\/sites\/17\/2019\/05\/art_764_1_parlamento_n.jpg 1535w, https:\/\/www.istitutostudisindacali.net\/bibliotecablog\/wp-content\/uploads\/sites\/17\/2019\/05\/art_764_1_parlamento_n-300x195.jpg 300w, https:\/\/www.istitutostudisindacali.net\/bibliotecablog\/wp-content\/uploads\/sites\/17\/2019\/05\/art_764_1_parlamento_n-1024x664.jpg 1024w, https:\/\/www.istitutostudisindacali.net\/bibliotecablog\/wp-content\/uploads\/sites\/17\/2019\/05\/art_764_1_parlamento_n-768x498.jpg 768w, https:\/\/www.istitutostudisindacali.net\/bibliotecablog\/wp-content\/uploads\/sites\/17\/2019\/05\/art_764_1_parlamento_n-610x396.jpg 610w, https:\/\/www.istitutostudisindacali.net\/bibliotecablog\/wp-content\/uploads\/sites\/17\/2019\/05\/art_764_1_parlamento_n-1080x701.jpg 1080w\" sizes=\"(max-width: 1535px) 100vw, 1535px\" \/>Giacomo Matteotti.<\/b>\u00a0Codesti vostri applausi sono la conferma precisa della fondatezza dei mio ragionamento. Per vostra stessa conferma dunque nessun elettore italiano si \u00e8 trovato libero di decidere con la sua volont\u00e0&#8230;\u00a0<i>(Rumori, proteste e interruzioni a destra)<\/i>\u00a0Nessun elettore si \u00e8 trovato libero di fronte a questo quesito&#8230;<\/p>\n<p style=\"text-align:justify\"><b>Maurizio Maraviglia.<\/b>\u00a0Hanno votato otto milioni di italiani!<\/p>\n<p style=\"text-align:justify\"><b>Giacomo Matteotti.<\/b>\u00a0&#8230; se cio\u00e8 egli approvava o non approvava la politica o, per meglio dire, il regime del Governo fascista. Nessuno si \u00e8 trovato libero, perch\u00e9 ciascun cittadino sapeva a priori che, se anche avesse osato affermare a maggioranza il contrario, c\u2019era una forza a disposizione del Governo che avrebbe annullato il suo voto e il suo responso.\u00a0<i>(Rumori e interruzioni a destra)<\/i><\/p>\n<p style=\"text-align:justify\"><i>Una voce a destra: &#8220;E i due milioni di voti che hanno preso le minoranze?&#8221;<\/i><\/p>\n<p style=\"text-align:justify\"><b>Roberto Farinacci.<\/b><sup id=\"cite_ref-5\" class=\"reference\"><a href=\"https:\/\/it.wikisource.org\/wiki\/Italia_-_30_maggio_1924,_Discorso_alla_Camera_dei_Deputati_di_denuncia_di_brogli_elettorali#cite_note-5\">5<\/a><\/sup>\u00a0Potevate fare la rivoluzione!<\/p>\n<p style=\"text-align:justify\"><b>Maurizio Maraviglia.<\/b>\u00a0Sarebbero stati due milioni di eroi!<\/p>\n<p style=\"text-align:justify\"><b>Giacomo Matteotti.<\/b>\u00a0A rinforzare tale proposito del Governo, esiste una milizia armata&#8230;\u00a0<i>(Applausi vivissimi e prolungati a destra e grida di &#8220;Viva la milizia&#8221;)<\/i><\/p>\n<p style=\"text-align:justify\"><i>Voci a destra: &#8220;Vi scotta la milizia!&#8221;<\/i><\/p>\n<p style=\"text-align:justify\"><b>Giacomo Matteotti.<\/b>\u00a0&#8230; esiste una milizia armata&#8230;\u00a0<i>(Interruzioni a destra, rumori prolungati)<\/i><\/p>\n<p style=\"text-align:justify\"><i>Voci: &#8220;Basta! Basta!&#8221;<\/i><\/p>\n<p style=\"text-align:justify\"><b>Presidente.<\/b>\u00a0Onorevole Matteotti, si attenga all\u2019argomento.<\/p>\n<p style=\"text-align:justify\"><b>Giacomo Matteotti.<\/b>\u00a0Onorevole Presidente, forse ella non m\u2019intende; ma io parlo di elezioni. Esiste una milizia armata&#8230;\u00a0<i>(Interruzioni a destra)<\/i>\u00a0la quale ha questo fondamentale e dichiarato scopo: di sostenere un determinato Capo del Governo bene indicato e nominato nel Capo del fascismo e non, a differenza dell\u2019Esercito, il Capo dello Stato.\u00a0<i>(Interruzioni e rumori a destra)<\/i><\/p>\n<p style=\"text-align:justify\"><i>Voci: a destra: &#8220;E le guardie rosse?&#8221;<\/i><\/p>\n<p style=\"text-align:justify\"><b>Giacomo Matteotti.<\/b>\u00a0Vi \u00e8 una milizia armata, composta di cittadini di un solo Partito, la quale ha il compito dichiarato di sostenere un determinato Governo con la forza, anche se ad esso il consenso mancasse.\u00a0<i>(Commenti)<\/i>\u00a0In aggiunta e in particolare&#8230;\u00a0<i>(Interruzioni)<\/i>\u00a0mentre per la legge elettorale la milizia avrebbe dovuto astenersi, essendo in funzione o quando era in funzione, e mentre di fatto in tutta l\u2019Italia specialmente rurale abbiamo constatato in quei giorni la presenza di militi nazionali in gran numero&#8230;\u00a0<i>(Interruzioni, rumori)<\/i><\/p>\n<p style=\"text-align:justify\"><b>Roberto Farinacci.<\/b>\u00a0Erano i balilla!<\/p>\n<p style=\"text-align:justify\"><b>Giacomo Matteotti.<\/b>\u00a0\u00c8 vero, on. Farinacci, in molti luoghi hanno votato anche i balilla!\u00a0<i>(Approvazioni all\u2019estrema sinistra, rumori a destra e al centro)<\/i><\/p>\n<p style=\"text-align:justify\"><i>Voce al centro: &#8220;Hanno votato i disertori per voi!&#8221;<\/i><\/p>\n<p style=\"text-align:justify\"><b>Enrico Gonzales.\u00a0<\/b><sup id=\"cite_ref-6\" class=\"reference\"><\/sup>Spirito denaturato e rettificato!<\/p>\n<p style=\"text-align:justify\"><b>Giacomo Matteotti.<\/b>\u00a0Dicevo dunque che, mentre abbiamo visto numerosi di questi militi in ogni citt\u00e0 e pi\u00f9 ancora nelle campagne\u00a0<i>(Interruzioni)<\/i>, gli elenchi degli obbligati alla astensione, depositati presso i Comuni, erano ridicolmente ridotti a tre o quattro persone per ogni citt\u00e0, per dare l\u2019illusione dell\u2019osservanza di una legge apertamente violata, conforme lo stesso pensiero espresso dal Presidente del Consiglio che affidava ai militi fascisti la custodia delle cabine.\u00a0<i>(Rumori)<\/i>\u00a0A parte questo argomento del proposito del Governo di reggersi anche con la forza contro il consenso e del fatto di una milizia a disposizione di un partito che impedisce all\u2019inizio e fondamentalmente la libera espressione della sovranit\u00e0 popolare ed elettorale e che invalida in blocco l\u2019ultima elezione in Italia, c\u2019\u00e8 poi una serie di fatti che successivamente ha viziate e annullate tutte le singole manifestazioni elettorali.\u00a0<i>(Interruzioni, commenti)<\/i><\/p>\n<p style=\"text-align:justify\"><i>Voci: a destra: &#8220;Perch\u00e9 avete paura! Perch\u00e9 scappate!&#8221;<\/i><\/p>\n<p style=\"text-align:justify\"><b>Giacomo Matteotti.<\/b>\u00a0Forse al Messico si usano fare le elezioni non con le schede, ma col coraggio di fronte alle rivoltelle.\u00a0<i>(Vivi rumori. Interruzioni, approvazioni all\u2019estrema sinistra)<\/i>\u00a0E chiedo scusa al Messico, se non \u00e8 vero!\u00a0<i>(Rumori prolungati)<\/i>\u00a0I fatti cui accenno si possono riassumere secondo i diversi momenti delle elezioni. La legge elettorale chiede&#8230;\u00a0<i>(Interruzioni, rumori)<\/i><\/p>\n<p style=\"text-align:justify\"><b>Paolo Greco.<\/b>\u00a0\u00c8 ora di finirla! Voi svalorizzate il Parlamento!<\/p>\n<p style=\"text-align:justify\"><b>Giacomo Matteotti.<\/b>\u00a0E allora sciogliete il Parlamento.<\/p>\n<p style=\"text-align:justify\"><b>Paolo Greco.<\/b>\u00a0Voi non rispettate la maggioranza e non avete diritto di essere rispettati.<\/p>\n<p style=\"text-align:justify\"><b>Giacomo Matteotti.<\/b>\u00a0Ciascun partito doveva, secondo la legge elettorale, presentare la propria lista di candidati&#8230;\u00a0<i>(Vivi rumori)<\/i><\/p>\n<p style=\"text-align:justify\"><b>Maurizio Maraviglia.<\/b>\u00a0Ma parli sulla proposta dell\u2019onorevole Presutti.<\/p>\n<p style=\"text-align:justify\"><b>Giacomo Matteotti.<\/b>\u00a0Richiami dunque lei all\u2019ordine il Presidente! La presentazione delle liste &#8211; dicevo &#8211; deve avvenire in ogni circoscrizione mediante un documento notarile a cui vanno apposte dalle trecento alle cinquecento firme. Ebbene, onorevoli colleghi, in sei circoscrizioni su quindici le operazioni notarili che si compiono privatamente nello studio di un notaio, fuori della vista pubblica e di quelle che voi chiamate &#8220;provocazioni&#8221;, sono state impedite con violenza.\u00a0<i>(Rumori vivissimi)<\/i><\/p>\n<p style=\"text-align:justify\"><b>Giuseppe Bastianini.<\/b>\u00a0Questo lo dice lei!<\/p>\n<p style=\"text-align:justify\"><i>Voci dalla destra: &#8220;Non \u00e8 vero, non \u00e8 vero.&#8221;<\/i><\/p>\n<p style=\"text-align:justify\"><b>Giacomo Matteotti.<\/b>\u00a0Volete i singoli fatti? Eccoli: ad Iglesias il collega Corsi stava raccogliendo le trecento firme e la sua casa \u00e8 stata circondata&#8230;\u00a0<i>(Rumori)<\/i><\/p>\n<p style=\"text-align:justify\"><b>Maurizio Maraviglia.<\/b>\u00a0Non \u00e8 vero. Lo inventa lei in questo momento.<\/p>\n<p style=\"text-align:justify\"><b>Roberto Farinacci.<\/b>\u00a0Va a finire che faremo sul serio quello che non abbiamo fatto!<\/p>\n<p style=\"text-align:justify\"><b>Giacomo Matteotti.<\/b>\u00a0Fareste il vostro mestiere!<\/p>\n<p style=\"text-align:justify\"><b>Emilio Lussu.<\/b>\u00a0\u00c8 la verit\u00e0, \u00e8 la verit\u00e0!&#8230;<\/p>\n<p style=\"text-align:justify\"><b>Giacomo Matteotti.<\/b>\u00a0A Melfi&#8230;\u00a0<i>(Rumori vivissimi &#8211; Interruzioni)<\/i>\u00a0a Melfi \u00e8 stata impedita la raccolta delle firme con la violenza\u00a0<i>(Rumori)<\/i>. In Puglia fu bastonato perfino un notaio\u00a0<i>(Rumori vivissimi)<\/i><\/p>\n<p style=\"text-align:justify\"><b>Gino Aldi-Mai.<\/b>\u00a0Ma questo nei ricorsi non c\u2019\u00e8! In nessuno dei ricorsi! Ho visto gli atti delle Puglie e in nessun ricorso \u00e8 accennato il fatto di cui parla l\u2019on. Matteotti.<\/p>\n<p style=\"text-align:justify\"><b>Roberto Farinacci.<\/b>\u00a0Vi faremo cambiare sistema! E dire che sono quelli che vogliono la normalizzazione!<\/p>\n<p style=\"text-align:justify\"><b>Giacomo Matteotti.<\/b>\u00a0A Genova\u00a0<i>(Rumori vivissimi)<\/i>\u00a0i fogli con le firme gi\u00e0 raccolte furono portati via dal tavolo su cui erano stati firmati<\/p>\n<p style=\"text-align:justify\"><i>Voci: &#8220;Perch\u00e9 erano falsi.&#8221;<\/i><\/p>\n<p style=\"text-align:justify\"><b>Giacomo Matteotti.<\/b>\u00a0Se erano falsi, dovevate denunciarli ai magistrati!<\/p>\n<p style=\"text-align:justify\"><b>Roberto Farinacci.<\/b>\u00a0Perch\u00e9 non ha fatto i reclami alla Giunta delle elezioni?<\/p>\n<p style=\"text-align:justify\"><b>Giacomo Matteotti.<\/b>\u00a0Ci sono.<\/p>\n<p style=\"text-align:justify\"><i>Una voce dal banco delle commissioni: &#8220;No, non ci sono, li inventa lei.&#8221;<\/i><\/p>\n<p style=\"text-align:justify\"><b>Presidente.<\/b>\u00a0La Giunta delle elezioni dovrebbe dare esempio di compostezza! I componenti della Giunta delle elezioni parleranno dopo. Onorevole Matteotti, continui.<\/p>\n<p style=\"text-align:justify\"><b>Giacomo Matteotti.<\/b>\u00a0Io espongo fatti che non dovrebbero provocare rumori. I fatti o sono veri o li dimostrate falsi. Non c\u2019\u00e8 offesa, non c\u2019\u00e8 ingiuria per nessuno in ci\u00f2 che dico: c\u2019\u00e8 una descrizione di fatti.<\/p>\n<p style=\"text-align:justify\"><b>Attilio Teruzzi.<\/b>\u00a0Che non esistono!<\/p>\n<p style=\"text-align:justify\"><b>Giacomo Matteotti.<\/b>\u00a0Da parte degli onorevoli componenti della Giunta delle elezioni si protesta che alcuni di questi fatti non sono dedotti o documentati presso la Giunta delle elezioni. Ma voi sapete benissimo come una situazione e un regime di violenza non solo determinino i fatti stessi, ma impediscano spesse volte la denuncia e il reclamo formale. Voi sapete che persone, le quali hanno dato il loro nome per attestare sopra un giornale o in un documento che un fatto era avvenuto, sono state immediatamente percosse e messe quindi nella impossibilit\u00e0 di confermare il fatto stesso. Gi\u00e0 nelle elezioni del 1921, quando ottenni da questa Camera l\u2019annullamento per violenze di una prima elezione fascista, molti di coloro che attestarono i fatti davanti alla Giunta delle elezioni, furono chiamati alla sede fascista, furono loro mostrate le copie degli atti esistenti presso la Giunta delle elezioni illecitamente comunicate, facendo ad essi un vero e proprio processo privato perch\u00e9 avevano attestato il vero o firmato i documenti! In seguito al processo fascista essi furono boicottati dal lavoro o percossi.\u00a0<i>(Rumori, interruzioni)<\/i><\/p>\n<p style=\"text-align:justify\"><i>Voci: a destra: &#8220;Lo provi.&#8221;<\/i><\/p>\n<p style=\"text-align:justify\"><b>Giacomo Matteotti.<\/b>\u00a0La stessa Giunta delle elezioni ricevette allora le prove del fatto. Ed \u00e8 per questo, onorevoli colleghi, che noi spesso siamo costretti a portare in questa Camera l\u2019eco di quelle proteste che altrimenti nel Paese non possono avere alcun\u2019altra voce ed espressione.\u00a0<i>(Applausi all\u2019estrema sinistra)<\/i>\u00a0In sei circoscrizioni, abbiamo detto, le formalit\u00e0 notarili furono impedite colla violenza, e per arrivare in tempo si dovette supplire malamente e come si pot\u00e9 con nuove firme in altre provincie. A Reggio Calabria, per esempio, abbiamo dovuto provvedere con nuove firme per supplire quelle che in Basilicata erano state impedite.<\/p>\n<p style=\"text-align:justify\"><i>Una voce al banco della giunta: &#8220;Dove furono impedite?&#8221;<\/i><\/p>\n<p style=\"text-align:justify\"><b>Giacomo Matteotti.<\/b>\u00a0A Melfi, a Iglesias, in Puglia&#8230; devo ripetere?\u00a0<i>(Interruzioni, rumori)<\/i>\u00a0Presupposto essenziale di ogni elezione \u00e8 che i candidati, cio\u00e8 coloro che domandano al suffragio elettorale il voto, possano esporre, in contraddittorio con il programma del Governo, in pubblici comizi o anche in privati locali, le loro opinioni. In Italia, nella massima parte dei luoghi, anzi quasi da per tutto, questo non fu possibile.<\/p>\n<p style=\"text-align:justify\"><i>Una voce: &#8220;Non \u00e8 vero! Parli l\u2019onorevole Mazzoni!&#8221; (Rumori)<\/i><\/p>\n<p style=\"text-align:justify\"><b>Giacomo Matteotti.<\/b>\u00a0Su ottomila comuni italiani, e su mille candidati delle minoranze, la possibilit\u00e0 \u00e8 stata ridotta a un piccolissimo numero di casi, soltanto l\u00e0 dove il partito dominante ha consentito per alcune ragioni particolari o di luogo o di persona.\u00a0<i>(Interruzioni, rumori)<\/i>Volete i fatti? La Camera ricorder\u00e0 l\u2019incidente occorso al collega Gonzales.<\/p>\n<p style=\"text-align:justify\"><b>Attilio Teruzzi.<\/b>\u00a0Noi ci ricordiamo del 1919, quando buttavate gli ufficiali nel Naviglio. lo, per un anno, sono andato a casa con la pena di morte sulla testa!<\/p>\n<p style=\"text-align:justify\"><b>Giacomo Matteotti.<\/b>\u00a0Onorevoli colleghi, se voi volete contrapporci altre elezioni, ebbene io domando la testimonianza di un uomo che siede al banco del Governo, se nessuno possa dichiarare che ci sia stato un solo avversario che non abbia potuto parlare in contraddittorio con me nel 1919.<\/p>\n<p style=\"text-align:justify\"><i>Voci: &#8220;Non \u00e8 vero! non \u00e8 vero!&#8221;<\/i><\/p>\n<p style=\"text-align:justify\"><b>Aldo Finzi.<\/b><sup id=\"cite_ref-7\" class=\"reference\"><\/sup>\u00a0Michele Bianchi! Proprio lei ha impedito di parlare a Michele Bianchi!<\/p>\n<p style=\"text-align:justify\"><b>Giacomo Matteotti.<\/b>\u00a0Lei dice il falso!\u00a0<i>(Interruzioni, rumori)<\/i>\u00a0Il fatto \u00e8 semplicemente questo, che l\u2019onorevole Michele Bianchi con altri teneva un comizio a Badia Polesine. Alla fine del comizio che essi tennero sono arrivato io e ho domandato la parola in contraddittorio. Essi rifiutarono e se ne andarono e io rimasi a parlare.\u00a0<i>(Rumori, interruzioni)<\/i><\/p>\n<p style=\"text-align:justify\"><b>Aldo Finzi.<\/b>\u00a0Non \u00e8 cos\u00ec!<\/p>\n<p style=\"text-align:justify\"><b>Giacomo Matteotti.<\/b>\u00a0Porter\u00f2 i giornali vostri che lo attestano.<\/p>\n<p style=\"text-align:justify\"><b>Aldo Finzi.<\/b>\u00a0Lo domandi all\u2019onorevole Merlin che \u00e8 pi\u00f9 vicino a lei! L\u2019onorevole Merlin cristianamente deporr\u00e0.<\/p>\n<p style=\"text-align:justify\"><b>Giacomo Matteotti.<\/b>\u00a0L\u2019on. Merlin ha avuto numerosi contraddittori con me, e nessuno fu impedito e stroncato. Ma lasciamo stare il passato. Non dovevate voi essere i rinnovatori del costume italiano? Non dovevate voi essere coloro che avrebbero portato un nuovo costume morale nelle elezioni?\u00a0<i>(Rumori)<\/i>\u00a0E, signori che mi interrompete, anche qui nell\u2019assemblea?\u00a0<i>(Rumori a destra)<\/i><\/p>\n<p style=\"text-align:justify\"><b>Attilio Teruzzi.<\/b>\u00a0\u00c8 ora di finirla con queste falsit\u00e0.<\/p>\n<p style=\"text-align:justify\"><b>Giacomo Matteotti.<\/b>\u00a0L\u2019inizio della campagna elettorale del 1924 avvenne dunque a Genova, con una conferenza privata e per inviti da parte dell\u2019onorevole Gonzales. Orbene, prima ancora che si iniziasse la conferenza, i fascisti invasero la sala e a furia di bastonate impedirono all\u2019oratore di aprire nemmeno la bocca.\u00a0<i>(Rumori, interruzioni, apostrofi)<\/i><\/p>\n<p style=\"text-align:justify\"><i>Una voce: &#8220;Non \u00e8 vero, non fu impedito niente.&#8221; (Rumori)<\/i><\/p>\n<p style=\"text-align:justify\"><b>Giacomo Matteotti.<\/b>\u00a0Allora rettifico! Se l\u2019onorevole Gonzales dovette passare 8 giorni a letto, vuol dire che si \u00e8 ferito da solo, non fu bastonato.\u00a0<i>(Rumori, interruzioni)<\/i>\u00a0L\u2019onorevole Gonzales, che \u00e8 uno studioso di San Francesco, si \u00e8 forse autoflagellato!\u00a0<i>(Si ride. Interruzioni)<\/i>A Napoli doveva parlare&#8230;\u00a0<i>(Rumori vivissimi, scambio di apostrofi fra alcuni deputati che siedono all\u2019estrema sinistra)<\/i><\/p>\n<p style=\"text-align:justify\"><b>Presidente.<\/b>\u00a0Onorevoli colleghi, io deploro quello che accade. Prendano posto e non turbino la discussione! Onorevole Matteotti, prosegua, sia breve, e concluda.<\/p>\n<p style=\"text-align:justify\"><b>Giacomo Matteotti.<\/b>\u00a0L\u2019Assemblea deve tenere conto che io debbo parlare per improvvisazione, e che mi limito&#8230;<\/p>\n<p style=\"text-align:justify\"><i>Voci: &#8220;Si vede che improvvisa! E dice che porta dei fatti!&#8221;<\/i><\/p>\n<p style=\"text-align:justify\"><b>Enrico Gonzales.<\/b>\u00a0I fatti non sono improvvisati!\u00a0<i>(Rumori)<\/i><\/p>\n<p style=\"text-align:justify\"><b>Giacomo Matteotti.<\/b>\u00a0Mi limito, dico, alla nuda e cruda esposizione di alcuni fatti. Ma se per tale forma di esposizione domando il compatimento dell\u2019Assemblea&#8230;\u00a0<i>(Rumori)<\/i>\u00a0non comprendo come i fatti senza aggettivi e senza ingiurie possano sollevare urla e rumori. Dicevo dunque che ai candidati non fu lasciata nessuna libert\u00e0 di esporre liberamente il loro pensiero in contraddittorio con quello del Governo fascista e accennavo al fatto dell\u2019onorevole Gonzales, accennavo al fatto dell\u2019onorevole Bentini a Napoli, alla conferenza che doveva tenere il capo dell\u2019opposizione costituzionale, l\u2019onorevole Amendola\u00a0<sup id=\"cite_ref-8\" class=\"reference\"><\/sup>, e che fu impedita&#8230;\u00a0<i>(Oh, oh! &#8211; Rumori)<\/i><\/p>\n<p style=\"text-align:justify\"><i>Voci: a destra: &#8220;Ma che costituzionale! Sovversivo come voi! Siete d\u2019accordo tutti!&#8221;<\/i><\/p>\n<p style=\"text-align:justify\"><b>Giacomo Matteotti.<\/b>\u00a0Vuol dire dunque che il termine &#8220;sovversivo&#8221; ha molta elasticit\u00e0!<\/p>\n<p style=\"text-align:justify\"><b>Paolo Greco.<\/b>\u00a0Chiedo di parlare sulle affermazioni dell\u2019onorevole Matteotti.<\/p>\n<p style=\"text-align:justify\"><b>Giacomo Matteotti.<\/b>\u00a0L\u2019onorevole Amendola fu impedito di tenere la sua conferenza, per la mobilitazione, documentata, da parte di comandanti di corpi armati, i quali intervennero in citt\u00e0&#8230;<\/p>\n<p style=\"text-align:justify\"><b>Enrico Presutti.<\/b>\u00a0Dica bande armate, non corpi armati!<\/p>\n<p style=\"text-align:justify\"><b>Giacomo Matteotti.<\/b>\u00a0Bande armate, le quali impedirono la pubblica e libera conferenza.\u00a0<i>(Rumori)<\/i>\u00a0Del resto, noi ci siamo trovati in queste condizioni: su 100 dei nostri candidati, circa 60 non potevano circolare liberamente nella loro circoscrizione!<\/p>\n<p style=\"text-align:justify\"><i>Voci: a destra: &#8220;Per paura! Per paura!&#8221; (Rumori &#8211; Commenti)<\/i><\/p>\n<p style=\"text-align:justify\"><b>Roberto Farinacci.<\/b>\u00a0Vi abbiamo invitati telegraficamente!<\/p>\n<p style=\"text-align:justify\"><b>Giacomo Matteotti.<\/b>\u00a0Non credevamo che le elezioni dovessero svolgersi proprio come un saggio di resistenza inerme alle violenze fisiche dell\u2019avversario, che \u00e8 al Governo e dispone di tutte le forze armate!\u00a0<i>(Rumori)<\/i>\u00a0Che non fosse paura, poi, lo dimostra il fatto che, per un contraddittorio, noi chiedemmo che ad esso solo gli avversari fossero presenti, e nessuno dei nostri; perch\u00e9, altrimenti, voi sapete come \u00e8 vostro costume dire che &#8220;qualcuno di noi ha provocato&#8221; e come &#8220;in seguito a provocazioni&#8221; i fascisti &#8220;dovettero&#8221; legittimamente ritorcere l\u2019offesa, picchiando su tutta la linea!\u00a0<i>(Interruzioni)<\/i><\/p>\n<p style=\"text-align:justify\"><i>Voci: a destra: &#8220;L\u2019avete studiato bene!&#8221;<\/i><\/p>\n<p style=\"text-align:justify\"><b>Orazio Pedrazzi.<\/b>\u00a0Come siete pratici di queste cose, voi!<\/p>\n<p style=\"text-align:justify\"><b>Presidente.<\/b>\u00a0Onorevole Pedrazzi!<\/p>\n<p style=\"text-align:justify\"><b>Giacomo Matteotti.<\/b>\u00a0Comunque, ripeto, i candidati erano nella impossibilit\u00e0 di circolare nelle loro circoscrizioni!<\/p>\n<p style=\"text-align:justify\"><i>Voci: a destra: &#8220;Avevano paura!&#8221;<\/i><\/p>\n<p style=\"text-align:justify\"><b>Filippo Turati.<\/b>\u00a0Paura! S\u00ec, paura! Come nella Sila, quando c\u2019erano i briganti, avevano paura.\u00a0<i>(Vivi rumori a destra, approvazioni a sinistra)<\/i><\/p>\n<p style=\"text-align:justify\"><i>Una voce: &#8220;Lei ha tenuto il contraddittorio con me ed \u00e8 stato rispettato&#8221;<\/i><\/p>\n<p style=\"text-align:justify\"><b>Filippo Turati.<\/b>\u00a0Ho avuto la vostra protezione a mia vergogna!\u00a0<i>(Applausi a sinistra, rumori a destra)<\/i><\/p>\n<p style=\"text-align:justify\"><b>Presidente.<\/b>\u00a0Concluda, onorevole Matteotti.. Non provochi incidenti!<\/p>\n<p style=\"text-align:justify\"><b>Giacomo Matteotti.<\/b>\u00a0Io protesto! Se ella crede che non gli altri mi impediscano di parlare, ma che sia io a provocare incidenti, mi seggo e non parlo!\u00a0<i>(Approvazioni a sinistra &#8211; Rumori prolungati)<\/i><\/p>\n<p style=\"text-align:justify\"><b>Presidente.<\/b>\u00a0Ha finito? Allora ha facolt\u00e0 di parlare l\u2019onorevole Rossi&#8230;<\/p>\n<p style=\"text-align:justify\"><b>Giacomo Matteotti.<\/b>\u00a0Ma che maniera \u00e8 questa! Lei deve tutelare il mio diritto di parlare! lo non ho offeso nessuno! Riferisco soltanto dei fatti. Ho diritto di essere rispettato!\u00a0<i>(Rumori prolungati, Conversazioni)<\/i><\/p>\n<p style=\"text-align:justify\"><b>Antonio Casertano.<\/b><sup id=\"cite_ref-9\" class=\"reference\"><\/sup>\u00a0Chiedo di parlare.<\/p>\n<p style=\"text-align:justify\"><b>Presidente.<\/b>\u00a0Ha facolt\u00e0 di parlare l\u2019onorevole Presidente della Giunta delle elezioni. C\u2019\u00e8 una proposta di rinvio degli atti alla Giunta.<\/p>\n<p style=\"text-align:justify\"><b>Giacomo Matteotti.<\/b>\u00a0Onorevole Presidente!&#8230;<\/p>\n<p style=\"text-align:justify\"><b>Presidente.<\/b>\u00a0Onorevole Matteotti, se ella vuole parlare, ha facolt\u00e0 di continuare, ma prudentemente.<\/p>\n<p style=\"text-align:justify\"><b>Giacomo Matteotti.<\/b>\u00a0Io chiedo di parlare non prudentemente, n\u00e9 imprudentemente, ma parlamentarmente!<\/p>\n<p style=\"text-align:justify\"><b>Presidente.<\/b>\u00a0Parli, parli.<\/p>\n<p style=\"text-align:justify\"><b>Giacomo Matteotti.<\/b>\u00a0I candidati non avevano libera circolazione&#8230;\u00a0<i>(Rumori. Interruzioni)<\/i><\/p>\n<p style=\"text-align:justify\"><b>Presidente.<\/b>\u00a0Facciano silenzio! Lascino parlare!<\/p>\n<p style=\"text-align:justify\"><b>Giacomo Matteotti.<\/b>\u00a0Non solo non potevano circolare, ma molti di essi non potevano neppure risiedere nelle loro stesse abitazioni, nelle loro stesse citt\u00e0. Alcuno, che rimase al suo posto, ne vide poco dopo le conseguenze. Molti non accettarono la candidatura, perch\u00e9 sapevano che accettare la candidatura voleva dire non aver pi\u00f9 lavoro l\u2019indomani o dover abbandonare il proprio paese ed emigrare all\u2019estero.\u00a0<i>(Commenti)<\/i><\/p>\n<p style=\"text-align:justify\"><i>Una voce: &#8220;Erano disoccupati!&#8221;<\/i><\/p>\n<p style=\"text-align:justify\"><b>Giacomo Matteotti.<\/b>\u00a0No, lavorano tutti, e solo non lavorano, quando voi li boicottate.<\/p>\n<p style=\"text-align:justify\"><i>Voci a destra: &#8220;E quando li boicottate voi?&#8221;<\/i><\/p>\n<p style=\"text-align:justify\"><b>Roberto Farinacci.<\/b>\u00a0Lasciatelo parlare! Fate il loro giuoco!<\/p>\n<p style=\"text-align:justify\"><b>Giacomo Matteotti.<\/b>\u00a0Uno dei candidati, l\u2019onorevole Piccinini, al quale mando a nome del mio gruppo un saluto&#8230;\u00a0<i>(Rumori)<\/i><\/p>\n<p style=\"text-align:justify\"><i>Voci: &#8220;E Berta? Berta!&#8221;<\/i><\/p>\n<p style=\"text-align:justify\"><b>Giacomo Matteotti.<\/b>\u00a0&#8230; conobbe cosa voleva dire obbedire alla consegna del proprio partito. Fu assassinato nella sua casa, per avere accettata la candidatura nonostante prevedesse quale sarebbe stato per essere il destino suo all\u2019indomani.\u00a0<i>(Rumori)<\/i>\u00a0Ma i candidati &#8211; voi avete ragione di urlarmi, onorevoli colleghi &#8211; i candidati devono sopportare la sorte della battaglia e devono prendere tutto quello che \u00e8 nella lotta che oggi imperversa. Lo accenno soltanto, non per domandare nulla, ma perch\u00e9 anche questo \u00e8 un fatto concorrente a dimostrare come si sono svolte le elezioni.\u00a0<i>(Approvazioni all\u2019estrema sinistra)<\/i>\u00a0Un\u2019altra delle garanzie pi\u00f9 importanti per lo svolgimento di una libera elezione era quella della presenza e del controllo dei rappresentanti di ciascuna lista, in ciascun seggio. Voi sapete che, nella massima parte dei casi, sia per disposizione di legge, sia per interferenze di autorit\u00e0, i seggi &#8211; anche in seguito a tutti gli scioglimenti di Consigli comunali imposti dal Governo e dal partito dominante &#8211; risultarono composti quasi totalmente di aderenti al partito dominante. Quindi l\u2019unica garanzia possibile, l\u2019ultima garanzia esistente per le minoranze, era quella della presenza del rappresentante di lista al seggio. Orbene, essa venne a mancare. Infatti, nel 90 per cento, e credo in qualche regione fino al 100 per cento dei casi, tutto il seggio era fascista e il rappresentante della lista di minoranza non pot\u00e9 presenziare le operazioni. Dove and\u00f2, meno in poche grandi citt\u00e0 e in qualche rara provincia, esso sub\u00ec le violenze che erano minacciate a chiunque avesse osato controllare dentro il seggio la maniera come si votava, la maniera come erano letti e constatati i risultati. Per constatare il fatto, non occorre nuovo reclamo e documento. Basta che la Giunta delle elezioni esamini i verbali di tutte le circoscrizioni, e controlli i registri. Quasi dappertutto le operazioni si sono svolte fuori della presenza di alcun rappresentante di lista. Veniva cos\u00ec a mancare l\u2019unico controllo, l\u2019unica garanzia, sopra la quale si pu\u00f2 dire se le elezioni si sono svolte nelle dovute forme e colla dovuta legalit\u00e0. Noi possiamo riconoscere che, in alcuni luoghi, in alcune poche citt\u00e0 e in qualche provincia, il giorno delle elezioni vi \u00e8 stata una certa libert\u00e0. Ma questa concessione limitata della libert\u00e0 nello spazio e nel tempo &#8211; e l\u2019onorevole Farinacci, che \u00e8 molto aperto, me lo potrebbe ammettere &#8211; fu data ad uno scopo evidente: dimostrare, nei centri pi\u00f9 controllati dall\u2019opinione pubblica e in quei luoghi nei quali una pi\u00f9 densa popolazione avrebbe reagito alla violenza con una evidente astensione controllabile da parte di tutti, che una certa libert\u00e0 c\u2019\u00e8 stata. Ma, strana coincidenza, proprio in quei luoghi dove fu concessa a scopo dimostrativo quella libert\u00e0, le minoranze raccolsero una tale abbondanza di suffragi, da superare la maggioranza &#8211; con questa conseguenza per\u00f2, che la violenza, che non si era avuta prima delle elezioni, si ebbe dopo le elezioni. E noi ricordiamo quello che \u00e8 avvenuto specialmente nel Milanese e nel Genovesato ed in parecchi altri luoghi, dove le elezioni diedero risultati soddisfacenti in confronto alla lista fascista. Si ebbero distruzioni di giornali, devastazioni di locali, bastonature alle persone. Distruzioni che hanno portato milioni di danni&#8230;\u00a0<i>(Vivissimi rumori al centro e a destra)<\/i><\/p>\n<p style=\"text-align:justify\"><i>Una voce, a destra: &#8220;Ricordatevi delle devastazioni dei comunisti!&#8221;<\/i><\/p>\n<p style=\"text-align:justify\"><b>Giacomo Matteotti.<\/b>\u00a0Onorevoli colleghi, ad un comunista potrebbe essere lecito, secondo voi, di distruggere la ricchezza nazionale, ma non ai nazionalisti, n\u00e9 ai fascisti come vi vantate voi! Si sono avuti, dicevo, danni per parecchi milioni, tanto che persino un alto personaggio, che ha residenza in Roma, ha dovuto accorgersene, mandando la sua adeguata protesta e il soccorso economico. In che modo si votava? La votazione avvenne in tre maniere: l\u2019Italia \u00e8 una, ma ha ancora diversi costumi. Nella valle del Po, in Toscana e in altre regioni che furono citate all\u2019ordine del giorno dal Presidente del Consiglio per l\u2019atto di fedelt\u00e0 che diedero al Governo fascista, e nelle quali i contadini erano stati prima organizzati dal partito socialista, o dal partito popolare, gli elettori votavano sotto controllo del partito fascista con la &#8220;regola del tre&#8221;. Ci\u00f2 fu dichiarato e apertamente insegnato persino da un prefetto, dal prefetto di Bologna: i fascisti consegnavano agli elettori un bollettino contenente tre numeri o tre nomi, secondo i luoghi\u00a0<i>(Interruzioni)<\/i>, variamente alternati in maniera che tutte le combinazioni, cio\u00e8 tutti gli elettori di ciascuna sezione, uno per uno, potessero essere controllati e riconosciuti personalmente nel loro voto. In moltissime provincie, a cominciare dalla mia, dalla provincia di Rovigo, questo metodo risult\u00f2 eccellente.<\/p>\n<p style=\"text-align:justify\"><b>Aldo Finzi.<\/b>\u00a0Evidentemente lei non c\u2019era! Questo metodo non fu usato!<\/p>\n<p style=\"text-align:justify\"><b>Giacomo Matteotti.<\/b>\u00a0Onorevole Finzi, sono lieto che, con la sua negazione, ella venga implicitamente a deplorare il metodo che \u00e8 stato usato.<\/p>\n<p style=\"text-align:justify\"><b>Aldo Finzi.<\/b>\u00a0Lo provi.<\/p>\n<p style=\"text-align:justify\"><b>Giacomo Matteotti.<\/b>\u00a0In queste regioni tutti gli elettori&#8230;<\/p>\n<p style=\"text-align:justify\"><b>Francesco Ciarlantini.<\/b>\u00a0Lei ha un trattato, perch\u00e9 non lo pubblica?<\/p>\n<p style=\"text-align:justify\"><b>Giacomo Matteotti.<\/b>\u00a0Lo pubblicher\u00f2, quando mi si assicurer\u00e0 che le tipografie del Regno sono indipendenti e sicure\u00a0<i>(Vivissimi rumori al centro e a destra)<\/i>; perch\u00e9, come tutti sanno, anche durante le elezioni, i nostri opuscoli furono sequestrati, i giornali invasi, le tipografie devastate o diffidate di pubblicare le nostre cose.\u00a0<i>(Rumori)<\/i><\/p>\n<p style=\"text-align:justify\"><i>Voci: &#8220;No! No!&#8221;<\/i><\/p>\n<p style=\"text-align:justify\"><b>Giacomo Matteotti.<\/b>\u00a0Nella massima parte dei casi per\u00f2 non vi fu bisogno delle sanzioni, perch\u00e9 i poveri contadini sapevano inutile ogni resistenza e dovevano subire la legge del pi\u00f9 forte, la legge del padrone, votando, per tranquillit\u00e0 della famiglia, la terna assegnata a ciascuno dal dirigente locale del Sindacato fascista o dal fascio.\u00a0<i>(Vivi rumori interruzioni)<\/i><\/p>\n<p style=\"text-align:justify\"><b>Giacono Suardo.<\/b>\u00a0L\u2019onorevole Matteotti non insulta me rappresentante: insulta il popolo italiano ed io, per la mia dignit\u00e0, esco dall\u2019Aula.\u00a0<i>(Rumori &#8211; Commenti)<\/i>\u00a0La mia citt\u00e0 in ginocchio ha inneggiato al Duce Mussolini, sfido l\u2019onorevole Matteotti a provare le sue affermazioni. Per la mia dignit\u00e0 di soldato, abbandono quest\u2019Aula.\u00a0<i>(Applausi, commenti)<\/i><\/p>\n<p style=\"text-align:justify\"><b>Attilio Teruzzi.<\/b>\u00a0L\u2019onorevole Suardo \u00e8 medaglia d\u2019oro! Si vergogni, on. Matteotti.\u00a0<i>(Rumori all\u2019estrema sinistra)<\/i><\/p>\n<p style=\"text-align:justify\"><b>Presidente.<\/b>\u00a0Facciano silenzio! Onorevole Matteotti, concluda!<\/p>\n<p style=\"text-align:justify\"><b>Giacomo Matteotti.<\/b>\u00a0Io posso documentare e far nomi. In altri luoghi invece furono incettati i certificati elettorali, metodo che in realt\u00e0 era stato usato in qualche piccola circoscrizione anche nell\u2019Italia prefascista, ma che dall\u2019Italia fascista ha avuto l\u2019onore di essere esteso a larghissime zone del meridionale; incetta di certificati, per la quale, essendosi determinata una larga astensione degli elettori che non si ritenevano liberi di esprimere il loro pensiero, i certificati furono raccolti e affidati a gruppi di individui, i quali si recavano alle sezioni elettorali per votare con diverso nome, fino al punto che certuni votarono dieci o venti volte e che giovani di venti anni si presentarono ai seggi e votarono a nome di qualcheduno che aveva compiuto i 60 anni.\u00a0<i>(Commenti)<\/i>\u00a0Si trovarono solo in qualche seggio pochi, ma autorevoli magistrati, che, avendo rilevato il fatto, riuscirono ad impedirlo.<\/p>\n<p style=\"text-align:justify\"><b>Edoardo Torre.<\/b>\u00a0Basta, la finisca!\u00a0<i>(Rumori, commenti)<\/i>\u00a0Che cosa stiamo a fare qui? Dobbiamo tollerare che ci insulti?\u00a0<i>(Rumori &#8211; Alcuni deputati scendono nell\u2019emiciclo)<\/i>\u00a0Per voi ci vuole il domicilio coatto e non il Parlamento!\u00a0<i>(Commenti &#8211; Rumori)<\/i><\/p>\n<p style=\"text-align:justify\"><i>Voci: &#8220;Vada in Russia!&#8221;<\/i><\/p>\n<p style=\"text-align:justify\"><b>Presidente.<\/b>\u00a0Facciano silenzio! E lei, onorevole Matteotti, concluda!<\/p>\n<p style=\"text-align:justify\"><b>Giacomo Matteotti.<\/b>\u00a0Coloro che ebbero la ventura di votare e di raggiungere le cabine, ebbero, dentro le cabine, in moltissimi Comuni, specialmente della campagna, la visita di coloro che erano incaricati di controllare i loro voti. Se la Giunta delle elezioni volesse aprire i plichi e verificare i cumuli di schede che sono state votate, potrebbe trovare che molti voti di preferenza sono stati scritti sulle schede tutti dalla stessa mano, cos\u00ec come altri voti di lista furono cancellati, o addirittura letti al contrario. Non voglio dilungarmi a descrivere i molti altri sistemi impiegati per impedire la libera espressione della volont\u00e0 popolare. Il fatto \u00e8 che solo una piccola minoranza di cittadini ha potuto esprimere liberamente il suo voto: il pi\u00f9 delle volte, quasi esclusivamente coloro che non potevano essere sospettati di essere socialisti. I nostri furono impediti dalla violenza; mentre riuscirono pi\u00f9 facilmente a votare per noi persone nuove e indipendenti, le quali, non essendo credute socialiste, si sono sottratte al controllo e hanno esercitato il loro diritto liberamente. A queste nuove forze che manifestano la reazione della nuova Italia contro l\u2019oppressione del nuovo regime, noi mandiamo il nostro ringraziamento.\u00a0<i>(Applausi all\u2019estrema sinistra. Rumori dalle altre parti della Camera)<\/i>\u00a0Per tutte queste ragioni, e per le altre che di fronte alle vostre rumorose sollecitazioni rinunzio a svolgere, ma che voi ben conoscete perch\u00e9 ciascuno di voi ne \u00e8 stato testimonio per lo meno&#8230;\u00a0<i>(Rumori)<\/i>\u00a0per queste ragioni noi domandiamo l\u2019annullamento in blocco della elezione di maggioranza.<\/p>\n<p style=\"text-align:justify\"><i>Voci a destra: &#8220;Accettiamo&#8221; (Vivi applausi a destra e al centro)<\/i><\/p>\n<p style=\"text-align:justify\"><b>Giacomo Matteotti.<\/b>\u00a0[&#8230;] Voi dichiarate ogni giorno di volere ristabilire l\u2019autorit\u00e0 dello Stato e della legge. Fatelo, se siete ancora in tempo; altrimenti voi s\u00ec, veramente, rovinate quella che \u00e8 l\u2019intima essenza, la ragione morale della Nazione. Non continuate pi\u00f9 oltre a tenere la Nazione divisa in padroni e sudditi, poich\u00e9 questo sistema certamente provoca la licenza e la rivolta. Se invece la libert\u00e0 \u00e8 data, ci possono essere errori, eccessi momentanei, ma il popolo italiano, come ogni altro, ha dimostrato di saperseli correggere da s\u00e9 medesimo.\u00a0<i>(Interruzioni a destra)<\/i>Noi deploriamo invece che si voglia dimostrare che solo il nostro popolo nel mondo non sa reggersi da s\u00e9 e deve essere governato con la forza. Ma il nostro popolo stava risollevandosi ed educandosi, anche con l\u2019opera nostra. Voi volete ricacciarci indietro. Noi difendiamo la libera sovranit\u00e0 del popolo italiano al quale mandiamo il pi\u00f9 alto saluto e crediamo di rivendicarne la dignit\u00e0, domandando il rinvio delle elezioni inficiate dalla violenza alla Giunta delle elezioni.\u00a0<i>(Applausi all\u2019estrema sinistra &#8211; Vivi rumori)[&#8230;]<\/i><\/p>\n<div id=\"attachment_1739\" style=\"width: 892px\" class=\"wp-caption alignnone\"><img loading=\"lazy\" decoding=\"async\" aria-describedby=\"caption-attachment-1739\" class=\"alignnone size-full wp-image-1739\" src=\"https:\/\/www.istitutostudisindacali.net\/biblioteca\/wp-content\/uploads\/sites\/2\/2019\/05\/giacomo-matteotti.jpg\" alt=\"Giacomo-Matteotti\" width=\"882\" height=\"1441\" srcset=\"https:\/\/www.istitutostudisindacali.net\/bibliotecablog\/wp-content\/uploads\/sites\/17\/2019\/05\/giacomo-matteotti.jpg 882w, https:\/\/www.istitutostudisindacali.net\/bibliotecablog\/wp-content\/uploads\/sites\/17\/2019\/05\/giacomo-matteotti-184x300.jpg 184w, https:\/\/www.istitutostudisindacali.net\/bibliotecablog\/wp-content\/uploads\/sites\/17\/2019\/05\/giacomo-matteotti-627x1024.jpg 627w, https:\/\/www.istitutostudisindacali.net\/bibliotecablog\/wp-content\/uploads\/sites\/17\/2019\/05\/giacomo-matteotti-768x1255.jpg 768w, https:\/\/www.istitutostudisindacali.net\/bibliotecablog\/wp-content\/uploads\/sites\/17\/2019\/05\/giacomo-matteotti-610x997.jpg 610w\" sizes=\"(max-width: 882px) 100vw, 882px\" \/><p id=\"caption-attachment-1739\" class=\"wp-caption-text\">Giacomo Matteotti<\/p><\/div>\n<p>&nbsp;<\/p>\n<h3 style=\"text-align:center\"><strong><em>Tratto dal libro &#8220;Parla l&#8217;opposizione&#8221;\u00a0<\/em><\/strong><\/h3>\n<h3 style=\"text-align:center\"><strong><em>Disponibile presso la BIBLIOTECA NAZIONALE UIL ARTURO CHIARI<\/em><\/strong><\/h3>\n","protected":false},"excerpt":{"rendered":"<p>[&#8230;]Presidente.\u00a0Ha chiesto di parlare l\u2019onorevole Matteotti. Ne ha facolt\u00e0. Giacomo Matteotti.\u00a0Noi abbiamo avuto da parte della Giunta delle elezioni la proposta di convalida di numerosi colleghi. Nessuno certamente, degli appartenenti a questa Assemblea, all\u2019infuori credo dei componenti la Giunta delle elezioni, saprebbe ridire l\u2019elenco dei nomi letti per la convalida, nessuno, n\u00e9 della Camera n\u00e9 [&hellip;]<\/p>\n","protected":false},"author":7,"featured_media":1741,"comment_status":"closed","ping_status":"closed","sticky":false,"template":"","format":"standard","meta":{"_et_pb_use_builder":"","_et_pb_old_content":"","_et_gb_content_width":"","ngg_post_thumbnail":0,"_jetpack_memberships_contains_paid_content":false,"footnotes":""},"categories":[115],"tags":[1143,7,49],"class_list":["post-1737","post","type-post","status-publish","format-standard","has-post-thumbnail","hentry","category-storia","tag-camera-dei-deputati","tag-evidenza","tag-giacomo-matteotti","et-has-post-format-content","et_post_format-et-post-format-standard"],"yoast_head":"<!-- This site is optimized with the Yoast SEO plugin v27.4 - https:\/\/yoast.com\/product\/yoast-seo-wordpress\/ -->\n<title>30 maggio 1924 Giacomo Matteotti denuncia in Parlamento le violenze dei fascisti durante le elezioni di Aprile - Blog della Biblioteca<\/title>\n<meta name=\"robots\" content=\"index, follow, max-snippet:-1, max-image-preview:large, max-video-preview:-1\" \/>\n<link rel=\"canonical\" href=\"https:\/\/www.istitutostudisindacali.net\/bibliotecablog\/2019\/05\/30\/30-maggio-1924-giacomo-matteotti-denuncia-in-parlamento-le-violenze-dei-fascisti-durante-le-elezioni-di-aprile\/\" \/>\n<meta property=\"og:locale\" content=\"it_IT\" \/>\n<meta property=\"og:type\" content=\"article\" \/>\n<meta property=\"og:title\" content=\"30 maggio 1924 Giacomo Matteotti denuncia in Parlamento le violenze dei fascisti durante le elezioni di Aprile - Blog della Biblioteca\" \/>\n<meta property=\"og:description\" content=\"[&#8230;]Presidente.\u00a0Ha chiesto di parlare l\u2019onorevole Matteotti. Ne ha facolt\u00e0. Giacomo Matteotti.\u00a0Noi abbiamo avuto da parte della Giunta delle elezioni la proposta di convalida di numerosi colleghi. Nessuno certamente, degli appartenenti a questa Assemblea, all\u2019infuori credo dei componenti la Giunta delle elezioni, saprebbe ridire l\u2019elenco dei nomi letti per la convalida, nessuno, n\u00e9 della Camera n\u00e9 [&hellip;]\" \/>\n<meta property=\"og:url\" content=\"https:\/\/www.istitutostudisindacali.net\/bibliotecablog\/2019\/05\/30\/30-maggio-1924-giacomo-matteotti-denuncia-in-parlamento-le-violenze-dei-fascisti-durante-le-elezioni-di-aprile\/\" \/>\n<meta property=\"og:site_name\" content=\"Blog della Biblioteca\" \/>\n<meta property=\"article:published_time\" content=\"2019-05-30T04:00:21+00:00\" \/>\n<meta property=\"article:modified_time\" content=\"2023-02-04T18:11:00+00:00\" \/>\n<meta property=\"og:image\" content=\"https:\/\/www.istitutostudisindacali.net\/bibliotecablog\/wp-content\/uploads\/sites\/17\/2019\/05\/maxresdefault-1.jpg\" \/>\n\t<meta property=\"og:image:width\" content=\"1280\" \/>\n\t<meta property=\"og:image:height\" content=\"720\" \/>\n\t<meta property=\"og:image:type\" content=\"image\/jpeg\" \/>\n<meta name=\"author\" content=\"Loredana Pietri\" \/>\n<meta name=\"twitter:card\" content=\"summary_large_image\" \/>\n<meta name=\"twitter:label1\" content=\"Scritto da\" \/>\n\t<meta name=\"twitter:data1\" content=\"Loredana Pietri\" \/>\n\t<meta name=\"twitter:label2\" content=\"Tempo di lettura stimato\" \/>\n\t<meta name=\"twitter:data2\" content=\"23 minuti\" \/>\n<script type=\"application\/ld+json\" class=\"yoast-schema-graph\">{\"@context\":\"https:\\\/\\\/schema.org\",\"@graph\":[{\"@type\":\"Article\",\"@id\":\"https:\\\/\\\/www.istitutostudisindacali.net\\\/bibliotecablog\\\/2019\\\/05\\\/30\\\/30-maggio-1924-giacomo-matteotti-denuncia-in-parlamento-le-violenze-dei-fascisti-durante-le-elezioni-di-aprile\\\/#article\",\"isPartOf\":{\"@id\":\"https:\\\/\\\/www.istitutostudisindacali.net\\\/bibliotecablog\\\/2019\\\/05\\\/30\\\/30-maggio-1924-giacomo-matteotti-denuncia-in-parlamento-le-violenze-dei-fascisti-durante-le-elezioni-di-aprile\\\/\"},\"author\":{\"name\":\"Loredana Pietri\",\"@id\":\"https:\\\/\\\/www.istitutostudisindacali.net\\\/bibliotecablog\\\/#\\\/schema\\\/person\\\/67df37a680cbbc103a59f61989c3f7e0\"},\"headline\":\"30 maggio 1924 Giacomo Matteotti denuncia in Parlamento le violenze dei fascisti durante le elezioni di Aprile\",\"datePublished\":\"2019-05-30T04:00:21+00:00\",\"dateModified\":\"2023-02-04T18:11:00+00:00\",\"mainEntityOfPage\":{\"@id\":\"https:\\\/\\\/www.istitutostudisindacali.net\\\/bibliotecablog\\\/2019\\\/05\\\/30\\\/30-maggio-1924-giacomo-matteotti-denuncia-in-parlamento-le-violenze-dei-fascisti-durante-le-elezioni-di-aprile\\\/\"},\"wordCount\":4645,\"image\":{\"@id\":\"https:\\\/\\\/www.istitutostudisindacali.net\\\/bibliotecablog\\\/2019\\\/05\\\/30\\\/30-maggio-1924-giacomo-matteotti-denuncia-in-parlamento-le-violenze-dei-fascisti-durante-le-elezioni-di-aprile\\\/#primaryimage\"},\"thumbnailUrl\":\"https:\\\/\\\/www.istitutostudisindacali.net\\\/bibliotecablog\\\/wp-content\\\/uploads\\\/sites\\\/17\\\/2019\\\/05\\\/maxresdefault-1.jpg\",\"keywords\":[\"Camera dei Deputati\",\"evidenza\",\"Giacomo Matteotti\"],\"articleSection\":[\"Storia\"],\"inLanguage\":\"it-IT\"},{\"@type\":\"WebPage\",\"@id\":\"https:\\\/\\\/www.istitutostudisindacali.net\\\/bibliotecablog\\\/2019\\\/05\\\/30\\\/30-maggio-1924-giacomo-matteotti-denuncia-in-parlamento-le-violenze-dei-fascisti-durante-le-elezioni-di-aprile\\\/\",\"url\":\"https:\\\/\\\/www.istitutostudisindacali.net\\\/bibliotecablog\\\/2019\\\/05\\\/30\\\/30-maggio-1924-giacomo-matteotti-denuncia-in-parlamento-le-violenze-dei-fascisti-durante-le-elezioni-di-aprile\\\/\",\"name\":\"30 maggio 1924 Giacomo Matteotti denuncia in Parlamento le violenze dei fascisti durante le elezioni di Aprile - Blog della Biblioteca\",\"isPartOf\":{\"@id\":\"https:\\\/\\\/www.istitutostudisindacali.net\\\/bibliotecablog\\\/#website\"},\"primaryImageOfPage\":{\"@id\":\"https:\\\/\\\/www.istitutostudisindacali.net\\\/bibliotecablog\\\/2019\\\/05\\\/30\\\/30-maggio-1924-giacomo-matteotti-denuncia-in-parlamento-le-violenze-dei-fascisti-durante-le-elezioni-di-aprile\\\/#primaryimage\"},\"image\":{\"@id\":\"https:\\\/\\\/www.istitutostudisindacali.net\\\/bibliotecablog\\\/2019\\\/05\\\/30\\\/30-maggio-1924-giacomo-matteotti-denuncia-in-parlamento-le-violenze-dei-fascisti-durante-le-elezioni-di-aprile\\\/#primaryimage\"},\"thumbnailUrl\":\"https:\\\/\\\/www.istitutostudisindacali.net\\\/bibliotecablog\\\/wp-content\\\/uploads\\\/sites\\\/17\\\/2019\\\/05\\\/maxresdefault-1.jpg\",\"datePublished\":\"2019-05-30T04:00:21+00:00\",\"dateModified\":\"2023-02-04T18:11:00+00:00\",\"author\":{\"@id\":\"https:\\\/\\\/www.istitutostudisindacali.net\\\/bibliotecablog\\\/#\\\/schema\\\/person\\\/67df37a680cbbc103a59f61989c3f7e0\"},\"breadcrumb\":{\"@id\":\"https:\\\/\\\/www.istitutostudisindacali.net\\\/bibliotecablog\\\/2019\\\/05\\\/30\\\/30-maggio-1924-giacomo-matteotti-denuncia-in-parlamento-le-violenze-dei-fascisti-durante-le-elezioni-di-aprile\\\/#breadcrumb\"},\"inLanguage\":\"it-IT\",\"potentialAction\":[{\"@type\":\"ReadAction\",\"target\":[\"https:\\\/\\\/www.istitutostudisindacali.net\\\/bibliotecablog\\\/2019\\\/05\\\/30\\\/30-maggio-1924-giacomo-matteotti-denuncia-in-parlamento-le-violenze-dei-fascisti-durante-le-elezioni-di-aprile\\\/\"]}]},{\"@type\":\"ImageObject\",\"inLanguage\":\"it-IT\",\"@id\":\"https:\\\/\\\/www.istitutostudisindacali.net\\\/bibliotecablog\\\/2019\\\/05\\\/30\\\/30-maggio-1924-giacomo-matteotti-denuncia-in-parlamento-le-violenze-dei-fascisti-durante-le-elezioni-di-aprile\\\/#primaryimage\",\"url\":\"https:\\\/\\\/www.istitutostudisindacali.net\\\/bibliotecablog\\\/wp-content\\\/uploads\\\/sites\\\/17\\\/2019\\\/05\\\/maxresdefault-1.jpg\",\"contentUrl\":\"https:\\\/\\\/www.istitutostudisindacali.net\\\/bibliotecablog\\\/wp-content\\\/uploads\\\/sites\\\/17\\\/2019\\\/05\\\/maxresdefault-1.jpg\",\"width\":1280,\"height\":720},{\"@type\":\"BreadcrumbList\",\"@id\":\"https:\\\/\\\/www.istitutostudisindacali.net\\\/bibliotecablog\\\/2019\\\/05\\\/30\\\/30-maggio-1924-giacomo-matteotti-denuncia-in-parlamento-le-violenze-dei-fascisti-durante-le-elezioni-di-aprile\\\/#breadcrumb\",\"itemListElement\":[{\"@type\":\"ListItem\",\"position\":1,\"name\":\"Home\",\"item\":\"https:\\\/\\\/www.istitutostudisindacali.net\\\/bibliotecablog\\\/\"},{\"@type\":\"ListItem\",\"position\":2,\"name\":\"30 maggio 1924 Giacomo Matteotti denuncia in Parlamento le violenze dei fascisti durante le elezioni di Aprile\"}]},{\"@type\":\"WebSite\",\"@id\":\"https:\\\/\\\/www.istitutostudisindacali.net\\\/bibliotecablog\\\/#website\",\"url\":\"https:\\\/\\\/www.istitutostudisindacali.net\\\/bibliotecablog\\\/\",\"name\":\"Blog della Biblioteca\",\"description\":\"Arturo Chiari\",\"potentialAction\":[{\"@type\":\"SearchAction\",\"target\":{\"@type\":\"EntryPoint\",\"urlTemplate\":\"https:\\\/\\\/www.istitutostudisindacali.net\\\/bibliotecablog\\\/?s={search_term_string}\"},\"query-input\":{\"@type\":\"PropertyValueSpecification\",\"valueRequired\":true,\"valueName\":\"search_term_string\"}}],\"inLanguage\":\"it-IT\"},{\"@type\":\"Person\",\"@id\":\"https:\\\/\\\/www.istitutostudisindacali.net\\\/bibliotecablog\\\/#\\\/schema\\\/person\\\/67df37a680cbbc103a59f61989c3f7e0\",\"name\":\"Loredana Pietri\",\"image\":{\"@type\":\"ImageObject\",\"inLanguage\":\"it-IT\",\"@id\":\"https:\\\/\\\/secure.gravatar.com\\\/avatar\\\/14e1950ca26d7443d95784cdcfad5cf200bbbc261d085cf9375e018dc286c835?s=96&d=mm&r=g\",\"url\":\"https:\\\/\\\/secure.gravatar.com\\\/avatar\\\/14e1950ca26d7443d95784cdcfad5cf200bbbc261d085cf9375e018dc286c835?s=96&d=mm&r=g\",\"contentUrl\":\"https:\\\/\\\/secure.gravatar.com\\\/avatar\\\/14e1950ca26d7443d95784cdcfad5cf200bbbc261d085cf9375e018dc286c835?s=96&d=mm&r=g\",\"caption\":\"Loredana Pietri\"},\"description\":\"Responsabile della Biblioteca si impegna nella sua conduzione per migliorarne i Servizi\",\"sameAs\":[\"https:\\\/\\\/www.istitutostudisindacali.net\\\/biblioteca\"],\"url\":\"https:\\\/\\\/www.istitutostudisindacali.net\\\/bibliotecablog\\\/author\\\/loredana-pietri\\\/\"}]}<\/script>\n<!-- \/ Yoast SEO plugin. -->","yoast_head_json":{"title":"30 maggio 1924 Giacomo Matteotti denuncia in Parlamento le violenze dei fascisti durante le elezioni di Aprile - Blog della Biblioteca","robots":{"index":"index","follow":"follow","max-snippet":"max-snippet:-1","max-image-preview":"max-image-preview:large","max-video-preview":"max-video-preview:-1"},"canonical":"https:\/\/www.istitutostudisindacali.net\/bibliotecablog\/2019\/05\/30\/30-maggio-1924-giacomo-matteotti-denuncia-in-parlamento-le-violenze-dei-fascisti-durante-le-elezioni-di-aprile\/","og_locale":"it_IT","og_type":"article","og_title":"30 maggio 1924 Giacomo Matteotti denuncia in Parlamento le violenze dei fascisti durante le elezioni di Aprile - Blog della Biblioteca","og_description":"[&#8230;]Presidente.\u00a0Ha chiesto di parlare l\u2019onorevole Matteotti. Ne ha facolt\u00e0. Giacomo Matteotti.\u00a0Noi abbiamo avuto da parte della Giunta delle elezioni la proposta di convalida di numerosi colleghi. Nessuno certamente, degli appartenenti a questa Assemblea, all\u2019infuori credo dei componenti la Giunta delle elezioni, saprebbe ridire l\u2019elenco dei nomi letti per la convalida, nessuno, n\u00e9 della Camera n\u00e9 [&hellip;]","og_url":"https:\/\/www.istitutostudisindacali.net\/bibliotecablog\/2019\/05\/30\/30-maggio-1924-giacomo-matteotti-denuncia-in-parlamento-le-violenze-dei-fascisti-durante-le-elezioni-di-aprile\/","og_site_name":"Blog della Biblioteca","article_published_time":"2019-05-30T04:00:21+00:00","article_modified_time":"2023-02-04T18:11:00+00:00","og_image":[{"width":1280,"height":720,"url":"https:\/\/www.istitutostudisindacali.net\/bibliotecablog\/wp-content\/uploads\/sites\/17\/2019\/05\/maxresdefault-1.jpg","type":"image\/jpeg"}],"author":"Loredana Pietri","twitter_card":"summary_large_image","twitter_misc":{"Scritto da":"Loredana Pietri","Tempo di lettura stimato":"23 minuti"},"schema":{"@context":"https:\/\/schema.org","@graph":[{"@type":"Article","@id":"https:\/\/www.istitutostudisindacali.net\/bibliotecablog\/2019\/05\/30\/30-maggio-1924-giacomo-matteotti-denuncia-in-parlamento-le-violenze-dei-fascisti-durante-le-elezioni-di-aprile\/#article","isPartOf":{"@id":"https:\/\/www.istitutostudisindacali.net\/bibliotecablog\/2019\/05\/30\/30-maggio-1924-giacomo-matteotti-denuncia-in-parlamento-le-violenze-dei-fascisti-durante-le-elezioni-di-aprile\/"},"author":{"name":"Loredana Pietri","@id":"https:\/\/www.istitutostudisindacali.net\/bibliotecablog\/#\/schema\/person\/67df37a680cbbc103a59f61989c3f7e0"},"headline":"30 maggio 1924 Giacomo Matteotti denuncia in Parlamento le violenze dei fascisti durante le elezioni di Aprile","datePublished":"2019-05-30T04:00:21+00:00","dateModified":"2023-02-04T18:11:00+00:00","mainEntityOfPage":{"@id":"https:\/\/www.istitutostudisindacali.net\/bibliotecablog\/2019\/05\/30\/30-maggio-1924-giacomo-matteotti-denuncia-in-parlamento-le-violenze-dei-fascisti-durante-le-elezioni-di-aprile\/"},"wordCount":4645,"image":{"@id":"https:\/\/www.istitutostudisindacali.net\/bibliotecablog\/2019\/05\/30\/30-maggio-1924-giacomo-matteotti-denuncia-in-parlamento-le-violenze-dei-fascisti-durante-le-elezioni-di-aprile\/#primaryimage"},"thumbnailUrl":"https:\/\/www.istitutostudisindacali.net\/bibliotecablog\/wp-content\/uploads\/sites\/17\/2019\/05\/maxresdefault-1.jpg","keywords":["Camera dei Deputati","evidenza","Giacomo Matteotti"],"articleSection":["Storia"],"inLanguage":"it-IT"},{"@type":"WebPage","@id":"https:\/\/www.istitutostudisindacali.net\/bibliotecablog\/2019\/05\/30\/30-maggio-1924-giacomo-matteotti-denuncia-in-parlamento-le-violenze-dei-fascisti-durante-le-elezioni-di-aprile\/","url":"https:\/\/www.istitutostudisindacali.net\/bibliotecablog\/2019\/05\/30\/30-maggio-1924-giacomo-matteotti-denuncia-in-parlamento-le-violenze-dei-fascisti-durante-le-elezioni-di-aprile\/","name":"30 maggio 1924 Giacomo Matteotti denuncia in Parlamento le violenze dei fascisti durante le elezioni di Aprile - Blog della Biblioteca","isPartOf":{"@id":"https:\/\/www.istitutostudisindacali.net\/bibliotecablog\/#website"},"primaryImageOfPage":{"@id":"https:\/\/www.istitutostudisindacali.net\/bibliotecablog\/2019\/05\/30\/30-maggio-1924-giacomo-matteotti-denuncia-in-parlamento-le-violenze-dei-fascisti-durante-le-elezioni-di-aprile\/#primaryimage"},"image":{"@id":"https:\/\/www.istitutostudisindacali.net\/bibliotecablog\/2019\/05\/30\/30-maggio-1924-giacomo-matteotti-denuncia-in-parlamento-le-violenze-dei-fascisti-durante-le-elezioni-di-aprile\/#primaryimage"},"thumbnailUrl":"https:\/\/www.istitutostudisindacali.net\/bibliotecablog\/wp-content\/uploads\/sites\/17\/2019\/05\/maxresdefault-1.jpg","datePublished":"2019-05-30T04:00:21+00:00","dateModified":"2023-02-04T18:11:00+00:00","author":{"@id":"https:\/\/www.istitutostudisindacali.net\/bibliotecablog\/#\/schema\/person\/67df37a680cbbc103a59f61989c3f7e0"},"breadcrumb":{"@id":"https:\/\/www.istitutostudisindacali.net\/bibliotecablog\/2019\/05\/30\/30-maggio-1924-giacomo-matteotti-denuncia-in-parlamento-le-violenze-dei-fascisti-durante-le-elezioni-di-aprile\/#breadcrumb"},"inLanguage":"it-IT","potentialAction":[{"@type":"ReadAction","target":["https:\/\/www.istitutostudisindacali.net\/bibliotecablog\/2019\/05\/30\/30-maggio-1924-giacomo-matteotti-denuncia-in-parlamento-le-violenze-dei-fascisti-durante-le-elezioni-di-aprile\/"]}]},{"@type":"ImageObject","inLanguage":"it-IT","@id":"https:\/\/www.istitutostudisindacali.net\/bibliotecablog\/2019\/05\/30\/30-maggio-1924-giacomo-matteotti-denuncia-in-parlamento-le-violenze-dei-fascisti-durante-le-elezioni-di-aprile\/#primaryimage","url":"https:\/\/www.istitutostudisindacali.net\/bibliotecablog\/wp-content\/uploads\/sites\/17\/2019\/05\/maxresdefault-1.jpg","contentUrl":"https:\/\/www.istitutostudisindacali.net\/bibliotecablog\/wp-content\/uploads\/sites\/17\/2019\/05\/maxresdefault-1.jpg","width":1280,"height":720},{"@type":"BreadcrumbList","@id":"https:\/\/www.istitutostudisindacali.net\/bibliotecablog\/2019\/05\/30\/30-maggio-1924-giacomo-matteotti-denuncia-in-parlamento-le-violenze-dei-fascisti-durante-le-elezioni-di-aprile\/#breadcrumb","itemListElement":[{"@type":"ListItem","position":1,"name":"Home","item":"https:\/\/www.istitutostudisindacali.net\/bibliotecablog\/"},{"@type":"ListItem","position":2,"name":"30 maggio 1924 Giacomo Matteotti denuncia in Parlamento le violenze dei fascisti durante le elezioni di Aprile"}]},{"@type":"WebSite","@id":"https:\/\/www.istitutostudisindacali.net\/bibliotecablog\/#website","url":"https:\/\/www.istitutostudisindacali.net\/bibliotecablog\/","name":"Blog della Biblioteca","description":"Arturo Chiari","potentialAction":[{"@type":"SearchAction","target":{"@type":"EntryPoint","urlTemplate":"https:\/\/www.istitutostudisindacali.net\/bibliotecablog\/?s={search_term_string}"},"query-input":{"@type":"PropertyValueSpecification","valueRequired":true,"valueName":"search_term_string"}}],"inLanguage":"it-IT"},{"@type":"Person","@id":"https:\/\/www.istitutostudisindacali.net\/bibliotecablog\/#\/schema\/person\/67df37a680cbbc103a59f61989c3f7e0","name":"Loredana Pietri","image":{"@type":"ImageObject","inLanguage":"it-IT","@id":"https:\/\/secure.gravatar.com\/avatar\/14e1950ca26d7443d95784cdcfad5cf200bbbc261d085cf9375e018dc286c835?s=96&d=mm&r=g","url":"https:\/\/secure.gravatar.com\/avatar\/14e1950ca26d7443d95784cdcfad5cf200bbbc261d085cf9375e018dc286c835?s=96&d=mm&r=g","contentUrl":"https:\/\/secure.gravatar.com\/avatar\/14e1950ca26d7443d95784cdcfad5cf200bbbc261d085cf9375e018dc286c835?s=96&d=mm&r=g","caption":"Loredana Pietri"},"description":"Responsabile della Biblioteca si impegna nella sua conduzione per migliorarne i Servizi","sameAs":["https:\/\/www.istitutostudisindacali.net\/biblioteca"],"url":"https:\/\/www.istitutostudisindacali.net\/bibliotecablog\/author\/loredana-pietri\/"}]}},"jetpack_featured_media_url":"https:\/\/www.istitutostudisindacali.net\/bibliotecablog\/wp-content\/uploads\/sites\/17\/2019\/05\/maxresdefault-1.jpg","jetpack_sharing_enabled":true,"_links":{"self":[{"href":"https:\/\/www.istitutostudisindacali.net\/bibliotecablog\/wp-json\/wp\/v2\/posts\/1737","targetHints":{"allow":["GET"]}}],"collection":[{"href":"https:\/\/www.istitutostudisindacali.net\/bibliotecablog\/wp-json\/wp\/v2\/posts"}],"about":[{"href":"https:\/\/www.istitutostudisindacali.net\/bibliotecablog\/wp-json\/wp\/v2\/types\/post"}],"author":[{"embeddable":true,"href":"https:\/\/www.istitutostudisindacali.net\/bibliotecablog\/wp-json\/wp\/v2\/users\/7"}],"replies":[{"embeddable":true,"href":"https:\/\/www.istitutostudisindacali.net\/bibliotecablog\/wp-json\/wp\/v2\/comments?post=1737"}],"version-history":[{"count":1,"href":"https:\/\/www.istitutostudisindacali.net\/bibliotecablog\/wp-json\/wp\/v2\/posts\/1737\/revisions"}],"predecessor-version":[{"id":4472,"href":"https:\/\/www.istitutostudisindacali.net\/bibliotecablog\/wp-json\/wp\/v2\/posts\/1737\/revisions\/4472"}],"wp:featuredmedia":[{"embeddable":true,"href":"https:\/\/www.istitutostudisindacali.net\/bibliotecablog\/wp-json\/wp\/v2\/media\/1741"}],"wp:attachment":[{"href":"https:\/\/www.istitutostudisindacali.net\/bibliotecablog\/wp-json\/wp\/v2\/media?parent=1737"}],"wp:term":[{"taxonomy":"category","embeddable":true,"href":"https:\/\/www.istitutostudisindacali.net\/bibliotecablog\/wp-json\/wp\/v2\/categories?post=1737"},{"taxonomy":"post_tag","embeddable":true,"href":"https:\/\/www.istitutostudisindacali.net\/bibliotecablog\/wp-json\/wp\/v2\/tags?post=1737"}],"curies":[{"name":"wp","href":"https:\/\/api.w.org\/{rel}","templated":true}]}}