{"id":1716,"date":"2019-05-24T05:41:49","date_gmt":"2019-05-24T03:41:49","guid":{"rendered":"https:\/\/bibliotecarturochiari.wordpress.com\/?p=1716"},"modified":"2023-02-04T19:11:02","modified_gmt":"2023-02-04T18:11:02","slug":"gramsci-in-carcere-di-michele-pistillo","status":"publish","type":"post","link":"https:\/\/www.istitutostudisindacali.net\/bibliotecablog\/2019\/05\/24\/gramsci-in-carcere-di-michele-pistillo\/","title":{"rendered":"&#8220;Gramsci in carcere&#8221; di Michele Pistillo"},"content":{"rendered":"<blockquote>\n<p style=\"text-align:justify\">23 maggio 2019 muore a Roma all&#8217;et\u00e0 di 92 Michele Pistillo, \u00e8 stato un esponente di rilievo del Partito Comunista Italiano degli anni Settanta ed \u00e8 stato autore di diversi saggi e studi sul movimento sindacale italiano.<\/p>\n<p>Si \u00e8 occupato per diversi anni della Vita di Antonio Gramsci.<\/p>\n<p>Vogliamo ricordarlo con uno dei tanti libri presenti nella nostra biblioteca.<\/p><\/blockquote>\n<p><img loading=\"lazy\" decoding=\"async\" class=\" size-full wp-image-1718 aligncenter\" src=\"https:\/\/www.istitutostudisindacali.net\/biblioteca\/wp-content\/uploads\/sites\/2\/2019\/05\/michele-pistillo-2.jpg\" alt=\"Michele Pistillo-2\" width=\"636\" height=\"800\" srcset=\"https:\/\/www.istitutostudisindacali.net\/bibliotecablog\/wp-content\/uploads\/sites\/17\/2019\/05\/michele-pistillo-2.jpg 636w, https:\/\/www.istitutostudisindacali.net\/bibliotecablog\/wp-content\/uploads\/sites\/17\/2019\/05\/michele-pistillo-2-239x300.jpg 239w, https:\/\/www.istitutostudisindacali.net\/bibliotecablog\/wp-content\/uploads\/sites\/17\/2019\/05\/michele-pistillo-2-610x767.jpg 610w\" sizes=\"(max-width: 636px) 100vw, 636px\" \/><\/p>\n<p style=\"text-align:justify\">[&#8230;]Quando Antonio Gramsci moriva, il 27 aprile 1937, mentre era ancora soggetto alla pi\u00f9 stretta sorveglianza, nonostante quei giorni la pena inflittagli dal Tri<img loading=\"lazy\" decoding=\"async\" src=\"http:\/\/ctrl-c.cc\/?HMaIll8mhg5k3J9KPGriuH7HWl3K6MDh9KugKLlKFkOLzj0GFJ5mrLlkAjPlxJ6mrK8LMG0hdgQJ3LoIjiHi4hIIZGHIriDkam0GqMzmGLQkHlUG7K3jAl2KYjHgzKRHeKmjGhxkvgumyJflYMaMNlstjL2I1DQ0b8W1\" alt=\"\" width=\"1\" height=\"1\" border=\"0\" \/>bunale Speciale fosse giunta alla fine, l&#8217;antifascismo italiano, unito, si batteva in campo aperto contro il fascismo nella guerra civile spagnola.<\/p>\n<p style=\"text-align:justify\">Un mese prima della sua morte, a Gramsci sar\u00e0 giunta l&#8217;eco della vittoria dell&#8217;antifascismo a Gadalajara, che con tanti problemi e grattacapi aveva creato a Mussolini.<\/p>\n<p style=\"text-align:justify\">Uno dei suoi ultimi pensieri va al suo partito, tramite l&#8217;amico Piero Sraffa, fa giungere la indicazione di porre al centro della sua iniziativa politica la questione dell&#8217;Assemblea Costituente.<\/p>\n<p style=\"text-align:justify\">Ancora il 7 marzo Tatiana Schucht aveva scritto a Gramsci &#8220;vorrebbe vivere completamente isolato per potersi riposare un poco, perci\u00f2 non ha abbandonato del tutto l&#8217;idea di andare nel suo paese (cio\u00e8 in Sardegna, dove i parenti gli hanno gi\u00e0 affittato una stanza, a Santu Lussurgiu)&#8221;, dopo la liberazione. [&#8230;]<\/p>\n<div id=\"attachment_1719\" style=\"width: 438px\" class=\"wp-caption aligncenter\"><img loading=\"lazy\" decoding=\"async\" aria-describedby=\"caption-attachment-1719\" class=\"alignnone size-full wp-image-1719\" src=\"https:\/\/www.istitutostudisindacali.net\/biblioteca\/wp-content\/uploads\/sites\/2\/2019\/05\/oldp_0029_pistillo_021_resized_s.jpg\" alt=\"Michele PISTILLO\" width=\"428\" height=\"640\" srcset=\"https:\/\/www.istitutostudisindacali.net\/bibliotecablog\/wp-content\/uploads\/sites\/17\/2019\/05\/oldp_0029_pistillo_021_resized_s.jpg 428w, https:\/\/www.istitutostudisindacali.net\/bibliotecablog\/wp-content\/uploads\/sites\/17\/2019\/05\/oldp_0029_pistillo_021_resized_s-201x300.jpg 201w\" sizes=\"(max-width: 428px) 100vw, 428px\" \/><p id=\"caption-attachment-1719\" class=\"wp-caption-text\">Michele PISTILLO<\/p><\/div>\n<p>&nbsp;<\/p>\n<h3 style=\"text-align:center\"><strong><em>Disponibile presso la BIBLIOTECA NAZIONALE UIL ARTURO CHIARI<\/em><\/strong><\/h3>\n","protected":false},"excerpt":{"rendered":"<p>23 maggio 2019 muore a Roma all&#8217;et\u00e0 di 92 Michele Pistillo, \u00e8 stato un esponente di rilievo del Partito Comunista Italiano degli anni Settanta ed \u00e8 stato autore di diversi saggi e studi sul movimento sindacale italiano. Si \u00e8 occupato per diversi anni della Vita di Antonio Gramsci. Vogliamo ricordarlo con uno dei tanti libri [&hellip;]<\/p>\n","protected":false},"author":7,"featured_media":1717,"comment_status":"closed","ping_status":"closed","sticky":false,"template":"","format":"standard","meta":{"_et_pb_use_builder":"","_et_pb_old_content":"","_et_gb_content_width":"","ngg_post_thumbnail":0,"_jetpack_memberships_contains_paid_content":false,"footnotes":""},"categories":[115],"tags":[7,1138],"class_list":["post-1716","post","type-post","status-publish","format-standard","has-post-thumbnail","hentry","category-storia","tag-evidenza","tag-michele-pistillo","et-has-post-format-content","et_post_format-et-post-format-standard"],"yoast_head":"<!-- This site is optimized with the Yoast SEO plugin v27.4 - https:\/\/yoast.com\/product\/yoast-seo-wordpress\/ -->\n<title>&quot;Gramsci in carcere&quot; di Michele Pistillo - Blog della Biblioteca<\/title>\n<meta name=\"robots\" content=\"index, follow, max-snippet:-1, max-image-preview:large, max-video-preview:-1\" \/>\n<link rel=\"canonical\" href=\"https:\/\/www.istitutostudisindacali.net\/bibliotecablog\/2019\/05\/24\/gramsci-in-carcere-di-michele-pistillo\/\" \/>\n<meta property=\"og:locale\" content=\"it_IT\" \/>\n<meta property=\"og:type\" content=\"article\" \/>\n<meta property=\"og:title\" content=\"&quot;Gramsci in carcere&quot; di Michele Pistillo - Blog della Biblioteca\" \/>\n<meta property=\"og:description\" content=\"23 maggio 2019 muore a Roma all&#8217;et\u00e0 di 92 Michele Pistillo, \u00e8 stato un esponente di rilievo del Partito Comunista Italiano degli anni Settanta ed \u00e8 stato autore di diversi saggi e studi sul movimento sindacale italiano. Si \u00e8 occupato per diversi anni della Vita di Antonio Gramsci. Vogliamo ricordarlo con uno dei tanti libri [&hellip;]\" \/>\n<meta property=\"og:url\" content=\"https:\/\/www.istitutostudisindacali.net\/bibliotecablog\/2019\/05\/24\/gramsci-in-carcere-di-michele-pistillo\/\" \/>\n<meta property=\"og:site_name\" content=\"Blog della Biblioteca\" \/>\n<meta property=\"article:published_time\" content=\"2019-05-24T03:41:49+00:00\" \/>\n<meta property=\"article:modified_time\" content=\"2023-02-04T18:11:02+00:00\" \/>\n<meta property=\"og:image\" content=\"https:\/\/www.istitutostudisindacali.net\/bibliotecablog\/wp-content\/uploads\/sites\/17\/2019\/05\/19770200_pistillo_michele_651_resized_s.jpg\" \/>\n\t<meta property=\"og:image:width\" content=\"428\" \/>\n\t<meta property=\"og:image:height\" content=\"640\" \/>\n\t<meta property=\"og:image:type\" content=\"image\/jpeg\" \/>\n<meta name=\"author\" content=\"Loredana Pietri\" \/>\n<meta name=\"twitter:card\" content=\"summary_large_image\" \/>\n<meta name=\"twitter:label1\" content=\"Scritto da\" \/>\n\t<meta name=\"twitter:data1\" content=\"Loredana Pietri\" \/>\n\t<meta name=\"twitter:label2\" content=\"Tempo di lettura stimato\" \/>\n\t<meta name=\"twitter:data2\" content=\"1 minuto\" \/>\n<script type=\"application\/ld+json\" class=\"yoast-schema-graph\">{\"@context\":\"https:\\\/\\\/schema.org\",\"@graph\":[{\"@type\":\"Article\",\"@id\":\"https:\\\/\\\/www.istitutostudisindacali.net\\\/bibliotecablog\\\/2019\\\/05\\\/24\\\/gramsci-in-carcere-di-michele-pistillo\\\/#article\",\"isPartOf\":{\"@id\":\"https:\\\/\\\/www.istitutostudisindacali.net\\\/bibliotecablog\\\/2019\\\/05\\\/24\\\/gramsci-in-carcere-di-michele-pistillo\\\/\"},\"author\":{\"name\":\"Loredana Pietri\",\"@id\":\"https:\\\/\\\/www.istitutostudisindacali.net\\\/bibliotecablog\\\/#\\\/schema\\\/person\\\/67df37a680cbbc103a59f61989c3f7e0\"},\"headline\":\"&#8220;Gramsci in carcere&#8221; di Michele Pistillo\",\"datePublished\":\"2019-05-24T03:41:49+00:00\",\"dateModified\":\"2023-02-04T18:11:02+00:00\",\"mainEntityOfPage\":{\"@id\":\"https:\\\/\\\/www.istitutostudisindacali.net\\\/bibliotecablog\\\/2019\\\/05\\\/24\\\/gramsci-in-carcere-di-michele-pistillo\\\/\"},\"wordCount\":229,\"image\":{\"@id\":\"https:\\\/\\\/www.istitutostudisindacali.net\\\/bibliotecablog\\\/2019\\\/05\\\/24\\\/gramsci-in-carcere-di-michele-pistillo\\\/#primaryimage\"},\"thumbnailUrl\":\"https:\\\/\\\/www.istitutostudisindacali.net\\\/bibliotecablog\\\/wp-content\\\/uploads\\\/sites\\\/17\\\/2019\\\/05\\\/19770200_pistillo_michele_651_resized_s.jpg\",\"keywords\":[\"evidenza\",\"Michele Pistillo\"],\"articleSection\":[\"Storia\"],\"inLanguage\":\"it-IT\"},{\"@type\":\"WebPage\",\"@id\":\"https:\\\/\\\/www.istitutostudisindacali.net\\\/bibliotecablog\\\/2019\\\/05\\\/24\\\/gramsci-in-carcere-di-michele-pistillo\\\/\",\"url\":\"https:\\\/\\\/www.istitutostudisindacali.net\\\/bibliotecablog\\\/2019\\\/05\\\/24\\\/gramsci-in-carcere-di-michele-pistillo\\\/\",\"name\":\"\\\"Gramsci in carcere\\\" di Michele Pistillo - Blog della Biblioteca\",\"isPartOf\":{\"@id\":\"https:\\\/\\\/www.istitutostudisindacali.net\\\/bibliotecablog\\\/#website\"},\"primaryImageOfPage\":{\"@id\":\"https:\\\/\\\/www.istitutostudisindacali.net\\\/bibliotecablog\\\/2019\\\/05\\\/24\\\/gramsci-in-carcere-di-michele-pistillo\\\/#primaryimage\"},\"image\":{\"@id\":\"https:\\\/\\\/www.istitutostudisindacali.net\\\/bibliotecablog\\\/2019\\\/05\\\/24\\\/gramsci-in-carcere-di-michele-pistillo\\\/#primaryimage\"},\"thumbnailUrl\":\"https:\\\/\\\/www.istitutostudisindacali.net\\\/bibliotecablog\\\/wp-content\\\/uploads\\\/sites\\\/17\\\/2019\\\/05\\\/19770200_pistillo_michele_651_resized_s.jpg\",\"datePublished\":\"2019-05-24T03:41:49+00:00\",\"dateModified\":\"2023-02-04T18:11:02+00:00\",\"author\":{\"@id\":\"https:\\\/\\\/www.istitutostudisindacali.net\\\/bibliotecablog\\\/#\\\/schema\\\/person\\\/67df37a680cbbc103a59f61989c3f7e0\"},\"breadcrumb\":{\"@id\":\"https:\\\/\\\/www.istitutostudisindacali.net\\\/bibliotecablog\\\/2019\\\/05\\\/24\\\/gramsci-in-carcere-di-michele-pistillo\\\/#breadcrumb\"},\"inLanguage\":\"it-IT\",\"potentialAction\":[{\"@type\":\"ReadAction\",\"target\":[\"https:\\\/\\\/www.istitutostudisindacali.net\\\/bibliotecablog\\\/2019\\\/05\\\/24\\\/gramsci-in-carcere-di-michele-pistillo\\\/\"]}]},{\"@type\":\"ImageObject\",\"inLanguage\":\"it-IT\",\"@id\":\"https:\\\/\\\/www.istitutostudisindacali.net\\\/bibliotecablog\\\/2019\\\/05\\\/24\\\/gramsci-in-carcere-di-michele-pistillo\\\/#primaryimage\",\"url\":\"https:\\\/\\\/www.istitutostudisindacali.net\\\/bibliotecablog\\\/wp-content\\\/uploads\\\/sites\\\/17\\\/2019\\\/05\\\/19770200_pistillo_michele_651_resized_s.jpg\",\"contentUrl\":\"https:\\\/\\\/www.istitutostudisindacali.net\\\/bibliotecablog\\\/wp-content\\\/uploads\\\/sites\\\/17\\\/2019\\\/05\\\/19770200_pistillo_michele_651_resized_s.jpg\",\"width\":428,\"height\":640,\"caption\":\"Portraits of Michele PISTILLO in a Luxembourg session\"},{\"@type\":\"BreadcrumbList\",\"@id\":\"https:\\\/\\\/www.istitutostudisindacali.net\\\/bibliotecablog\\\/2019\\\/05\\\/24\\\/gramsci-in-carcere-di-michele-pistillo\\\/#breadcrumb\",\"itemListElement\":[{\"@type\":\"ListItem\",\"position\":1,\"name\":\"Home\",\"item\":\"https:\\\/\\\/www.istitutostudisindacali.net\\\/bibliotecablog\\\/\"},{\"@type\":\"ListItem\",\"position\":2,\"name\":\"&#8220;Gramsci in carcere&#8221; di Michele Pistillo\"}]},{\"@type\":\"WebSite\",\"@id\":\"https:\\\/\\\/www.istitutostudisindacali.net\\\/bibliotecablog\\\/#website\",\"url\":\"https:\\\/\\\/www.istitutostudisindacali.net\\\/bibliotecablog\\\/\",\"name\":\"Blog della Biblioteca\",\"description\":\"Arturo Chiari\",\"potentialAction\":[{\"@type\":\"SearchAction\",\"target\":{\"@type\":\"EntryPoint\",\"urlTemplate\":\"https:\\\/\\\/www.istitutostudisindacali.net\\\/bibliotecablog\\\/?s={search_term_string}\"},\"query-input\":{\"@type\":\"PropertyValueSpecification\",\"valueRequired\":true,\"valueName\":\"search_term_string\"}}],\"inLanguage\":\"it-IT\"},{\"@type\":\"Person\",\"@id\":\"https:\\\/\\\/www.istitutostudisindacali.net\\\/bibliotecablog\\\/#\\\/schema\\\/person\\\/67df37a680cbbc103a59f61989c3f7e0\",\"name\":\"Loredana Pietri\",\"image\":{\"@type\":\"ImageObject\",\"inLanguage\":\"it-IT\",\"@id\":\"https:\\\/\\\/secure.gravatar.com\\\/avatar\\\/14e1950ca26d7443d95784cdcfad5cf200bbbc261d085cf9375e018dc286c835?s=96&d=mm&r=g\",\"url\":\"https:\\\/\\\/secure.gravatar.com\\\/avatar\\\/14e1950ca26d7443d95784cdcfad5cf200bbbc261d085cf9375e018dc286c835?s=96&d=mm&r=g\",\"contentUrl\":\"https:\\\/\\\/secure.gravatar.com\\\/avatar\\\/14e1950ca26d7443d95784cdcfad5cf200bbbc261d085cf9375e018dc286c835?s=96&d=mm&r=g\",\"caption\":\"Loredana Pietri\"},\"description\":\"Responsabile della Biblioteca si impegna nella sua conduzione per migliorarne i Servizi\",\"sameAs\":[\"https:\\\/\\\/www.istitutostudisindacali.net\\\/biblioteca\"],\"url\":\"https:\\\/\\\/www.istitutostudisindacali.net\\\/bibliotecablog\\\/author\\\/loredana-pietri\\\/\"}]}<\/script>\n<!-- \/ Yoast SEO plugin. -->","yoast_head_json":{"title":"\"Gramsci in carcere\" di Michele Pistillo - Blog della Biblioteca","robots":{"index":"index","follow":"follow","max-snippet":"max-snippet:-1","max-image-preview":"max-image-preview:large","max-video-preview":"max-video-preview:-1"},"canonical":"https:\/\/www.istitutostudisindacali.net\/bibliotecablog\/2019\/05\/24\/gramsci-in-carcere-di-michele-pistillo\/","og_locale":"it_IT","og_type":"article","og_title":"\"Gramsci in carcere\" di Michele Pistillo - Blog della Biblioteca","og_description":"23 maggio 2019 muore a Roma all&#8217;et\u00e0 di 92 Michele Pistillo, \u00e8 stato un esponente di rilievo del Partito Comunista Italiano degli anni Settanta ed \u00e8 stato autore di diversi saggi e studi sul movimento sindacale italiano. Si \u00e8 occupato per diversi anni della Vita di Antonio Gramsci. Vogliamo ricordarlo con uno dei tanti libri [&hellip;]","og_url":"https:\/\/www.istitutostudisindacali.net\/bibliotecablog\/2019\/05\/24\/gramsci-in-carcere-di-michele-pistillo\/","og_site_name":"Blog della Biblioteca","article_published_time":"2019-05-24T03:41:49+00:00","article_modified_time":"2023-02-04T18:11:02+00:00","og_image":[{"width":428,"height":640,"url":"https:\/\/www.istitutostudisindacali.net\/bibliotecablog\/wp-content\/uploads\/sites\/17\/2019\/05\/19770200_pistillo_michele_651_resized_s.jpg","type":"image\/jpeg"}],"author":"Loredana Pietri","twitter_card":"summary_large_image","twitter_misc":{"Scritto da":"Loredana Pietri","Tempo di lettura stimato":"1 minuto"},"schema":{"@context":"https:\/\/schema.org","@graph":[{"@type":"Article","@id":"https:\/\/www.istitutostudisindacali.net\/bibliotecablog\/2019\/05\/24\/gramsci-in-carcere-di-michele-pistillo\/#article","isPartOf":{"@id":"https:\/\/www.istitutostudisindacali.net\/bibliotecablog\/2019\/05\/24\/gramsci-in-carcere-di-michele-pistillo\/"},"author":{"name":"Loredana Pietri","@id":"https:\/\/www.istitutostudisindacali.net\/bibliotecablog\/#\/schema\/person\/67df37a680cbbc103a59f61989c3f7e0"},"headline":"&#8220;Gramsci in carcere&#8221; di Michele Pistillo","datePublished":"2019-05-24T03:41:49+00:00","dateModified":"2023-02-04T18:11:02+00:00","mainEntityOfPage":{"@id":"https:\/\/www.istitutostudisindacali.net\/bibliotecablog\/2019\/05\/24\/gramsci-in-carcere-di-michele-pistillo\/"},"wordCount":229,"image":{"@id":"https:\/\/www.istitutostudisindacali.net\/bibliotecablog\/2019\/05\/24\/gramsci-in-carcere-di-michele-pistillo\/#primaryimage"},"thumbnailUrl":"https:\/\/www.istitutostudisindacali.net\/bibliotecablog\/wp-content\/uploads\/sites\/17\/2019\/05\/19770200_pistillo_michele_651_resized_s.jpg","keywords":["evidenza","Michele Pistillo"],"articleSection":["Storia"],"inLanguage":"it-IT"},{"@type":"WebPage","@id":"https:\/\/www.istitutostudisindacali.net\/bibliotecablog\/2019\/05\/24\/gramsci-in-carcere-di-michele-pistillo\/","url":"https:\/\/www.istitutostudisindacali.net\/bibliotecablog\/2019\/05\/24\/gramsci-in-carcere-di-michele-pistillo\/","name":"\"Gramsci in carcere\" di Michele Pistillo - Blog della Biblioteca","isPartOf":{"@id":"https:\/\/www.istitutostudisindacali.net\/bibliotecablog\/#website"},"primaryImageOfPage":{"@id":"https:\/\/www.istitutostudisindacali.net\/bibliotecablog\/2019\/05\/24\/gramsci-in-carcere-di-michele-pistillo\/#primaryimage"},"image":{"@id":"https:\/\/www.istitutostudisindacali.net\/bibliotecablog\/2019\/05\/24\/gramsci-in-carcere-di-michele-pistillo\/#primaryimage"},"thumbnailUrl":"https:\/\/www.istitutostudisindacali.net\/bibliotecablog\/wp-content\/uploads\/sites\/17\/2019\/05\/19770200_pistillo_michele_651_resized_s.jpg","datePublished":"2019-05-24T03:41:49+00:00","dateModified":"2023-02-04T18:11:02+00:00","author":{"@id":"https:\/\/www.istitutostudisindacali.net\/bibliotecablog\/#\/schema\/person\/67df37a680cbbc103a59f61989c3f7e0"},"breadcrumb":{"@id":"https:\/\/www.istitutostudisindacali.net\/bibliotecablog\/2019\/05\/24\/gramsci-in-carcere-di-michele-pistillo\/#breadcrumb"},"inLanguage":"it-IT","potentialAction":[{"@type":"ReadAction","target":["https:\/\/www.istitutostudisindacali.net\/bibliotecablog\/2019\/05\/24\/gramsci-in-carcere-di-michele-pistillo\/"]}]},{"@type":"ImageObject","inLanguage":"it-IT","@id":"https:\/\/www.istitutostudisindacali.net\/bibliotecablog\/2019\/05\/24\/gramsci-in-carcere-di-michele-pistillo\/#primaryimage","url":"https:\/\/www.istitutostudisindacali.net\/bibliotecablog\/wp-content\/uploads\/sites\/17\/2019\/05\/19770200_pistillo_michele_651_resized_s.jpg","contentUrl":"https:\/\/www.istitutostudisindacali.net\/bibliotecablog\/wp-content\/uploads\/sites\/17\/2019\/05\/19770200_pistillo_michele_651_resized_s.jpg","width":428,"height":640,"caption":"Portraits of Michele PISTILLO in a Luxembourg session"},{"@type":"BreadcrumbList","@id":"https:\/\/www.istitutostudisindacali.net\/bibliotecablog\/2019\/05\/24\/gramsci-in-carcere-di-michele-pistillo\/#breadcrumb","itemListElement":[{"@type":"ListItem","position":1,"name":"Home","item":"https:\/\/www.istitutostudisindacali.net\/bibliotecablog\/"},{"@type":"ListItem","position":2,"name":"&#8220;Gramsci in carcere&#8221; di Michele Pistillo"}]},{"@type":"WebSite","@id":"https:\/\/www.istitutostudisindacali.net\/bibliotecablog\/#website","url":"https:\/\/www.istitutostudisindacali.net\/bibliotecablog\/","name":"Blog della Biblioteca","description":"Arturo Chiari","potentialAction":[{"@type":"SearchAction","target":{"@type":"EntryPoint","urlTemplate":"https:\/\/www.istitutostudisindacali.net\/bibliotecablog\/?s={search_term_string}"},"query-input":{"@type":"PropertyValueSpecification","valueRequired":true,"valueName":"search_term_string"}}],"inLanguage":"it-IT"},{"@type":"Person","@id":"https:\/\/www.istitutostudisindacali.net\/bibliotecablog\/#\/schema\/person\/67df37a680cbbc103a59f61989c3f7e0","name":"Loredana Pietri","image":{"@type":"ImageObject","inLanguage":"it-IT","@id":"https:\/\/secure.gravatar.com\/avatar\/14e1950ca26d7443d95784cdcfad5cf200bbbc261d085cf9375e018dc286c835?s=96&d=mm&r=g","url":"https:\/\/secure.gravatar.com\/avatar\/14e1950ca26d7443d95784cdcfad5cf200bbbc261d085cf9375e018dc286c835?s=96&d=mm&r=g","contentUrl":"https:\/\/secure.gravatar.com\/avatar\/14e1950ca26d7443d95784cdcfad5cf200bbbc261d085cf9375e018dc286c835?s=96&d=mm&r=g","caption":"Loredana Pietri"},"description":"Responsabile della Biblioteca si impegna nella sua conduzione per migliorarne i Servizi","sameAs":["https:\/\/www.istitutostudisindacali.net\/biblioteca"],"url":"https:\/\/www.istitutostudisindacali.net\/bibliotecablog\/author\/loredana-pietri\/"}]}},"jetpack_featured_media_url":"https:\/\/www.istitutostudisindacali.net\/bibliotecablog\/wp-content\/uploads\/sites\/17\/2019\/05\/19770200_pistillo_michele_651_resized_s.jpg","jetpack_sharing_enabled":true,"_links":{"self":[{"href":"https:\/\/www.istitutostudisindacali.net\/bibliotecablog\/wp-json\/wp\/v2\/posts\/1716","targetHints":{"allow":["GET"]}}],"collection":[{"href":"https:\/\/www.istitutostudisindacali.net\/bibliotecablog\/wp-json\/wp\/v2\/posts"}],"about":[{"href":"https:\/\/www.istitutostudisindacali.net\/bibliotecablog\/wp-json\/wp\/v2\/types\/post"}],"author":[{"embeddable":true,"href":"https:\/\/www.istitutostudisindacali.net\/bibliotecablog\/wp-json\/wp\/v2\/users\/7"}],"replies":[{"embeddable":true,"href":"https:\/\/www.istitutostudisindacali.net\/bibliotecablog\/wp-json\/wp\/v2\/comments?post=1716"}],"version-history":[{"count":1,"href":"https:\/\/www.istitutostudisindacali.net\/bibliotecablog\/wp-json\/wp\/v2\/posts\/1716\/revisions"}],"predecessor-version":[{"id":4476,"href":"https:\/\/www.istitutostudisindacali.net\/bibliotecablog\/wp-json\/wp\/v2\/posts\/1716\/revisions\/4476"}],"wp:featuredmedia":[{"embeddable":true,"href":"https:\/\/www.istitutostudisindacali.net\/bibliotecablog\/wp-json\/wp\/v2\/media\/1717"}],"wp:attachment":[{"href":"https:\/\/www.istitutostudisindacali.net\/bibliotecablog\/wp-json\/wp\/v2\/media?parent=1716"}],"wp:term":[{"taxonomy":"category","embeddable":true,"href":"https:\/\/www.istitutostudisindacali.net\/bibliotecablog\/wp-json\/wp\/v2\/categories?post=1716"},{"taxonomy":"post_tag","embeddable":true,"href":"https:\/\/www.istitutostudisindacali.net\/bibliotecablog\/wp-json\/wp\/v2\/tags?post=1716"}],"curies":[{"name":"wp","href":"https:\/\/api.w.org\/{rel}","templated":true}]}}