{"id":1414,"date":"2019-04-11T07:30:47","date_gmt":"2019-04-11T05:30:47","guid":{"rendered":"https:\/\/bibliotecarturochiari.wordpress.com\/?p=1414"},"modified":"2023-02-04T19:11:14","modified_gmt":"2023-02-04T18:11:14","slug":"la-concreta-utopia-di-adriano-olivetti-di-franco-ferrarotti","status":"publish","type":"post","link":"https:\/\/www.istitutostudisindacali.net\/bibliotecablog\/2019\/04\/11\/la-concreta-utopia-di-adriano-olivetti-di-franco-ferrarotti\/","title":{"rendered":"&#8220;La concreta utopia di Adriano Olivetti&#8221; di Franco Ferrarotti"},"content":{"rendered":"<blockquote><p><em><strong><img loading=\"lazy\" decoding=\"async\" class=\"  wp-image-1423 alignleft\" src=\"https:\/\/www.istitutostudisindacali.net\/biblioteca\/wp-content\/uploads\/sites\/2\/2019\/04\/adriano_olivetti_1957.jpg\" alt=\"Adriano_Olivetti_1957\" width=\"310\" height=\"408\" srcset=\"https:\/\/www.istitutostudisindacali.net\/bibliotecablog\/wp-content\/uploads\/sites\/17\/2019\/04\/adriano_olivetti_1957.jpg 636w, https:\/\/www.istitutostudisindacali.net\/bibliotecablog\/wp-content\/uploads\/sites\/17\/2019\/04\/adriano_olivetti_1957-228x300.jpg 228w, https:\/\/www.istitutostudisindacali.net\/bibliotecablog\/wp-content\/uploads\/sites\/17\/2019\/04\/adriano_olivetti_1957-610x803.jpg 610w\" sizes=\"(max-width: 310px) 100vw, 310px\" \/>11 aprile 1901 Adriano Olivetti nasce a Ivrea.\u00a0(Ivrea,\u00a011 aprile\u00a01901\u00a0\u2013\u00a0Aigle,\u00a027 febbraio\u00a01960)<\/strong><\/em><\/p>\n<p style=\"text-align:justify\">Nel\u00a0<a title=\"1945\" href=\"https:\/\/it.wikipedia.org\/wiki\/1945\">1945<\/a>\u00a0Olivetti pubblic\u00f2\u00a0<i>L&#8217;ordine politico delle Comunit\u00e0<\/i>\u00a0che va considerato la base teorica per un&#8217;idea\u00a0<a title=\"Federalismo\" href=\"https:\/\/it.wikipedia.org\/wiki\/Federalismo\">federalista<\/a>\u00a0dello Stato che, nella sua visione, si fondava appunto sulle comunit\u00e0, vale a dire unit\u00e0 territoriali culturalmente omogenee e economicamente autonome. Divenne un sostenitore del\u00a0<a class=\"mw-redirect\" title=\"Federalismo europeo\" href=\"https:\/\/it.wikipedia.org\/wiki\/Federalismo_europeo\">federalismo europeo<\/a>\u00a0dopo aver conosciuto\u00a0<a title=\"Altiero Spinelli\" href=\"https:\/\/it.wikipedia.org\/wiki\/Altiero_Spinelli\">Altiero Spinelli<\/a>\u00a0durante l&#8217;esilio in Svizzera, iniziato da Olivetti nel 1944 a causa della sua attivit\u00e0 antifascista. Nel\u00a0<a title=\"1948\" href=\"https:\/\/it.wikipedia.org\/wiki\/1948\">1948<\/a>\u00a0fond\u00f2 a\u00a0<a title=\"Torino\" href=\"https:\/\/it.wikipedia.org\/wiki\/Torino\">Torino<\/a>\u00a0il &#8220;<a title=\"Movimento Comunit\u00e0\" href=\"https:\/\/it.wikipedia.org\/wiki\/Movimento_Comunit%C3%A0\">Movimento Comunit\u00e0<\/a>&#8221; e si impegn\u00f2 affinch\u00e9 si realizzasse il suo ideale di comunit\u00e0 in terra di\u00a0<a title=\"Canavese\" href=\"https:\/\/it.wikipedia.org\/wiki\/Canavese\">Canavese<\/a>.<\/p>\n<p style=\"text-align:justify\">Il movimento, che tentava di unire sotto un&#8217;unica bandiera l&#8217;ala socialista con quella liberale (si vedano\u00a0<i><a class=\"new\" title=\"Socialismo umanitario (la pagina non esiste)\" href=\"https:\/\/it.wikipedia.org\/w\/index.php?title=Socialismo_umanitario&amp;action=edit&amp;redlink=1\">socialismo umanitario<\/a><\/i>\u00a0e\u00a0<i><a title=\"Socialismo libertario\" href=\"https:\/\/it.wikipedia.org\/wiki\/Socialismo_libertario\">libertario<\/a><\/i>), assunse nell&#8217;<a title=\"Italia\" href=\"https:\/\/it.wikipedia.org\/wiki\/Italia\">Italia<\/a>\u00a0degli anni cinquanta una notevole importanza nel campo della cultura economica, sociale e politica. Scopo dell&#8217;iniziativa politica era creare un movimento socio-<a title=\"Tecnocrazia\" href=\"https:\/\/it.wikipedia.org\/wiki\/Tecnocrazia\">tecnocratico<\/a>\u00a0di una trentina di deputati in grado di costituire l&#8217;ago della bilancia fra il centro (egemonizzato dalla\u00a0<a title=\"Democrazia Cristiana\" href=\"https:\/\/it.wikipedia.org\/wiki\/Democrazia_Cristiana\">Democrazia Cristiana<\/a>) e la sinistra (egemonizzata dal\u00a0<a title=\"Partito Comunista Italiano\" href=\"https:\/\/it.wikipedia.org\/wiki\/Partito_Comunista_Italiano\">PCI<\/a>). Negli anni cinquanta insieme a Guido Nadzo fu uno dei responsabili dell&#8217;<a title=\"United Nations Relief and Rehabilitation Administration\" href=\"https:\/\/it.wikipedia.org\/wiki\/United_Nations_Relief_and_Rehabilitation_Administration\">Unrra-Casas<\/a>, quando si cerc\u00f2 di operare in modo organico, in termini urbanistici; divenne promotore di uno studio sociologico sui Sassi di\u00a0<a title=\"Matera\" href=\"https:\/\/it.wikipedia.org\/wiki\/Matera\">Matera<\/a>\u00a0e della successiva realizzazione del borgo\u00a0<a title=\"La Martella\" href=\"https:\/\/it.wikipedia.org\/wiki\/La_Martella\">La Martella<\/a>. Nel\u00a0<a title=\"1955\" href=\"https:\/\/it.wikipedia.org\/wiki\/1955\">1955<\/a>\u00a0durante la seconda edizione del\u00a0<a class=\"mw-redirect\" title=\"Premio Compasso d'Oro\" href=\"https:\/\/it.wikipedia.org\/wiki\/Premio_Compasso_d%27Oro\">premio Compasso d&#8217;Oro<\/a>\u00a0ad Adriano Olivetti venne attribuito il primo &#8220;Gran Premio Nazionale&#8221;, prestigioso riconoscimento datogli per la sua influenza nell&#8217;<a title=\"Economia d'Italia\" href=\"https:\/\/it.wikipedia.org\/wiki\/Economia_d%27Italia#Settore_secondario:_industria.2C_edilizia.2C_artigianato\">industria<\/a>\u00a0e nel\u00a0<a title=\"Design italiano\" href=\"https:\/\/it.wikipedia.org\/wiki\/Design_italiano\">design italiano<\/a><sup id=\"cite_ref-15\" class=\"reference\"><a href=\"https:\/\/it.wikipedia.org\/wiki\/Adriano_Olivetti#cite_note-15\">[15]<\/a><\/sup>. Nel\u00a0<a title=\"1958\" href=\"https:\/\/it.wikipedia.org\/wiki\/1958\">1958<\/a>\u00a0Olivetti fu eletto deputato come rappresentante di &#8220;Comunit\u00e0&#8221;. La sua morte prematura sanc\u00ec la fine del movimento.<\/p>\n<\/blockquote>\n<p style=\"text-align:justify\"><img loading=\"lazy\" decoding=\"async\" class=\"  wp-image-1422 aligncenter\" src=\"https:\/\/www.istitutostudisindacali.net\/biblioteca\/wp-content\/uploads\/sites\/2\/2019\/04\/p25per30_mgthumb-interna.jpg\" alt=\"P25per30_MGTHUMB-INTERNA\" width=\"301\" height=\"442\" \/>Laureatosi in chimica industriale al Politecnico di Torino nel 1924, il primo settembre dello stesso anno entr\u00f2 a far parte della societ\u00e0 Olivetti.\u00a0 \u00a0Nel 1925 soggiorn\u00f2 negli Stati Uniti, per condurvi un&#8217;accurata inchiesta intorno ai metodi produttivi e alla struttura organizzativa delle grandi fabbriche americane. Il risultato del viaggio fu una radicale trasformazione organizzativa dei cicli produttivi e dei servizi e la costituzione di un corpo di quadri giovani, dotati di preparazione scientifica a livello universitario.<\/p>\n<p style=\"text-align:justify\"><img loading=\"lazy\" decoding=\"async\" class=\"  wp-image-1419 alignleft\" src=\"https:\/\/www.istitutostudisindacali.net\/biblioteca\/wp-content\/uploads\/sites\/2\/2019\/04\/bigiaretti-con-olivetti-ad-ivrea1957.jpg\" alt=\"Bigiaretti-con-Olivetti-ad-Ivrea1957\" width=\"289\" height=\"204\" srcset=\"https:\/\/www.istitutostudisindacali.net\/bibliotecablog\/wp-content\/uploads\/sites\/17\/2019\/04\/bigiaretti-con-olivetti-ad-ivrea1957.jpg 837w, https:\/\/www.istitutostudisindacali.net\/bibliotecablog\/wp-content\/uploads\/sites\/17\/2019\/04\/bigiaretti-con-olivetti-ad-ivrea1957-300x213.jpg 300w, https:\/\/www.istitutostudisindacali.net\/bibliotecablog\/wp-content\/uploads\/sites\/17\/2019\/04\/bigiaretti-con-olivetti-ad-ivrea1957-768x545.jpg 768w, https:\/\/www.istitutostudisindacali.net\/bibliotecablog\/wp-content\/uploads\/sites\/17\/2019\/04\/bigiaretti-con-olivetti-ad-ivrea1957-610x433.jpg 610w, https:\/\/www.istitutostudisindacali.net\/bibliotecablog\/wp-content\/uploads\/sites\/17\/2019\/04\/bigiaretti-con-olivetti-ad-ivrea1957-400x284.jpg 400w\" sizes=\"(max-width: 289px) 100vw, 289px\" \/>Nel 1929, grazie a quest&#8217;opera di rinnovamento piuttosto insolita nell&#8217;economia italiana, la produttivit\u00e0 dello stabilimento sal\u00ec notevolmente, e pertanto in condizioni abbastanza favorevoli che la Olivetti si trov\u00f2 ad affrontare la grave crisi del 1930.<\/p>\n<p><img loading=\"lazy\" decoding=\"async\" class=\"alignnone size-full wp-image-1416\" src=\"https:\/\/www.istitutostudisindacali.net\/biblioteca\/wp-content\/uploads\/sites\/2\/2019\/04\/2460228_1229_olivetti.jpg\" alt=\"2460228_1229_olivetti\" width=\"660\" height=\"227\" srcset=\"https:\/\/www.istitutostudisindacali.net\/bibliotecablog\/wp-content\/uploads\/sites\/17\/2019\/04\/2460228_1229_olivetti.jpg 660w, https:\/\/www.istitutostudisindacali.net\/bibliotecablog\/wp-content\/uploads\/sites\/17\/2019\/04\/2460228_1229_olivetti-300x103.jpg 300w, https:\/\/www.istitutostudisindacali.net\/bibliotecablog\/wp-content\/uploads\/sites\/17\/2019\/04\/2460228_1229_olivetti-610x210.jpg 610w\" sizes=\"(max-width: 660px) 100vw, 660px\" \/><\/p>\n<p style=\"text-align:justify\">Nominato direttore generale della societ\u00e0 nel 1933, Adriano Olivetti prosegu\u00ec con grande energia l&#8217;opera di rinnovamento tecnico-organizzativo, coinvolgendo peraltro in essa, oltre agli impianti di produzione, anche la comunit\u00e0 circostante, nell&#8217;intento di raggiungere quell&#8217;equilibrio armonico fra citt\u00e0 e campagna, fra industria e comunit\u00e0, che rester\u00e0 poi il principio ispiratore delle sue mediazioni e dei suoi esperimenti sociali.\u00a0 \u00a0Si pu\u00f2 infatti affermare che per Adriano Olivetti, presidente della societ\u00e0 dal 1938, l&#8217;attivit\u00e0 imprenditoriale non si \u00e8 mai posta come fine a se stessa, n\u00e9 mai ha potuto spiegarsi negli angusti limiti dell&#8217;ipotesi edonistica degli economisti classici; anzi, a questo proposito vorrei sottolineare un paradosso apparente, vale a dire che proprio la consegna di non licenziare mai nessuno nella fabbrica di Ivrea fece s\u00ec che la fabbrica diventasse non soltanto un modello di socialit\u00e0, ma costringesse l&#8217;imprenditore a ricercare nuovi sbocchi, a comprimere i costi, ad aumentare il volume della produzione e delle vendite, e pertanto a ricercare il profitto attraverso il volume generale della produzione e non sull&#8217;unit\u00e0 media prodotta.<\/p>\n<p style=\"text-align:justify\"><img loading=\"lazy\" decoding=\"async\" class=\"  wp-image-1418 alignright\" src=\"https:\/\/www.istitutostudisindacali.net\/biblioteca\/wp-content\/uploads\/sites\/2\/2019\/04\/adriano-olivetti_coi-dipendenti.jpg\" alt=\"adriano-olivetti_coi-dipendenti\" width=\"383\" height=\"191\" srcset=\"https:\/\/www.istitutostudisindacali.net\/bibliotecablog\/wp-content\/uploads\/sites\/17\/2019\/04\/adriano-olivetti_coi-dipendenti.jpg 595w, https:\/\/www.istitutostudisindacali.net\/bibliotecablog\/wp-content\/uploads\/sites\/17\/2019\/04\/adriano-olivetti_coi-dipendenti-300x150.jpg 300w\" sizes=\"(max-width: 383px) 100vw, 383px\" \/>Per questo sono convinto che sia necessario rendere giustizia all&#8217;opera di Adriano Olivetti e all&#8217;intento profondo che l&#8217;ha mossa.\u00a0 \u00a0Occorre chiarire, in primo luogo, che Olivetti non fu soltanto un buon padrone che voleva bene ai suoi operai.<\/p>\n<p style=\"text-align:justify\">A ben guardare, trattandosi di un uomo della sua modernit\u00e0, questo sarebbe un giudizio offensivo.\u00a0 \u00a0La sua opera si colloca tutta al di l\u00e0 delle miserabili prospettive del paternalismo padronale dell&#8217;epoca, tipico di economie chiuse e arcaiche, e delle discriminazioni avvilenti, che pur vigono ancora in molte aziende italiane.<\/p>\n<div id=\"attachment_1392\" style=\"width: 290px\" class=\"wp-caption alignleft\"><img loading=\"lazy\" decoding=\"async\" aria-describedby=\"caption-attachment-1392\" class=\"alignnone  wp-image-1392\" src=\"https:\/\/www.istitutostudisindacali.net\/biblioteca\/wp-content\/uploads\/sites\/2\/2019\/04\/ferrarotti-con-olivetti-ivrea-1948.jpg\" alt=\"Ferrarotti con Olivetti Ivrea 1948\" width=\"280\" height=\"351\" srcset=\"https:\/\/www.istitutostudisindacali.net\/bibliotecablog\/wp-content\/uploads\/sites\/17\/2019\/04\/ferrarotti-con-olivetti-ivrea-1948.jpg 1500w, https:\/\/www.istitutostudisindacali.net\/bibliotecablog\/wp-content\/uploads\/sites\/17\/2019\/04\/ferrarotti-con-olivetti-ivrea-1948-239x300.jpg 239w, https:\/\/www.istitutostudisindacali.net\/bibliotecablog\/wp-content\/uploads\/sites\/17\/2019\/04\/ferrarotti-con-olivetti-ivrea-1948-817x1024.jpg 817w, https:\/\/www.istitutostudisindacali.net\/bibliotecablog\/wp-content\/uploads\/sites\/17\/2019\/04\/ferrarotti-con-olivetti-ivrea-1948-768x963.jpg 768w, https:\/\/www.istitutostudisindacali.net\/bibliotecablog\/wp-content\/uploads\/sites\/17\/2019\/04\/ferrarotti-con-olivetti-ivrea-1948-1226x1536.jpg 1226w, https:\/\/www.istitutostudisindacali.net\/bibliotecablog\/wp-content\/uploads\/sites\/17\/2019\/04\/ferrarotti-con-olivetti-ivrea-1948-610x765.jpg 610w, https:\/\/www.istitutostudisindacali.net\/bibliotecablog\/wp-content\/uploads\/sites\/17\/2019\/04\/ferrarotti-con-olivetti-ivrea-1948-1080x1354.jpg 1080w\" sizes=\"(max-width: 280px) 100vw, 280px\" \/><p id=\"caption-attachment-1392\" class=\"wp-caption-text\">Ferrarotti a sinistra durante un intervento di Olivetti<\/p><\/div>\n<p><span>A Olivetti, pi\u00f9 che comandare, premeva comprendere.\u00a0 \u00a0Uno dei punti fondamentali del suo pensiero fu appunto dato dal tentativo di umanizzare il potere economico e politico sciogliendo il dilemma di fondo del nostro tempo, che ci divide fra il bisogno di libert\u00e0 individuale e le esigenze di giustizia collettiva.\u00a0 \u00a0I lavoratori non erano per lui dei sudditi sui quali far gravare la tutela del capitalista, per quanto illuminato.\u00a0 \u00a0 La classe operai, nel pensiero di Olivetti, non pu\u00f2 venire socialmente, economicamente e politicamente emancipata se non attraverso la consapevole e autonoma iniziativa della classe operaia stessa.[&#8230;] pp.14<\/span><\/p>\n<h3><\/h3>\n<h3><\/h3>\n<h3 style=\"text-align:center\"><strong><em>Disponibile presso la BIBLIOTECA NAZIONALE UIL ARTURO CHIARI<\/em><\/strong><\/h3>\n","protected":false},"excerpt":{"rendered":"<p>11 aprile 1901 Adriano Olivetti nasce a Ivrea.\u00a0(Ivrea,\u00a011 aprile\u00a01901\u00a0\u2013\u00a0Aigle,\u00a027 febbraio\u00a01960) Nel\u00a01945\u00a0Olivetti pubblic\u00f2\u00a0L&#8217;ordine politico delle Comunit\u00e0\u00a0che va considerato la base teorica per un&#8217;idea\u00a0federalista\u00a0dello Stato che, nella sua visione, si fondava appunto sulle comunit\u00e0, vale a dire unit\u00e0 territoriali culturalmente omogenee e economicamente autonome. Divenne un sostenitore del\u00a0federalismo europeo\u00a0dopo aver conosciuto\u00a0Altiero Spinelli\u00a0durante l&#8217;esilio in Svizzera, iniziato da [&hellip;]<\/p>\n","protected":false},"author":7,"featured_media":1420,"comment_status":"closed","ping_status":"closed","sticky":false,"template":"","format":"standard","meta":{"_et_pb_use_builder":"","_et_pb_old_content":"","_et_gb_content_width":"","ngg_post_thumbnail":0,"_jetpack_memberships_contains_paid_content":false,"footnotes":""},"categories":[117],"tags":[1020,7,1022],"class_list":["post-1414","post","type-post","status-publish","format-standard","has-post-thumbnail","hentry","category-industria","tag-adriano-olivetti","tag-evidenza","tag-franco-ferrarotti","et-has-post-format-content","et_post_format-et-post-format-standard"],"yoast_head":"<!-- This site is optimized with the Yoast SEO plugin v27.4 - https:\/\/yoast.com\/product\/yoast-seo-wordpress\/ -->\n<title>&quot;La concreta utopia di Adriano Olivetti&quot; di Franco Ferrarotti - Blog della Biblioteca<\/title>\n<meta name=\"robots\" content=\"index, follow, max-snippet:-1, max-image-preview:large, max-video-preview:-1\" \/>\n<link rel=\"canonical\" href=\"https:\/\/www.istitutostudisindacali.net\/bibliotecablog\/2019\/04\/11\/la-concreta-utopia-di-adriano-olivetti-di-franco-ferrarotti\/\" \/>\n<meta property=\"og:locale\" content=\"it_IT\" \/>\n<meta property=\"og:type\" content=\"article\" \/>\n<meta property=\"og:title\" content=\"&quot;La concreta utopia di Adriano Olivetti&quot; di Franco Ferrarotti - Blog della Biblioteca\" \/>\n<meta property=\"og:description\" content=\"11 aprile 1901 Adriano Olivetti nasce a Ivrea.\u00a0(Ivrea,\u00a011 aprile\u00a01901\u00a0\u2013\u00a0Aigle,\u00a027 febbraio\u00a01960) Nel\u00a01945\u00a0Olivetti pubblic\u00f2\u00a0L&#8217;ordine politico delle Comunit\u00e0\u00a0che va considerato la base teorica per un&#8217;idea\u00a0federalista\u00a0dello Stato che, nella sua visione, si fondava appunto sulle comunit\u00e0, vale a dire unit\u00e0 territoriali culturalmente omogenee e economicamente autonome. Divenne un sostenitore del\u00a0federalismo europeo\u00a0dopo aver conosciuto\u00a0Altiero Spinelli\u00a0durante l&#8217;esilio in Svizzera, iniziato da [&hellip;]\" \/>\n<meta property=\"og:url\" content=\"https:\/\/www.istitutostudisindacali.net\/bibliotecablog\/2019\/04\/11\/la-concreta-utopia-di-adriano-olivetti-di-franco-ferrarotti\/\" \/>\n<meta property=\"og:site_name\" content=\"Blog della Biblioteca\" \/>\n<meta property=\"article:published_time\" content=\"2019-04-11T05:30:47+00:00\" \/>\n<meta property=\"article:modified_time\" content=\"2023-02-04T18:11:14+00:00\" \/>\n<meta property=\"og:image\" content=\"https:\/\/www.istitutostudisindacali.net\/bibliotecablog\/wp-content\/uploads\/sites\/17\/2019\/04\/copertina3.jpg\" \/>\n\t<meta property=\"og:image:width\" content=\"432\" \/>\n\t<meta property=\"og:image:height\" content=\"652\" \/>\n\t<meta property=\"og:image:type\" content=\"image\/jpeg\" \/>\n<meta name=\"author\" content=\"Loredana Pietri\" \/>\n<meta name=\"twitter:card\" content=\"summary_large_image\" \/>\n<meta name=\"twitter:label1\" content=\"Scritto da\" \/>\n\t<meta name=\"twitter:data1\" content=\"Loredana Pietri\" \/>\n\t<meta name=\"twitter:label2\" content=\"Tempo di lettura stimato\" \/>\n\t<meta name=\"twitter:data2\" content=\"4 minuti\" \/>\n<script type=\"application\/ld+json\" class=\"yoast-schema-graph\">{\"@context\":\"https:\\\/\\\/schema.org\",\"@graph\":[{\"@type\":\"Article\",\"@id\":\"https:\\\/\\\/www.istitutostudisindacali.net\\\/bibliotecablog\\\/2019\\\/04\\\/11\\\/la-concreta-utopia-di-adriano-olivetti-di-franco-ferrarotti\\\/#article\",\"isPartOf\":{\"@id\":\"https:\\\/\\\/www.istitutostudisindacali.net\\\/bibliotecablog\\\/2019\\\/04\\\/11\\\/la-concreta-utopia-di-adriano-olivetti-di-franco-ferrarotti\\\/\"},\"author\":{\"name\":\"Loredana Pietri\",\"@id\":\"https:\\\/\\\/www.istitutostudisindacali.net\\\/bibliotecablog\\\/#\\\/schema\\\/person\\\/67df37a680cbbc103a59f61989c3f7e0\"},\"headline\":\"&#8220;La concreta utopia di Adriano Olivetti&#8221; di Franco Ferrarotti\",\"datePublished\":\"2019-04-11T05:30:47+00:00\",\"dateModified\":\"2023-02-04T18:11:14+00:00\",\"mainEntityOfPage\":{\"@id\":\"https:\\\/\\\/www.istitutostudisindacali.net\\\/bibliotecablog\\\/2019\\\/04\\\/11\\\/la-concreta-utopia-di-adriano-olivetti-di-franco-ferrarotti\\\/\"},\"wordCount\":766,\"image\":{\"@id\":\"https:\\\/\\\/www.istitutostudisindacali.net\\\/bibliotecablog\\\/2019\\\/04\\\/11\\\/la-concreta-utopia-di-adriano-olivetti-di-franco-ferrarotti\\\/#primaryimage\"},\"thumbnailUrl\":\"https:\\\/\\\/www.istitutostudisindacali.net\\\/bibliotecablog\\\/wp-content\\\/uploads\\\/sites\\\/17\\\/2019\\\/04\\\/copertina3.jpg\",\"keywords\":[\"Adriano Olivetti\",\"evidenza\",\"Franco Ferrarotti\"],\"articleSection\":[\"Industria\"],\"inLanguage\":\"it-IT\"},{\"@type\":\"WebPage\",\"@id\":\"https:\\\/\\\/www.istitutostudisindacali.net\\\/bibliotecablog\\\/2019\\\/04\\\/11\\\/la-concreta-utopia-di-adriano-olivetti-di-franco-ferrarotti\\\/\",\"url\":\"https:\\\/\\\/www.istitutostudisindacali.net\\\/bibliotecablog\\\/2019\\\/04\\\/11\\\/la-concreta-utopia-di-adriano-olivetti-di-franco-ferrarotti\\\/\",\"name\":\"\\\"La concreta utopia di Adriano Olivetti\\\" di Franco Ferrarotti - Blog della Biblioteca\",\"isPartOf\":{\"@id\":\"https:\\\/\\\/www.istitutostudisindacali.net\\\/bibliotecablog\\\/#website\"},\"primaryImageOfPage\":{\"@id\":\"https:\\\/\\\/www.istitutostudisindacali.net\\\/bibliotecablog\\\/2019\\\/04\\\/11\\\/la-concreta-utopia-di-adriano-olivetti-di-franco-ferrarotti\\\/#primaryimage\"},\"image\":{\"@id\":\"https:\\\/\\\/www.istitutostudisindacali.net\\\/bibliotecablog\\\/2019\\\/04\\\/11\\\/la-concreta-utopia-di-adriano-olivetti-di-franco-ferrarotti\\\/#primaryimage\"},\"thumbnailUrl\":\"https:\\\/\\\/www.istitutostudisindacali.net\\\/bibliotecablog\\\/wp-content\\\/uploads\\\/sites\\\/17\\\/2019\\\/04\\\/copertina3.jpg\",\"datePublished\":\"2019-04-11T05:30:47+00:00\",\"dateModified\":\"2023-02-04T18:11:14+00:00\",\"author\":{\"@id\":\"https:\\\/\\\/www.istitutostudisindacali.net\\\/bibliotecablog\\\/#\\\/schema\\\/person\\\/67df37a680cbbc103a59f61989c3f7e0\"},\"breadcrumb\":{\"@id\":\"https:\\\/\\\/www.istitutostudisindacali.net\\\/bibliotecablog\\\/2019\\\/04\\\/11\\\/la-concreta-utopia-di-adriano-olivetti-di-franco-ferrarotti\\\/#breadcrumb\"},\"inLanguage\":\"it-IT\",\"potentialAction\":[{\"@type\":\"ReadAction\",\"target\":[\"https:\\\/\\\/www.istitutostudisindacali.net\\\/bibliotecablog\\\/2019\\\/04\\\/11\\\/la-concreta-utopia-di-adriano-olivetti-di-franco-ferrarotti\\\/\"]}]},{\"@type\":\"ImageObject\",\"inLanguage\":\"it-IT\",\"@id\":\"https:\\\/\\\/www.istitutostudisindacali.net\\\/bibliotecablog\\\/2019\\\/04\\\/11\\\/la-concreta-utopia-di-adriano-olivetti-di-franco-ferrarotti\\\/#primaryimage\",\"url\":\"https:\\\/\\\/www.istitutostudisindacali.net\\\/bibliotecablog\\\/wp-content\\\/uploads\\\/sites\\\/17\\\/2019\\\/04\\\/copertina3.jpg\",\"contentUrl\":\"https:\\\/\\\/www.istitutostudisindacali.net\\\/bibliotecablog\\\/wp-content\\\/uploads\\\/sites\\\/17\\\/2019\\\/04\\\/copertina3.jpg\",\"width\":432,\"height\":652},{\"@type\":\"BreadcrumbList\",\"@id\":\"https:\\\/\\\/www.istitutostudisindacali.net\\\/bibliotecablog\\\/2019\\\/04\\\/11\\\/la-concreta-utopia-di-adriano-olivetti-di-franco-ferrarotti\\\/#breadcrumb\",\"itemListElement\":[{\"@type\":\"ListItem\",\"position\":1,\"name\":\"Home\",\"item\":\"https:\\\/\\\/www.istitutostudisindacali.net\\\/bibliotecablog\\\/\"},{\"@type\":\"ListItem\",\"position\":2,\"name\":\"&#8220;La concreta utopia di Adriano Olivetti&#8221; di Franco Ferrarotti\"}]},{\"@type\":\"WebSite\",\"@id\":\"https:\\\/\\\/www.istitutostudisindacali.net\\\/bibliotecablog\\\/#website\",\"url\":\"https:\\\/\\\/www.istitutostudisindacali.net\\\/bibliotecablog\\\/\",\"name\":\"Blog della Biblioteca\",\"description\":\"Arturo Chiari\",\"potentialAction\":[{\"@type\":\"SearchAction\",\"target\":{\"@type\":\"EntryPoint\",\"urlTemplate\":\"https:\\\/\\\/www.istitutostudisindacali.net\\\/bibliotecablog\\\/?s={search_term_string}\"},\"query-input\":{\"@type\":\"PropertyValueSpecification\",\"valueRequired\":true,\"valueName\":\"search_term_string\"}}],\"inLanguage\":\"it-IT\"},{\"@type\":\"Person\",\"@id\":\"https:\\\/\\\/www.istitutostudisindacali.net\\\/bibliotecablog\\\/#\\\/schema\\\/person\\\/67df37a680cbbc103a59f61989c3f7e0\",\"name\":\"Loredana Pietri\",\"image\":{\"@type\":\"ImageObject\",\"inLanguage\":\"it-IT\",\"@id\":\"https:\\\/\\\/secure.gravatar.com\\\/avatar\\\/14e1950ca26d7443d95784cdcfad5cf200bbbc261d085cf9375e018dc286c835?s=96&d=mm&r=g\",\"url\":\"https:\\\/\\\/secure.gravatar.com\\\/avatar\\\/14e1950ca26d7443d95784cdcfad5cf200bbbc261d085cf9375e018dc286c835?s=96&d=mm&r=g\",\"contentUrl\":\"https:\\\/\\\/secure.gravatar.com\\\/avatar\\\/14e1950ca26d7443d95784cdcfad5cf200bbbc261d085cf9375e018dc286c835?s=96&d=mm&r=g\",\"caption\":\"Loredana Pietri\"},\"description\":\"Responsabile della Biblioteca si impegna nella sua conduzione per migliorarne i Servizi\",\"sameAs\":[\"https:\\\/\\\/www.istitutostudisindacali.net\\\/biblioteca\"],\"url\":\"https:\\\/\\\/www.istitutostudisindacali.net\\\/bibliotecablog\\\/author\\\/loredana-pietri\\\/\"}]}<\/script>\n<!-- \/ Yoast SEO plugin. -->","yoast_head_json":{"title":"\"La concreta utopia di Adriano Olivetti\" di Franco Ferrarotti - Blog della Biblioteca","robots":{"index":"index","follow":"follow","max-snippet":"max-snippet:-1","max-image-preview":"max-image-preview:large","max-video-preview":"max-video-preview:-1"},"canonical":"https:\/\/www.istitutostudisindacali.net\/bibliotecablog\/2019\/04\/11\/la-concreta-utopia-di-adriano-olivetti-di-franco-ferrarotti\/","og_locale":"it_IT","og_type":"article","og_title":"\"La concreta utopia di Adriano Olivetti\" di Franco Ferrarotti - Blog della Biblioteca","og_description":"11 aprile 1901 Adriano Olivetti nasce a Ivrea.\u00a0(Ivrea,\u00a011 aprile\u00a01901\u00a0\u2013\u00a0Aigle,\u00a027 febbraio\u00a01960) Nel\u00a01945\u00a0Olivetti pubblic\u00f2\u00a0L&#8217;ordine politico delle Comunit\u00e0\u00a0che va considerato la base teorica per un&#8217;idea\u00a0federalista\u00a0dello Stato che, nella sua visione, si fondava appunto sulle comunit\u00e0, vale a dire unit\u00e0 territoriali culturalmente omogenee e economicamente autonome. Divenne un sostenitore del\u00a0federalismo europeo\u00a0dopo aver conosciuto\u00a0Altiero Spinelli\u00a0durante l&#8217;esilio in Svizzera, iniziato da [&hellip;]","og_url":"https:\/\/www.istitutostudisindacali.net\/bibliotecablog\/2019\/04\/11\/la-concreta-utopia-di-adriano-olivetti-di-franco-ferrarotti\/","og_site_name":"Blog della Biblioteca","article_published_time":"2019-04-11T05:30:47+00:00","article_modified_time":"2023-02-04T18:11:14+00:00","og_image":[{"width":432,"height":652,"url":"https:\/\/www.istitutostudisindacali.net\/bibliotecablog\/wp-content\/uploads\/sites\/17\/2019\/04\/copertina3.jpg","type":"image\/jpeg"}],"author":"Loredana Pietri","twitter_card":"summary_large_image","twitter_misc":{"Scritto da":"Loredana Pietri","Tempo di lettura stimato":"4 minuti"},"schema":{"@context":"https:\/\/schema.org","@graph":[{"@type":"Article","@id":"https:\/\/www.istitutostudisindacali.net\/bibliotecablog\/2019\/04\/11\/la-concreta-utopia-di-adriano-olivetti-di-franco-ferrarotti\/#article","isPartOf":{"@id":"https:\/\/www.istitutostudisindacali.net\/bibliotecablog\/2019\/04\/11\/la-concreta-utopia-di-adriano-olivetti-di-franco-ferrarotti\/"},"author":{"name":"Loredana Pietri","@id":"https:\/\/www.istitutostudisindacali.net\/bibliotecablog\/#\/schema\/person\/67df37a680cbbc103a59f61989c3f7e0"},"headline":"&#8220;La concreta utopia di Adriano Olivetti&#8221; di Franco Ferrarotti","datePublished":"2019-04-11T05:30:47+00:00","dateModified":"2023-02-04T18:11:14+00:00","mainEntityOfPage":{"@id":"https:\/\/www.istitutostudisindacali.net\/bibliotecablog\/2019\/04\/11\/la-concreta-utopia-di-adriano-olivetti-di-franco-ferrarotti\/"},"wordCount":766,"image":{"@id":"https:\/\/www.istitutostudisindacali.net\/bibliotecablog\/2019\/04\/11\/la-concreta-utopia-di-adriano-olivetti-di-franco-ferrarotti\/#primaryimage"},"thumbnailUrl":"https:\/\/www.istitutostudisindacali.net\/bibliotecablog\/wp-content\/uploads\/sites\/17\/2019\/04\/copertina3.jpg","keywords":["Adriano Olivetti","evidenza","Franco Ferrarotti"],"articleSection":["Industria"],"inLanguage":"it-IT"},{"@type":"WebPage","@id":"https:\/\/www.istitutostudisindacali.net\/bibliotecablog\/2019\/04\/11\/la-concreta-utopia-di-adriano-olivetti-di-franco-ferrarotti\/","url":"https:\/\/www.istitutostudisindacali.net\/bibliotecablog\/2019\/04\/11\/la-concreta-utopia-di-adriano-olivetti-di-franco-ferrarotti\/","name":"\"La concreta utopia di Adriano Olivetti\" di Franco Ferrarotti - Blog della Biblioteca","isPartOf":{"@id":"https:\/\/www.istitutostudisindacali.net\/bibliotecablog\/#website"},"primaryImageOfPage":{"@id":"https:\/\/www.istitutostudisindacali.net\/bibliotecablog\/2019\/04\/11\/la-concreta-utopia-di-adriano-olivetti-di-franco-ferrarotti\/#primaryimage"},"image":{"@id":"https:\/\/www.istitutostudisindacali.net\/bibliotecablog\/2019\/04\/11\/la-concreta-utopia-di-adriano-olivetti-di-franco-ferrarotti\/#primaryimage"},"thumbnailUrl":"https:\/\/www.istitutostudisindacali.net\/bibliotecablog\/wp-content\/uploads\/sites\/17\/2019\/04\/copertina3.jpg","datePublished":"2019-04-11T05:30:47+00:00","dateModified":"2023-02-04T18:11:14+00:00","author":{"@id":"https:\/\/www.istitutostudisindacali.net\/bibliotecablog\/#\/schema\/person\/67df37a680cbbc103a59f61989c3f7e0"},"breadcrumb":{"@id":"https:\/\/www.istitutostudisindacali.net\/bibliotecablog\/2019\/04\/11\/la-concreta-utopia-di-adriano-olivetti-di-franco-ferrarotti\/#breadcrumb"},"inLanguage":"it-IT","potentialAction":[{"@type":"ReadAction","target":["https:\/\/www.istitutostudisindacali.net\/bibliotecablog\/2019\/04\/11\/la-concreta-utopia-di-adriano-olivetti-di-franco-ferrarotti\/"]}]},{"@type":"ImageObject","inLanguage":"it-IT","@id":"https:\/\/www.istitutostudisindacali.net\/bibliotecablog\/2019\/04\/11\/la-concreta-utopia-di-adriano-olivetti-di-franco-ferrarotti\/#primaryimage","url":"https:\/\/www.istitutostudisindacali.net\/bibliotecablog\/wp-content\/uploads\/sites\/17\/2019\/04\/copertina3.jpg","contentUrl":"https:\/\/www.istitutostudisindacali.net\/bibliotecablog\/wp-content\/uploads\/sites\/17\/2019\/04\/copertina3.jpg","width":432,"height":652},{"@type":"BreadcrumbList","@id":"https:\/\/www.istitutostudisindacali.net\/bibliotecablog\/2019\/04\/11\/la-concreta-utopia-di-adriano-olivetti-di-franco-ferrarotti\/#breadcrumb","itemListElement":[{"@type":"ListItem","position":1,"name":"Home","item":"https:\/\/www.istitutostudisindacali.net\/bibliotecablog\/"},{"@type":"ListItem","position":2,"name":"&#8220;La concreta utopia di Adriano Olivetti&#8221; di Franco Ferrarotti"}]},{"@type":"WebSite","@id":"https:\/\/www.istitutostudisindacali.net\/bibliotecablog\/#website","url":"https:\/\/www.istitutostudisindacali.net\/bibliotecablog\/","name":"Blog della Biblioteca","description":"Arturo Chiari","potentialAction":[{"@type":"SearchAction","target":{"@type":"EntryPoint","urlTemplate":"https:\/\/www.istitutostudisindacali.net\/bibliotecablog\/?s={search_term_string}"},"query-input":{"@type":"PropertyValueSpecification","valueRequired":true,"valueName":"search_term_string"}}],"inLanguage":"it-IT"},{"@type":"Person","@id":"https:\/\/www.istitutostudisindacali.net\/bibliotecablog\/#\/schema\/person\/67df37a680cbbc103a59f61989c3f7e0","name":"Loredana Pietri","image":{"@type":"ImageObject","inLanguage":"it-IT","@id":"https:\/\/secure.gravatar.com\/avatar\/14e1950ca26d7443d95784cdcfad5cf200bbbc261d085cf9375e018dc286c835?s=96&d=mm&r=g","url":"https:\/\/secure.gravatar.com\/avatar\/14e1950ca26d7443d95784cdcfad5cf200bbbc261d085cf9375e018dc286c835?s=96&d=mm&r=g","contentUrl":"https:\/\/secure.gravatar.com\/avatar\/14e1950ca26d7443d95784cdcfad5cf200bbbc261d085cf9375e018dc286c835?s=96&d=mm&r=g","caption":"Loredana Pietri"},"description":"Responsabile della Biblioteca si impegna nella sua conduzione per migliorarne i Servizi","sameAs":["https:\/\/www.istitutostudisindacali.net\/biblioteca"],"url":"https:\/\/www.istitutostudisindacali.net\/bibliotecablog\/author\/loredana-pietri\/"}]}},"jetpack_featured_media_url":"https:\/\/www.istitutostudisindacali.net\/bibliotecablog\/wp-content\/uploads\/sites\/17\/2019\/04\/copertina3.jpg","jetpack_sharing_enabled":true,"_links":{"self":[{"href":"https:\/\/www.istitutostudisindacali.net\/bibliotecablog\/wp-json\/wp\/v2\/posts\/1414","targetHints":{"allow":["GET"]}}],"collection":[{"href":"https:\/\/www.istitutostudisindacali.net\/bibliotecablog\/wp-json\/wp\/v2\/posts"}],"about":[{"href":"https:\/\/www.istitutostudisindacali.net\/bibliotecablog\/wp-json\/wp\/v2\/types\/post"}],"author":[{"embeddable":true,"href":"https:\/\/www.istitutostudisindacali.net\/bibliotecablog\/wp-json\/wp\/v2\/users\/7"}],"replies":[{"embeddable":true,"href":"https:\/\/www.istitutostudisindacali.net\/bibliotecablog\/wp-json\/wp\/v2\/comments?post=1414"}],"version-history":[{"count":1,"href":"https:\/\/www.istitutostudisindacali.net\/bibliotecablog\/wp-json\/wp\/v2\/posts\/1414\/revisions"}],"predecessor-version":[{"id":4496,"href":"https:\/\/www.istitutostudisindacali.net\/bibliotecablog\/wp-json\/wp\/v2\/posts\/1414\/revisions\/4496"}],"wp:featuredmedia":[{"embeddable":true,"href":"https:\/\/www.istitutostudisindacali.net\/bibliotecablog\/wp-json\/wp\/v2\/media\/1420"}],"wp:attachment":[{"href":"https:\/\/www.istitutostudisindacali.net\/bibliotecablog\/wp-json\/wp\/v2\/media?parent=1414"}],"wp:term":[{"taxonomy":"category","embeddable":true,"href":"https:\/\/www.istitutostudisindacali.net\/bibliotecablog\/wp-json\/wp\/v2\/categories?post=1414"},{"taxonomy":"post_tag","embeddable":true,"href":"https:\/\/www.istitutostudisindacali.net\/bibliotecablog\/wp-json\/wp\/v2\/tags?post=1414"}],"curies":[{"name":"wp","href":"https:\/\/api.w.org\/{rel}","templated":true}]}}