{"id":1396,"date":"2019-04-09T09:57:10","date_gmt":"2019-04-09T07:57:10","guid":{"rendered":"https:\/\/bibliotecarturochiari.wordpress.com\/?p=1396"},"modified":"2023-02-04T19:11:15","modified_gmt":"2023-02-04T18:11:15","slug":"nicola-badaloni-gino-piva-e-il-socialismo-padano-veneto-a-cura-di-giampietro-berti","status":"publish","type":"post","link":"https:\/\/www.istitutostudisindacali.net\/bibliotecablog\/2019\/04\/09\/nicola-badaloni-gino-piva-e-il-socialismo-padano-veneto-a-cura-di-giampietro-berti\/","title":{"rendered":"&#8220;Nicola Badaloni Gino Piva e il socialismo Padano- Veneto&#8221; a cura di Giampietro Berti"},"content":{"rendered":"<blockquote><p>Nasce a Milano <b>Gino Piva<\/b>\u00a0(<a title=\"Milano\" href=\"https:\/\/it.wikipedia.org\/wiki\/Milano\">Milano<\/a>,\u00a0<a title=\"9 aprile\" href=\"https:\/\/it.wikipedia.org\/wiki\/9_aprile\">9 aprile<\/a>\u00a0<a title=\"1873\" href=\"https:\/\/it.wikipedia.org\/wiki\/1873\">1873<\/a>\u00a0\u2013\u00a0<a title=\"Vetrego\" href=\"https:\/\/it.wikipedia.org\/wiki\/Vetrego\">Vetrego<\/a>,\u00a0<a title=\"30 agosto\" href=\"https:\/\/it.wikipedia.org\/wiki\/30_agosto\">30 agosto<\/a>\u00a0<a title=\"1946\" href=\"https:\/\/it.wikipedia.org\/wiki\/1946\">1946<\/a>) \u00e8 stato un\u00a0<a class=\"mw-redirect\" title=\"Sindacalista\" href=\"https:\/\/it.wikipedia.org\/wiki\/Sindacalista\">sindacalista<\/a>,\u00a0<a title=\"Politico\" href=\"https:\/\/it.wikipedia.org\/wiki\/Politico\">politico<\/a>,\u00a0<a title=\"Giornalista\" href=\"https:\/\/it.wikipedia.org\/wiki\/Giornalista\">giornalista<\/a>\u00a0e\u00a0<a title=\"\" href=\"https:\/\/it.wikipedia.org\/wiki\/Poeta\">poeta<\/a>\u00a0<a title=\"Italia\" href=\"https:\/\/it.wikipedia.org\/wiki\/Italia\">italiano<\/a>.<\/p>\n<p><img loading=\"lazy\" decoding=\"async\" class=\" size-full wp-image-1400 alignleft\" src=\"https:\/\/www.istitutostudisindacali.net\/biblioteca\/wp-content\/uploads\/sites\/2\/2019\/04\/gino_piva.jpg\" alt=\"Gino_Piva\" width=\"150\" height=\"192\" \/><\/p>\n<p>Nel\u00a0<a title=\"1893\" href=\"https:\/\/it.wikipedia.org\/wiki\/1893\">1893<\/a>\u00a0nasce l&#8217;organizzazione del\u00a0<a title=\"Partito Socialista Italiano\" href=\"https:\/\/it.wikipedia.org\/wiki\/Partito_Socialista_Italiano\">Partito Socialista Italiano<\/a>\u00a0(PSI) nel\u00a0<a title=\"Polesine\" href=\"https:\/\/it.wikipedia.org\/wiki\/Polesine\">Polesine<\/a>. Padri del socialsimo polesano furono\u00a0<a class=\"mw-redirect\" title=\"Nicola Badaloni (democratico)\" href=\"https:\/\/it.wikipedia.org\/wiki\/Nicola_Badaloni_(democratico)\">Nicola Badaloni<\/a>\u00a0e\u00a0<a title=\"Vittorio Gottardi\" href=\"https:\/\/it.wikipedia.org\/wiki\/Vittorio_Gottardi\">Vittorio Gottardi<\/a>. Piva partecip\u00f2 giovanissimo alla trasformazione del circolo da radicale a socialista prima a\u00a0<a title=\"Trecenta\" href=\"https:\/\/it.wikipedia.org\/wiki\/Trecenta\">Trecenta<\/a>, poi a Massa Superiore, l&#8217;attuale\u00a0<a title=\"Castelmassa\" href=\"https:\/\/it.wikipedia.org\/wiki\/Castelmassa\">Castelmassa<\/a>, e a\u00a0<a title=\"Ceneselli\" href=\"https:\/\/it.wikipedia.org\/wiki\/Ceneselli\">Ceneselli<\/a>.<\/p>\n<p>Fu talmente entusiasta come organizzatore politico e sindacale che il primo\u00a0<a title=\"Sciopero\" href=\"https:\/\/it.wikipedia.org\/wiki\/Sciopero\">sciopero<\/a>\u00a0del\u00a0<a title=\"1894\" href=\"https:\/\/it.wikipedia.org\/wiki\/1894\">1894<\/a>\u00a0rimase memorabile tra i braccianti del Polesine da essere ricordato in un canto popolare del tempo:<\/p>\n<p><i>Evviva Gino Piva \/ che col suo bel parlare \/ tutta la provincia \/ ha fatto ribellare .<\/i><\/p>\n<p>Per la sua attivit\u00e0 politica e sindacale sub\u00ec diversi processi e una sentenza giudiziaria gli cost\u00f2, nel\u00a0<a title=\"1899\" href=\"https:\/\/it.wikipedia.org\/wiki\/1899\">1899<\/a>, diversi mesi di carcere.<\/p>\n<p>Dopo aver gi\u00e0 pubblicato un articolo nel\u00a0<a title=\"1890\" href=\"https:\/\/it.wikipedia.org\/wiki\/1890\">1890<\/a>\u00a0sulla\u00a0<i>Gazzetta del Popolo della Domenica<\/i>\u00a0nel\u00a0<a title=\"1900\" href=\"https:\/\/it.wikipedia.org\/wiki\/1900\">1900<\/a>\u00a0fece la prima vera prova come giornalista iniziando come collaboratore del foglio socialista rodigino\u00a0<i>La Lotta<\/i>\u00a0firmandosi con lo pseudonimo\u00a0<i><b>Remengo<\/b><\/i>\u00a0(vagabondo, errante). Nello stesso anno fu eletto segretario della federazione polesana del PSI e direttore della\u00a0<i>Lotta<\/i>, assumendo una funzione di grande rilievo, seconda soltanto a quella di Nicola Badaloni.<\/p>\n<p><img loading=\"lazy\" decoding=\"async\" class=\"alignnone size-full wp-image-1402\" src=\"https:\/\/www.istitutostudisindacali.net\/biblioteca\/wp-content\/uploads\/sites\/2\/2019\/04\/v.jpg\" alt=\"V\" width=\"1522\" height=\"1192\" srcset=\"https:\/\/www.istitutostudisindacali.net\/bibliotecablog\/wp-content\/uploads\/sites\/17\/2019\/04\/v.jpg 1522w, https:\/\/www.istitutostudisindacali.net\/bibliotecablog\/wp-content\/uploads\/sites\/17\/2019\/04\/v-300x235.jpg 300w, https:\/\/www.istitutostudisindacali.net\/bibliotecablog\/wp-content\/uploads\/sites\/17\/2019\/04\/v-1024x802.jpg 1024w, https:\/\/www.istitutostudisindacali.net\/bibliotecablog\/wp-content\/uploads\/sites\/17\/2019\/04\/v-768x601.jpg 768w, https:\/\/www.istitutostudisindacali.net\/bibliotecablog\/wp-content\/uploads\/sites\/17\/2019\/04\/v-610x478.jpg 610w, https:\/\/www.istitutostudisindacali.net\/bibliotecablog\/wp-content\/uploads\/sites\/17\/2019\/04\/v-1080x846.jpg 1080w\" sizes=\"(max-width: 1522px) 100vw, 1522px\" \/>L&#8217;attivit\u00e0 politica e giornalistica nel PSI lo port\u00f2 nel\u00a0<a title=\"1903\" href=\"https:\/\/it.wikipedia.org\/wiki\/1903\">1903<\/a>\u00a0a risiedere a\u00a0<a title=\"Alessandria\" href=\"https:\/\/it.wikipedia.org\/wiki\/Alessandria\">Alessandria<\/a>\u00a0(diresse l&#8217;<i>Idea nuova<\/i>), a\u00a0<a title=\"Cesena\" href=\"https:\/\/it.wikipedia.org\/wiki\/Cesena\">Cesena<\/a>\u00a0e a\u00a0<a title=\"Ravenna\" href=\"https:\/\/it.wikipedia.org\/wiki\/Ravenna\">Ravenna<\/a>\u00a0(Segretario Federazione PSI e direttore della\u00a0<i>Parola dei socialisti<\/i>). Aveva nel frattempo maturato una posizione riformistica e gradualistica, tanto che nel\u00a0<a title=\"1904\" href=\"https:\/\/it.wikipedia.org\/wiki\/1904\">1904<\/a>\u00a0prender\u00e0 posizione contro lo sciopero generale, condannando il sindacalismo rivoluzionario che gli appariva come\u00a0<i>la negazione del socialismo<\/i>.<\/p>\n<p>Nel luglio del\u00a0<a title=\"1912\" href=\"https:\/\/it.wikipedia.org\/wiki\/1912\">1912<\/a>, al XIII congresso nazionale del PSI, aderendo alla corrente dei riformisti di\u00a0<a title=\"Leonida Bissolati\" href=\"https:\/\/it.wikipedia.org\/wiki\/Leonida_Bissolati\">Leonida Bissolati<\/a>\u00a0ne segu\u00ec le sorti nell&#8217;espulsione e la nascita al\u00a0<a title=\"Partito Socialista Riformista Italiano\" href=\"https:\/\/it.wikipedia.org\/wiki\/Partito_Socialista_Riformista_Italiano\">Partito Socialista Riformista Italiano<\/a>. Significativa \u00e8 la sua concezione del socialismo:<\/p>\n<table class=\"citazione-table\">\n<tbody>\n<tr>\n<td>\u00ab(&#8230;) A chi ci chiede che posto occupiamo nelle tendenze socialiste, noi rispondiamo di essere socialisti della vecchia scuola che, animati dalla persistente fede, sentono il loro tempo e in quello si ambientano per progredire, usando di tutti i mezzi per raggiungere il proprio ideale.<br \/>\n(Siamo) pronti alla violenza se la libert\u00e0 sia minacciata, adattabili al lavoro di pacifica trasformazione sociale se l&#8217;ambiente lo consente (&#8230;)<br \/>\n(Pertanto) il\u00a0<a title=\"Socialismo\" href=\"https:\/\/it.wikipedia.org\/wiki\/Socialismo\">Socialismo<\/a>\u00a0non \u00e8 rivoluzionario n\u00e9 riformista; \u00e8 quello che il suo tempo lo fa (&#8230;)<br \/>\nIl Socialismo (pertanto) non pu\u00f2 avere apriorismi: esso deve operare come pu\u00f2 nell&#8217;ambiente in cui vive. (&#8230;)\u00bb<\/td>\n<\/tr>\n<\/tbody>\n<\/table>\n<p style=\"text-align:center\"><img loading=\"lazy\" decoding=\"async\" class=\"alignnone size-full wp-image-103\" src=\"https:\/\/www.istitutostudisindacali.net\/biblioteca\/wp-content\/uploads\/sites\/2\/2018\/07\/socialismo.jpg\" alt=\"socialismo\" width=\"295\" height=\"320\" srcset=\"https:\/\/www.istitutostudisindacali.net\/bibliotecablog\/wp-content\/uploads\/sites\/17\/2018\/07\/socialismo.jpg 295w, https:\/\/www.istitutostudisindacali.net\/bibliotecablog\/wp-content\/uploads\/sites\/17\/2018\/07\/socialismo-277x300.jpg 277w\" sizes=\"(max-width: 295px) 100vw, 295px\" \/><\/p>\n<\/blockquote>\n<p style=\"text-align:justify\">[&#8230;]I Socialisti riformisti di destra, com&#8217;\u00e8 noto, consideravano il socialismo un &#8220;movimento realistico&#8221;, espressione di un &#8220;fatto concreto&#8221;: il movimento dei lavoratori.\u00a0 \u00a0Solo nel <em>moto\u00a0<\/em>l&#8217;organizzazione di massa avrebbe dovuto trarre le norme per la vita futura, essendo il socialismo un &#8220;fatto concreto in divenire&#8221;<\/p>\n<p style=\"text-align:justify\">Anche Badaloni considerava il socialismo riformista un\u00a0<em>movimento realistico<\/em>,un\u00a0<em>fatto concreto<\/em> che poggiava sulla tangibile volont\u00e0 rivendicatrice dei lavoratori, se non altro perch\u00e8, come ha osservato Lanaro, il socialismo braccianti &#8220;tutto pane e lavoro&#8221;, nella Rovigo di Badaloni, era &#8221; privo della tensione evangelica e tolstoiana della Reggio di Camillo Prampolini&#8221;.<\/p>\n<p style=\"text-align:justify\">Non diversamente da Bonomi, Badaloni affermava che il socialismo, organismo vivente in evoluzione, \u00e8 a un tempo &#8220;scienza e fede&#8221; , e&#8221; non ist\u00e0 nelle parole e nella formole generanti, in seno al partito le eresie e le scomuniche&#8230; ma sta nelle cose, nelle leggi e nei cuori, maturanti la evoluzione equa e vasta che&#8230; raccoglie, coordina e feconda le forze riparatrici della nuova civilt\u00e0 nuova&#8221;.\u00a0 \u00a0E ad Andrea Costa confidava: &#8220;Non sono uomini quelli che la vita vogliono rinchiudere nella cerchia breve ed arida di un sillogismo&#8221;.<\/p>\n<p><img loading=\"lazy\" decoding=\"async\" class=\" size-full wp-image-1399 alignleft\" src=\"https:\/\/www.istitutostudisindacali.net\/biblioteca\/wp-content\/uploads\/sites\/2\/2019\/04\/badaloni1.jpg\" alt=\"Badaloni1\" width=\"195\" height=\"292\" \/><\/p>\n<p style=\"text-align:justify\">Soprattutto nei congressi provinciali socialisti, Badaloni, come Gino Piva, sosteneva con vigore, e non senza fortuna, che l&#8217;organizzazione dei lavoratori si dovesse rinnovare su basi semplici, non dottrinali, senza chiedersi se i promotori del rinnovamento avessero gi\u00e0 votato per Turati o per Labriola: &#8220;Noi &#8211; cos\u00ec precisava &#8211; possiamo fare una grande opera di unit\u00e0 e di organizzazione socialista senza perderci in disquisizioni che possono star bene fra l&#8217;\u00e9lite della classe socialista, ma non possono essere intese dalla maggioranza dei lavoratori che formano le Leghe&#8221;.<span>[&#8230;]pp206<\/span><\/p>\n<p>&nbsp;<\/p>\n<h3 style=\"text-align:center\"><em><strong>Disponibile presso la BIBLIOTECA NAZIONALE UIL ARTURO CHIARI<\/strong><\/em><\/h3>\n<p>&nbsp;<\/p>\n","protected":false},"excerpt":{"rendered":"<p>Nasce a Milano Gino Piva\u00a0(Milano,\u00a09 aprile\u00a01873\u00a0\u2013\u00a0Vetrego,\u00a030 agosto\u00a01946) \u00e8 stato un\u00a0sindacalista,\u00a0politico,\u00a0giornalista\u00a0e\u00a0poeta\u00a0italiano. Nel\u00a01893\u00a0nasce l&#8217;organizzazione del\u00a0Partito Socialista Italiano\u00a0(PSI) nel\u00a0Polesine. Padri del socialsimo polesano furono\u00a0Nicola Badaloni\u00a0e\u00a0Vittorio Gottardi. Piva partecip\u00f2 giovanissimo alla trasformazione del circolo da radicale a socialista prima a\u00a0Trecenta, poi a Massa Superiore, l&#8217;attuale\u00a0Castelmassa, e a\u00a0Ceneselli. Fu talmente entusiasta come organizzatore politico e sindacale che il primo\u00a0sciopero\u00a0del\u00a01894\u00a0rimase memorabile [&hellip;]<\/p>\n","protected":false},"author":7,"featured_media":1401,"comment_status":"closed","ping_status":"closed","sticky":false,"template":"","format":"standard","meta":{"_et_pb_use_builder":"","_et_pb_old_content":"","_et_gb_content_width":"","ngg_post_thumbnail":0,"_jetpack_memberships_contains_paid_content":false,"footnotes":""},"categories":[293],"tags":[1034,943,1035,7,1036,1037,799,606],"class_list":["post-1396","post","type-post","status-publish","format-standard","has-post-thumbnail","hentry","category-riformismo","tag-andrea-costa","tag-bonomi","tag-camillo-prampolini","tag-evidenza","tag-gino-piva","tag-nicola-badaloni","tag-polesine","tag-socialismo-riformista","et-has-post-format-content","et_post_format-et-post-format-standard"],"yoast_head":"<!-- This site is optimized with the Yoast SEO plugin v27.4 - https:\/\/yoast.com\/product\/yoast-seo-wordpress\/ -->\n<title>&quot;Nicola Badaloni Gino Piva e il socialismo Padano- Veneto&quot; a cura di Giampietro Berti - Blog della Biblioteca<\/title>\n<meta name=\"robots\" content=\"index, follow, max-snippet:-1, max-image-preview:large, max-video-preview:-1\" \/>\n<link rel=\"canonical\" href=\"https:\/\/www.istitutostudisindacali.net\/bibliotecablog\/2019\/04\/09\/nicola-badaloni-gino-piva-e-il-socialismo-padano-veneto-a-cura-di-giampietro-berti\/\" \/>\n<meta property=\"og:locale\" content=\"it_IT\" \/>\n<meta property=\"og:type\" content=\"article\" \/>\n<meta property=\"og:title\" content=\"&quot;Nicola Badaloni Gino Piva e il socialismo Padano- Veneto&quot; a cura di Giampietro Berti - Blog della Biblioteca\" \/>\n<meta property=\"og:description\" content=\"Nasce a Milano Gino Piva\u00a0(Milano,\u00a09 aprile\u00a01873\u00a0\u2013\u00a0Vetrego,\u00a030 agosto\u00a01946) \u00e8 stato un\u00a0sindacalista,\u00a0politico,\u00a0giornalista\u00a0e\u00a0poeta\u00a0italiano. Nel\u00a01893\u00a0nasce l&#8217;organizzazione del\u00a0Partito Socialista Italiano\u00a0(PSI) nel\u00a0Polesine. Padri del socialsimo polesano furono\u00a0Nicola Badaloni\u00a0e\u00a0Vittorio Gottardi. Piva partecip\u00f2 giovanissimo alla trasformazione del circolo da radicale a socialista prima a\u00a0Trecenta, poi a Massa Superiore, l&#8217;attuale\u00a0Castelmassa, e a\u00a0Ceneselli. Fu talmente entusiasta come organizzatore politico e sindacale che il primo\u00a0sciopero\u00a0del\u00a01894\u00a0rimase memorabile [&hellip;]\" \/>\n<meta property=\"og:url\" content=\"https:\/\/www.istitutostudisindacali.net\/bibliotecablog\/2019\/04\/09\/nicola-badaloni-gino-piva-e-il-socialismo-padano-veneto-a-cura-di-giampietro-berti\/\" \/>\n<meta property=\"og:site_name\" content=\"Blog della Biblioteca\" \/>\n<meta property=\"article:published_time\" content=\"2019-04-09T07:57:10+00:00\" \/>\n<meta property=\"article:modified_time\" content=\"2023-02-04T18:11:15+00:00\" \/>\n<meta property=\"og:image\" content=\"https:\/\/www.istitutostudisindacali.net\/bibliotecablog\/wp-content\/uploads\/sites\/17\/2019\/04\/la-boje.jpg\" \/>\n\t<meta property=\"og:image:width\" content=\"1028\" \/>\n\t<meta property=\"og:image:height\" content=\"617\" \/>\n\t<meta property=\"og:image:type\" content=\"image\/jpeg\" \/>\n<meta name=\"author\" content=\"Loredana Pietri\" \/>\n<meta name=\"twitter:card\" content=\"summary_large_image\" \/>\n<meta name=\"twitter:label1\" content=\"Scritto da\" \/>\n\t<meta name=\"twitter:data1\" content=\"Loredana Pietri\" \/>\n\t<meta name=\"twitter:label2\" content=\"Tempo di lettura stimato\" \/>\n\t<meta name=\"twitter:data2\" content=\"3 minuti\" \/>\n<script type=\"application\/ld+json\" class=\"yoast-schema-graph\">{\"@context\":\"https:\\\/\\\/schema.org\",\"@graph\":[{\"@type\":\"Article\",\"@id\":\"https:\\\/\\\/www.istitutostudisindacali.net\\\/bibliotecablog\\\/2019\\\/04\\\/09\\\/nicola-badaloni-gino-piva-e-il-socialismo-padano-veneto-a-cura-di-giampietro-berti\\\/#article\",\"isPartOf\":{\"@id\":\"https:\\\/\\\/www.istitutostudisindacali.net\\\/bibliotecablog\\\/2019\\\/04\\\/09\\\/nicola-badaloni-gino-piva-e-il-socialismo-padano-veneto-a-cura-di-giampietro-berti\\\/\"},\"author\":{\"name\":\"Loredana Pietri\",\"@id\":\"https:\\\/\\\/www.istitutostudisindacali.net\\\/bibliotecablog\\\/#\\\/schema\\\/person\\\/67df37a680cbbc103a59f61989c3f7e0\"},\"headline\":\"&#8220;Nicola Badaloni Gino Piva e il socialismo Padano- Veneto&#8221; a cura di Giampietro Berti\",\"datePublished\":\"2019-04-09T07:57:10+00:00\",\"dateModified\":\"2023-02-04T18:11:15+00:00\",\"mainEntityOfPage\":{\"@id\":\"https:\\\/\\\/www.istitutostudisindacali.net\\\/bibliotecablog\\\/2019\\\/04\\\/09\\\/nicola-badaloni-gino-piva-e-il-socialismo-padano-veneto-a-cura-di-giampietro-berti\\\/\"},\"wordCount\":681,\"image\":{\"@id\":\"https:\\\/\\\/www.istitutostudisindacali.net\\\/bibliotecablog\\\/2019\\\/04\\\/09\\\/nicola-badaloni-gino-piva-e-il-socialismo-padano-veneto-a-cura-di-giampietro-berti\\\/#primaryimage\"},\"thumbnailUrl\":\"https:\\\/\\\/www.istitutostudisindacali.net\\\/bibliotecablog\\\/wp-content\\\/uploads\\\/sites\\\/17\\\/2019\\\/04\\\/la-boje.jpg\",\"keywords\":[\"Andrea Costa\",\"Bonomi\",\"Camillo Prampolini\",\"evidenza\",\"Gino Piva\",\"Nicola Badaloni\",\"Polesine\",\"Socialismo riformista\"],\"articleSection\":[\"Riformismo\"],\"inLanguage\":\"it-IT\"},{\"@type\":\"WebPage\",\"@id\":\"https:\\\/\\\/www.istitutostudisindacali.net\\\/bibliotecablog\\\/2019\\\/04\\\/09\\\/nicola-badaloni-gino-piva-e-il-socialismo-padano-veneto-a-cura-di-giampietro-berti\\\/\",\"url\":\"https:\\\/\\\/www.istitutostudisindacali.net\\\/bibliotecablog\\\/2019\\\/04\\\/09\\\/nicola-badaloni-gino-piva-e-il-socialismo-padano-veneto-a-cura-di-giampietro-berti\\\/\",\"name\":\"\\\"Nicola Badaloni Gino Piva e il socialismo Padano- Veneto\\\" a cura di Giampietro Berti - Blog della Biblioteca\",\"isPartOf\":{\"@id\":\"https:\\\/\\\/www.istitutostudisindacali.net\\\/bibliotecablog\\\/#website\"},\"primaryImageOfPage\":{\"@id\":\"https:\\\/\\\/www.istitutostudisindacali.net\\\/bibliotecablog\\\/2019\\\/04\\\/09\\\/nicola-badaloni-gino-piva-e-il-socialismo-padano-veneto-a-cura-di-giampietro-berti\\\/#primaryimage\"},\"image\":{\"@id\":\"https:\\\/\\\/www.istitutostudisindacali.net\\\/bibliotecablog\\\/2019\\\/04\\\/09\\\/nicola-badaloni-gino-piva-e-il-socialismo-padano-veneto-a-cura-di-giampietro-berti\\\/#primaryimage\"},\"thumbnailUrl\":\"https:\\\/\\\/www.istitutostudisindacali.net\\\/bibliotecablog\\\/wp-content\\\/uploads\\\/sites\\\/17\\\/2019\\\/04\\\/la-boje.jpg\",\"datePublished\":\"2019-04-09T07:57:10+00:00\",\"dateModified\":\"2023-02-04T18:11:15+00:00\",\"author\":{\"@id\":\"https:\\\/\\\/www.istitutostudisindacali.net\\\/bibliotecablog\\\/#\\\/schema\\\/person\\\/67df37a680cbbc103a59f61989c3f7e0\"},\"breadcrumb\":{\"@id\":\"https:\\\/\\\/www.istitutostudisindacali.net\\\/bibliotecablog\\\/2019\\\/04\\\/09\\\/nicola-badaloni-gino-piva-e-il-socialismo-padano-veneto-a-cura-di-giampietro-berti\\\/#breadcrumb\"},\"inLanguage\":\"it-IT\",\"potentialAction\":[{\"@type\":\"ReadAction\",\"target\":[\"https:\\\/\\\/www.istitutostudisindacali.net\\\/bibliotecablog\\\/2019\\\/04\\\/09\\\/nicola-badaloni-gino-piva-e-il-socialismo-padano-veneto-a-cura-di-giampietro-berti\\\/\"]}]},{\"@type\":\"ImageObject\",\"inLanguage\":\"it-IT\",\"@id\":\"https:\\\/\\\/www.istitutostudisindacali.net\\\/bibliotecablog\\\/2019\\\/04\\\/09\\\/nicola-badaloni-gino-piva-e-il-socialismo-padano-veneto-a-cura-di-giampietro-berti\\\/#primaryimage\",\"url\":\"https:\\\/\\\/www.istitutostudisindacali.net\\\/bibliotecablog\\\/wp-content\\\/uploads\\\/sites\\\/17\\\/2019\\\/04\\\/la-boje.jpg\",\"contentUrl\":\"https:\\\/\\\/www.istitutostudisindacali.net\\\/bibliotecablog\\\/wp-content\\\/uploads\\\/sites\\\/17\\\/2019\\\/04\\\/la-boje.jpg\",\"width\":1028,\"height\":617},{\"@type\":\"BreadcrumbList\",\"@id\":\"https:\\\/\\\/www.istitutostudisindacali.net\\\/bibliotecablog\\\/2019\\\/04\\\/09\\\/nicola-badaloni-gino-piva-e-il-socialismo-padano-veneto-a-cura-di-giampietro-berti\\\/#breadcrumb\",\"itemListElement\":[{\"@type\":\"ListItem\",\"position\":1,\"name\":\"Home\",\"item\":\"https:\\\/\\\/www.istitutostudisindacali.net\\\/bibliotecablog\\\/\"},{\"@type\":\"ListItem\",\"position\":2,\"name\":\"&#8220;Nicola Badaloni Gino Piva e il socialismo Padano- Veneto&#8221; a cura di Giampietro Berti\"}]},{\"@type\":\"WebSite\",\"@id\":\"https:\\\/\\\/www.istitutostudisindacali.net\\\/bibliotecablog\\\/#website\",\"url\":\"https:\\\/\\\/www.istitutostudisindacali.net\\\/bibliotecablog\\\/\",\"name\":\"Blog della Biblioteca\",\"description\":\"Arturo Chiari\",\"potentialAction\":[{\"@type\":\"SearchAction\",\"target\":{\"@type\":\"EntryPoint\",\"urlTemplate\":\"https:\\\/\\\/www.istitutostudisindacali.net\\\/bibliotecablog\\\/?s={search_term_string}\"},\"query-input\":{\"@type\":\"PropertyValueSpecification\",\"valueRequired\":true,\"valueName\":\"search_term_string\"}}],\"inLanguage\":\"it-IT\"},{\"@type\":\"Person\",\"@id\":\"https:\\\/\\\/www.istitutostudisindacali.net\\\/bibliotecablog\\\/#\\\/schema\\\/person\\\/67df37a680cbbc103a59f61989c3f7e0\",\"name\":\"Loredana Pietri\",\"image\":{\"@type\":\"ImageObject\",\"inLanguage\":\"it-IT\",\"@id\":\"https:\\\/\\\/secure.gravatar.com\\\/avatar\\\/14e1950ca26d7443d95784cdcfad5cf200bbbc261d085cf9375e018dc286c835?s=96&d=mm&r=g\",\"url\":\"https:\\\/\\\/secure.gravatar.com\\\/avatar\\\/14e1950ca26d7443d95784cdcfad5cf200bbbc261d085cf9375e018dc286c835?s=96&d=mm&r=g\",\"contentUrl\":\"https:\\\/\\\/secure.gravatar.com\\\/avatar\\\/14e1950ca26d7443d95784cdcfad5cf200bbbc261d085cf9375e018dc286c835?s=96&d=mm&r=g\",\"caption\":\"Loredana Pietri\"},\"description\":\"Responsabile della Biblioteca si impegna nella sua conduzione per migliorarne i Servizi\",\"sameAs\":[\"https:\\\/\\\/www.istitutostudisindacali.net\\\/biblioteca\"],\"url\":\"https:\\\/\\\/www.istitutostudisindacali.net\\\/bibliotecablog\\\/author\\\/loredana-pietri\\\/\"}]}<\/script>\n<!-- \/ Yoast SEO plugin. -->","yoast_head_json":{"title":"\"Nicola Badaloni Gino Piva e il socialismo Padano- Veneto\" a cura di Giampietro Berti - Blog della Biblioteca","robots":{"index":"index","follow":"follow","max-snippet":"max-snippet:-1","max-image-preview":"max-image-preview:large","max-video-preview":"max-video-preview:-1"},"canonical":"https:\/\/www.istitutostudisindacali.net\/bibliotecablog\/2019\/04\/09\/nicola-badaloni-gino-piva-e-il-socialismo-padano-veneto-a-cura-di-giampietro-berti\/","og_locale":"it_IT","og_type":"article","og_title":"\"Nicola Badaloni Gino Piva e il socialismo Padano- Veneto\" a cura di Giampietro Berti - Blog della Biblioteca","og_description":"Nasce a Milano Gino Piva\u00a0(Milano,\u00a09 aprile\u00a01873\u00a0\u2013\u00a0Vetrego,\u00a030 agosto\u00a01946) \u00e8 stato un\u00a0sindacalista,\u00a0politico,\u00a0giornalista\u00a0e\u00a0poeta\u00a0italiano. Nel\u00a01893\u00a0nasce l&#8217;organizzazione del\u00a0Partito Socialista Italiano\u00a0(PSI) nel\u00a0Polesine. Padri del socialsimo polesano furono\u00a0Nicola Badaloni\u00a0e\u00a0Vittorio Gottardi. Piva partecip\u00f2 giovanissimo alla trasformazione del circolo da radicale a socialista prima a\u00a0Trecenta, poi a Massa Superiore, l&#8217;attuale\u00a0Castelmassa, e a\u00a0Ceneselli. Fu talmente entusiasta come organizzatore politico e sindacale che il primo\u00a0sciopero\u00a0del\u00a01894\u00a0rimase memorabile [&hellip;]","og_url":"https:\/\/www.istitutostudisindacali.net\/bibliotecablog\/2019\/04\/09\/nicola-badaloni-gino-piva-e-il-socialismo-padano-veneto-a-cura-di-giampietro-berti\/","og_site_name":"Blog della Biblioteca","article_published_time":"2019-04-09T07:57:10+00:00","article_modified_time":"2023-02-04T18:11:15+00:00","og_image":[{"width":1028,"height":617,"url":"https:\/\/www.istitutostudisindacali.net\/bibliotecablog\/wp-content\/uploads\/sites\/17\/2019\/04\/la-boje.jpg","type":"image\/jpeg"}],"author":"Loredana Pietri","twitter_card":"summary_large_image","twitter_misc":{"Scritto da":"Loredana Pietri","Tempo di lettura stimato":"3 minuti"},"schema":{"@context":"https:\/\/schema.org","@graph":[{"@type":"Article","@id":"https:\/\/www.istitutostudisindacali.net\/bibliotecablog\/2019\/04\/09\/nicola-badaloni-gino-piva-e-il-socialismo-padano-veneto-a-cura-di-giampietro-berti\/#article","isPartOf":{"@id":"https:\/\/www.istitutostudisindacali.net\/bibliotecablog\/2019\/04\/09\/nicola-badaloni-gino-piva-e-il-socialismo-padano-veneto-a-cura-di-giampietro-berti\/"},"author":{"name":"Loredana Pietri","@id":"https:\/\/www.istitutostudisindacali.net\/bibliotecablog\/#\/schema\/person\/67df37a680cbbc103a59f61989c3f7e0"},"headline":"&#8220;Nicola Badaloni Gino Piva e il socialismo Padano- Veneto&#8221; a cura di Giampietro Berti","datePublished":"2019-04-09T07:57:10+00:00","dateModified":"2023-02-04T18:11:15+00:00","mainEntityOfPage":{"@id":"https:\/\/www.istitutostudisindacali.net\/bibliotecablog\/2019\/04\/09\/nicola-badaloni-gino-piva-e-il-socialismo-padano-veneto-a-cura-di-giampietro-berti\/"},"wordCount":681,"image":{"@id":"https:\/\/www.istitutostudisindacali.net\/bibliotecablog\/2019\/04\/09\/nicola-badaloni-gino-piva-e-il-socialismo-padano-veneto-a-cura-di-giampietro-berti\/#primaryimage"},"thumbnailUrl":"https:\/\/www.istitutostudisindacali.net\/bibliotecablog\/wp-content\/uploads\/sites\/17\/2019\/04\/la-boje.jpg","keywords":["Andrea Costa","Bonomi","Camillo Prampolini","evidenza","Gino Piva","Nicola Badaloni","Polesine","Socialismo riformista"],"articleSection":["Riformismo"],"inLanguage":"it-IT"},{"@type":"WebPage","@id":"https:\/\/www.istitutostudisindacali.net\/bibliotecablog\/2019\/04\/09\/nicola-badaloni-gino-piva-e-il-socialismo-padano-veneto-a-cura-di-giampietro-berti\/","url":"https:\/\/www.istitutostudisindacali.net\/bibliotecablog\/2019\/04\/09\/nicola-badaloni-gino-piva-e-il-socialismo-padano-veneto-a-cura-di-giampietro-berti\/","name":"\"Nicola Badaloni Gino Piva e il socialismo Padano- Veneto\" a cura di Giampietro Berti - Blog della Biblioteca","isPartOf":{"@id":"https:\/\/www.istitutostudisindacali.net\/bibliotecablog\/#website"},"primaryImageOfPage":{"@id":"https:\/\/www.istitutostudisindacali.net\/bibliotecablog\/2019\/04\/09\/nicola-badaloni-gino-piva-e-il-socialismo-padano-veneto-a-cura-di-giampietro-berti\/#primaryimage"},"image":{"@id":"https:\/\/www.istitutostudisindacali.net\/bibliotecablog\/2019\/04\/09\/nicola-badaloni-gino-piva-e-il-socialismo-padano-veneto-a-cura-di-giampietro-berti\/#primaryimage"},"thumbnailUrl":"https:\/\/www.istitutostudisindacali.net\/bibliotecablog\/wp-content\/uploads\/sites\/17\/2019\/04\/la-boje.jpg","datePublished":"2019-04-09T07:57:10+00:00","dateModified":"2023-02-04T18:11:15+00:00","author":{"@id":"https:\/\/www.istitutostudisindacali.net\/bibliotecablog\/#\/schema\/person\/67df37a680cbbc103a59f61989c3f7e0"},"breadcrumb":{"@id":"https:\/\/www.istitutostudisindacali.net\/bibliotecablog\/2019\/04\/09\/nicola-badaloni-gino-piva-e-il-socialismo-padano-veneto-a-cura-di-giampietro-berti\/#breadcrumb"},"inLanguage":"it-IT","potentialAction":[{"@type":"ReadAction","target":["https:\/\/www.istitutostudisindacali.net\/bibliotecablog\/2019\/04\/09\/nicola-badaloni-gino-piva-e-il-socialismo-padano-veneto-a-cura-di-giampietro-berti\/"]}]},{"@type":"ImageObject","inLanguage":"it-IT","@id":"https:\/\/www.istitutostudisindacali.net\/bibliotecablog\/2019\/04\/09\/nicola-badaloni-gino-piva-e-il-socialismo-padano-veneto-a-cura-di-giampietro-berti\/#primaryimage","url":"https:\/\/www.istitutostudisindacali.net\/bibliotecablog\/wp-content\/uploads\/sites\/17\/2019\/04\/la-boje.jpg","contentUrl":"https:\/\/www.istitutostudisindacali.net\/bibliotecablog\/wp-content\/uploads\/sites\/17\/2019\/04\/la-boje.jpg","width":1028,"height":617},{"@type":"BreadcrumbList","@id":"https:\/\/www.istitutostudisindacali.net\/bibliotecablog\/2019\/04\/09\/nicola-badaloni-gino-piva-e-il-socialismo-padano-veneto-a-cura-di-giampietro-berti\/#breadcrumb","itemListElement":[{"@type":"ListItem","position":1,"name":"Home","item":"https:\/\/www.istitutostudisindacali.net\/bibliotecablog\/"},{"@type":"ListItem","position":2,"name":"&#8220;Nicola Badaloni Gino Piva e il socialismo Padano- Veneto&#8221; a cura di Giampietro Berti"}]},{"@type":"WebSite","@id":"https:\/\/www.istitutostudisindacali.net\/bibliotecablog\/#website","url":"https:\/\/www.istitutostudisindacali.net\/bibliotecablog\/","name":"Blog della Biblioteca","description":"Arturo Chiari","potentialAction":[{"@type":"SearchAction","target":{"@type":"EntryPoint","urlTemplate":"https:\/\/www.istitutostudisindacali.net\/bibliotecablog\/?s={search_term_string}"},"query-input":{"@type":"PropertyValueSpecification","valueRequired":true,"valueName":"search_term_string"}}],"inLanguage":"it-IT"},{"@type":"Person","@id":"https:\/\/www.istitutostudisindacali.net\/bibliotecablog\/#\/schema\/person\/67df37a680cbbc103a59f61989c3f7e0","name":"Loredana Pietri","image":{"@type":"ImageObject","inLanguage":"it-IT","@id":"https:\/\/secure.gravatar.com\/avatar\/14e1950ca26d7443d95784cdcfad5cf200bbbc261d085cf9375e018dc286c835?s=96&d=mm&r=g","url":"https:\/\/secure.gravatar.com\/avatar\/14e1950ca26d7443d95784cdcfad5cf200bbbc261d085cf9375e018dc286c835?s=96&d=mm&r=g","contentUrl":"https:\/\/secure.gravatar.com\/avatar\/14e1950ca26d7443d95784cdcfad5cf200bbbc261d085cf9375e018dc286c835?s=96&d=mm&r=g","caption":"Loredana Pietri"},"description":"Responsabile della Biblioteca si impegna nella sua conduzione per migliorarne i Servizi","sameAs":["https:\/\/www.istitutostudisindacali.net\/biblioteca"],"url":"https:\/\/www.istitutostudisindacali.net\/bibliotecablog\/author\/loredana-pietri\/"}]}},"jetpack_featured_media_url":"https:\/\/www.istitutostudisindacali.net\/bibliotecablog\/wp-content\/uploads\/sites\/17\/2019\/04\/la-boje.jpg","jetpack_sharing_enabled":true,"_links":{"self":[{"href":"https:\/\/www.istitutostudisindacali.net\/bibliotecablog\/wp-json\/wp\/v2\/posts\/1396","targetHints":{"allow":["GET"]}}],"collection":[{"href":"https:\/\/www.istitutostudisindacali.net\/bibliotecablog\/wp-json\/wp\/v2\/posts"}],"about":[{"href":"https:\/\/www.istitutostudisindacali.net\/bibliotecablog\/wp-json\/wp\/v2\/types\/post"}],"author":[{"embeddable":true,"href":"https:\/\/www.istitutostudisindacali.net\/bibliotecablog\/wp-json\/wp\/v2\/users\/7"}],"replies":[{"embeddable":true,"href":"https:\/\/www.istitutostudisindacali.net\/bibliotecablog\/wp-json\/wp\/v2\/comments?post=1396"}],"version-history":[{"count":1,"href":"https:\/\/www.istitutostudisindacali.net\/bibliotecablog\/wp-json\/wp\/v2\/posts\/1396\/revisions"}],"predecessor-version":[{"id":4498,"href":"https:\/\/www.istitutostudisindacali.net\/bibliotecablog\/wp-json\/wp\/v2\/posts\/1396\/revisions\/4498"}],"wp:featuredmedia":[{"embeddable":true,"href":"https:\/\/www.istitutostudisindacali.net\/bibliotecablog\/wp-json\/wp\/v2\/media\/1401"}],"wp:attachment":[{"href":"https:\/\/www.istitutostudisindacali.net\/bibliotecablog\/wp-json\/wp\/v2\/media?parent=1396"}],"wp:term":[{"taxonomy":"category","embeddable":true,"href":"https:\/\/www.istitutostudisindacali.net\/bibliotecablog\/wp-json\/wp\/v2\/categories?post=1396"},{"taxonomy":"post_tag","embeddable":true,"href":"https:\/\/www.istitutostudisindacali.net\/bibliotecablog\/wp-json\/wp\/v2\/tags?post=1396"}],"curies":[{"name":"wp","href":"https:\/\/api.w.org\/{rel}","templated":true}]}}