{"id":1335,"date":"2019-03-20T08:56:28","date_gmt":"2019-03-20T07:56:28","guid":{"rendered":"https:\/\/bibliotecarturochiari.wordpress.com\/?p=1335"},"modified":"2023-02-04T19:11:19","modified_gmt":"2023-02-04T18:11:19","slug":"la-gestione-strategica-dellimpresa-di-giorgio-eminente","status":"publish","type":"post","link":"https:\/\/www.istitutostudisindacali.net\/bibliotecablog\/2019\/03\/20\/la-gestione-strategica-dellimpresa-di-giorgio-eminente\/","title":{"rendered":"&#8220;La gestione strategica dell&#8217;impresa&#8221; di Giorgio Eminente"},"content":{"rendered":"<blockquote>\n<p style=\"text-align:justify\">il 20 marzo 1883 a Parigi viene firmata la\u00a0<b>Convenzione di Parigi per la Protezione della Propriet\u00e0 Industriale<\/b>, \u00a0fu uno dei primi trattati sulla\u00a0<a title=\"Propriet\u00e0 intellettuale\" href=\"https:\/\/it.wikipedia.org\/wiki\/Propriet%C3%A0_intellettuale\">propriet\u00e0 intellettuale<\/a>\u00a0e\u00a0<a class=\"mw-redirect\" title=\"Propriet\u00e0 industriale\" href=\"https:\/\/it.wikipedia.org\/wiki\/Propriet%C3%A0_industriale\">propriet\u00e0 industriale<\/a>. Si stabil\u00ec un&#8217;Unione di Paesi per proteggere questo diritto. La convenzione, con alcune modifiche e miglioramenti.<\/p>\n<p><img loading=\"lazy\" decoding=\"async\" class=\"alignnone size-full wp-image-1337\" src=\"https:\/\/www.istitutostudisindacali.net\/biblioteca\/wp-content\/uploads\/sites\/2\/2019\/03\/examinationlouisthelast-1575x675-1537351297.jpg\" alt=\"ExaminationLouistheLast-1575x675-1537351297\" width=\"1575\" height=\"675\" srcset=\"https:\/\/www.istitutostudisindacali.net\/bibliotecablog\/wp-content\/uploads\/sites\/17\/2019\/03\/examinationlouisthelast-1575x675-1537351297.jpg 1575w, https:\/\/www.istitutostudisindacali.net\/bibliotecablog\/wp-content\/uploads\/sites\/17\/2019\/03\/examinationlouisthelast-1575x675-1537351297-300x129.jpg 300w, https:\/\/www.istitutostudisindacali.net\/bibliotecablog\/wp-content\/uploads\/sites\/17\/2019\/03\/examinationlouisthelast-1575x675-1537351297-1024x439.jpg 1024w, https:\/\/www.istitutostudisindacali.net\/bibliotecablog\/wp-content\/uploads\/sites\/17\/2019\/03\/examinationlouisthelast-1575x675-1537351297-768x329.jpg 768w, https:\/\/www.istitutostudisindacali.net\/bibliotecablog\/wp-content\/uploads\/sites\/17\/2019\/03\/examinationlouisthelast-1575x675-1537351297-1536x658.jpg 1536w, https:\/\/www.istitutostudisindacali.net\/bibliotecablog\/wp-content\/uploads\/sites\/17\/2019\/03\/examinationlouisthelast-1575x675-1537351297-610x261.jpg 610w, https:\/\/www.istitutostudisindacali.net\/bibliotecablog\/wp-content\/uploads\/sites\/17\/2019\/03\/examinationlouisthelast-1575x675-1537351297-1080x463.jpg 1080w\" sizes=\"(max-width: 1575px) 100vw, 1575px\" \/><\/p>\n<p>Con la\u00a0<a title=\"Rivoluzione industriale\" href=\"https:\/\/it.wikipedia.org\/wiki\/Rivoluzione_industriale\">rivoluzione industriale<\/a>\u00a0e con la crescita degli scambi commerciali era sempre pi\u00f9 urgente la necessit\u00e0 di armonizzare le diverse leggi locali in questo ambito.<\/p>\n<p>Nel\u00a0<a title=\"1873\" href=\"https:\/\/it.wikipedia.org\/wiki\/1873\">1873<\/a>\u00a0a\u00a0<a title=\"Vienna\" href=\"https:\/\/it.wikipedia.org\/wiki\/Vienna\">Vienna<\/a>, inoltre, durante la\u00a0<b>Mostra Internazionale delle Invenzioni<\/b>\u00a0si era verificato un evento singolare: gli inventori provenienti da paesi stranieri si erano rifiutati di partecipare alla mostra poich\u00e9 temevano che le loro idee potessero essere rubate ed utilizzate commercialmente in altri paesi, dal momento che non era presente alcuna tutela di carattere sovranazionale.<\/p>\n<p style=\"text-align:justify\">Dieci anni dopo, come risposta ai problemi e alle proteste, venne quindi firmata a Parigi la Convenzione per la tutela della Propriet\u00e0 Industriale, volta a stabilire le tutele in tema di marchi, brevetti e modelli industriali.<\/p>\n<p><img loading=\"lazy\" decoding=\"async\" class=\"alignnone size-full wp-image-1339\" src=\"https:\/\/www.istitutostudisindacali.net\/biblioteca\/wp-content\/uploads\/sites\/2\/2019\/03\/proprieta-intellettuale-adobestock_141334922-ka0f-835x43740ilsole24ore-web.jpeg\" alt=\"proprieta-intellettuale-AdobeStock_141334922-kA0F--835x437@IlSole24Ore-Web\" width=\"835\" height=\"437\" srcset=\"https:\/\/www.istitutostudisindacali.net\/bibliotecablog\/wp-content\/uploads\/sites\/17\/2019\/03\/proprieta-intellettuale-adobestock_141334922-ka0f-835x43740ilsole24ore-web.jpeg 835w, https:\/\/www.istitutostudisindacali.net\/bibliotecablog\/wp-content\/uploads\/sites\/17\/2019\/03\/proprieta-intellettuale-adobestock_141334922-ka0f-835x43740ilsole24ore-web-300x157.jpeg 300w, https:\/\/www.istitutostudisindacali.net\/bibliotecablog\/wp-content\/uploads\/sites\/17\/2019\/03\/proprieta-intellettuale-adobestock_141334922-ka0f-835x43740ilsole24ore-web-768x402.jpeg 768w, https:\/\/www.istitutostudisindacali.net\/bibliotecablog\/wp-content\/uploads\/sites\/17\/2019\/03\/proprieta-intellettuale-adobestock_141334922-ka0f-835x43740ilsole24ore-web-610x319.jpeg 610w\" sizes=\"(max-width: 835px) 100vw, 835px\" \/><\/p><\/blockquote>\n<p style=\"text-align:justify\">[&#8230;]Numerosi processi di pianificazione sono limitati ai soli aspetti finanziari; il sistema di programmazione\/controllo si basa esclusivamente sul confronto fra preventivo e consuntivo connessi ad uno o pi\u00f9 investimenti.<\/p>\n<p style=\"text-align:justify\">La programmazione e il controllo finanziario \u00e8, molto spesso, l&#8217;unico sistema di comunicazione, valutazione e motivazione messo in atto allorch\u00e9 esista un ampio decentramento delle decisioni da parte di una direzione centrale nei confronti di una divisione o di altro ente organizzativo che disponga, in tal modo, di autonomia gestionale a debba rendere conto dei risultati di esercizio che le competono.<\/p>\n<p style=\"text-align:justify\">In questo caso l&#8217;impresa non ritiene opportuno, o non si considera capace, di formalizzazione un programma strategico dell&#8217;attivit\u00e0 pluriennale futura; il processo di comunicazione tra unit\u00e0 centrale e unit\u00e0 decentrate si limita alla presentazione, da parte di queste ultime, di un piano finanziario in cui vengono presentati alcuni progetti di investimenti e le relative convalide economiche; l&#8217;unit\u00e0 centrale esamina, accetta, propone modifiche oppure respinge il piano finanziario.<\/p>\n<p style=\"text-align:justify\">Qualora il piano sia accettato, le unit\u00e0 periferiche presentano a fine esercizio lo stato di avanzamento dei programmi e i relativi risultati onde sia possibile confrontare i preventivi approvati con i consuntivi reali e decidere, se necessario, interventi correttivi.\u00a0 \u00a0Un tale processo di pianificazione \u00e8 privo di spiegazioni sugli indirizzi strategici che le divisioni o altre unit\u00e0 decentrate intendono perseguire e, ovviamente, di limitata spiegazione circa le modalit\u00e0 di attuazione delle strategie stesso.\u00a0 \u00a0 Ci\u00f2 non consente assolutamente alla direzione centrale di interloquire su questi aspetti e, ci\u00f2 che \u00e8 pi\u00f9 grave, di coordinare le strategie di pi\u00f9 unit\u00e0 decentrate.\u00a0 \u00a0Ci\u00f2 spiega perch\u00e8 un tale processo di comunicazione di piani non \u00e8 accettabile in quelle imprese in cui il decentramento deve essere compensato da una guida da parte del centro integratore, il quel non deve soltanto controllare la realizzazione di obiettivi parziali, ma deve anche tutelare il perseguimento della missione generale dell&#8217;impresa.\u00a0 \u00a0E&#8217;, invece, accettabile quando tale missione \u00e8 cos\u00ec chiara e tale da non essere disattesa da iniziative di unit\u00e0 decentrate, per cui la sola comunicazione dei programmi finanziari basta a tenere sotto controllo le prospettive generali dell&#8217;impresa; si pensi, ad esempio, ad un gruppo finanziario o ad imprese di tipo conglomerale molto diversificate, tali da non richiedere un forte coordinamento centrale.<\/p>\n<p><img loading=\"lazy\" decoding=\"async\" class=\"alignnone size-full wp-image-1338 aligncenter\" src=\"https:\/\/www.istitutostudisindacali.net\/biblioteca\/wp-content\/uploads\/sites\/2\/2019\/03\/principio-priorita.jpg\" alt=\"principio-priorita\" width=\"465\" height=\"290\" srcset=\"https:\/\/www.istitutostudisindacali.net\/bibliotecablog\/wp-content\/uploads\/sites\/17\/2019\/03\/principio-priorita.jpg 465w, https:\/\/www.istitutostudisindacali.net\/bibliotecablog\/wp-content\/uploads\/sites\/17\/2019\/03\/principio-priorita-300x187.jpg 300w, https:\/\/www.istitutostudisindacali.net\/bibliotecablog\/wp-content\/uploads\/sites\/17\/2019\/03\/principio-priorita-400x250.jpg 400w\" sizes=\"(max-width: 465px) 100vw, 465px\" \/><\/p>\n","protected":false},"excerpt":{"rendered":"<p>il 20 marzo 1883 a Parigi viene firmata la\u00a0Convenzione di Parigi per la Protezione della Propriet\u00e0 Industriale, \u00a0fu uno dei primi trattati sulla\u00a0propriet\u00e0 intellettuale\u00a0e\u00a0propriet\u00e0 industriale. Si stabil\u00ec un&#8217;Unione di Paesi per proteggere questo diritto. La convenzione, con alcune modifiche e miglioramenti. Con la\u00a0rivoluzione industriale\u00a0e con la crescita degli scambi commerciali era sempre pi\u00f9 urgente la [&hellip;]<\/p>\n","protected":false},"author":7,"featured_media":1340,"comment_status":"closed","ping_status":"closed","sticky":false,"template":"","format":"standard","meta":{"_et_pb_use_builder":"","_et_pb_old_content":"","_et_gb_content_width":"","ngg_post_thumbnail":0,"_jetpack_memberships_contains_paid_content":false,"footnotes":""},"categories":[117],"tags":[7,1008,1009,1010],"class_list":["post-1335","post","type-post","status-publish","format-standard","has-post-thumbnail","hentry","category-industria","tag-evidenza","tag-impresa","tag-parigi","tag-proprieta-industriale","et-has-post-format-content","et_post_format-et-post-format-standard"],"yoast_head":"<!-- This site is optimized with the Yoast SEO plugin v27.5 - https:\/\/yoast.com\/product\/yoast-seo-wordpress\/ -->\n<title>&quot;La gestione strategica dell&#039;impresa&quot; di Giorgio Eminente - Blog della Biblioteca<\/title>\n<meta name=\"robots\" content=\"index, follow, max-snippet:-1, max-image-preview:large, max-video-preview:-1\" \/>\n<link rel=\"canonical\" href=\"https:\/\/www.istitutostudisindacali.net\/bibliotecablog\/2019\/03\/20\/la-gestione-strategica-dellimpresa-di-giorgio-eminente\/\" \/>\n<meta property=\"og:locale\" content=\"it_IT\" \/>\n<meta property=\"og:type\" content=\"article\" \/>\n<meta property=\"og:title\" content=\"&quot;La gestione strategica dell&#039;impresa&quot; di Giorgio Eminente - Blog della Biblioteca\" \/>\n<meta property=\"og:description\" content=\"il 20 marzo 1883 a Parigi viene firmata la\u00a0Convenzione di Parigi per la Protezione della Propriet\u00e0 Industriale, \u00a0fu uno dei primi trattati sulla\u00a0propriet\u00e0 intellettuale\u00a0e\u00a0propriet\u00e0 industriale. Si stabil\u00ec un&#8217;Unione di Paesi per proteggere questo diritto. La convenzione, con alcune modifiche e miglioramenti. Con la\u00a0rivoluzione industriale\u00a0e con la crescita degli scambi commerciali era sempre pi\u00f9 urgente la [&hellip;]\" \/>\n<meta property=\"og:url\" content=\"https:\/\/www.istitutostudisindacali.net\/bibliotecablog\/2019\/03\/20\/la-gestione-strategica-dellimpresa-di-giorgio-eminente\/\" \/>\n<meta property=\"og:site_name\" content=\"Blog della Biblioteca\" \/>\n<meta property=\"article:published_time\" content=\"2019-03-20T07:56:28+00:00\" \/>\n<meta property=\"article:modified_time\" content=\"2023-02-04T18:11:19+00:00\" \/>\n<meta property=\"og:image\" content=\"https:\/\/www.istitutostudisindacali.net\/bibliotecablog\/wp-content\/uploads\/sites\/17\/2019\/03\/v.jpg\" \/>\n\t<meta property=\"og:image:width\" content=\"1597\" \/>\n\t<meta property=\"og:image:height\" content=\"2479\" \/>\n\t<meta property=\"og:image:type\" content=\"image\/jpeg\" \/>\n<meta name=\"author\" content=\"Loredana Pietri\" \/>\n<meta name=\"twitter:card\" content=\"summary_large_image\" \/>\n<meta name=\"twitter:label1\" content=\"Scritto da\" \/>\n\t<meta name=\"twitter:data1\" content=\"Loredana Pietri\" \/>\n\t<meta name=\"twitter:label2\" content=\"Tempo di lettura stimato\" \/>\n\t<meta name=\"twitter:data2\" content=\"3 minuti\" \/>\n<script type=\"application\/ld+json\" class=\"yoast-schema-graph\">{\"@context\":\"https:\\\/\\\/schema.org\",\"@graph\":[{\"@type\":\"Article\",\"@id\":\"https:\\\/\\\/www.istitutostudisindacali.net\\\/bibliotecablog\\\/2019\\\/03\\\/20\\\/la-gestione-strategica-dellimpresa-di-giorgio-eminente\\\/#article\",\"isPartOf\":{\"@id\":\"https:\\\/\\\/www.istitutostudisindacali.net\\\/bibliotecablog\\\/2019\\\/03\\\/20\\\/la-gestione-strategica-dellimpresa-di-giorgio-eminente\\\/\"},\"author\":{\"name\":\"Loredana Pietri\",\"@id\":\"https:\\\/\\\/www.istitutostudisindacali.net\\\/bibliotecablog\\\/#\\\/schema\\\/person\\\/67df37a680cbbc103a59f61989c3f7e0\"},\"headline\":\"&#8220;La gestione strategica dell&#8217;impresa&#8221; di Giorgio Eminente\",\"datePublished\":\"2019-03-20T07:56:28+00:00\",\"dateModified\":\"2023-02-04T18:11:19+00:00\",\"mainEntityOfPage\":{\"@id\":\"https:\\\/\\\/www.istitutostudisindacali.net\\\/bibliotecablog\\\/2019\\\/03\\\/20\\\/la-gestione-strategica-dellimpresa-di-giorgio-eminente\\\/\"},\"wordCount\":540,\"image\":{\"@id\":\"https:\\\/\\\/www.istitutostudisindacali.net\\\/bibliotecablog\\\/2019\\\/03\\\/20\\\/la-gestione-strategica-dellimpresa-di-giorgio-eminente\\\/#primaryimage\"},\"thumbnailUrl\":\"https:\\\/\\\/www.istitutostudisindacali.net\\\/bibliotecablog\\\/wp-content\\\/uploads\\\/sites\\\/17\\\/2019\\\/03\\\/v.jpg\",\"keywords\":[\"evidenza\",\"Impresa\",\"Parigi\",\"Propriet\u00e0 industriale\"],\"articleSection\":[\"Industria\"],\"inLanguage\":\"it-IT\"},{\"@type\":\"WebPage\",\"@id\":\"https:\\\/\\\/www.istitutostudisindacali.net\\\/bibliotecablog\\\/2019\\\/03\\\/20\\\/la-gestione-strategica-dellimpresa-di-giorgio-eminente\\\/\",\"url\":\"https:\\\/\\\/www.istitutostudisindacali.net\\\/bibliotecablog\\\/2019\\\/03\\\/20\\\/la-gestione-strategica-dellimpresa-di-giorgio-eminente\\\/\",\"name\":\"\\\"La gestione strategica dell'impresa\\\" di Giorgio Eminente - Blog della Biblioteca\",\"isPartOf\":{\"@id\":\"https:\\\/\\\/www.istitutostudisindacali.net\\\/bibliotecablog\\\/#website\"},\"primaryImageOfPage\":{\"@id\":\"https:\\\/\\\/www.istitutostudisindacali.net\\\/bibliotecablog\\\/2019\\\/03\\\/20\\\/la-gestione-strategica-dellimpresa-di-giorgio-eminente\\\/#primaryimage\"},\"image\":{\"@id\":\"https:\\\/\\\/www.istitutostudisindacali.net\\\/bibliotecablog\\\/2019\\\/03\\\/20\\\/la-gestione-strategica-dellimpresa-di-giorgio-eminente\\\/#primaryimage\"},\"thumbnailUrl\":\"https:\\\/\\\/www.istitutostudisindacali.net\\\/bibliotecablog\\\/wp-content\\\/uploads\\\/sites\\\/17\\\/2019\\\/03\\\/v.jpg\",\"datePublished\":\"2019-03-20T07:56:28+00:00\",\"dateModified\":\"2023-02-04T18:11:19+00:00\",\"author\":{\"@id\":\"https:\\\/\\\/www.istitutostudisindacali.net\\\/bibliotecablog\\\/#\\\/schema\\\/person\\\/67df37a680cbbc103a59f61989c3f7e0\"},\"breadcrumb\":{\"@id\":\"https:\\\/\\\/www.istitutostudisindacali.net\\\/bibliotecablog\\\/2019\\\/03\\\/20\\\/la-gestione-strategica-dellimpresa-di-giorgio-eminente\\\/#breadcrumb\"},\"inLanguage\":\"it-IT\",\"potentialAction\":[{\"@type\":\"ReadAction\",\"target\":[\"https:\\\/\\\/www.istitutostudisindacali.net\\\/bibliotecablog\\\/2019\\\/03\\\/20\\\/la-gestione-strategica-dellimpresa-di-giorgio-eminente\\\/\"]}]},{\"@type\":\"ImageObject\",\"inLanguage\":\"it-IT\",\"@id\":\"https:\\\/\\\/www.istitutostudisindacali.net\\\/bibliotecablog\\\/2019\\\/03\\\/20\\\/la-gestione-strategica-dellimpresa-di-giorgio-eminente\\\/#primaryimage\",\"url\":\"https:\\\/\\\/www.istitutostudisindacali.net\\\/bibliotecablog\\\/wp-content\\\/uploads\\\/sites\\\/17\\\/2019\\\/03\\\/v.jpg\",\"contentUrl\":\"https:\\\/\\\/www.istitutostudisindacali.net\\\/bibliotecablog\\\/wp-content\\\/uploads\\\/sites\\\/17\\\/2019\\\/03\\\/v.jpg\",\"width\":1597,\"height\":2479},{\"@type\":\"BreadcrumbList\",\"@id\":\"https:\\\/\\\/www.istitutostudisindacali.net\\\/bibliotecablog\\\/2019\\\/03\\\/20\\\/la-gestione-strategica-dellimpresa-di-giorgio-eminente\\\/#breadcrumb\",\"itemListElement\":[{\"@type\":\"ListItem\",\"position\":1,\"name\":\"Home\",\"item\":\"https:\\\/\\\/www.istitutostudisindacali.net\\\/bibliotecablog\\\/\"},{\"@type\":\"ListItem\",\"position\":2,\"name\":\"&#8220;La gestione strategica dell&#8217;impresa&#8221; di Giorgio Eminente\"}]},{\"@type\":\"WebSite\",\"@id\":\"https:\\\/\\\/www.istitutostudisindacali.net\\\/bibliotecablog\\\/#website\",\"url\":\"https:\\\/\\\/www.istitutostudisindacali.net\\\/bibliotecablog\\\/\",\"name\":\"Blog della Biblioteca\",\"description\":\"Arturo Chiari\",\"potentialAction\":[{\"@type\":\"SearchAction\",\"target\":{\"@type\":\"EntryPoint\",\"urlTemplate\":\"https:\\\/\\\/www.istitutostudisindacali.net\\\/bibliotecablog\\\/?s={search_term_string}\"},\"query-input\":{\"@type\":\"PropertyValueSpecification\",\"valueRequired\":true,\"valueName\":\"search_term_string\"}}],\"inLanguage\":\"it-IT\"},{\"@type\":\"Person\",\"@id\":\"https:\\\/\\\/www.istitutostudisindacali.net\\\/bibliotecablog\\\/#\\\/schema\\\/person\\\/67df37a680cbbc103a59f61989c3f7e0\",\"name\":\"Loredana Pietri\",\"image\":{\"@type\":\"ImageObject\",\"inLanguage\":\"it-IT\",\"@id\":\"https:\\\/\\\/secure.gravatar.com\\\/avatar\\\/14e1950ca26d7443d95784cdcfad5cf200bbbc261d085cf9375e018dc286c835?s=96&d=mm&r=g\",\"url\":\"https:\\\/\\\/secure.gravatar.com\\\/avatar\\\/14e1950ca26d7443d95784cdcfad5cf200bbbc261d085cf9375e018dc286c835?s=96&d=mm&r=g\",\"contentUrl\":\"https:\\\/\\\/secure.gravatar.com\\\/avatar\\\/14e1950ca26d7443d95784cdcfad5cf200bbbc261d085cf9375e018dc286c835?s=96&d=mm&r=g\",\"caption\":\"Loredana Pietri\"},\"description\":\"Responsabile della Biblioteca si impegna nella sua conduzione per migliorarne i Servizi\",\"sameAs\":[\"https:\\\/\\\/www.istitutostudisindacali.net\\\/biblioteca\"],\"url\":\"https:\\\/\\\/www.istitutostudisindacali.net\\\/bibliotecablog\\\/author\\\/loredana-pietri\\\/\"}]}<\/script>\n<!-- \/ Yoast SEO plugin. -->","yoast_head_json":{"title":"\"La gestione strategica dell'impresa\" di Giorgio Eminente - Blog della Biblioteca","robots":{"index":"index","follow":"follow","max-snippet":"max-snippet:-1","max-image-preview":"max-image-preview:large","max-video-preview":"max-video-preview:-1"},"canonical":"https:\/\/www.istitutostudisindacali.net\/bibliotecablog\/2019\/03\/20\/la-gestione-strategica-dellimpresa-di-giorgio-eminente\/","og_locale":"it_IT","og_type":"article","og_title":"\"La gestione strategica dell'impresa\" di Giorgio Eminente - Blog della Biblioteca","og_description":"il 20 marzo 1883 a Parigi viene firmata la\u00a0Convenzione di Parigi per la Protezione della Propriet\u00e0 Industriale, \u00a0fu uno dei primi trattati sulla\u00a0propriet\u00e0 intellettuale\u00a0e\u00a0propriet\u00e0 industriale. Si stabil\u00ec un&#8217;Unione di Paesi per proteggere questo diritto. La convenzione, con alcune modifiche e miglioramenti. Con la\u00a0rivoluzione industriale\u00a0e con la crescita degli scambi commerciali era sempre pi\u00f9 urgente la [&hellip;]","og_url":"https:\/\/www.istitutostudisindacali.net\/bibliotecablog\/2019\/03\/20\/la-gestione-strategica-dellimpresa-di-giorgio-eminente\/","og_site_name":"Blog della Biblioteca","article_published_time":"2019-03-20T07:56:28+00:00","article_modified_time":"2023-02-04T18:11:19+00:00","og_image":[{"width":1597,"height":2479,"url":"https:\/\/www.istitutostudisindacali.net\/bibliotecablog\/wp-content\/uploads\/sites\/17\/2019\/03\/v.jpg","type":"image\/jpeg"}],"author":"Loredana Pietri","twitter_card":"summary_large_image","twitter_misc":{"Scritto da":"Loredana Pietri","Tempo di lettura stimato":"3 minuti"},"schema":{"@context":"https:\/\/schema.org","@graph":[{"@type":"Article","@id":"https:\/\/www.istitutostudisindacali.net\/bibliotecablog\/2019\/03\/20\/la-gestione-strategica-dellimpresa-di-giorgio-eminente\/#article","isPartOf":{"@id":"https:\/\/www.istitutostudisindacali.net\/bibliotecablog\/2019\/03\/20\/la-gestione-strategica-dellimpresa-di-giorgio-eminente\/"},"author":{"name":"Loredana Pietri","@id":"https:\/\/www.istitutostudisindacali.net\/bibliotecablog\/#\/schema\/person\/67df37a680cbbc103a59f61989c3f7e0"},"headline":"&#8220;La gestione strategica dell&#8217;impresa&#8221; di Giorgio Eminente","datePublished":"2019-03-20T07:56:28+00:00","dateModified":"2023-02-04T18:11:19+00:00","mainEntityOfPage":{"@id":"https:\/\/www.istitutostudisindacali.net\/bibliotecablog\/2019\/03\/20\/la-gestione-strategica-dellimpresa-di-giorgio-eminente\/"},"wordCount":540,"image":{"@id":"https:\/\/www.istitutostudisindacali.net\/bibliotecablog\/2019\/03\/20\/la-gestione-strategica-dellimpresa-di-giorgio-eminente\/#primaryimage"},"thumbnailUrl":"https:\/\/www.istitutostudisindacali.net\/bibliotecablog\/wp-content\/uploads\/sites\/17\/2019\/03\/v.jpg","keywords":["evidenza","Impresa","Parigi","Propriet\u00e0 industriale"],"articleSection":["Industria"],"inLanguage":"it-IT"},{"@type":"WebPage","@id":"https:\/\/www.istitutostudisindacali.net\/bibliotecablog\/2019\/03\/20\/la-gestione-strategica-dellimpresa-di-giorgio-eminente\/","url":"https:\/\/www.istitutostudisindacali.net\/bibliotecablog\/2019\/03\/20\/la-gestione-strategica-dellimpresa-di-giorgio-eminente\/","name":"\"La gestione strategica dell'impresa\" di Giorgio Eminente - Blog della Biblioteca","isPartOf":{"@id":"https:\/\/www.istitutostudisindacali.net\/bibliotecablog\/#website"},"primaryImageOfPage":{"@id":"https:\/\/www.istitutostudisindacali.net\/bibliotecablog\/2019\/03\/20\/la-gestione-strategica-dellimpresa-di-giorgio-eminente\/#primaryimage"},"image":{"@id":"https:\/\/www.istitutostudisindacali.net\/bibliotecablog\/2019\/03\/20\/la-gestione-strategica-dellimpresa-di-giorgio-eminente\/#primaryimage"},"thumbnailUrl":"https:\/\/www.istitutostudisindacali.net\/bibliotecablog\/wp-content\/uploads\/sites\/17\/2019\/03\/v.jpg","datePublished":"2019-03-20T07:56:28+00:00","dateModified":"2023-02-04T18:11:19+00:00","author":{"@id":"https:\/\/www.istitutostudisindacali.net\/bibliotecablog\/#\/schema\/person\/67df37a680cbbc103a59f61989c3f7e0"},"breadcrumb":{"@id":"https:\/\/www.istitutostudisindacali.net\/bibliotecablog\/2019\/03\/20\/la-gestione-strategica-dellimpresa-di-giorgio-eminente\/#breadcrumb"},"inLanguage":"it-IT","potentialAction":[{"@type":"ReadAction","target":["https:\/\/www.istitutostudisindacali.net\/bibliotecablog\/2019\/03\/20\/la-gestione-strategica-dellimpresa-di-giorgio-eminente\/"]}]},{"@type":"ImageObject","inLanguage":"it-IT","@id":"https:\/\/www.istitutostudisindacali.net\/bibliotecablog\/2019\/03\/20\/la-gestione-strategica-dellimpresa-di-giorgio-eminente\/#primaryimage","url":"https:\/\/www.istitutostudisindacali.net\/bibliotecablog\/wp-content\/uploads\/sites\/17\/2019\/03\/v.jpg","contentUrl":"https:\/\/www.istitutostudisindacali.net\/bibliotecablog\/wp-content\/uploads\/sites\/17\/2019\/03\/v.jpg","width":1597,"height":2479},{"@type":"BreadcrumbList","@id":"https:\/\/www.istitutostudisindacali.net\/bibliotecablog\/2019\/03\/20\/la-gestione-strategica-dellimpresa-di-giorgio-eminente\/#breadcrumb","itemListElement":[{"@type":"ListItem","position":1,"name":"Home","item":"https:\/\/www.istitutostudisindacali.net\/bibliotecablog\/"},{"@type":"ListItem","position":2,"name":"&#8220;La gestione strategica dell&#8217;impresa&#8221; di Giorgio Eminente"}]},{"@type":"WebSite","@id":"https:\/\/www.istitutostudisindacali.net\/bibliotecablog\/#website","url":"https:\/\/www.istitutostudisindacali.net\/bibliotecablog\/","name":"Blog della Biblioteca","description":"Arturo Chiari","potentialAction":[{"@type":"SearchAction","target":{"@type":"EntryPoint","urlTemplate":"https:\/\/www.istitutostudisindacali.net\/bibliotecablog\/?s={search_term_string}"},"query-input":{"@type":"PropertyValueSpecification","valueRequired":true,"valueName":"search_term_string"}}],"inLanguage":"it-IT"},{"@type":"Person","@id":"https:\/\/www.istitutostudisindacali.net\/bibliotecablog\/#\/schema\/person\/67df37a680cbbc103a59f61989c3f7e0","name":"Loredana Pietri","image":{"@type":"ImageObject","inLanguage":"it-IT","@id":"https:\/\/secure.gravatar.com\/avatar\/14e1950ca26d7443d95784cdcfad5cf200bbbc261d085cf9375e018dc286c835?s=96&d=mm&r=g","url":"https:\/\/secure.gravatar.com\/avatar\/14e1950ca26d7443d95784cdcfad5cf200bbbc261d085cf9375e018dc286c835?s=96&d=mm&r=g","contentUrl":"https:\/\/secure.gravatar.com\/avatar\/14e1950ca26d7443d95784cdcfad5cf200bbbc261d085cf9375e018dc286c835?s=96&d=mm&r=g","caption":"Loredana Pietri"},"description":"Responsabile della Biblioteca si impegna nella sua conduzione per migliorarne i Servizi","sameAs":["https:\/\/www.istitutostudisindacali.net\/biblioteca"],"url":"https:\/\/www.istitutostudisindacali.net\/bibliotecablog\/author\/loredana-pietri\/"}]}},"jetpack_featured_media_url":"https:\/\/www.istitutostudisindacali.net\/bibliotecablog\/wp-content\/uploads\/sites\/17\/2019\/03\/v.jpg","jetpack_sharing_enabled":true,"_links":{"self":[{"href":"https:\/\/www.istitutostudisindacali.net\/bibliotecablog\/wp-json\/wp\/v2\/posts\/1335","targetHints":{"allow":["GET"]}}],"collection":[{"href":"https:\/\/www.istitutostudisindacali.net\/bibliotecablog\/wp-json\/wp\/v2\/posts"}],"about":[{"href":"https:\/\/www.istitutostudisindacali.net\/bibliotecablog\/wp-json\/wp\/v2\/types\/post"}],"author":[{"embeddable":true,"href":"https:\/\/www.istitutostudisindacali.net\/bibliotecablog\/wp-json\/wp\/v2\/users\/7"}],"replies":[{"embeddable":true,"href":"https:\/\/www.istitutostudisindacali.net\/bibliotecablog\/wp-json\/wp\/v2\/comments?post=1335"}],"version-history":[{"count":1,"href":"https:\/\/www.istitutostudisindacali.net\/bibliotecablog\/wp-json\/wp\/v2\/posts\/1335\/revisions"}],"predecessor-version":[{"id":4503,"href":"https:\/\/www.istitutostudisindacali.net\/bibliotecablog\/wp-json\/wp\/v2\/posts\/1335\/revisions\/4503"}],"wp:featuredmedia":[{"embeddable":true,"href":"https:\/\/www.istitutostudisindacali.net\/bibliotecablog\/wp-json\/wp\/v2\/media\/1340"}],"wp:attachment":[{"href":"https:\/\/www.istitutostudisindacali.net\/bibliotecablog\/wp-json\/wp\/v2\/media?parent=1335"}],"wp:term":[{"taxonomy":"category","embeddable":true,"href":"https:\/\/www.istitutostudisindacali.net\/bibliotecablog\/wp-json\/wp\/v2\/categories?post=1335"},{"taxonomy":"post_tag","embeddable":true,"href":"https:\/\/www.istitutostudisindacali.net\/bibliotecablog\/wp-json\/wp\/v2\/tags?post=1335"}],"curies":[{"name":"wp","href":"https:\/\/api.w.org\/{rel}","templated":true}]}}