{"id":1248,"date":"2019-02-20T12:34:59","date_gmt":"2019-02-20T11:34:59","guid":{"rendered":"https:\/\/bibliotecarturochiari.wordpress.com\/?p=1248"},"modified":"2023-02-04T19:11:27","modified_gmt":"2023-02-04T18:11:27","slug":"1892-1982-psi-novanta-anni-di-storia","status":"publish","type":"post","link":"https:\/\/www.istitutostudisindacali.net\/bibliotecablog\/2019\/02\/20\/1892-1982-psi-novanta-anni-di-storia\/","title":{"rendered":"&#8220;1892 &#8211; 1982 PSI novanta anni di storia&#8221;"},"content":{"rendered":"<blockquote>\n<p style=\"text-align:justify\"><img loading=\"lazy\" decoding=\"async\" class=\" size-full wp-image-1252 alignleft\" src=\"https:\/\/www.istitutostudisindacali.net\/biblioteca\/wp-content\/uploads\/sites\/2\/2019\/02\/margarethe_faas-hardegger.jpg\" alt=\"Margarethe_Faas-Hardegger\" width=\"220\" height=\"316\" srcset=\"https:\/\/www.istitutostudisindacali.net\/bibliotecablog\/wp-content\/uploads\/sites\/17\/2019\/02\/margarethe_faas-hardegger.jpg 220w, https:\/\/www.istitutostudisindacali.net\/bibliotecablog\/wp-content\/uploads\/sites\/17\/2019\/02\/margarethe_faas-hardegger-209x300.jpg 209w\" sizes=\"(max-width: 220px) 100vw, 220px\" \/>20 febbraio 1882 nasce a Berna in Svizzera\u00a0<b>Margarethe Haregger<\/b>\u00a0(<a title=\"Berna\" href=\"https:\/\/it.wikipedia.org\/wiki\/Berna\">Berna<\/a>,\u00a0<a title=\"20 febbraio\" href=\"https:\/\/it.wikipedia.org\/wiki\/20_febbraio\">20 febbraio<\/a>\u00a0<a title=\"1882\" href=\"https:\/\/it.wikipedia.org\/wiki\/1882\">1882<\/a>\u00a0\u2013\u00a0<a title=\"Minusio\" href=\"https:\/\/it.wikipedia.org\/wiki\/Minusio\">Minusio<\/a>,\u00a0<a title=\"23 settembre\" href=\"https:\/\/it.wikipedia.org\/wiki\/23_settembre\">23 settembre<\/a>\u00a0<a title=\"1963\" href=\"https:\/\/it.wikipedia.org\/wiki\/1963\">1963<\/a>) \u00e8 stata una\u00a0<a class=\"mw-redirect\" title=\"Sindacalista\" href=\"https:\/\/it.wikipedia.org\/wiki\/Sindacalista\">sindacalista<\/a>\u00a0<a title=\"Svizzera\" href=\"https:\/\/it.wikipedia.org\/wiki\/Svizzera\">svizzera<\/a>.<\/p>\n<p style=\"text-align:justify\">Era la prima segretaria delle lavoratrici del\u00a0<a class=\"mw-disambig\" title=\"SGB\" href=\"https:\/\/it.wikipedia.org\/wiki\/SGB\">SGB<\/a>. Sotto la sua guida il movimento operaio in\u00a0<a title=\"Svizzera\" href=\"https:\/\/it.wikipedia.org\/wiki\/Svizzera\">Svizzera<\/a>\u00a0acquis\u00ec un profilo politico e divenne sempre pi\u00f9\u00a0<a title=\"Femminismo\" href=\"https:\/\/it.wikipedia.org\/wiki\/Femminismo\">femminista<\/a>. Hardegger non solo ha sollevato la questione del suffragio alle donne all&#8217;interno del movimento sindacale, ma anche dell&#8217;assicurazione per la maternit\u00e0 e l&#8217;idea delle faccende domestiche a pagamento.<\/p>\n<p style=\"text-align:justify\">Margarethe Hardegger ha fatto un apprendistato come telefonista, e subito dopo, con l&#8217;aiuto del suo futuro marito,\u00a0<a class=\"new\" title=\"August Faas (la pagina non esiste)\" href=\"https:\/\/it.wikipedia.org\/w\/index.php?title=August_Faas&amp;action=edit&amp;redlink=1\">August Faas<\/a>, ha conseguito l&#8217;esame di maturit\u00e0. Nel 1903 fonda insieme ad altri l&#8217;associazione dei lavoratori tessili di\u00a0<a title=\"Berna\" href=\"https:\/\/it.wikipedia.org\/wiki\/Berna\">Berna<\/a>. Nel 1905, gi\u00e0 madre di due figlie, divenne la prima segretaria dei lavoratori della Federazione svizzera dei sindacati e abbandon\u00f2 gli studi di legge a favore di questo incarico. In questa posizione, che ha ricoperto fino al 1909, ha fondato varie\u00a0<i>sezioni<\/i>\u00a0sindacali e\u00a0<i>cooperative di consumatori<\/i>\u00a0, insieme alle riviste femministe\u00a0<i>The Champion<\/i>\u00a0e\u00a0<i>L&#8217;Exploit\u00e9e<\/i>. Nel 1909, le divergenze con la gestione dell&#8217;SGB (la sindacalista era convinta antimilitarista) erano troppo grandi, e fu licenziata.<\/p>\n<p style=\"text-align:justify\">Gi\u00e0 nel 1908 aveva fondato insieme a\u00a0<a title=\"Gustav Landauer\" href=\"https:\/\/it.wikipedia.org\/wiki\/Gustav_Landauer\">Gustav Landauer<\/a>\u00a0la Lega socialista e il suo giornale\u00a0<i>The Socialist<\/i>. Dopo aver perso il lavoro presso l&#8217;SGB, si \u00e8 concentrata principalmente su queste due avventure, ma ha anche litigato con Landauer. In contrasto con questo, ha apertamente difeso l&#8217;amore libero e i diritti delle donne e ha anche rappresentato questa linea nel &#8220;socialista&#8221;. Nel 1913, fu condannata per falsa testimonianza in favore di Ernst Frick e Landauer, prese questo come scusa per allontanarli dalla Lega Socialista. Gi\u00e0 nel 1915, entr\u00f2 nuovamente in conflitto con la legge e fu condannata a un anno di prigione per il sostegno all&#8217;aborto.<\/p>\n<p style=\"text-align:justify\">Dopo ci\u00f2, si \u00e8 rivolta sempre pi\u00f9 all&#8217;idea di amore libero. Nel 1919 fond\u00f2 una comunit\u00e0 rurale a\u00a0<a title=\"Herrliberg\" href=\"https:\/\/it.wikipedia.org\/wiki\/Herrliberg\">Herrliberg<\/a>\u00a0vicino a\u00a0<a title=\"Zurigo\" href=\"https:\/\/it.wikipedia.org\/wiki\/Zurigo\">Zurigo<\/a>, nel 1920 il\u00a0<a title=\"Falansterio\" href=\"https:\/\/it.wikipedia.org\/wiki\/Falansterio\">falansterio<\/a>\u00a0&#8220;Villino Graziella&#8221; a\u00a0<a title=\"Minusio\" href=\"https:\/\/it.wikipedia.org\/wiki\/Minusio\">Minusio<\/a>, vicino a\u00a0<a title=\"Locarno\" href=\"https:\/\/it.wikipedia.org\/wiki\/Locarno\">Locarno<\/a>\u00a0. Il progetto \u00e8 fallito a causa della mancanza di capitali e disaccordi interni.<\/p>\n<\/blockquote>\n<p style=\"text-align:justify\">[&#8230;] A Padova si tiene nel 1911 il III congresso della CGdL che approva l&#8217;indirizzo seguito dalla Direzione.<\/p>\n<p style=\"text-align:center\"><img loading=\"lazy\" decoding=\"async\" class=\"alignnone  wp-image-1255\" src=\"https:\/\/www.istitutostudisindacali.net\/biblioteca\/wp-content\/uploads\/sites\/2\/2019\/02\/20180928_103254.jpg\" alt=\"20180928_103254\" width=\"538\" height=\"784\" srcset=\"https:\/\/www.istitutostudisindacali.net\/bibliotecablog\/wp-content\/uploads\/sites\/17\/2019\/02\/20180928_103254.jpg 1392w, https:\/\/www.istitutostudisindacali.net\/bibliotecablog\/wp-content\/uploads\/sites\/17\/2019\/02\/20180928_103254-206x300.jpg 206w, https:\/\/www.istitutostudisindacali.net\/bibliotecablog\/wp-content\/uploads\/sites\/17\/2019\/02\/20180928_103254-703x1024.jpg 703w, https:\/\/www.istitutostudisindacali.net\/bibliotecablog\/wp-content\/uploads\/sites\/17\/2019\/02\/20180928_103254-768x1119.jpg 768w, https:\/\/www.istitutostudisindacali.net\/bibliotecablog\/wp-content\/uploads\/sites\/17\/2019\/02\/20180928_103254-1054x1536.jpg 1054w, https:\/\/www.istitutostudisindacali.net\/bibliotecablog\/wp-content\/uploads\/sites\/17\/2019\/02\/20180928_103254-610x889.jpg 610w, https:\/\/www.istitutostudisindacali.net\/bibliotecablog\/wp-content\/uploads\/sites\/17\/2019\/02\/20180928_103254-1080x1574.jpg 1080w\" sizes=\"(max-width: 538px) 100vw, 538px\" \/><\/p>\n<p style=\"text-align:justify\">Viene subito stabilito che le Cooperative di produzione socialiste possono aderire alla Confederazione.\u00a0 La sede della CGdL viene trasferita da Torino a Milano.<\/p>\n<p style=\"text-align:justify\">Il congresso di Basilea della &#8220;Seconda Internazionale&#8221; nel novembre 1911, conferma intanto la parola d&#8217;ordine&#8221;guerra alla guerra&#8221;.<\/p>\n<p style=\"text-align:justify\">Nel marzo 1912 in seguito al fallimento dell&#8217;attentato anarchico contro il re Vittorio Emanuele II, i deputati compresi Bissolati, Bonomi e Cabrini, si recano al Quirinale per felicitarsi con il sovrano per lo scampato\u00a0 pericolo.<\/p>\n<p style=\"text-align:justify\">Prendendo spunto da tale gesto,\u00a0 al XIII congresso del PSI (Reggio Emilia, luglio 1912) la corrente rivoluzionaria, che ha la maggioranza, approva l&#8217;ordine del giorno Mussolini di espulsione di tre deputati e di Podrecca dal PSI.\u00a0 \u00a0Segretario del Partito viene eletto Lazzari e Mussolini assume la direzione dell&#8217; &#8220;Avanti!&#8221;.\u00a0 \u00a0 Il congresso decide di seguire il &#8220;metodo intransigente, come logica\u00a0 e necessaria derivazione del concetto e della pratica della lotta di classe, che consente solidariet\u00e0 di interessi fra classe dominata e classe dominante&#8221;.<\/p>\n<p style=\"text-align:justify\">Nel luglio 1912 gli espulsi fondarono il Partito socialista riformista italiano.\u00a0 \u00a0Nelle elezioni dell&#8217;ottobre 1913 (XXIV legislatura) i cattolici appoggiarono Giolitti alle elezioni\u00a0 (patto Gentiloni).\u00a0 \u00a0Sono le prime elezioni a suffragio universale maschile.\u00a0 \u00a0Il PSI ottiene 52 deputati e 883.000 voti; il Partito socialista riformista 19 deputati e 196.000 voti.<\/p>\n<p style=\"text-align:justify\">Al XIV congresso del PSI (1542 sezioni con 47.000 iscritti) nell&#8217;aprile 1914 viene decisa l&#8217;espulsione dei massoni dal Partito e prevale, nelle questioni elettorali, il metodo della pi\u00f9 assoluta intransigenza.<\/p>\n<p>Intanto mentre la &#8220;Seconda Internazionale&#8221; cerca di anticipare il suo Congresso per discutere dell&#8217;imminente guerra, i socialisti tedeschi e quelli francesi appoggiano i credi di guerra votati dai rispettivi parlamentari.<\/p>\n<p>In Italia il PSI riporta brillanti vittorie alle elezioni amministrative del 14 giugno 1914 conquistando il comune di Milano e Bologna.<\/p>\n<p>Nel maggio 1914 il quarto congresso della CGdL, che si tiene a Mantova, affronter\u00e0 i problemi della disoccupazione.\u00a0 \u00a0 Si auspica l&#8217;aumento della produzione e della ricchezza nazionale.<\/p>\n<p>La Confederazione conta ora 327.000 iscritti [&#8230;]pp.110<\/p>\n<p>&nbsp;<\/p>\n<h3 style=\"text-align:center\"><em><strong>Disponibile presso la BIBLIOTECA NAZIONALE UIL ARTURO CHIARI<\/strong><\/em><\/h3>\n<p>&nbsp;<\/p>\n\n\t\t<style type=\"text\/css\">\n\t\t\t#gallery-1 {\n\t\t\t\tmargin: auto;\n\t\t\t}\n\t\t\t#gallery-1 .gallery-item {\n\t\t\t\tfloat: left;\n\t\t\t\tmargin-top: 10px;\n\t\t\t\ttext-align: center;\n\t\t\t\twidth: 33%;\n\t\t\t}\n\t\t\t#gallery-1 img {\n\t\t\t\tborder: 2px solid #cfcfcf;\n\t\t\t}\n\t\t\t#gallery-1 .gallery-caption {\n\t\t\t\tmargin-left: 0;\n\t\t\t}\n\t\t\t\/* see gallery_shortcode() in wp-includes\/media.php *\/\n\t\t<\/style>\n\t\t<div id='gallery-1' class='gallery galleryid-1248 gallery-columns-3 gallery-size-thumbnail'><dl class='gallery-item'>\n\t\t\t<dt class='gallery-icon landscape'>\n\t\t\t\t<a href='https:\/\/www.istitutostudisindacali.net\/bibliotecablog\/giovani-soc-borgo-s-paolo-to\/'><img loading=\"lazy\" decoding=\"async\" width=\"150\" height=\"150\" src=\"https:\/\/www.istitutostudisindacali.net\/bibliotecablog\/wp-content\/uploads\/sites\/17\/2019\/02\/giovani-soc-borgo-s-paolo-to-150x150.jpg\" class=\"attachment-thumbnail size-thumbnail\" alt=\"\" srcset=\"https:\/\/www.istitutostudisindacali.net\/bibliotecablog\/wp-content\/uploads\/sites\/17\/2019\/02\/giovani-soc-borgo-s-paolo-to-150x150.jpg 150w, https:\/\/www.istitutostudisindacali.net\/bibliotecablog\/wp-content\/uploads\/sites\/17\/2019\/02\/giovani-soc-borgo-s-paolo-to-250x250.jpg 250w, https:\/\/www.istitutostudisindacali.net\/bibliotecablog\/wp-content\/uploads\/sites\/17\/2019\/02\/giovani-soc-borgo-s-paolo-to-440x440.jpg 440w\" sizes=\"(max-width: 150px) 100vw, 150px\" \/><\/a>\n\t\t\t<\/dt><\/dl><dl class='gallery-item'>\n\t\t\t<dt class='gallery-icon portrait'>\n\t\t\t\t<a href='https:\/\/www.istitutostudisindacali.net\/bibliotecablog\/congressopcdi1921-2\/'><img loading=\"lazy\" decoding=\"async\" width=\"150\" height=\"150\" src=\"https:\/\/www.istitutostudisindacali.net\/bibliotecablog\/wp-content\/uploads\/sites\/17\/2019\/02\/congressopcdi1921-1-150x150.jpg\" class=\"attachment-thumbnail size-thumbnail\" alt=\"\" srcset=\"https:\/\/www.istitutostudisindacali.net\/bibliotecablog\/wp-content\/uploads\/sites\/17\/2019\/02\/congressopcdi1921-1-150x150.jpg 150w, https:\/\/www.istitutostudisindacali.net\/bibliotecablog\/wp-content\/uploads\/sites\/17\/2019\/02\/congressopcdi1921-1-250x250.jpg 250w, https:\/\/www.istitutostudisindacali.net\/bibliotecablog\/wp-content\/uploads\/sites\/17\/2019\/02\/congressopcdi1921-1-440x440.jpg 440w\" sizes=\"(max-width: 150px) 100vw, 150px\" \/><\/a>\n\t\t\t<\/dt><\/dl><dl class='gallery-item'>\n\t\t\t<dt class='gallery-icon portrait'>\n\t\t\t\t<a href='https:\/\/www.istitutostudisindacali.net\/bibliotecablog\/mhnrvu9\/'><img loading=\"lazy\" decoding=\"async\" width=\"150\" height=\"150\" src=\"https:\/\/www.istitutostudisindacali.net\/bibliotecablog\/wp-content\/uploads\/sites\/17\/2019\/02\/mhnrvu9-150x150.jpg\" class=\"attachment-thumbnail size-thumbnail\" alt=\"\" srcset=\"https:\/\/www.istitutostudisindacali.net\/bibliotecablog\/wp-content\/uploads\/sites\/17\/2019\/02\/mhnrvu9-150x150.jpg 150w, https:\/\/www.istitutostudisindacali.net\/bibliotecablog\/wp-content\/uploads\/sites\/17\/2019\/02\/mhnrvu9-250x250.jpg 250w, https:\/\/www.istitutostudisindacali.net\/bibliotecablog\/wp-content\/uploads\/sites\/17\/2019\/02\/mhnrvu9-440x440.jpg 440w\" sizes=\"(max-width: 150px) 100vw, 150px\" \/><\/a>\n\t\t\t<\/dt><\/dl><br style=\"clear: both\" \/><dl class='gallery-item'>\n\t\t\t<dt class='gallery-icon landscape'>\n\t\t\t\t<a href='https:\/\/www.istitutostudisindacali.net\/bibliotecablog\/congresso_psi_firenze_1909\/'><img loading=\"lazy\" decoding=\"async\" width=\"150\" height=\"150\" src=\"https:\/\/www.istitutostudisindacali.net\/bibliotecablog\/wp-content\/uploads\/sites\/17\/2019\/02\/congresso_psi_firenze_1909-150x150.jpg\" class=\"attachment-thumbnail size-thumbnail\" alt=\"\" srcset=\"https:\/\/www.istitutostudisindacali.net\/bibliotecablog\/wp-content\/uploads\/sites\/17\/2019\/02\/congresso_psi_firenze_1909-150x150.jpg 150w, https:\/\/www.istitutostudisindacali.net\/bibliotecablog\/wp-content\/uploads\/sites\/17\/2019\/02\/congresso_psi_firenze_1909-250x250.jpg 250w, https:\/\/www.istitutostudisindacali.net\/bibliotecablog\/wp-content\/uploads\/sites\/17\/2019\/02\/congresso_psi_firenze_1909-440x440.jpg 440w\" sizes=\"(max-width: 150px) 100vw, 150px\" \/><\/a>\n\t\t\t<\/dt><\/dl>\n\t\t\t<br style='clear: both' \/>\n\t\t<\/div>\n\n","protected":false},"excerpt":{"rendered":"<p>20 febbraio 1882 nasce a Berna in Svizzera\u00a0Margarethe Haregger\u00a0(Berna,\u00a020 febbraio\u00a01882\u00a0\u2013\u00a0Minusio,\u00a023 settembre\u00a01963) \u00e8 stata una\u00a0sindacalista\u00a0svizzera. Era la prima segretaria delle lavoratrici del\u00a0SGB. Sotto la sua guida il movimento operaio in\u00a0Svizzera\u00a0acquis\u00ec un profilo politico e divenne sempre pi\u00f9\u00a0femminista. Hardegger non solo ha sollevato la questione del suffragio alle donne all&#8217;interno del movimento sindacale, ma anche dell&#8217;assicurazione per [&hellip;]<\/p>\n","protected":false},"author":7,"featured_media":1254,"comment_status":"closed","ping_status":"closed","sticky":false,"template":"","format":"standard","meta":{"_et_pb_use_builder":"","_et_pb_old_content":"","_et_gb_content_width":"","ngg_post_thumbnail":0,"_jetpack_memberships_contains_paid_content":false,"footnotes":""},"categories":[107],"tags":[15,99,943,100,34,7,973,974,32,975],"class_list":["post-1248","post","type-post","status-publish","format-standard","has-post-thumbnail","hentry","category-politica","tag-benito-mussolini","tag-bissolati","tag-bonomi","tag-cabrini","tag-cgdl","tag-evidenza","tag-margarethe-haregger","tag-partito-socialista-riformista","tag-psi","tag-sgb","et-has-post-format-content","et_post_format-et-post-format-standard"],"yoast_head":"<!-- This site is optimized with the Yoast SEO plugin v27.5 - https:\/\/yoast.com\/product\/yoast-seo-wordpress\/ -->\n<title>&quot;1892 - 1982 PSI novanta anni di storia&quot; - Blog della Biblioteca<\/title>\n<meta name=\"robots\" content=\"index, follow, max-snippet:-1, max-image-preview:large, max-video-preview:-1\" \/>\n<link rel=\"canonical\" href=\"https:\/\/www.istitutostudisindacali.net\/bibliotecablog\/2019\/02\/20\/1892-1982-psi-novanta-anni-di-storia\/\" \/>\n<meta property=\"og:locale\" content=\"it_IT\" \/>\n<meta property=\"og:type\" content=\"article\" \/>\n<meta property=\"og:title\" content=\"&quot;1892 - 1982 PSI novanta anni di storia&quot; - Blog della Biblioteca\" \/>\n<meta property=\"og:description\" content=\"20 febbraio 1882 nasce a Berna in Svizzera\u00a0Margarethe Haregger\u00a0(Berna,\u00a020 febbraio\u00a01882\u00a0\u2013\u00a0Minusio,\u00a023 settembre\u00a01963) \u00e8 stata una\u00a0sindacalista\u00a0svizzera. Era la prima segretaria delle lavoratrici del\u00a0SGB. Sotto la sua guida il movimento operaio in\u00a0Svizzera\u00a0acquis\u00ec un profilo politico e divenne sempre pi\u00f9\u00a0femminista. Hardegger non solo ha sollevato la questione del suffragio alle donne all&#8217;interno del movimento sindacale, ma anche dell&#8217;assicurazione per [&hellip;]\" \/>\n<meta property=\"og:url\" content=\"https:\/\/www.istitutostudisindacali.net\/bibliotecablog\/2019\/02\/20\/1892-1982-psi-novanta-anni-di-storia\/\" \/>\n<meta property=\"og:site_name\" content=\"Blog della Biblioteca\" \/>\n<meta property=\"article:published_time\" content=\"2019-02-20T11:34:59+00:00\" \/>\n<meta property=\"article:modified_time\" content=\"2023-02-04T18:11:27+00:00\" \/>\n<meta property=\"og:image\" content=\"https:\/\/www.istitutostudisindacali.net\/bibliotecablog\/wp-content\/uploads\/sites\/17\/2019\/02\/v-2-scaled-1.jpg\" \/>\n\t<meta property=\"og:image:width\" content=\"1869\" \/>\n\t<meta property=\"og:image:height\" content=\"2560\" \/>\n\t<meta property=\"og:image:type\" content=\"image\/jpeg\" \/>\n<meta name=\"author\" content=\"Loredana Pietri\" \/>\n<meta name=\"twitter:card\" content=\"summary_large_image\" \/>\n<meta name=\"twitter:label1\" content=\"Scritto da\" \/>\n\t<meta name=\"twitter:data1\" content=\"Loredana Pietri\" \/>\n\t<meta name=\"twitter:label2\" content=\"Tempo di lettura stimato\" \/>\n\t<meta name=\"twitter:data2\" content=\"3 minuti\" \/>\n<script type=\"application\/ld+json\" class=\"yoast-schema-graph\">{\"@context\":\"https:\\\/\\\/schema.org\",\"@graph\":[{\"@type\":\"Article\",\"@id\":\"https:\\\/\\\/www.istitutostudisindacali.net\\\/bibliotecablog\\\/2019\\\/02\\\/20\\\/1892-1982-psi-novanta-anni-di-storia\\\/#article\",\"isPartOf\":{\"@id\":\"https:\\\/\\\/www.istitutostudisindacali.net\\\/bibliotecablog\\\/2019\\\/02\\\/20\\\/1892-1982-psi-novanta-anni-di-storia\\\/\"},\"author\":{\"name\":\"Loredana Pietri\",\"@id\":\"https:\\\/\\\/www.istitutostudisindacali.net\\\/bibliotecablog\\\/#\\\/schema\\\/person\\\/67df37a680cbbc103a59f61989c3f7e0\"},\"headline\":\"&#8220;1892 &#8211; 1982 PSI novanta anni di storia&#8221;\",\"datePublished\":\"2019-02-20T11:34:59+00:00\",\"dateModified\":\"2023-02-04T18:11:27+00:00\",\"mainEntityOfPage\":{\"@id\":\"https:\\\/\\\/www.istitutostudisindacali.net\\\/bibliotecablog\\\/2019\\\/02\\\/20\\\/1892-1982-psi-novanta-anni-di-storia\\\/\"},\"wordCount\":685,\"image\":{\"@id\":\"https:\\\/\\\/www.istitutostudisindacali.net\\\/bibliotecablog\\\/2019\\\/02\\\/20\\\/1892-1982-psi-novanta-anni-di-storia\\\/#primaryimage\"},\"thumbnailUrl\":\"https:\\\/\\\/www.istitutostudisindacali.net\\\/bibliotecablog\\\/wp-content\\\/uploads\\\/sites\\\/17\\\/2019\\\/02\\\/v-2-scaled-1.jpg\",\"keywords\":[\"Benito Mussolini\",\"Bissolati\",\"Bonomi\",\"Cabrini\",\"CGdL\",\"evidenza\",\"Margarethe Haregger\",\"Partito Socialista riformista\",\"PSI\",\"SGB\"],\"articleSection\":[\"Politica\"],\"inLanguage\":\"it-IT\"},{\"@type\":\"WebPage\",\"@id\":\"https:\\\/\\\/www.istitutostudisindacali.net\\\/bibliotecablog\\\/2019\\\/02\\\/20\\\/1892-1982-psi-novanta-anni-di-storia\\\/\",\"url\":\"https:\\\/\\\/www.istitutostudisindacali.net\\\/bibliotecablog\\\/2019\\\/02\\\/20\\\/1892-1982-psi-novanta-anni-di-storia\\\/\",\"name\":\"\\\"1892 - 1982 PSI novanta anni di storia\\\" - Blog della Biblioteca\",\"isPartOf\":{\"@id\":\"https:\\\/\\\/www.istitutostudisindacali.net\\\/bibliotecablog\\\/#website\"},\"primaryImageOfPage\":{\"@id\":\"https:\\\/\\\/www.istitutostudisindacali.net\\\/bibliotecablog\\\/2019\\\/02\\\/20\\\/1892-1982-psi-novanta-anni-di-storia\\\/#primaryimage\"},\"image\":{\"@id\":\"https:\\\/\\\/www.istitutostudisindacali.net\\\/bibliotecablog\\\/2019\\\/02\\\/20\\\/1892-1982-psi-novanta-anni-di-storia\\\/#primaryimage\"},\"thumbnailUrl\":\"https:\\\/\\\/www.istitutostudisindacali.net\\\/bibliotecablog\\\/wp-content\\\/uploads\\\/sites\\\/17\\\/2019\\\/02\\\/v-2-scaled-1.jpg\",\"datePublished\":\"2019-02-20T11:34:59+00:00\",\"dateModified\":\"2023-02-04T18:11:27+00:00\",\"author\":{\"@id\":\"https:\\\/\\\/www.istitutostudisindacali.net\\\/bibliotecablog\\\/#\\\/schema\\\/person\\\/67df37a680cbbc103a59f61989c3f7e0\"},\"breadcrumb\":{\"@id\":\"https:\\\/\\\/www.istitutostudisindacali.net\\\/bibliotecablog\\\/2019\\\/02\\\/20\\\/1892-1982-psi-novanta-anni-di-storia\\\/#breadcrumb\"},\"inLanguage\":\"it-IT\",\"potentialAction\":[{\"@type\":\"ReadAction\",\"target\":[\"https:\\\/\\\/www.istitutostudisindacali.net\\\/bibliotecablog\\\/2019\\\/02\\\/20\\\/1892-1982-psi-novanta-anni-di-storia\\\/\"]}]},{\"@type\":\"ImageObject\",\"inLanguage\":\"it-IT\",\"@id\":\"https:\\\/\\\/www.istitutostudisindacali.net\\\/bibliotecablog\\\/2019\\\/02\\\/20\\\/1892-1982-psi-novanta-anni-di-storia\\\/#primaryimage\",\"url\":\"https:\\\/\\\/www.istitutostudisindacali.net\\\/bibliotecablog\\\/wp-content\\\/uploads\\\/sites\\\/17\\\/2019\\\/02\\\/v-2-scaled-1.jpg\",\"contentUrl\":\"https:\\\/\\\/www.istitutostudisindacali.net\\\/bibliotecablog\\\/wp-content\\\/uploads\\\/sites\\\/17\\\/2019\\\/02\\\/v-2-scaled-1.jpg\",\"width\":1869,\"height\":2560},{\"@type\":\"BreadcrumbList\",\"@id\":\"https:\\\/\\\/www.istitutostudisindacali.net\\\/bibliotecablog\\\/2019\\\/02\\\/20\\\/1892-1982-psi-novanta-anni-di-storia\\\/#breadcrumb\",\"itemListElement\":[{\"@type\":\"ListItem\",\"position\":1,\"name\":\"Home\",\"item\":\"https:\\\/\\\/www.istitutostudisindacali.net\\\/bibliotecablog\\\/\"},{\"@type\":\"ListItem\",\"position\":2,\"name\":\"&#8220;1892 &#8211; 1982 PSI novanta anni di storia&#8221;\"}]},{\"@type\":\"WebSite\",\"@id\":\"https:\\\/\\\/www.istitutostudisindacali.net\\\/bibliotecablog\\\/#website\",\"url\":\"https:\\\/\\\/www.istitutostudisindacali.net\\\/bibliotecablog\\\/\",\"name\":\"Blog della Biblioteca\",\"description\":\"Arturo Chiari\",\"potentialAction\":[{\"@type\":\"SearchAction\",\"target\":{\"@type\":\"EntryPoint\",\"urlTemplate\":\"https:\\\/\\\/www.istitutostudisindacali.net\\\/bibliotecablog\\\/?s={search_term_string}\"},\"query-input\":{\"@type\":\"PropertyValueSpecification\",\"valueRequired\":true,\"valueName\":\"search_term_string\"}}],\"inLanguage\":\"it-IT\"},{\"@type\":\"Person\",\"@id\":\"https:\\\/\\\/www.istitutostudisindacali.net\\\/bibliotecablog\\\/#\\\/schema\\\/person\\\/67df37a680cbbc103a59f61989c3f7e0\",\"name\":\"Loredana Pietri\",\"image\":{\"@type\":\"ImageObject\",\"inLanguage\":\"it-IT\",\"@id\":\"https:\\\/\\\/secure.gravatar.com\\\/avatar\\\/14e1950ca26d7443d95784cdcfad5cf200bbbc261d085cf9375e018dc286c835?s=96&d=mm&r=g\",\"url\":\"https:\\\/\\\/secure.gravatar.com\\\/avatar\\\/14e1950ca26d7443d95784cdcfad5cf200bbbc261d085cf9375e018dc286c835?s=96&d=mm&r=g\",\"contentUrl\":\"https:\\\/\\\/secure.gravatar.com\\\/avatar\\\/14e1950ca26d7443d95784cdcfad5cf200bbbc261d085cf9375e018dc286c835?s=96&d=mm&r=g\",\"caption\":\"Loredana Pietri\"},\"description\":\"Responsabile della Biblioteca si impegna nella sua conduzione per migliorarne i Servizi\",\"sameAs\":[\"https:\\\/\\\/www.istitutostudisindacali.net\\\/biblioteca\"],\"url\":\"https:\\\/\\\/www.istitutostudisindacali.net\\\/bibliotecablog\\\/author\\\/loredana-pietri\\\/\"}]}<\/script>\n<!-- \/ Yoast SEO plugin. -->","yoast_head_json":{"title":"\"1892 - 1982 PSI novanta anni di storia\" - Blog della Biblioteca","robots":{"index":"index","follow":"follow","max-snippet":"max-snippet:-1","max-image-preview":"max-image-preview:large","max-video-preview":"max-video-preview:-1"},"canonical":"https:\/\/www.istitutostudisindacali.net\/bibliotecablog\/2019\/02\/20\/1892-1982-psi-novanta-anni-di-storia\/","og_locale":"it_IT","og_type":"article","og_title":"\"1892 - 1982 PSI novanta anni di storia\" - Blog della Biblioteca","og_description":"20 febbraio 1882 nasce a Berna in Svizzera\u00a0Margarethe Haregger\u00a0(Berna,\u00a020 febbraio\u00a01882\u00a0\u2013\u00a0Minusio,\u00a023 settembre\u00a01963) \u00e8 stata una\u00a0sindacalista\u00a0svizzera. Era la prima segretaria delle lavoratrici del\u00a0SGB. Sotto la sua guida il movimento operaio in\u00a0Svizzera\u00a0acquis\u00ec un profilo politico e divenne sempre pi\u00f9\u00a0femminista. Hardegger non solo ha sollevato la questione del suffragio alle donne all&#8217;interno del movimento sindacale, ma anche dell&#8217;assicurazione per [&hellip;]","og_url":"https:\/\/www.istitutostudisindacali.net\/bibliotecablog\/2019\/02\/20\/1892-1982-psi-novanta-anni-di-storia\/","og_site_name":"Blog della Biblioteca","article_published_time":"2019-02-20T11:34:59+00:00","article_modified_time":"2023-02-04T18:11:27+00:00","og_image":[{"width":1869,"height":2560,"url":"https:\/\/www.istitutostudisindacali.net\/bibliotecablog\/wp-content\/uploads\/sites\/17\/2019\/02\/v-2-scaled-1.jpg","type":"image\/jpeg"}],"author":"Loredana Pietri","twitter_card":"summary_large_image","twitter_misc":{"Scritto da":"Loredana Pietri","Tempo di lettura stimato":"3 minuti"},"schema":{"@context":"https:\/\/schema.org","@graph":[{"@type":"Article","@id":"https:\/\/www.istitutostudisindacali.net\/bibliotecablog\/2019\/02\/20\/1892-1982-psi-novanta-anni-di-storia\/#article","isPartOf":{"@id":"https:\/\/www.istitutostudisindacali.net\/bibliotecablog\/2019\/02\/20\/1892-1982-psi-novanta-anni-di-storia\/"},"author":{"name":"Loredana Pietri","@id":"https:\/\/www.istitutostudisindacali.net\/bibliotecablog\/#\/schema\/person\/67df37a680cbbc103a59f61989c3f7e0"},"headline":"&#8220;1892 &#8211; 1982 PSI novanta anni di storia&#8221;","datePublished":"2019-02-20T11:34:59+00:00","dateModified":"2023-02-04T18:11:27+00:00","mainEntityOfPage":{"@id":"https:\/\/www.istitutostudisindacali.net\/bibliotecablog\/2019\/02\/20\/1892-1982-psi-novanta-anni-di-storia\/"},"wordCount":685,"image":{"@id":"https:\/\/www.istitutostudisindacali.net\/bibliotecablog\/2019\/02\/20\/1892-1982-psi-novanta-anni-di-storia\/#primaryimage"},"thumbnailUrl":"https:\/\/www.istitutostudisindacali.net\/bibliotecablog\/wp-content\/uploads\/sites\/17\/2019\/02\/v-2-scaled-1.jpg","keywords":["Benito Mussolini","Bissolati","Bonomi","Cabrini","CGdL","evidenza","Margarethe Haregger","Partito Socialista riformista","PSI","SGB"],"articleSection":["Politica"],"inLanguage":"it-IT"},{"@type":"WebPage","@id":"https:\/\/www.istitutostudisindacali.net\/bibliotecablog\/2019\/02\/20\/1892-1982-psi-novanta-anni-di-storia\/","url":"https:\/\/www.istitutostudisindacali.net\/bibliotecablog\/2019\/02\/20\/1892-1982-psi-novanta-anni-di-storia\/","name":"\"1892 - 1982 PSI novanta anni di storia\" - Blog della Biblioteca","isPartOf":{"@id":"https:\/\/www.istitutostudisindacali.net\/bibliotecablog\/#website"},"primaryImageOfPage":{"@id":"https:\/\/www.istitutostudisindacali.net\/bibliotecablog\/2019\/02\/20\/1892-1982-psi-novanta-anni-di-storia\/#primaryimage"},"image":{"@id":"https:\/\/www.istitutostudisindacali.net\/bibliotecablog\/2019\/02\/20\/1892-1982-psi-novanta-anni-di-storia\/#primaryimage"},"thumbnailUrl":"https:\/\/www.istitutostudisindacali.net\/bibliotecablog\/wp-content\/uploads\/sites\/17\/2019\/02\/v-2-scaled-1.jpg","datePublished":"2019-02-20T11:34:59+00:00","dateModified":"2023-02-04T18:11:27+00:00","author":{"@id":"https:\/\/www.istitutostudisindacali.net\/bibliotecablog\/#\/schema\/person\/67df37a680cbbc103a59f61989c3f7e0"},"breadcrumb":{"@id":"https:\/\/www.istitutostudisindacali.net\/bibliotecablog\/2019\/02\/20\/1892-1982-psi-novanta-anni-di-storia\/#breadcrumb"},"inLanguage":"it-IT","potentialAction":[{"@type":"ReadAction","target":["https:\/\/www.istitutostudisindacali.net\/bibliotecablog\/2019\/02\/20\/1892-1982-psi-novanta-anni-di-storia\/"]}]},{"@type":"ImageObject","inLanguage":"it-IT","@id":"https:\/\/www.istitutostudisindacali.net\/bibliotecablog\/2019\/02\/20\/1892-1982-psi-novanta-anni-di-storia\/#primaryimage","url":"https:\/\/www.istitutostudisindacali.net\/bibliotecablog\/wp-content\/uploads\/sites\/17\/2019\/02\/v-2-scaled-1.jpg","contentUrl":"https:\/\/www.istitutostudisindacali.net\/bibliotecablog\/wp-content\/uploads\/sites\/17\/2019\/02\/v-2-scaled-1.jpg","width":1869,"height":2560},{"@type":"BreadcrumbList","@id":"https:\/\/www.istitutostudisindacali.net\/bibliotecablog\/2019\/02\/20\/1892-1982-psi-novanta-anni-di-storia\/#breadcrumb","itemListElement":[{"@type":"ListItem","position":1,"name":"Home","item":"https:\/\/www.istitutostudisindacali.net\/bibliotecablog\/"},{"@type":"ListItem","position":2,"name":"&#8220;1892 &#8211; 1982 PSI novanta anni di storia&#8221;"}]},{"@type":"WebSite","@id":"https:\/\/www.istitutostudisindacali.net\/bibliotecablog\/#website","url":"https:\/\/www.istitutostudisindacali.net\/bibliotecablog\/","name":"Blog della Biblioteca","description":"Arturo Chiari","potentialAction":[{"@type":"SearchAction","target":{"@type":"EntryPoint","urlTemplate":"https:\/\/www.istitutostudisindacali.net\/bibliotecablog\/?s={search_term_string}"},"query-input":{"@type":"PropertyValueSpecification","valueRequired":true,"valueName":"search_term_string"}}],"inLanguage":"it-IT"},{"@type":"Person","@id":"https:\/\/www.istitutostudisindacali.net\/bibliotecablog\/#\/schema\/person\/67df37a680cbbc103a59f61989c3f7e0","name":"Loredana Pietri","image":{"@type":"ImageObject","inLanguage":"it-IT","@id":"https:\/\/secure.gravatar.com\/avatar\/14e1950ca26d7443d95784cdcfad5cf200bbbc261d085cf9375e018dc286c835?s=96&d=mm&r=g","url":"https:\/\/secure.gravatar.com\/avatar\/14e1950ca26d7443d95784cdcfad5cf200bbbc261d085cf9375e018dc286c835?s=96&d=mm&r=g","contentUrl":"https:\/\/secure.gravatar.com\/avatar\/14e1950ca26d7443d95784cdcfad5cf200bbbc261d085cf9375e018dc286c835?s=96&d=mm&r=g","caption":"Loredana Pietri"},"description":"Responsabile della Biblioteca si impegna nella sua conduzione per migliorarne i Servizi","sameAs":["https:\/\/www.istitutostudisindacali.net\/biblioteca"],"url":"https:\/\/www.istitutostudisindacali.net\/bibliotecablog\/author\/loredana-pietri\/"}]}},"jetpack_featured_media_url":"https:\/\/www.istitutostudisindacali.net\/bibliotecablog\/wp-content\/uploads\/sites\/17\/2019\/02\/v-2-scaled-1.jpg","jetpack_sharing_enabled":true,"_links":{"self":[{"href":"https:\/\/www.istitutostudisindacali.net\/bibliotecablog\/wp-json\/wp\/v2\/posts\/1248","targetHints":{"allow":["GET"]}}],"collection":[{"href":"https:\/\/www.istitutostudisindacali.net\/bibliotecablog\/wp-json\/wp\/v2\/posts"}],"about":[{"href":"https:\/\/www.istitutostudisindacali.net\/bibliotecablog\/wp-json\/wp\/v2\/types\/post"}],"author":[{"embeddable":true,"href":"https:\/\/www.istitutostudisindacali.net\/bibliotecablog\/wp-json\/wp\/v2\/users\/7"}],"replies":[{"embeddable":true,"href":"https:\/\/www.istitutostudisindacali.net\/bibliotecablog\/wp-json\/wp\/v2\/comments?post=1248"}],"version-history":[{"count":1,"href":"https:\/\/www.istitutostudisindacali.net\/bibliotecablog\/wp-json\/wp\/v2\/posts\/1248\/revisions"}],"predecessor-version":[{"id":4512,"href":"https:\/\/www.istitutostudisindacali.net\/bibliotecablog\/wp-json\/wp\/v2\/posts\/1248\/revisions\/4512"}],"wp:featuredmedia":[{"embeddable":true,"href":"https:\/\/www.istitutostudisindacali.net\/bibliotecablog\/wp-json\/wp\/v2\/media\/1254"}],"wp:attachment":[{"href":"https:\/\/www.istitutostudisindacali.net\/bibliotecablog\/wp-json\/wp\/v2\/media?parent=1248"}],"wp:term":[{"taxonomy":"category","embeddable":true,"href":"https:\/\/www.istitutostudisindacali.net\/bibliotecablog\/wp-json\/wp\/v2\/categories?post=1248"},{"taxonomy":"post_tag","embeddable":true,"href":"https:\/\/www.istitutostudisindacali.net\/bibliotecablog\/wp-json\/wp\/v2\/tags?post=1248"}],"curies":[{"name":"wp","href":"https:\/\/api.w.org\/{rel}","templated":true}]}}