{"id":1146,"date":"2019-02-06T10:07:13","date_gmt":"2019-02-06T09:07:13","guid":{"rendered":"https:\/\/bibliotecarturochiari.wordpress.com\/?p=1146"},"modified":"2024-06-05T11:30:59","modified_gmt":"2024-06-05T09:30:59","slug":"dossier-polonia-di-francesco-bigazzi","status":"publish","type":"post","link":"https:\/\/www.istitutostudisindacali.net\/bibliotecablog\/2019\/02\/06\/dossier-polonia-di-francesco-bigazzi\/","title":{"rendered":"&#8220;Dossier Polonia&#8221; di Francesco Bigazzi"},"content":{"rendered":"<blockquote>\n<p style=\"text-align: justify;\">6 febbraio 1989 Iniziano in&nbsp;<a title=\"Polonia\" href=\"https:\/\/it.wikipedia.org\/wiki\/Polonia\">Polonia<\/a>&nbsp;gli&nbsp;<a title=\"Accordi della Tavola Rotonda\" href=\"https:\/\/it.wikipedia.org\/wiki\/Accordi_della_Tavola_Rotonda\">accordi della Tavola Rotonda<\/a><\/p>\n<p style=\"text-align: justify;\">Gli&nbsp;<b>accordi della Tavola Rotonda<\/b>&nbsp;si tennero a&nbsp;<a title=\"Varsavia\" href=\"https:\/\/it.wikipedia.org\/wiki\/Varsavia\">Varsavia<\/a>, in&nbsp;<a title=\"Polonia\" href=\"https:\/\/it.wikipedia.org\/wiki\/Polonia\">Polonia<\/a>, dal 6 febbraio al 4 aprile&nbsp;<a title=\"1989\" href=\"https:\/\/it.wikipedia.org\/wiki\/1989\">1989<\/a>. Il governo diede inizio alla discussione con il sindacato&nbsp;<a title=\"Solidarno\u015b\u0107\" href=\"https:\/\/it.wikipedia.org\/wiki\/Solidarno%C5%9B%C4%87\">Solidarno\u015b\u0107<\/a>, soppresso per legge, e con altri gruppi di opposizione nel tentativo di calmare il crescente tumulto popolare.<\/p>\n<\/blockquote>\n\n\t\t<style type=\"text\/css\">\n\t\t\t#gallery-1 {\n\t\t\t\tmargin: auto;\n\t\t\t}\n\t\t\t#gallery-1 .gallery-item {\n\t\t\t\tfloat: left;\n\t\t\t\tmargin-top: 10px;\n\t\t\t\ttext-align: center;\n\t\t\t\twidth: 33%;\n\t\t\t}\n\t\t\t#gallery-1 img {\n\t\t\t\tborder: 2px solid #cfcfcf;\n\t\t\t}\n\t\t\t#gallery-1 .gallery-caption {\n\t\t\t\tmargin-left: 0;\n\t\t\t}\n\t\t\t\/* see gallery_shortcode() in wp-includes\/media.php *\/\n\t\t<\/style>\n\t\t<div id='gallery-1' class='gallery galleryid-1146 gallery-columns-3 gallery-size-thumbnail'><dl class='gallery-item'>\n\t\t\t<dt class='gallery-icon landscape'>\n\t\t\t\t<a href='https:\/\/www.istitutostudisindacali.net\/bibliotecablog\/59tktkqturbxy8xymfjzgyxnjkwodziztywm2jkmda3yzczmjfjnmfkmi5qcgvnkpudadfnbwjna_wtbc0djs0cxw\/'><img loading=\"lazy\" decoding=\"async\" width=\"150\" height=\"150\" src=\"https:\/\/www.istitutostudisindacali.net\/bibliotecablog\/wp-content\/uploads\/sites\/17\/2019\/02\/59tktkqturbxy8xymfjzgyxnjkwodziztywm2jkmda3yzczmjfjnmfkmi5qcgvnkpudadfnbwjna_wtbc0djs0cxw-150x150.jpg\" class=\"attachment-thumbnail size-thumbnail\" alt=\"\" srcset=\"https:\/\/www.istitutostudisindacali.net\/bibliotecablog\/wp-content\/uploads\/sites\/17\/2019\/02\/59tktkqturbxy8xymfjzgyxnjkwodziztywm2jkmda3yzczmjfjnmfkmi5qcgvnkpudadfnbwjna_wtbc0djs0cxw-150x150.jpg 150w, https:\/\/www.istitutostudisindacali.net\/bibliotecablog\/wp-content\/uploads\/sites\/17\/2019\/02\/59tktkqturbxy8xymfjzgyxnjkwodziztywm2jkmda3yzczmjfjnmfkmi5qcgvnkpudadfnbwjna_wtbc0djs0cxw-250x250.jpg 250w, https:\/\/www.istitutostudisindacali.net\/bibliotecablog\/wp-content\/uploads\/sites\/17\/2019\/02\/59tktkqturbxy8xymfjzgyxnjkwodziztywm2jkmda3yzczmjfjnmfkmi5qcgvnkpudadfnbwjna_wtbc0djs0cxw-440x440.jpg 440w\" sizes=\"(max-width: 150px) 100vw, 150px\" \/><\/a>\n\t\t\t<\/dt><\/dl><dl class='gallery-item'>\n\t\t\t<dt class='gallery-icon landscape'>\n\t\t\t\t<a href='https:\/\/www.istitutostudisindacali.net\/bibliotecablog\/polonia_1989_2009_01\/'><img loading=\"lazy\" decoding=\"async\" width=\"150\" height=\"150\" src=\"https:\/\/www.istitutostudisindacali.net\/bibliotecablog\/wp-content\/uploads\/sites\/17\/2019\/02\/polonia_1989_2009_01-150x150.jpg\" class=\"attachment-thumbnail size-thumbnail\" alt=\"\" srcset=\"https:\/\/www.istitutostudisindacali.net\/bibliotecablog\/wp-content\/uploads\/sites\/17\/2019\/02\/polonia_1989_2009_01-150x150.jpg 150w, https:\/\/www.istitutostudisindacali.net\/bibliotecablog\/wp-content\/uploads\/sites\/17\/2019\/02\/polonia_1989_2009_01-250x250.jpg 250w, https:\/\/www.istitutostudisindacali.net\/bibliotecablog\/wp-content\/uploads\/sites\/17\/2019\/02\/polonia_1989_2009_01-440x440.jpg 440w\" sizes=\"(max-width: 150px) 100vw, 150px\" \/><\/a>\n\t\t\t<\/dt><\/dl>\n\t\t\t<br style='clear: both' \/>\n\t\t<\/div>\n\n<p>&nbsp;<\/p>\n<p style=\"text-align: justify;\">[&#8230;]Nel 1967 e nel 1968 il sindacato metalmeccanico cecoslovacco fece proprie le resistenze degli operai alla riforma e assunse posizione rivendicativa: accettiamo le riforme perch\u00e8 sono necessarie a elevare l&#8217;efficienza produttiva, ma difenderemo, anche con la lotta, l&#8217;occupazione e il salario; l&#8217;occupazione (questa volta militare) del 1968 imped\u00ec di vedere operante questa nuova posizione del sindacato socialista. In aggiunta a tutto ci\u00f2, in Polonia si \u00e8 creata una situazione nuova.&nbsp; &nbsp;Il sistema economico tradizionale, non riformato, non \u00e8 riuscito a realizzare contemporaneamente i due obiettivi della piena occupazione e del salario reale stabilito.&nbsp; &nbsp;Anche qui, gli operai hanno cominciato la loro resistenza attiva contro il sistema economico-politico e le sue compatibilit\u00e0 in occasione dell&#8217;aumento dei prezzi dei prodotti alimentari con cui il Governo voleva ricavare fondi per aumentare gli investimenti.<\/p>\n<p style=\"text-align: justify;\">L&#8217;esplosione di protesta operaia \u00e8 da imputare sia agli aumenti dei prezzi alimentari, sia al mancato raggiungimento degli obiettivi del piano quinquennale, sia ancora al venir meno delle condizioni oggettive del consenso al sistema: stabilit\u00e0 dei prezzi e del salario reale, garanzia della piena occupazione.&nbsp; &nbsp;L&#8217;obiettivo della piena occupazione, al primo posto nella scala delle priorit\u00e0 economiche, \u00e8 coerente con gli altri obiettivi strutturalmente perseguiti dalla classe dirigente dei paesi dell&#8217;Est, e si \u00e8 imposto per la lunga fase di crescita, industrializzazione e modernizzazione, in societ\u00e0 che ancora vedono un 30-40% della popolazione occupata nell&#8217;agricoltura.&nbsp; &nbsp;A sua volta la piena occupazione permanente non fornisce ai lavoratori strumenti di difesa &#8211; dal peggioramento delle condizioni di vita e di lavoro &#8211; paragonabili allo sciopero in Occidente.&nbsp; &nbsp;L&#8217;aumento o anche la stabilit\u00e0 del salario reale sono invece obiettivi di conflitto con quelli delle classe dirigente, che tende a gonfiare la quota degli investimenti sul reddito nazionale.&nbsp; &nbsp;A seguito dei primi, lenti processi di riforma degli ultimi 2-3 decenni, l&#8217;incremento regolare dei consumi \u00e8 diventato obiettivo prioritario; tale incremento viene poi diviso a turno tra i diversi gruppi sociali di lavoratori (per esempio operai dell&#8217;industria, contadini delle cooperative, impiegati dell&#8217;amministrazione dello Stato) attraverso aumenti salariali concessi ogni 3-5 anni, di solito abbastanza consistenti.&nbsp; Che il salario reale costante sia uno strumento fondamentale di conquista del consenso operaio \u00e8 provato non soltanto dalle rivolte polacche (1970, 1976 e 1980) ma anche dall&#8217;opposizione operaia dalle riforme economiche, accompagnate da aumenti dei prezzi dei beni di consumo e da disoccupazione, almeno temporanea, dovuto alla chiusura delle fabbriche non profittevoli. [&#8230;]pp.11<\/p>\n<p>&nbsp;<\/p>\n<h3 style=\"text-align: center;\"><em><strong>Disponibile presso la BIBLIOTECA NAZIONALE UIL ARTURO CHIARI<\/strong><\/em><\/h3>\n\n\t\t<style type=\"text\/css\">\n\t\t\t#gallery-2 {\n\t\t\t\tmargin: auto;\n\t\t\t}\n\t\t\t#gallery-2 .gallery-item {\n\t\t\t\tfloat: left;\n\t\t\t\tmargin-top: 10px;\n\t\t\t\ttext-align: center;\n\t\t\t\twidth: 33%;\n\t\t\t}\n\t\t\t#gallery-2 img {\n\t\t\t\tborder: 2px solid #cfcfcf;\n\t\t\t}\n\t\t\t#gallery-2 .gallery-caption {\n\t\t\t\tmargin-left: 0;\n\t\t\t}\n\t\t\t\/* see gallery_shortcode() in wp-includes\/media.php *\/\n\t\t<\/style>\n\t\t<div id='gallery-2' class='gallery galleryid-1146 gallery-columns-3 gallery-size-thumbnail'><dl class='gallery-item'>\n\t\t\t<dt class='gallery-icon landscape'>\n\t\t\t\t<a href='https:\/\/www.istitutostudisindacali.net\/bibliotecablog\/polonia-walesa-solidarnosc-ansa-ap\/'><img loading=\"lazy\" decoding=\"async\" width=\"150\" height=\"150\" src=\"https:\/\/www.istitutostudisindacali.net\/bibliotecablog\/wp-content\/uploads\/sites\/17\/2019\/02\/polonia-walesa-solidarnosc-ansa-ap-150x150.jpg\" class=\"attachment-thumbnail size-thumbnail\" alt=\"\" srcset=\"https:\/\/www.istitutostudisindacali.net\/bibliotecablog\/wp-content\/uploads\/sites\/17\/2019\/02\/polonia-walesa-solidarnosc-ansa-ap-150x150.jpg 150w, https:\/\/www.istitutostudisindacali.net\/bibliotecablog\/wp-content\/uploads\/sites\/17\/2019\/02\/polonia-walesa-solidarnosc-ansa-ap-250x250.jpg 250w, https:\/\/www.istitutostudisindacali.net\/bibliotecablog\/wp-content\/uploads\/sites\/17\/2019\/02\/polonia-walesa-solidarnosc-ansa-ap-440x440.jpg 440w\" sizes=\"(max-width: 150px) 100vw, 150px\" \/><\/a>\n\t\t\t<\/dt><\/dl><dl class='gallery-item'>\n\t\t\t<dt class='gallery-icon landscape'>\n\t\t\t\t<a href='https:\/\/www.istitutostudisindacali.net\/bibliotecablog\/images-1-4\/'><img loading=\"lazy\" decoding=\"async\" width=\"150\" height=\"150\" src=\"https:\/\/www.istitutostudisindacali.net\/bibliotecablog\/wp-content\/uploads\/sites\/17\/2019\/02\/images-1-150x150.jpg\" class=\"attachment-thumbnail size-thumbnail\" alt=\"\" \/><\/a>\n\t\t\t<\/dt><\/dl><dl class='gallery-item'>\n\t\t\t<dt class='gallery-icon landscape'>\n\t\t\t\t<a href='https:\/\/www.istitutostudisindacali.net\/bibliotecablog\/30504\/'><img loading=\"lazy\" decoding=\"async\" width=\"150\" height=\"150\" src=\"https:\/\/www.istitutostudisindacali.net\/bibliotecablog\/wp-content\/uploads\/sites\/17\/2019\/02\/30504-150x150.jpg\" class=\"attachment-thumbnail size-thumbnail\" alt=\"\" srcset=\"https:\/\/www.istitutostudisindacali.net\/bibliotecablog\/wp-content\/uploads\/sites\/17\/2019\/02\/30504-150x150.jpg 150w, https:\/\/www.istitutostudisindacali.net\/bibliotecablog\/wp-content\/uploads\/sites\/17\/2019\/02\/30504-250x250.jpg 250w, https:\/\/www.istitutostudisindacali.net\/bibliotecablog\/wp-content\/uploads\/sites\/17\/2019\/02\/30504-400x399.jpg 400w\" sizes=\"(max-width: 150px) 100vw, 150px\" \/><\/a>\n\t\t\t<\/dt><\/dl><br style=\"clear: both\" \/><dl class='gallery-item'>\n\t\t\t<dt class='gallery-icon landscape'>\n\t\t\t\t<a href='https:\/\/www.istitutostudisindacali.net\/bibliotecablog\/cal01f11bis_2995759f1_14565_20120620232714_he10_20120621-khjc-u431501037803507fte-593x443corriere-web-sezioni\/'><img loading=\"lazy\" decoding=\"async\" width=\"150\" height=\"150\" src=\"https:\/\/www.istitutostudisindacali.net\/bibliotecablog\/wp-content\/uploads\/sites\/17\/2019\/02\/cal01f11bis_2995759f1_14565_20120620232714_he10_20120621-khjc-u431501037803507fte-593x44340corriere-web-sezioni-150x150.jpg\" class=\"attachment-thumbnail size-thumbnail\" alt=\"\" srcset=\"https:\/\/www.istitutostudisindacali.net\/bibliotecablog\/wp-content\/uploads\/sites\/17\/2019\/02\/cal01f11bis_2995759f1_14565_20120620232714_he10_20120621-khjc-u431501037803507fte-593x44340corriere-web-sezioni-150x150.jpg 150w, https:\/\/www.istitutostudisindacali.net\/bibliotecablog\/wp-content\/uploads\/sites\/17\/2019\/02\/cal01f11bis_2995759f1_14565_20120620232714_he10_20120621-khjc-u431501037803507fte-593x44340corriere-web-sezioni-250x250.jpg 250w, https:\/\/www.istitutostudisindacali.net\/bibliotecablog\/wp-content\/uploads\/sites\/17\/2019\/02\/cal01f11bis_2995759f1_14565_20120620232714_he10_20120621-khjc-u431501037803507fte-593x44340corriere-web-sezioni-440x440.jpg 440w\" sizes=\"(max-width: 150px) 100vw, 150px\" \/><\/a>\n\t\t\t<\/dt><\/dl><dl class='gallery-item'>\n\t\t\t<dt class='gallery-icon portrait'>\n\t\t\t\t<a href='https:\/\/www.istitutostudisindacali.net\/bibliotecablog\/images-14\/'><img loading=\"lazy\" decoding=\"async\" width=\"150\" height=\"150\" src=\"https:\/\/www.istitutostudisindacali.net\/bibliotecablog\/wp-content\/uploads\/sites\/17\/2019\/02\/images-150x150.jpg\" class=\"attachment-thumbnail size-thumbnail\" alt=\"\" \/><\/a>\n\t\t\t<\/dt><\/dl>\n\t\t\t<br style='clear: both' \/>\n\t\t<\/div>\n\n","protected":false},"excerpt":{"rendered":"<p>6 febbraio 1989 \u2013 Iniziano in Polonia gli accordi della Tavola Rotonda<\/p>\n","protected":false},"author":7,"featured_media":0,"comment_status":"closed","ping_status":"closed","sticky":false,"template":"","format":"standard","meta":{"_et_pb_use_builder":"","_et_pb_old_content":"","_et_gb_content_width":"","ngg_post_thumbnail":0,"_jetpack_memberships_contains_paid_content":false,"footnotes":""},"categories":[115],"tags":[7,525,526,527,663],"class_list":["post-1146","post","type-post","status-publish","format-standard","hentry","category-storia","tag-evidenza","tag-lech-walesa","tag-polonia","tag-sindacato","tag-solidarnosc","et-doesnt-have-format-content","et_post_format-et-post-format-standard"],"yoast_head":"<!-- This site is optimized with the Yoast SEO plugin v27.4 - https:\/\/yoast.com\/product\/yoast-seo-wordpress\/ -->\n<title>&quot;Dossier Polonia&quot; di Francesco Bigazzi - Blog della Biblioteca<\/title>\n<meta name=\"robots\" content=\"index, follow, max-snippet:-1, max-image-preview:large, max-video-preview:-1\" \/>\n<link rel=\"canonical\" href=\"https:\/\/www.istitutostudisindacali.net\/bibliotecablog\/2019\/02\/06\/dossier-polonia-di-francesco-bigazzi\/\" \/>\n<meta property=\"og:locale\" content=\"it_IT\" \/>\n<meta property=\"og:type\" content=\"article\" \/>\n<meta property=\"og:title\" content=\"&quot;Dossier Polonia&quot; di Francesco Bigazzi - Blog della Biblioteca\" \/>\n<meta property=\"og:description\" content=\"6 febbraio 1989 \u2013 Iniziano in Polonia gli accordi della Tavola Rotonda\" \/>\n<meta property=\"og:url\" content=\"https:\/\/www.istitutostudisindacali.net\/bibliotecablog\/2019\/02\/06\/dossier-polonia-di-francesco-bigazzi\/\" \/>\n<meta property=\"og:site_name\" content=\"Blog della Biblioteca\" \/>\n<meta property=\"article:published_time\" content=\"2019-02-06T09:07:13+00:00\" \/>\n<meta property=\"article:modified_time\" content=\"2024-06-05T09:30:59+00:00\" \/>\n<meta property=\"og:image\" content=\"https:\/\/www.istitutostudisindacali.net\/bibliotecablog\/wp-content\/uploads\/sites\/17\/2019\/02\/59tktkqturbxy8xymfjzgyxnjkwodziztywm2jkmda3yzczmjfjnmfkmi5qcgvnkpudadfnbwjna_wtbc0djs0cxw-150x150.jpg\" \/>\n<meta name=\"author\" content=\"Loredana Pietri\" \/>\n<meta name=\"twitter:card\" content=\"summary_large_image\" \/>\n<meta name=\"twitter:label1\" content=\"Scritto da\" \/>\n\t<meta name=\"twitter:data1\" content=\"Loredana Pietri\" \/>\n\t<meta name=\"twitter:label2\" content=\"Tempo di lettura stimato\" \/>\n\t<meta name=\"twitter:data2\" content=\"3 minuti\" \/>\n<script type=\"application\/ld+json\" class=\"yoast-schema-graph\">{\"@context\":\"https:\\\/\\\/schema.org\",\"@graph\":[{\"@type\":\"Article\",\"@id\":\"https:\\\/\\\/www.istitutostudisindacali.net\\\/bibliotecablog\\\/2019\\\/02\\\/06\\\/dossier-polonia-di-francesco-bigazzi\\\/#article\",\"isPartOf\":{\"@id\":\"https:\\\/\\\/www.istitutostudisindacali.net\\\/bibliotecablog\\\/2019\\\/02\\\/06\\\/dossier-polonia-di-francesco-bigazzi\\\/\"},\"author\":{\"name\":\"Loredana Pietri\",\"@id\":\"https:\\\/\\\/www.istitutostudisindacali.net\\\/bibliotecablog\\\/#\\\/schema\\\/person\\\/67df37a680cbbc103a59f61989c3f7e0\"},\"headline\":\"&#8220;Dossier Polonia&#8221; di Francesco Bigazzi\",\"datePublished\":\"2019-02-06T09:07:13+00:00\",\"dateModified\":\"2024-06-05T09:30:59+00:00\",\"mainEntityOfPage\":{\"@id\":\"https:\\\/\\\/www.istitutostudisindacali.net\\\/bibliotecablog\\\/2019\\\/02\\\/06\\\/dossier-polonia-di-francesco-bigazzi\\\/\"},\"wordCount\":490,\"keywords\":[\"evidenza\",\"Lech Walesa\",\"Polonia\",\"Sindacato\",\"Solidarno\u015b\u0107\"],\"articleSection\":[\"Storia\"],\"inLanguage\":\"it-IT\"},{\"@type\":\"WebPage\",\"@id\":\"https:\\\/\\\/www.istitutostudisindacali.net\\\/bibliotecablog\\\/2019\\\/02\\\/06\\\/dossier-polonia-di-francesco-bigazzi\\\/\",\"url\":\"https:\\\/\\\/www.istitutostudisindacali.net\\\/bibliotecablog\\\/2019\\\/02\\\/06\\\/dossier-polonia-di-francesco-bigazzi\\\/\",\"name\":\"\\\"Dossier Polonia\\\" di Francesco Bigazzi - Blog della Biblioteca\",\"isPartOf\":{\"@id\":\"https:\\\/\\\/www.istitutostudisindacali.net\\\/bibliotecablog\\\/#website\"},\"datePublished\":\"2019-02-06T09:07:13+00:00\",\"dateModified\":\"2024-06-05T09:30:59+00:00\",\"author\":{\"@id\":\"https:\\\/\\\/www.istitutostudisindacali.net\\\/bibliotecablog\\\/#\\\/schema\\\/person\\\/67df37a680cbbc103a59f61989c3f7e0\"},\"breadcrumb\":{\"@id\":\"https:\\\/\\\/www.istitutostudisindacali.net\\\/bibliotecablog\\\/2019\\\/02\\\/06\\\/dossier-polonia-di-francesco-bigazzi\\\/#breadcrumb\"},\"inLanguage\":\"it-IT\",\"potentialAction\":[{\"@type\":\"ReadAction\",\"target\":[\"https:\\\/\\\/www.istitutostudisindacali.net\\\/bibliotecablog\\\/2019\\\/02\\\/06\\\/dossier-polonia-di-francesco-bigazzi\\\/\"]}]},{\"@type\":\"BreadcrumbList\",\"@id\":\"https:\\\/\\\/www.istitutostudisindacali.net\\\/bibliotecablog\\\/2019\\\/02\\\/06\\\/dossier-polonia-di-francesco-bigazzi\\\/#breadcrumb\",\"itemListElement\":[{\"@type\":\"ListItem\",\"position\":1,\"name\":\"Home\",\"item\":\"https:\\\/\\\/www.istitutostudisindacali.net\\\/bibliotecablog\\\/\"},{\"@type\":\"ListItem\",\"position\":2,\"name\":\"&#8220;Dossier Polonia&#8221; di Francesco Bigazzi\"}]},{\"@type\":\"WebSite\",\"@id\":\"https:\\\/\\\/www.istitutostudisindacali.net\\\/bibliotecablog\\\/#website\",\"url\":\"https:\\\/\\\/www.istitutostudisindacali.net\\\/bibliotecablog\\\/\",\"name\":\"Blog della Biblioteca\",\"description\":\"Arturo Chiari\",\"potentialAction\":[{\"@type\":\"SearchAction\",\"target\":{\"@type\":\"EntryPoint\",\"urlTemplate\":\"https:\\\/\\\/www.istitutostudisindacali.net\\\/bibliotecablog\\\/?s={search_term_string}\"},\"query-input\":{\"@type\":\"PropertyValueSpecification\",\"valueRequired\":true,\"valueName\":\"search_term_string\"}}],\"inLanguage\":\"it-IT\"},{\"@type\":\"Person\",\"@id\":\"https:\\\/\\\/www.istitutostudisindacali.net\\\/bibliotecablog\\\/#\\\/schema\\\/person\\\/67df37a680cbbc103a59f61989c3f7e0\",\"name\":\"Loredana Pietri\",\"image\":{\"@type\":\"ImageObject\",\"inLanguage\":\"it-IT\",\"@id\":\"https:\\\/\\\/secure.gravatar.com\\\/avatar\\\/14e1950ca26d7443d95784cdcfad5cf200bbbc261d085cf9375e018dc286c835?s=96&d=mm&r=g\",\"url\":\"https:\\\/\\\/secure.gravatar.com\\\/avatar\\\/14e1950ca26d7443d95784cdcfad5cf200bbbc261d085cf9375e018dc286c835?s=96&d=mm&r=g\",\"contentUrl\":\"https:\\\/\\\/secure.gravatar.com\\\/avatar\\\/14e1950ca26d7443d95784cdcfad5cf200bbbc261d085cf9375e018dc286c835?s=96&d=mm&r=g\",\"caption\":\"Loredana Pietri\"},\"description\":\"Responsabile della Biblioteca si impegna nella sua conduzione per migliorarne i Servizi\",\"sameAs\":[\"https:\\\/\\\/www.istitutostudisindacali.net\\\/biblioteca\"],\"url\":\"https:\\\/\\\/www.istitutostudisindacali.net\\\/bibliotecablog\\\/author\\\/loredana-pietri\\\/\"}]}<\/script>\n<!-- \/ Yoast SEO plugin. -->","yoast_head_json":{"title":"\"Dossier Polonia\" di Francesco Bigazzi - Blog della Biblioteca","robots":{"index":"index","follow":"follow","max-snippet":"max-snippet:-1","max-image-preview":"max-image-preview:large","max-video-preview":"max-video-preview:-1"},"canonical":"https:\/\/www.istitutostudisindacali.net\/bibliotecablog\/2019\/02\/06\/dossier-polonia-di-francesco-bigazzi\/","og_locale":"it_IT","og_type":"article","og_title":"\"Dossier Polonia\" di Francesco Bigazzi - Blog della Biblioteca","og_description":"6 febbraio 1989 \u2013 Iniziano in Polonia gli accordi della Tavola Rotonda","og_url":"https:\/\/www.istitutostudisindacali.net\/bibliotecablog\/2019\/02\/06\/dossier-polonia-di-francesco-bigazzi\/","og_site_name":"Blog della Biblioteca","article_published_time":"2019-02-06T09:07:13+00:00","article_modified_time":"2024-06-05T09:30:59+00:00","og_image":[{"url":"https:\/\/www.istitutostudisindacali.net\/bibliotecablog\/wp-content\/uploads\/sites\/17\/2019\/02\/59tktkqturbxy8xymfjzgyxnjkwodziztywm2jkmda3yzczmjfjnmfkmi5qcgvnkpudadfnbwjna_wtbc0djs0cxw-150x150.jpg","type":"","width":"","height":""}],"author":"Loredana Pietri","twitter_card":"summary_large_image","twitter_misc":{"Scritto da":"Loredana Pietri","Tempo di lettura stimato":"3 minuti"},"schema":{"@context":"https:\/\/schema.org","@graph":[{"@type":"Article","@id":"https:\/\/www.istitutostudisindacali.net\/bibliotecablog\/2019\/02\/06\/dossier-polonia-di-francesco-bigazzi\/#article","isPartOf":{"@id":"https:\/\/www.istitutostudisindacali.net\/bibliotecablog\/2019\/02\/06\/dossier-polonia-di-francesco-bigazzi\/"},"author":{"name":"Loredana Pietri","@id":"https:\/\/www.istitutostudisindacali.net\/bibliotecablog\/#\/schema\/person\/67df37a680cbbc103a59f61989c3f7e0"},"headline":"&#8220;Dossier Polonia&#8221; di Francesco Bigazzi","datePublished":"2019-02-06T09:07:13+00:00","dateModified":"2024-06-05T09:30:59+00:00","mainEntityOfPage":{"@id":"https:\/\/www.istitutostudisindacali.net\/bibliotecablog\/2019\/02\/06\/dossier-polonia-di-francesco-bigazzi\/"},"wordCount":490,"keywords":["evidenza","Lech Walesa","Polonia","Sindacato","Solidarno\u015b\u0107"],"articleSection":["Storia"],"inLanguage":"it-IT"},{"@type":"WebPage","@id":"https:\/\/www.istitutostudisindacali.net\/bibliotecablog\/2019\/02\/06\/dossier-polonia-di-francesco-bigazzi\/","url":"https:\/\/www.istitutostudisindacali.net\/bibliotecablog\/2019\/02\/06\/dossier-polonia-di-francesco-bigazzi\/","name":"\"Dossier Polonia\" di Francesco Bigazzi - Blog della Biblioteca","isPartOf":{"@id":"https:\/\/www.istitutostudisindacali.net\/bibliotecablog\/#website"},"datePublished":"2019-02-06T09:07:13+00:00","dateModified":"2024-06-05T09:30:59+00:00","author":{"@id":"https:\/\/www.istitutostudisindacali.net\/bibliotecablog\/#\/schema\/person\/67df37a680cbbc103a59f61989c3f7e0"},"breadcrumb":{"@id":"https:\/\/www.istitutostudisindacali.net\/bibliotecablog\/2019\/02\/06\/dossier-polonia-di-francesco-bigazzi\/#breadcrumb"},"inLanguage":"it-IT","potentialAction":[{"@type":"ReadAction","target":["https:\/\/www.istitutostudisindacali.net\/bibliotecablog\/2019\/02\/06\/dossier-polonia-di-francesco-bigazzi\/"]}]},{"@type":"BreadcrumbList","@id":"https:\/\/www.istitutostudisindacali.net\/bibliotecablog\/2019\/02\/06\/dossier-polonia-di-francesco-bigazzi\/#breadcrumb","itemListElement":[{"@type":"ListItem","position":1,"name":"Home","item":"https:\/\/www.istitutostudisindacali.net\/bibliotecablog\/"},{"@type":"ListItem","position":2,"name":"&#8220;Dossier Polonia&#8221; di Francesco Bigazzi"}]},{"@type":"WebSite","@id":"https:\/\/www.istitutostudisindacali.net\/bibliotecablog\/#website","url":"https:\/\/www.istitutostudisindacali.net\/bibliotecablog\/","name":"Blog della Biblioteca","description":"Arturo Chiari","potentialAction":[{"@type":"SearchAction","target":{"@type":"EntryPoint","urlTemplate":"https:\/\/www.istitutostudisindacali.net\/bibliotecablog\/?s={search_term_string}"},"query-input":{"@type":"PropertyValueSpecification","valueRequired":true,"valueName":"search_term_string"}}],"inLanguage":"it-IT"},{"@type":"Person","@id":"https:\/\/www.istitutostudisindacali.net\/bibliotecablog\/#\/schema\/person\/67df37a680cbbc103a59f61989c3f7e0","name":"Loredana Pietri","image":{"@type":"ImageObject","inLanguage":"it-IT","@id":"https:\/\/secure.gravatar.com\/avatar\/14e1950ca26d7443d95784cdcfad5cf200bbbc261d085cf9375e018dc286c835?s=96&d=mm&r=g","url":"https:\/\/secure.gravatar.com\/avatar\/14e1950ca26d7443d95784cdcfad5cf200bbbc261d085cf9375e018dc286c835?s=96&d=mm&r=g","contentUrl":"https:\/\/secure.gravatar.com\/avatar\/14e1950ca26d7443d95784cdcfad5cf200bbbc261d085cf9375e018dc286c835?s=96&d=mm&r=g","caption":"Loredana Pietri"},"description":"Responsabile della Biblioteca si impegna nella sua conduzione per migliorarne i Servizi","sameAs":["https:\/\/www.istitutostudisindacali.net\/biblioteca"],"url":"https:\/\/www.istitutostudisindacali.net\/bibliotecablog\/author\/loredana-pietri\/"}]}},"jetpack_featured_media_url":"","jetpack_sharing_enabled":true,"_links":{"self":[{"href":"https:\/\/www.istitutostudisindacali.net\/bibliotecablog\/wp-json\/wp\/v2\/posts\/1146","targetHints":{"allow":["GET"]}}],"collection":[{"href":"https:\/\/www.istitutostudisindacali.net\/bibliotecablog\/wp-json\/wp\/v2\/posts"}],"about":[{"href":"https:\/\/www.istitutostudisindacali.net\/bibliotecablog\/wp-json\/wp\/v2\/types\/post"}],"author":[{"embeddable":true,"href":"https:\/\/www.istitutostudisindacali.net\/bibliotecablog\/wp-json\/wp\/v2\/users\/7"}],"replies":[{"embeddable":true,"href":"https:\/\/www.istitutostudisindacali.net\/bibliotecablog\/wp-json\/wp\/v2\/comments?post=1146"}],"version-history":[{"count":2,"href":"https:\/\/www.istitutostudisindacali.net\/bibliotecablog\/wp-json\/wp\/v2\/posts\/1146\/revisions"}],"predecessor-version":[{"id":4753,"href":"https:\/\/www.istitutostudisindacali.net\/bibliotecablog\/wp-json\/wp\/v2\/posts\/1146\/revisions\/4753"}],"wp:attachment":[{"href":"https:\/\/www.istitutostudisindacali.net\/bibliotecablog\/wp-json\/wp\/v2\/media?parent=1146"}],"wp:term":[{"taxonomy":"category","embeddable":true,"href":"https:\/\/www.istitutostudisindacali.net\/bibliotecablog\/wp-json\/wp\/v2\/categories?post=1146"},{"taxonomy":"post_tag","embeddable":true,"href":"https:\/\/www.istitutostudisindacali.net\/bibliotecablog\/wp-json\/wp\/v2\/tags?post=1146"}],"curies":[{"name":"wp","href":"https:\/\/api.w.org\/{rel}","templated":true}]}}