{"id":1126,"date":"2019-02-01T09:58:02","date_gmt":"2019-02-01T08:58:02","guid":{"rendered":"https:\/\/bibliotecarturochiari.wordpress.com\/?p=1126"},"modified":"2023-02-04T19:11:36","modified_gmt":"2023-02-04T18:11:36","slug":"progetto-pilota-del-mirb","status":"publish","type":"post","link":"https:\/\/www.istitutostudisindacali.net\/bibliotecablog\/2019\/02\/01\/progetto-pilota-del-mirb\/","title":{"rendered":"Progetto pilota del M(I)RB"},"content":{"rendered":"<blockquote><p>La <strong>Biblioteca Arturo Chiari<\/strong> presenta da oggi il &#8220;<em>progetto pilota<\/em>&#8221; del <strong>M(I)RB<\/strong> per le strutture sindacali sul territorio nazionale piuttosto che di consultazione e di studio per coloro che ne frequentano l\u2019ambiente di lavoro o per chi semplicemente \u00e8 un ricercatore, professore, studioso, amante della lettura o dei libri.<br \/>\nDisponibile a tutti gli utenti, il servizio pu\u00f2 essere raggiunto <a href=\"http:\/\/www.istitutostudisindacali.it\/bac\/\" target=\"_blank\" rel=\"noopener\">qui<\/a>.<\/p><\/blockquote>\n<p style=\"text-align:justify\">[&#8230;] Il progetto\u00a0<em>pilota<\/em>\u00a0del\u00a0<strong>M(I)RB<\/strong>\u00a0\u2013\u00a0<strong>Motore di Ricerca (Interno) Bibliotecario\u00a0<\/strong>\u00e8 finalizzato ad offrire uno strumento di lavoro per i\u00a0<em>bibliotecari UIL<\/em>\u00a0in seno alle strutture sindacali sul territorio nazionale piuttosto che di consultazione e di studio per coloro che ne frequentano l\u2019ambiente di lavoro o per chi semplicemente \u00e8 un ricercatore, professore, studioso, amante della lettura o dei libri.<\/p>\n<p style=\"text-align:justify\">Il motore M(I)RB, come tale, fornisce i\u00a0<em>risultati\u00a0di ricerca<\/em>\u00a0sotto una nuova forma grafica pi\u00f9 accattivante e selettivamente completa nei contenuti che vanno al di l\u00e0 dei semplici dati di riferimento dei libri grazie all\u2019utilizzo di strumenti all\u2019avanguardia che vengono continuamente mantenuti in aggiornamento.<\/p>\n<p style=\"text-align:justify\">Di questo aggiornamento quotidiano il M(I)RB ne trae la forza in quanto ne aumenta la capacit\u00e0 di restituire all\u2019utente finale una quantit\u00e0 di informazioni sempre pi\u00f9 accurate e facilmente fruibili nonch\u00e9 condivisibili con i pi\u00f9 comuni\u00a0<em>strumenti social<\/em>, di\u00a0<em>inoltro informatico<\/em>\u00a0e di\u00a0<em>stampa<\/em>.<\/p>\n<p style=\"text-align:justify\">Inoltre il M(I)RB permette di raccogliere anche i dati sul gradimento del servizio reso al fine di ottimizzarne i futuri sviluppi e raccoglierne i suggerimenti.<\/p>\n<p style=\"text-align:justify\">Il progetto M(I)RB \u00e8 un progetto pilota, che si propone di divenire uno strumento evoluto e condiviso, ed \u00e8 patrocinato dall\u2019<strong>Istituto Studi Sindacali Italo Viglianesi\u00a0<\/strong>della\u00a0<strong>UIL Nazionale<\/strong>\u00a0e dalla\u00a0<strong>Biblioteca Arturo Chiari<\/strong>\u00a0che ne hanno promosso l\u2019ideazione, la realizzazione e lo sviluppo futuro.<\/p>\n<p style=\"text-align:justify\">Con l\u2019augurio di buon lavoro a tutti,<\/p>\n<p style=\"text-align:justify\"><strong>Loredana Pietri<\/strong>\u00a0\u2013\u00a0<strong>Responsabile della Biblioteca Arturo Chiari UIL Nazionale<\/strong><\/p>\n<p style=\"text-align:justify\"><strong>Giorgio Bertuzzi Campreci\u00f3s<\/strong>\u00a0\u2013 ideatore e progettista del\u00a0<strong>M(I)RB <\/strong>[&#8230;]<\/p>\n","protected":false},"excerpt":{"rendered":"<p>La Biblioteca Arturo Chiari presenta da oggi il &#8220;progetto pilota&#8221; del M(I)RB per le strutture sindacali sul territorio nazionale piuttosto che di consultazione e di studio per coloro che ne frequentano l\u2019ambiente di lavoro o per chi semplicemente \u00e8 un ricercatore, professore, studioso, amante della lettura o dei libri. Disponibile a tutti gli utenti, il [&hellip;]<\/p>\n","protected":false},"author":7,"featured_media":1127,"comment_status":"open","ping_status":"open","sticky":false,"template":"","format":"standard","meta":{"_et_pb_use_builder":"","_et_pb_old_content":"","_et_gb_content_width":"","ngg_post_thumbnail":0,"_jetpack_memberships_contains_paid_content":false,"footnotes":""},"categories":[626],"tags":[903,7,904,905,906,907,908],"class_list":["post-1126","post","type-post","status-publish","format-standard","has-post-thumbnail","hentry","category-mirb","tag-biblioteca-arturo-chiari","tag-evidenza","tag-giorgio-bertuzzi-camprecios","tag-istituto-studi-sindacali-italo-viglianesi","tag-loredana-pietri","tag-progetto-pilota","tag-uil-nazionale","et-has-post-format-content","et_post_format-et-post-format-standard"],"yoast_head":"<!-- This site is optimized with the Yoast SEO plugin v27.4 - https:\/\/yoast.com\/product\/yoast-seo-wordpress\/ -->\n<title>Progetto pilota del M(I)RB - Blog della Biblioteca<\/title>\n<meta name=\"robots\" content=\"index, follow, max-snippet:-1, max-image-preview:large, max-video-preview:-1\" \/>\n<link rel=\"canonical\" href=\"https:\/\/www.istitutostudisindacali.net\/bibliotecablog\/2019\/02\/01\/progetto-pilota-del-mirb\/\" \/>\n<meta property=\"og:locale\" content=\"it_IT\" \/>\n<meta property=\"og:type\" content=\"article\" \/>\n<meta property=\"og:title\" content=\"Progetto pilota del M(I)RB - Blog della Biblioteca\" \/>\n<meta property=\"og:description\" content=\"La Biblioteca Arturo Chiari presenta da oggi il &#8220;progetto pilota&#8221; del M(I)RB per le strutture sindacali sul territorio nazionale piuttosto che di consultazione e di studio per coloro che ne frequentano l\u2019ambiente di lavoro o per chi semplicemente \u00e8 un ricercatore, professore, studioso, amante della lettura o dei libri. Disponibile a tutti gli utenti, il [&hellip;]\" \/>\n<meta property=\"og:url\" content=\"https:\/\/www.istitutostudisindacali.net\/bibliotecablog\/2019\/02\/01\/progetto-pilota-del-mirb\/\" \/>\n<meta property=\"og:site_name\" content=\"Blog della Biblioteca\" \/>\n<meta property=\"article:published_time\" content=\"2019-02-01T08:58:02+00:00\" \/>\n<meta property=\"article:modified_time\" content=\"2023-02-04T18:11:36+00:00\" \/>\n<meta property=\"og:image\" content=\"https:\/\/www.istitutostudisindacali.net\/bibliotecablog\/wp-content\/uploads\/sites\/17\/2019\/02\/m28i29rb-e1549010897380.png\" \/>\n\t<meta property=\"og:image:width\" content=\"1264\" \/>\n\t<meta property=\"og:image:height\" content=\"849\" \/>\n\t<meta property=\"og:image:type\" content=\"image\/png\" \/>\n<meta name=\"author\" content=\"Loredana Pietri\" \/>\n<meta name=\"twitter:card\" content=\"summary_large_image\" \/>\n<meta name=\"twitter:label1\" content=\"Scritto da\" \/>\n\t<meta name=\"twitter:data1\" content=\"Loredana Pietri\" \/>\n\t<meta name=\"twitter:label2\" content=\"Tempo di lettura stimato\" \/>\n\t<meta name=\"twitter:data2\" content=\"2 minuti\" \/>\n<script type=\"application\/ld+json\" class=\"yoast-schema-graph\">{\"@context\":\"https:\\\/\\\/schema.org\",\"@graph\":[{\"@type\":\"Article\",\"@id\":\"https:\\\/\\\/www.istitutostudisindacali.net\\\/bibliotecablog\\\/2019\\\/02\\\/01\\\/progetto-pilota-del-mirb\\\/#article\",\"isPartOf\":{\"@id\":\"https:\\\/\\\/www.istitutostudisindacali.net\\\/bibliotecablog\\\/2019\\\/02\\\/01\\\/progetto-pilota-del-mirb\\\/\"},\"author\":{\"name\":\"Loredana Pietri\",\"@id\":\"https:\\\/\\\/www.istitutostudisindacali.net\\\/bibliotecablog\\\/#\\\/schema\\\/person\\\/67df37a680cbbc103a59f61989c3f7e0\"},\"headline\":\"Progetto pilota del M(I)RB\",\"datePublished\":\"2019-02-01T08:58:02+00:00\",\"dateModified\":\"2023-02-04T18:11:36+00:00\",\"mainEntityOfPage\":{\"@id\":\"https:\\\/\\\/www.istitutostudisindacali.net\\\/bibliotecablog\\\/2019\\\/02\\\/01\\\/progetto-pilota-del-mirb\\\/\"},\"wordCount\":326,\"commentCount\":0,\"image\":{\"@id\":\"https:\\\/\\\/www.istitutostudisindacali.net\\\/bibliotecablog\\\/2019\\\/02\\\/01\\\/progetto-pilota-del-mirb\\\/#primaryimage\"},\"thumbnailUrl\":\"https:\\\/\\\/www.istitutostudisindacali.net\\\/bibliotecablog\\\/wp-content\\\/uploads\\\/sites\\\/17\\\/2019\\\/02\\\/m28i29rb-e1549010897380.png\",\"keywords\":[\"Biblioteca Arturo Chiari\",\"evidenza\",\"Giorgio Bertuzzi Campreci\u00f3s\",\"Istituto Studi Sindacali Italo Viglianesi\",\"Loredana Pietri\",\"Progetto Pilota\",\"UIL Nazionale\"],\"articleSection\":[\"M(I)RB\"],\"inLanguage\":\"it-IT\",\"potentialAction\":[{\"@type\":\"CommentAction\",\"name\":\"Comment\",\"target\":[\"https:\\\/\\\/www.istitutostudisindacali.net\\\/bibliotecablog\\\/2019\\\/02\\\/01\\\/progetto-pilota-del-mirb\\\/#respond\"]}]},{\"@type\":\"WebPage\",\"@id\":\"https:\\\/\\\/www.istitutostudisindacali.net\\\/bibliotecablog\\\/2019\\\/02\\\/01\\\/progetto-pilota-del-mirb\\\/\",\"url\":\"https:\\\/\\\/www.istitutostudisindacali.net\\\/bibliotecablog\\\/2019\\\/02\\\/01\\\/progetto-pilota-del-mirb\\\/\",\"name\":\"Progetto pilota del M(I)RB - Blog della Biblioteca\",\"isPartOf\":{\"@id\":\"https:\\\/\\\/www.istitutostudisindacali.net\\\/bibliotecablog\\\/#website\"},\"primaryImageOfPage\":{\"@id\":\"https:\\\/\\\/www.istitutostudisindacali.net\\\/bibliotecablog\\\/2019\\\/02\\\/01\\\/progetto-pilota-del-mirb\\\/#primaryimage\"},\"image\":{\"@id\":\"https:\\\/\\\/www.istitutostudisindacali.net\\\/bibliotecablog\\\/2019\\\/02\\\/01\\\/progetto-pilota-del-mirb\\\/#primaryimage\"},\"thumbnailUrl\":\"https:\\\/\\\/www.istitutostudisindacali.net\\\/bibliotecablog\\\/wp-content\\\/uploads\\\/sites\\\/17\\\/2019\\\/02\\\/m28i29rb-e1549010897380.png\",\"datePublished\":\"2019-02-01T08:58:02+00:00\",\"dateModified\":\"2023-02-04T18:11:36+00:00\",\"author\":{\"@id\":\"https:\\\/\\\/www.istitutostudisindacali.net\\\/bibliotecablog\\\/#\\\/schema\\\/person\\\/67df37a680cbbc103a59f61989c3f7e0\"},\"breadcrumb\":{\"@id\":\"https:\\\/\\\/www.istitutostudisindacali.net\\\/bibliotecablog\\\/2019\\\/02\\\/01\\\/progetto-pilota-del-mirb\\\/#breadcrumb\"},\"inLanguage\":\"it-IT\",\"potentialAction\":[{\"@type\":\"ReadAction\",\"target\":[\"https:\\\/\\\/www.istitutostudisindacali.net\\\/bibliotecablog\\\/2019\\\/02\\\/01\\\/progetto-pilota-del-mirb\\\/\"]}]},{\"@type\":\"ImageObject\",\"inLanguage\":\"it-IT\",\"@id\":\"https:\\\/\\\/www.istitutostudisindacali.net\\\/bibliotecablog\\\/2019\\\/02\\\/01\\\/progetto-pilota-del-mirb\\\/#primaryimage\",\"url\":\"https:\\\/\\\/www.istitutostudisindacali.net\\\/bibliotecablog\\\/wp-content\\\/uploads\\\/sites\\\/17\\\/2019\\\/02\\\/m28i29rb-e1549010897380.png\",\"contentUrl\":\"https:\\\/\\\/www.istitutostudisindacali.net\\\/bibliotecablog\\\/wp-content\\\/uploads\\\/sites\\\/17\\\/2019\\\/02\\\/m28i29rb-e1549010897380.png\",\"width\":1264,\"height\":849},{\"@type\":\"BreadcrumbList\",\"@id\":\"https:\\\/\\\/www.istitutostudisindacali.net\\\/bibliotecablog\\\/2019\\\/02\\\/01\\\/progetto-pilota-del-mirb\\\/#breadcrumb\",\"itemListElement\":[{\"@type\":\"ListItem\",\"position\":1,\"name\":\"Home\",\"item\":\"https:\\\/\\\/www.istitutostudisindacali.net\\\/bibliotecablog\\\/\"},{\"@type\":\"ListItem\",\"position\":2,\"name\":\"Progetto pilota del M(I)RB\"}]},{\"@type\":\"WebSite\",\"@id\":\"https:\\\/\\\/www.istitutostudisindacali.net\\\/bibliotecablog\\\/#website\",\"url\":\"https:\\\/\\\/www.istitutostudisindacali.net\\\/bibliotecablog\\\/\",\"name\":\"Blog della Biblioteca\",\"description\":\"Arturo Chiari\",\"potentialAction\":[{\"@type\":\"SearchAction\",\"target\":{\"@type\":\"EntryPoint\",\"urlTemplate\":\"https:\\\/\\\/www.istitutostudisindacali.net\\\/bibliotecablog\\\/?s={search_term_string}\"},\"query-input\":{\"@type\":\"PropertyValueSpecification\",\"valueRequired\":true,\"valueName\":\"search_term_string\"}}],\"inLanguage\":\"it-IT\"},{\"@type\":\"Person\",\"@id\":\"https:\\\/\\\/www.istitutostudisindacali.net\\\/bibliotecablog\\\/#\\\/schema\\\/person\\\/67df37a680cbbc103a59f61989c3f7e0\",\"name\":\"Loredana Pietri\",\"image\":{\"@type\":\"ImageObject\",\"inLanguage\":\"it-IT\",\"@id\":\"https:\\\/\\\/secure.gravatar.com\\\/avatar\\\/14e1950ca26d7443d95784cdcfad5cf200bbbc261d085cf9375e018dc286c835?s=96&d=mm&r=g\",\"url\":\"https:\\\/\\\/secure.gravatar.com\\\/avatar\\\/14e1950ca26d7443d95784cdcfad5cf200bbbc261d085cf9375e018dc286c835?s=96&d=mm&r=g\",\"contentUrl\":\"https:\\\/\\\/secure.gravatar.com\\\/avatar\\\/14e1950ca26d7443d95784cdcfad5cf200bbbc261d085cf9375e018dc286c835?s=96&d=mm&r=g\",\"caption\":\"Loredana Pietri\"},\"description\":\"Responsabile della Biblioteca si impegna nella sua conduzione per migliorarne i Servizi\",\"sameAs\":[\"https:\\\/\\\/www.istitutostudisindacali.net\\\/biblioteca\"],\"url\":\"https:\\\/\\\/www.istitutostudisindacali.net\\\/bibliotecablog\\\/author\\\/loredana-pietri\\\/\"}]}<\/script>\n<!-- \/ Yoast SEO plugin. -->","yoast_head_json":{"title":"Progetto pilota del M(I)RB - Blog della Biblioteca","robots":{"index":"index","follow":"follow","max-snippet":"max-snippet:-1","max-image-preview":"max-image-preview:large","max-video-preview":"max-video-preview:-1"},"canonical":"https:\/\/www.istitutostudisindacali.net\/bibliotecablog\/2019\/02\/01\/progetto-pilota-del-mirb\/","og_locale":"it_IT","og_type":"article","og_title":"Progetto pilota del M(I)RB - Blog della Biblioteca","og_description":"La Biblioteca Arturo Chiari presenta da oggi il &#8220;progetto pilota&#8221; del M(I)RB per le strutture sindacali sul territorio nazionale piuttosto che di consultazione e di studio per coloro che ne frequentano l\u2019ambiente di lavoro o per chi semplicemente \u00e8 un ricercatore, professore, studioso, amante della lettura o dei libri. Disponibile a tutti gli utenti, il [&hellip;]","og_url":"https:\/\/www.istitutostudisindacali.net\/bibliotecablog\/2019\/02\/01\/progetto-pilota-del-mirb\/","og_site_name":"Blog della Biblioteca","article_published_time":"2019-02-01T08:58:02+00:00","article_modified_time":"2023-02-04T18:11:36+00:00","og_image":[{"width":1264,"height":849,"url":"https:\/\/www.istitutostudisindacali.net\/bibliotecablog\/wp-content\/uploads\/sites\/17\/2019\/02\/m28i29rb-e1549010897380.png","type":"image\/png"}],"author":"Loredana Pietri","twitter_card":"summary_large_image","twitter_misc":{"Scritto da":"Loredana Pietri","Tempo di lettura stimato":"2 minuti"},"schema":{"@context":"https:\/\/schema.org","@graph":[{"@type":"Article","@id":"https:\/\/www.istitutostudisindacali.net\/bibliotecablog\/2019\/02\/01\/progetto-pilota-del-mirb\/#article","isPartOf":{"@id":"https:\/\/www.istitutostudisindacali.net\/bibliotecablog\/2019\/02\/01\/progetto-pilota-del-mirb\/"},"author":{"name":"Loredana Pietri","@id":"https:\/\/www.istitutostudisindacali.net\/bibliotecablog\/#\/schema\/person\/67df37a680cbbc103a59f61989c3f7e0"},"headline":"Progetto pilota del M(I)RB","datePublished":"2019-02-01T08:58:02+00:00","dateModified":"2023-02-04T18:11:36+00:00","mainEntityOfPage":{"@id":"https:\/\/www.istitutostudisindacali.net\/bibliotecablog\/2019\/02\/01\/progetto-pilota-del-mirb\/"},"wordCount":326,"commentCount":0,"image":{"@id":"https:\/\/www.istitutostudisindacali.net\/bibliotecablog\/2019\/02\/01\/progetto-pilota-del-mirb\/#primaryimage"},"thumbnailUrl":"https:\/\/www.istitutostudisindacali.net\/bibliotecablog\/wp-content\/uploads\/sites\/17\/2019\/02\/m28i29rb-e1549010897380.png","keywords":["Biblioteca Arturo Chiari","evidenza","Giorgio Bertuzzi Campreci\u00f3s","Istituto Studi Sindacali Italo Viglianesi","Loredana Pietri","Progetto Pilota","UIL Nazionale"],"articleSection":["M(I)RB"],"inLanguage":"it-IT","potentialAction":[{"@type":"CommentAction","name":"Comment","target":["https:\/\/www.istitutostudisindacali.net\/bibliotecablog\/2019\/02\/01\/progetto-pilota-del-mirb\/#respond"]}]},{"@type":"WebPage","@id":"https:\/\/www.istitutostudisindacali.net\/bibliotecablog\/2019\/02\/01\/progetto-pilota-del-mirb\/","url":"https:\/\/www.istitutostudisindacali.net\/bibliotecablog\/2019\/02\/01\/progetto-pilota-del-mirb\/","name":"Progetto pilota del M(I)RB - Blog della Biblioteca","isPartOf":{"@id":"https:\/\/www.istitutostudisindacali.net\/bibliotecablog\/#website"},"primaryImageOfPage":{"@id":"https:\/\/www.istitutostudisindacali.net\/bibliotecablog\/2019\/02\/01\/progetto-pilota-del-mirb\/#primaryimage"},"image":{"@id":"https:\/\/www.istitutostudisindacali.net\/bibliotecablog\/2019\/02\/01\/progetto-pilota-del-mirb\/#primaryimage"},"thumbnailUrl":"https:\/\/www.istitutostudisindacali.net\/bibliotecablog\/wp-content\/uploads\/sites\/17\/2019\/02\/m28i29rb-e1549010897380.png","datePublished":"2019-02-01T08:58:02+00:00","dateModified":"2023-02-04T18:11:36+00:00","author":{"@id":"https:\/\/www.istitutostudisindacali.net\/bibliotecablog\/#\/schema\/person\/67df37a680cbbc103a59f61989c3f7e0"},"breadcrumb":{"@id":"https:\/\/www.istitutostudisindacali.net\/bibliotecablog\/2019\/02\/01\/progetto-pilota-del-mirb\/#breadcrumb"},"inLanguage":"it-IT","potentialAction":[{"@type":"ReadAction","target":["https:\/\/www.istitutostudisindacali.net\/bibliotecablog\/2019\/02\/01\/progetto-pilota-del-mirb\/"]}]},{"@type":"ImageObject","inLanguage":"it-IT","@id":"https:\/\/www.istitutostudisindacali.net\/bibliotecablog\/2019\/02\/01\/progetto-pilota-del-mirb\/#primaryimage","url":"https:\/\/www.istitutostudisindacali.net\/bibliotecablog\/wp-content\/uploads\/sites\/17\/2019\/02\/m28i29rb-e1549010897380.png","contentUrl":"https:\/\/www.istitutostudisindacali.net\/bibliotecablog\/wp-content\/uploads\/sites\/17\/2019\/02\/m28i29rb-e1549010897380.png","width":1264,"height":849},{"@type":"BreadcrumbList","@id":"https:\/\/www.istitutostudisindacali.net\/bibliotecablog\/2019\/02\/01\/progetto-pilota-del-mirb\/#breadcrumb","itemListElement":[{"@type":"ListItem","position":1,"name":"Home","item":"https:\/\/www.istitutostudisindacali.net\/bibliotecablog\/"},{"@type":"ListItem","position":2,"name":"Progetto pilota del M(I)RB"}]},{"@type":"WebSite","@id":"https:\/\/www.istitutostudisindacali.net\/bibliotecablog\/#website","url":"https:\/\/www.istitutostudisindacali.net\/bibliotecablog\/","name":"Blog della Biblioteca","description":"Arturo Chiari","potentialAction":[{"@type":"SearchAction","target":{"@type":"EntryPoint","urlTemplate":"https:\/\/www.istitutostudisindacali.net\/bibliotecablog\/?s={search_term_string}"},"query-input":{"@type":"PropertyValueSpecification","valueRequired":true,"valueName":"search_term_string"}}],"inLanguage":"it-IT"},{"@type":"Person","@id":"https:\/\/www.istitutostudisindacali.net\/bibliotecablog\/#\/schema\/person\/67df37a680cbbc103a59f61989c3f7e0","name":"Loredana Pietri","image":{"@type":"ImageObject","inLanguage":"it-IT","@id":"https:\/\/secure.gravatar.com\/avatar\/14e1950ca26d7443d95784cdcfad5cf200bbbc261d085cf9375e018dc286c835?s=96&d=mm&r=g","url":"https:\/\/secure.gravatar.com\/avatar\/14e1950ca26d7443d95784cdcfad5cf200bbbc261d085cf9375e018dc286c835?s=96&d=mm&r=g","contentUrl":"https:\/\/secure.gravatar.com\/avatar\/14e1950ca26d7443d95784cdcfad5cf200bbbc261d085cf9375e018dc286c835?s=96&d=mm&r=g","caption":"Loredana Pietri"},"description":"Responsabile della Biblioteca si impegna nella sua conduzione per migliorarne i Servizi","sameAs":["https:\/\/www.istitutostudisindacali.net\/biblioteca"],"url":"https:\/\/www.istitutostudisindacali.net\/bibliotecablog\/author\/loredana-pietri\/"}]}},"jetpack_featured_media_url":"https:\/\/www.istitutostudisindacali.net\/bibliotecablog\/wp-content\/uploads\/sites\/17\/2019\/02\/m28i29rb-e1549010897380.png","jetpack_sharing_enabled":true,"_links":{"self":[{"href":"https:\/\/www.istitutostudisindacali.net\/bibliotecablog\/wp-json\/wp\/v2\/posts\/1126","targetHints":{"allow":["GET"]}}],"collection":[{"href":"https:\/\/www.istitutostudisindacali.net\/bibliotecablog\/wp-json\/wp\/v2\/posts"}],"about":[{"href":"https:\/\/www.istitutostudisindacali.net\/bibliotecablog\/wp-json\/wp\/v2\/types\/post"}],"author":[{"embeddable":true,"href":"https:\/\/www.istitutostudisindacali.net\/bibliotecablog\/wp-json\/wp\/v2\/users\/7"}],"replies":[{"embeddable":true,"href":"https:\/\/www.istitutostudisindacali.net\/bibliotecablog\/wp-json\/wp\/v2\/comments?post=1126"}],"version-history":[{"count":1,"href":"https:\/\/www.istitutostudisindacali.net\/bibliotecablog\/wp-json\/wp\/v2\/posts\/1126\/revisions"}],"predecessor-version":[{"id":4525,"href":"https:\/\/www.istitutostudisindacali.net\/bibliotecablog\/wp-json\/wp\/v2\/posts\/1126\/revisions\/4525"}],"wp:featuredmedia":[{"embeddable":true,"href":"https:\/\/www.istitutostudisindacali.net\/bibliotecablog\/wp-json\/wp\/v2\/media\/1127"}],"wp:attachment":[{"href":"https:\/\/www.istitutostudisindacali.net\/bibliotecablog\/wp-json\/wp\/v2\/media?parent=1126"}],"wp:term":[{"taxonomy":"category","embeddable":true,"href":"https:\/\/www.istitutostudisindacali.net\/bibliotecablog\/wp-json\/wp\/v2\/categories?post=1126"},{"taxonomy":"post_tag","embeddable":true,"href":"https:\/\/www.istitutostudisindacali.net\/bibliotecablog\/wp-json\/wp\/v2\/tags?post=1126"}],"curies":[{"name":"wp","href":"https:\/\/api.w.org\/{rel}","templated":true}]}}