{"id":1029,"date":"2019-01-23T09:42:48","date_gmt":"2019-01-23T08:42:48","guid":{"rendered":"https:\/\/bibliotecarturochiari.wordpress.com\/?p=1029"},"modified":"2023-02-04T19:11:40","modified_gmt":"2023-02-04T18:11:40","slug":"per-una-riconversione-industriale-finalizzata-allespasione-delloccupazione-allincremento-degli-investimenti-alla-efficienza-dellapparato-produttivo-di-ruggero-ravenna","status":"publish","type":"post","link":"https:\/\/www.istitutostudisindacali.net\/bibliotecablog\/2019\/01\/23\/per-una-riconversione-industriale-finalizzata-allespasione-delloccupazione-allincremento-degli-investimenti-alla-efficienza-dellapparato-produttivo-di-ruggero-ravenna\/","title":{"rendered":"&#8220;Per una riconversione industriale finalizzata all&#8217;espasione dell&#8217;occupazione, all&#8217;incremento degli investimenti, alla efficienza dell&#8217;apparato produttivo&#8221; di Ruggero Ravenna"},"content":{"rendered":"<blockquote><p>23 gennaio 1975:\u00a0<b>sciopero generale di 4 ore indetto da CGIL, CISL e UIL<\/b>\u00a0per la vertenza su occupazione, contingenza e salari. In alcune regioni lo sciopero \u00e8 esteso a 8 ore<\/p><\/blockquote>\n<p><img loading=\"lazy\" decoding=\"async\" class=\"alignnone size-full wp-image-1031\" src=\"https:\/\/www.istitutostudisindacali.net\/biblioteca\/wp-content\/uploads\/sites\/2\/2019\/01\/1975-intercategoriale.jpg\" alt=\"1975-intercategoriale\" width=\"1379\" height=\"986\" srcset=\"https:\/\/www.istitutostudisindacali.net\/bibliotecablog\/wp-content\/uploads\/sites\/17\/2019\/01\/1975-intercategoriale.jpg 1379w, https:\/\/www.istitutostudisindacali.net\/bibliotecablog\/wp-content\/uploads\/sites\/17\/2019\/01\/1975-intercategoriale-300x215.jpg 300w, https:\/\/www.istitutostudisindacali.net\/bibliotecablog\/wp-content\/uploads\/sites\/17\/2019\/01\/1975-intercategoriale-1024x732.jpg 1024w, https:\/\/www.istitutostudisindacali.net\/bibliotecablog\/wp-content\/uploads\/sites\/17\/2019\/01\/1975-intercategoriale-768x549.jpg 768w, https:\/\/www.istitutostudisindacali.net\/bibliotecablog\/wp-content\/uploads\/sites\/17\/2019\/01\/1975-intercategoriale-610x436.jpg 610w, https:\/\/www.istitutostudisindacali.net\/bibliotecablog\/wp-content\/uploads\/sites\/17\/2019\/01\/1975-intercategoriale-1080x772.jpg 1080w\" sizes=\"(max-width: 1379px) 100vw, 1379px\" \/><\/p>\n<p style=\"text-align:justify\">[&#8230;]Il tentativo atto di superare la grave crisi economica e sociale del nostro Paese attraverso una politica basata sulla inflazione e la riduzione dell&#8217;occupazione, non permette\u00a0al sindacato n\u00e8 momenti di attesa nella elaborazione delle sue politiche, n\u00e9 fasi di incertezza nella sua iniziativa. Gli scioperi del 20 gennaio e del 6 febbraio e questa Confederazione dei Consigli di fabbrica delle aziende maggiormente colpite dalla crisi, sono indicazioni che non intendiamo assumere ruoli marginali e subordinati nella battaglia politica in corso per ridare al Paese una prospettiva di sviluppo e per mobilitare le sue energie, che sono grandi e numerose, per un&#8217;obiettivo di crisi generale della societ\u00e0.\u00a0 \u00a0La nostra scelta fondamentale, che qui ribadiamo, resta quella di dare alla Federazione CGIL CISL UIL ed alle sue organizzazioni un ruolo di direzione politica dei lavoratori che rifiuta linee corporative e settoriali ed impegna invece il movimento nella assunzione di responsabilit\u00e0 dirette per l&#8217;avanzata dell&#8217;insieme della comunit\u00e0 nazionale.<\/p>\n<p><img loading=\"lazy\" decoding=\"async\" class=\"alignnone size-full wp-image-1041\" src=\"https:\/\/www.istitutostudisindacali.net\/biblioteca\/wp-content\/uploads\/sites\/2\/2019\/01\/1975-mantova-lama-sul-palco.jpg\" alt=\"1975-mantova-lama-sul-palco\" width=\"1024\" height=\"657\" srcset=\"https:\/\/www.istitutostudisindacali.net\/bibliotecablog\/wp-content\/uploads\/sites\/17\/2019\/01\/1975-mantova-lama-sul-palco.jpg 1024w, https:\/\/www.istitutostudisindacali.net\/bibliotecablog\/wp-content\/uploads\/sites\/17\/2019\/01\/1975-mantova-lama-sul-palco-300x192.jpg 300w, https:\/\/www.istitutostudisindacali.net\/bibliotecablog\/wp-content\/uploads\/sites\/17\/2019\/01\/1975-mantova-lama-sul-palco-768x493.jpg 768w, https:\/\/www.istitutostudisindacali.net\/bibliotecablog\/wp-content\/uploads\/sites\/17\/2019\/01\/1975-mantova-lama-sul-palco-610x391.jpg 610w\" sizes=\"(max-width: 1024px) 100vw, 1024px\" \/><\/p>\n<p style=\"text-align:justify\">Siamo consapevoli che questo ruolo e questo obiettivo comportano per noi il superamento di notevoli difficolt\u00e0 e l&#8217;assunzione di compiti non facili.\u00a0 \u00a0Siamo altres\u00ec convinti che ci\u00f2 \u00e8 possibile per il grande movimento di massa che abbiamo saputo costruire in questi anni attorno alla linea politica delle Federazione Unitaria e la partecipazione costante dei lavoratori ai momenti di lotta che ai vari livelli abbiamo determinato.<\/p>\n<p style=\"text-align:justify\">La scelta fondamentale che ci ha permesso di evitare che la crisi e l&#8217;offensiva dei grandi gruppi economici e delle forze di conservazione ci spingessero in una funzione di semplice correttivo delle loro scelte di sviluppo \u00e8 stata certamente quella di aver posto al centro del nostro impegno politico, in tutte le occasioni e a tutti i livelli, l&#8217;espansione degli investimenti come strumento della crescita armonica del nostro apparato economico e delle strutture civili e quello dell&#8217;incremento della occupazione come condizioni per il superamento del dualismo umano e sociale esistente nel nostro Paese.\u00a0 \u00a0Si stratta di una scelta che esalta il ruolo del nostro sindacato; di una scelta che ha cementato la condizioni unitaria, malgrado le difficolt\u00e0, non soltanto tra le tre Confederazioni, ma tra le varie categorie e zone del Paese; una scelta che ha condizionato in modo determinante i comportamenti delle forze politiche, degli altri gruppi sociali e delle istituzioni pubbliche.\u00a0 \u00a0 Il fatto, indiscutibile, che oggi il dibattito politico, in tutte le sedi, si incentri genericamente sui problemi economici, ma sul modo con il quale determinare una espansione delle strutture produttive del Paese e dei livelli generali di occupazione rende certamente pi\u00f9 difficili e drammatiche le crisi di Governo, le aggregazioni nel Parlamento e nelle assemblee elettive locali, ma esso \u00e8 anche l&#8217;indicazione che il confronto politico e uscito dalle formulazioni astratte per assumere toni e contenuti direttamente legati alla condizione delle grandi masse e sottopone le forze che operano nel Paese a verifiche sostanziali della loco capacit\u00e0 di orientamento e di direzione degli interessi popolari.[&#8230;]pp.3<\/p>\n<h3 style=\"text-align:center\"><em><strong>Disponibile presso la BIBLIOTECA NAZIONALE UIL ARTURO CHIARI<\/strong><\/em><\/h3>\n<p>&nbsp;<\/p>\n\n\t\t<style type=\"text\/css\">\n\t\t\t#gallery-1 {\n\t\t\t\tmargin: auto;\n\t\t\t}\n\t\t\t#gallery-1 .gallery-item {\n\t\t\t\tfloat: left;\n\t\t\t\tmargin-top: 10px;\n\t\t\t\ttext-align: center;\n\t\t\t\twidth: 33%;\n\t\t\t}\n\t\t\t#gallery-1 img {\n\t\t\t\tborder: 2px solid #cfcfcf;\n\t\t\t}\n\t\t\t#gallery-1 .gallery-caption {\n\t\t\t\tmargin-left: 0;\n\t\t\t}\n\t\t\t\/* see gallery_shortcode() in wp-includes\/media.php *\/\n\t\t<\/style>\n\t\t<div id='gallery-1' class='gallery galleryid-1029 gallery-columns-3 gallery-size-thumbnail'><dl class='gallery-item'>\n\t\t\t<dt class='gallery-icon landscape'>\n\t\t\t\t<a href='https:\/\/www.istitutostudisindacali.net\/bibliotecablog\/p-21a-n-21\/'><img loading=\"lazy\" decoding=\"async\" width=\"150\" height=\"150\" src=\"https:\/\/www.istitutostudisindacali.net\/bibliotecablog\/wp-content\/uploads\/sites\/17\/2019\/01\/1977_sind_mi_0029_negor_new-150x150.jpg\" class=\"attachment-thumbnail size-thumbnail\" alt=\"\" aria-describedby=\"gallery-1-1032\" srcset=\"https:\/\/www.istitutostudisindacali.net\/bibliotecablog\/wp-content\/uploads\/sites\/17\/2019\/01\/1977_sind_mi_0029_negor_new-150x150.jpg 150w, https:\/\/www.istitutostudisindacali.net\/bibliotecablog\/wp-content\/uploads\/sites\/17\/2019\/01\/1977_sind_mi_0029_negor_new-250x250.jpg 250w, https:\/\/www.istitutostudisindacali.net\/bibliotecablog\/wp-content\/uploads\/sites\/17\/2019\/01\/1977_sind_mi_0029_negor_new-440x440.jpg 440w\" sizes=\"(max-width: 150px) 100vw, 150px\" \/><\/a>\n\t\t\t<\/dt>\n\t\t\t\t<dd class='wp-caption-text gallery-caption' id='gallery-1-1032'>\n\t\t\t\tOperaie della Imperial e dell&#8217;Alfa Romeo ad una manifestazione sindacale davanti alla sede dell&#8217;Assolombarda in Via Pantano, Milano, 2 settembre 1975\n\t\t\t\t<\/dd><\/dl><dl class='gallery-item'>\n\t\t\t<dt class='gallery-icon landscape'>\n\t\t\t\t<a href='https:\/\/www.istitutostudisindacali.net\/bibliotecablog\/1975-intercategoriale\/'><img loading=\"lazy\" decoding=\"async\" width=\"150\" height=\"150\" src=\"https:\/\/www.istitutostudisindacali.net\/bibliotecablog\/wp-content\/uploads\/sites\/17\/2019\/01\/1975-intercategoriale-150x150.jpg\" class=\"attachment-thumbnail size-thumbnail\" alt=\"\" srcset=\"https:\/\/www.istitutostudisindacali.net\/bibliotecablog\/wp-content\/uploads\/sites\/17\/2019\/01\/1975-intercategoriale-150x150.jpg 150w, https:\/\/www.istitutostudisindacali.net\/bibliotecablog\/wp-content\/uploads\/sites\/17\/2019\/01\/1975-intercategoriale-250x250.jpg 250w, https:\/\/www.istitutostudisindacali.net\/bibliotecablog\/wp-content\/uploads\/sites\/17\/2019\/01\/1975-intercategoriale-440x440.jpg 440w\" sizes=\"(max-width: 150px) 100vw, 150px\" \/><\/a>\n\t\t\t<\/dt><\/dl><dl class='gallery-item'>\n\t\t\t<dt class='gallery-icon landscape'>\n\t\t\t\t<a href='https:\/\/www.istitutostudisindacali.net\/bibliotecablog\/8935439540_d8ddea05fe_k\/'><img loading=\"lazy\" decoding=\"async\" width=\"150\" height=\"150\" src=\"https:\/\/www.istitutostudisindacali.net\/bibliotecablog\/wp-content\/uploads\/sites\/17\/2019\/01\/8935439540_d8ddea05fe_k-150x150.jpg\" class=\"attachment-thumbnail size-thumbnail\" alt=\"\" srcset=\"https:\/\/www.istitutostudisindacali.net\/bibliotecablog\/wp-content\/uploads\/sites\/17\/2019\/01\/8935439540_d8ddea05fe_k-150x150.jpg 150w, https:\/\/www.istitutostudisindacali.net\/bibliotecablog\/wp-content\/uploads\/sites\/17\/2019\/01\/8935439540_d8ddea05fe_k-250x250.jpg 250w, https:\/\/www.istitutostudisindacali.net\/bibliotecablog\/wp-content\/uploads\/sites\/17\/2019\/01\/8935439540_d8ddea05fe_k-440x440.jpg 440w\" sizes=\"(max-width: 150px) 100vw, 150px\" \/><\/a>\n\t\t\t<\/dt><\/dl><br style=\"clear: both\" \/><dl class='gallery-item'>\n\t\t\t<dt class='gallery-icon landscape'>\n\t\t\t\t<a href='https:\/\/www.istitutostudisindacali.net\/bibliotecablog\/due\/'><img loading=\"lazy\" decoding=\"async\" width=\"150\" height=\"150\" src=\"https:\/\/www.istitutostudisindacali.net\/bibliotecablog\/wp-content\/uploads\/sites\/17\/2019\/01\/due-150x150.jpg\" class=\"attachment-thumbnail size-thumbnail\" alt=\"\" srcset=\"https:\/\/www.istitutostudisindacali.net\/bibliotecablog\/wp-content\/uploads\/sites\/17\/2019\/01\/due-150x150.jpg 150w, https:\/\/www.istitutostudisindacali.net\/bibliotecablog\/wp-content\/uploads\/sites\/17\/2019\/01\/due-250x250.jpg 250w\" sizes=\"(max-width: 150px) 100vw, 150px\" \/><\/a>\n\t\t\t<\/dt><\/dl><dl class='gallery-item'>\n\t\t\t<dt class='gallery-icon portrait'>\n\t\t\t\t<a href='https:\/\/www.istitutostudisindacali.net\/bibliotecablog\/images-12\/'><img loading=\"lazy\" decoding=\"async\" width=\"150\" height=\"150\" src=\"https:\/\/www.istitutostudisindacali.net\/bibliotecablog\/wp-content\/uploads\/sites\/17\/2019\/01\/images-3-150x150.jpg\" class=\"attachment-thumbnail size-thumbnail\" alt=\"\" \/><\/a>\n\t\t\t<\/dt><\/dl><dl class='gallery-item'>\n\t\t\t<dt class='gallery-icon landscape'>\n\t\t\t\t<a href='https:\/\/www.istitutostudisindacali.net\/bibliotecablog\/scioperogenerale\/'><img loading=\"lazy\" decoding=\"async\" width=\"150\" height=\"150\" src=\"https:\/\/www.istitutostudisindacali.net\/bibliotecablog\/wp-content\/uploads\/sites\/17\/2019\/01\/scioperogenerale-150x150.jpg\" class=\"attachment-thumbnail size-thumbnail\" alt=\"\" srcset=\"https:\/\/www.istitutostudisindacali.net\/bibliotecablog\/wp-content\/uploads\/sites\/17\/2019\/01\/scioperogenerale-150x150.jpg 150w, https:\/\/www.istitutostudisindacali.net\/bibliotecablog\/wp-content\/uploads\/sites\/17\/2019\/01\/scioperogenerale-250x250.jpg 250w, https:\/\/www.istitutostudisindacali.net\/bibliotecablog\/wp-content\/uploads\/sites\/17\/2019\/01\/scioperogenerale-440x440.jpg 440w\" sizes=\"(max-width: 150px) 100vw, 150px\" \/><\/a>\n\t\t\t<\/dt><\/dl><br style=\"clear: both\" \/><dl class='gallery-item'>\n\t\t\t<dt class='gallery-icon landscape'>\n\t\t\t\t<a href='https:\/\/www.istitutostudisindacali.net\/bibliotecablog\/senza-titolo-42-1\/'><img loading=\"lazy\" decoding=\"async\" width=\"150\" height=\"150\" src=\"https:\/\/www.istitutostudisindacali.net\/bibliotecablog\/wp-content\/uploads\/sites\/17\/2019\/01\/senza-titolo-42-1-150x150.jpg\" class=\"attachment-thumbnail size-thumbnail\" alt=\"\" srcset=\"https:\/\/www.istitutostudisindacali.net\/bibliotecablog\/wp-content\/uploads\/sites\/17\/2019\/01\/senza-titolo-42-1-150x150.jpg 150w, https:\/\/www.istitutostudisindacali.net\/bibliotecablog\/wp-content\/uploads\/sites\/17\/2019\/01\/senza-titolo-42-1-250x250.jpg 250w, https:\/\/www.istitutostudisindacali.net\/bibliotecablog\/wp-content\/uploads\/sites\/17\/2019\/01\/senza-titolo-42-1-440x440.jpg 440w\" sizes=\"(max-width: 150px) 100vw, 150px\" \/><\/a>\n\t\t\t<\/dt><\/dl><dl class='gallery-item'>\n\t\t\t<dt class='gallery-icon landscape'>\n\t\t\t\t<a href='https:\/\/www.istitutostudisindacali.net\/bibliotecablog\/senza-titolo-43-1\/'><img loading=\"lazy\" decoding=\"async\" width=\"150\" height=\"150\" src=\"https:\/\/www.istitutostudisindacali.net\/bibliotecablog\/wp-content\/uploads\/sites\/17\/2019\/01\/senza-titolo-43-1-150x150.jpg\" class=\"attachment-thumbnail size-thumbnail\" alt=\"\" srcset=\"https:\/\/www.istitutostudisindacali.net\/bibliotecablog\/wp-content\/uploads\/sites\/17\/2019\/01\/senza-titolo-43-1-150x150.jpg 150w, https:\/\/www.istitutostudisindacali.net\/bibliotecablog\/wp-content\/uploads\/sites\/17\/2019\/01\/senza-titolo-43-1-250x250.jpg 250w, https:\/\/www.istitutostudisindacali.net\/bibliotecablog\/wp-content\/uploads\/sites\/17\/2019\/01\/senza-titolo-43-1-440x440.jpg 440w\" sizes=\"(max-width: 150px) 100vw, 150px\" \/><\/a>\n\t\t\t<\/dt><\/dl><dl class='gallery-item'>\n\t\t\t<dt class='gallery-icon landscape'>\n\t\t\t\t<a href='https:\/\/www.istitutostudisindacali.net\/bibliotecablog\/showimg2-e1455621575423\/'><img loading=\"lazy\" decoding=\"async\" width=\"150\" height=\"150\" src=\"https:\/\/www.istitutostudisindacali.net\/bibliotecablog\/wp-content\/uploads\/sites\/17\/2019\/01\/showimg2-e1455621575423-150x150.jpg\" class=\"attachment-thumbnail size-thumbnail\" alt=\"\" srcset=\"https:\/\/www.istitutostudisindacali.net\/bibliotecablog\/wp-content\/uploads\/sites\/17\/2019\/01\/showimg2-e1455621575423-150x150.jpg 150w, https:\/\/www.istitutostudisindacali.net\/bibliotecablog\/wp-content\/uploads\/sites\/17\/2019\/01\/showimg2-e1455621575423-250x250.jpg 250w, https:\/\/www.istitutostudisindacali.net\/bibliotecablog\/wp-content\/uploads\/sites\/17\/2019\/01\/showimg2-e1455621575423-440x440.jpg 440w\" sizes=\"(max-width: 150px) 100vw, 150px\" \/><\/a>\n\t\t\t<\/dt><\/dl><br style=\"clear: both\" \/><dl class='gallery-item'>\n\t\t\t<dt class='gallery-icon landscape'>\n\t\t\t\t<a href='https:\/\/www.istitutostudisindacali.net\/bibliotecablog\/img019\/'><img loading=\"lazy\" decoding=\"async\" width=\"150\" height=\"150\" src=\"https:\/\/www.istitutostudisindacali.net\/bibliotecablog\/wp-content\/uploads\/sites\/17\/2019\/01\/img019-scaled-1-150x150.jpg\" class=\"attachment-thumbnail size-thumbnail\" alt=\"\" srcset=\"https:\/\/www.istitutostudisindacali.net\/bibliotecablog\/wp-content\/uploads\/sites\/17\/2019\/01\/img019-scaled-1-150x150.jpg 150w, https:\/\/www.istitutostudisindacali.net\/bibliotecablog\/wp-content\/uploads\/sites\/17\/2019\/01\/img019-scaled-1-250x250.jpg 250w, https:\/\/www.istitutostudisindacali.net\/bibliotecablog\/wp-content\/uploads\/sites\/17\/2019\/01\/img019-scaled-1-440x440.jpg 440w\" sizes=\"(max-width: 150px) 100vw, 150px\" \/><\/a>\n\t\t\t<\/dt><\/dl>\n\t\t\t<br style='clear: both' \/>\n\t\t<\/div>\n\n","protected":false},"excerpt":{"rendered":"<p>23 gennaio 1975:\u00a0sciopero generale di 4 ore indetto da CGIL, CISL e UIL\u00a0per la vertenza su occupazione, contingenza e salari. In alcune regioni lo sciopero \u00e8 esteso a 8 ore [&#8230;]Il tentativo atto di superare la grave crisi economica e sociale del nostro Paese attraverso una politica basata sulla inflazione e la riduzione dell&#8217;occupazione, non [&hellip;]<\/p>\n","protected":false},"author":7,"featured_media":1033,"comment_status":"closed","ping_status":"closed","sticky":false,"template":"","format":"standard","meta":{"_et_pb_use_builder":"","_et_pb_old_content":"","_et_gb_content_width":"","ngg_post_thumbnail":0,"_jetpack_memberships_contains_paid_content":false,"footnotes":""},"categories":[117],"tags":[168,362,522,7,655,483,11,37],"class_list":["post-1029","post","type-post","status-publish","format-standard","has-post-thumbnail","hentry","category-industria","tag-cgil","tag-cisl","tag-crisi-economica","tag-evidenza","tag-federzione-unitaria","tag-ruggero-ravenna","tag-sciopero","tag-uil","et-has-post-format-content","et_post_format-et-post-format-standard"],"yoast_head":"<!-- This site is optimized with the Yoast SEO plugin v27.4 - https:\/\/yoast.com\/product\/yoast-seo-wordpress\/ -->\n<title>&quot;Per una riconversione industriale finalizzata all&#039;espasione dell&#039;occupazione, all&#039;incremento degli investimenti, alla efficienza dell&#039;apparato produttivo&quot; di Ruggero Ravenna - Blog della Biblioteca<\/title>\n<meta name=\"robots\" content=\"index, follow, max-snippet:-1, max-image-preview:large, max-video-preview:-1\" \/>\n<link rel=\"canonical\" href=\"https:\/\/www.istitutostudisindacali.net\/bibliotecablog\/2019\/01\/23\/per-una-riconversione-industriale-finalizzata-allespasione-delloccupazione-allincremento-degli-investimenti-alla-efficienza-dellapparato-produttivo-di-ruggero-ravenna\/\" \/>\n<meta property=\"og:locale\" content=\"it_IT\" \/>\n<meta property=\"og:type\" content=\"article\" \/>\n<meta property=\"og:title\" content=\"&quot;Per una riconversione industriale finalizzata all&#039;espasione dell&#039;occupazione, all&#039;incremento degli investimenti, alla efficienza dell&#039;apparato produttivo&quot; di Ruggero Ravenna - Blog della Biblioteca\" \/>\n<meta property=\"og:description\" content=\"23 gennaio 1975:\u00a0sciopero generale di 4 ore indetto da CGIL, CISL e UIL\u00a0per la vertenza su occupazione, contingenza e salari. In alcune regioni lo sciopero \u00e8 esteso a 8 ore [&#8230;]Il tentativo atto di superare la grave crisi economica e sociale del nostro Paese attraverso una politica basata sulla inflazione e la riduzione dell&#8217;occupazione, non [&hellip;]\" \/>\n<meta property=\"og:url\" content=\"https:\/\/www.istitutostudisindacali.net\/bibliotecablog\/2019\/01\/23\/per-una-riconversione-industriale-finalizzata-allespasione-delloccupazione-allincremento-degli-investimenti-alla-efficienza-dellapparato-produttivo-di-ruggero-ravenna\/\" \/>\n<meta property=\"og:site_name\" content=\"Blog della Biblioteca\" \/>\n<meta property=\"article:published_time\" content=\"2019-01-23T08:42:48+00:00\" \/>\n<meta property=\"article:modified_time\" content=\"2023-02-04T18:11:40+00:00\" \/>\n<meta property=\"og:image\" content=\"https:\/\/www.istitutostudisindacali.net\/bibliotecablog\/wp-content\/uploads\/sites\/17\/2019\/01\/download-2.jpg\" \/>\n\t<meta property=\"og:image:width\" content=\"265\" \/>\n\t<meta property=\"og:image:height\" content=\"190\" \/>\n\t<meta property=\"og:image:type\" content=\"image\/jpeg\" \/>\n<meta name=\"author\" content=\"Loredana Pietri\" \/>\n<meta name=\"twitter:card\" content=\"summary_large_image\" \/>\n<meta name=\"twitter:label1\" content=\"Scritto da\" \/>\n\t<meta name=\"twitter:data1\" content=\"Loredana Pietri\" \/>\n\t<meta name=\"twitter:label2\" content=\"Tempo di lettura stimato\" \/>\n\t<meta name=\"twitter:data2\" content=\"3 minuti\" \/>\n<script type=\"application\/ld+json\" class=\"yoast-schema-graph\">{\"@context\":\"https:\\\/\\\/schema.org\",\"@graph\":[{\"@type\":\"Article\",\"@id\":\"https:\\\/\\\/www.istitutostudisindacali.net\\\/bibliotecablog\\\/2019\\\/01\\\/23\\\/per-una-riconversione-industriale-finalizzata-allespasione-delloccupazione-allincremento-degli-investimenti-alla-efficienza-dellapparato-produttivo-di-ruggero-ravenna\\\/#article\",\"isPartOf\":{\"@id\":\"https:\\\/\\\/www.istitutostudisindacali.net\\\/bibliotecablog\\\/2019\\\/01\\\/23\\\/per-una-riconversione-industriale-finalizzata-allespasione-delloccupazione-allincremento-degli-investimenti-alla-efficienza-dellapparato-produttivo-di-ruggero-ravenna\\\/\"},\"author\":{\"name\":\"Loredana Pietri\",\"@id\":\"https:\\\/\\\/www.istitutostudisindacali.net\\\/bibliotecablog\\\/#\\\/schema\\\/person\\\/67df37a680cbbc103a59f61989c3f7e0\"},\"headline\":\"&#8220;Per una riconversione industriale finalizzata all&#8217;espasione dell&#8217;occupazione, all&#8217;incremento degli investimenti, alla efficienza dell&#8217;apparato produttivo&#8221; di Ruggero Ravenna\",\"datePublished\":\"2019-01-23T08:42:48+00:00\",\"dateModified\":\"2023-02-04T18:11:40+00:00\",\"mainEntityOfPage\":{\"@id\":\"https:\\\/\\\/www.istitutostudisindacali.net\\\/bibliotecablog\\\/2019\\\/01\\\/23\\\/per-una-riconversione-industriale-finalizzata-allespasione-delloccupazione-allincremento-degli-investimenti-alla-efficienza-dellapparato-produttivo-di-ruggero-ravenna\\\/\"},\"wordCount\":545,\"image\":{\"@id\":\"https:\\\/\\\/www.istitutostudisindacali.net\\\/bibliotecablog\\\/2019\\\/01\\\/23\\\/per-una-riconversione-industriale-finalizzata-allespasione-delloccupazione-allincremento-degli-investimenti-alla-efficienza-dellapparato-produttivo-di-ruggero-ravenna\\\/#primaryimage\"},\"thumbnailUrl\":\"https:\\\/\\\/www.istitutostudisindacali.net\\\/bibliotecablog\\\/wp-content\\\/uploads\\\/sites\\\/17\\\/2019\\\/01\\\/download-2.jpg\",\"keywords\":[\"CGIL\",\"CISL\",\"crisi economica\",\"evidenza\",\"Federzione Unitaria\",\"Ruggero Ravenna\",\"sciopero\",\"UIL\"],\"articleSection\":[\"Industria\"],\"inLanguage\":\"it-IT\"},{\"@type\":\"WebPage\",\"@id\":\"https:\\\/\\\/www.istitutostudisindacali.net\\\/bibliotecablog\\\/2019\\\/01\\\/23\\\/per-una-riconversione-industriale-finalizzata-allespasione-delloccupazione-allincremento-degli-investimenti-alla-efficienza-dellapparato-produttivo-di-ruggero-ravenna\\\/\",\"url\":\"https:\\\/\\\/www.istitutostudisindacali.net\\\/bibliotecablog\\\/2019\\\/01\\\/23\\\/per-una-riconversione-industriale-finalizzata-allespasione-delloccupazione-allincremento-degli-investimenti-alla-efficienza-dellapparato-produttivo-di-ruggero-ravenna\\\/\",\"name\":\"\\\"Per una riconversione industriale finalizzata all'espasione dell'occupazione, all'incremento degli investimenti, alla efficienza dell'apparato produttivo\\\" di Ruggero Ravenna - Blog della Biblioteca\",\"isPartOf\":{\"@id\":\"https:\\\/\\\/www.istitutostudisindacali.net\\\/bibliotecablog\\\/#website\"},\"primaryImageOfPage\":{\"@id\":\"https:\\\/\\\/www.istitutostudisindacali.net\\\/bibliotecablog\\\/2019\\\/01\\\/23\\\/per-una-riconversione-industriale-finalizzata-allespasione-delloccupazione-allincremento-degli-investimenti-alla-efficienza-dellapparato-produttivo-di-ruggero-ravenna\\\/#primaryimage\"},\"image\":{\"@id\":\"https:\\\/\\\/www.istitutostudisindacali.net\\\/bibliotecablog\\\/2019\\\/01\\\/23\\\/per-una-riconversione-industriale-finalizzata-allespasione-delloccupazione-allincremento-degli-investimenti-alla-efficienza-dellapparato-produttivo-di-ruggero-ravenna\\\/#primaryimage\"},\"thumbnailUrl\":\"https:\\\/\\\/www.istitutostudisindacali.net\\\/bibliotecablog\\\/wp-content\\\/uploads\\\/sites\\\/17\\\/2019\\\/01\\\/download-2.jpg\",\"datePublished\":\"2019-01-23T08:42:48+00:00\",\"dateModified\":\"2023-02-04T18:11:40+00:00\",\"author\":{\"@id\":\"https:\\\/\\\/www.istitutostudisindacali.net\\\/bibliotecablog\\\/#\\\/schema\\\/person\\\/67df37a680cbbc103a59f61989c3f7e0\"},\"breadcrumb\":{\"@id\":\"https:\\\/\\\/www.istitutostudisindacali.net\\\/bibliotecablog\\\/2019\\\/01\\\/23\\\/per-una-riconversione-industriale-finalizzata-allespasione-delloccupazione-allincremento-degli-investimenti-alla-efficienza-dellapparato-produttivo-di-ruggero-ravenna\\\/#breadcrumb\"},\"inLanguage\":\"it-IT\",\"potentialAction\":[{\"@type\":\"ReadAction\",\"target\":[\"https:\\\/\\\/www.istitutostudisindacali.net\\\/bibliotecablog\\\/2019\\\/01\\\/23\\\/per-una-riconversione-industriale-finalizzata-allespasione-delloccupazione-allincremento-degli-investimenti-alla-efficienza-dellapparato-produttivo-di-ruggero-ravenna\\\/\"]}]},{\"@type\":\"ImageObject\",\"inLanguage\":\"it-IT\",\"@id\":\"https:\\\/\\\/www.istitutostudisindacali.net\\\/bibliotecablog\\\/2019\\\/01\\\/23\\\/per-una-riconversione-industriale-finalizzata-allespasione-delloccupazione-allincremento-degli-investimenti-alla-efficienza-dellapparato-produttivo-di-ruggero-ravenna\\\/#primaryimage\",\"url\":\"https:\\\/\\\/www.istitutostudisindacali.net\\\/bibliotecablog\\\/wp-content\\\/uploads\\\/sites\\\/17\\\/2019\\\/01\\\/download-2.jpg\",\"contentUrl\":\"https:\\\/\\\/www.istitutostudisindacali.net\\\/bibliotecablog\\\/wp-content\\\/uploads\\\/sites\\\/17\\\/2019\\\/01\\\/download-2.jpg\",\"width\":265,\"height\":190},{\"@type\":\"BreadcrumbList\",\"@id\":\"https:\\\/\\\/www.istitutostudisindacali.net\\\/bibliotecablog\\\/2019\\\/01\\\/23\\\/per-una-riconversione-industriale-finalizzata-allespasione-delloccupazione-allincremento-degli-investimenti-alla-efficienza-dellapparato-produttivo-di-ruggero-ravenna\\\/#breadcrumb\",\"itemListElement\":[{\"@type\":\"ListItem\",\"position\":1,\"name\":\"Home\",\"item\":\"https:\\\/\\\/www.istitutostudisindacali.net\\\/bibliotecablog\\\/\"},{\"@type\":\"ListItem\",\"position\":2,\"name\":\"&#8220;Per una riconversione industriale finalizzata all&#8217;espasione dell&#8217;occupazione, all&#8217;incremento degli investimenti, alla efficienza dell&#8217;apparato produttivo&#8221; di Ruggero Ravenna\"}]},{\"@type\":\"WebSite\",\"@id\":\"https:\\\/\\\/www.istitutostudisindacali.net\\\/bibliotecablog\\\/#website\",\"url\":\"https:\\\/\\\/www.istitutostudisindacali.net\\\/bibliotecablog\\\/\",\"name\":\"Blog della Biblioteca\",\"description\":\"Arturo Chiari\",\"potentialAction\":[{\"@type\":\"SearchAction\",\"target\":{\"@type\":\"EntryPoint\",\"urlTemplate\":\"https:\\\/\\\/www.istitutostudisindacali.net\\\/bibliotecablog\\\/?s={search_term_string}\"},\"query-input\":{\"@type\":\"PropertyValueSpecification\",\"valueRequired\":true,\"valueName\":\"search_term_string\"}}],\"inLanguage\":\"it-IT\"},{\"@type\":\"Person\",\"@id\":\"https:\\\/\\\/www.istitutostudisindacali.net\\\/bibliotecablog\\\/#\\\/schema\\\/person\\\/67df37a680cbbc103a59f61989c3f7e0\",\"name\":\"Loredana Pietri\",\"image\":{\"@type\":\"ImageObject\",\"inLanguage\":\"it-IT\",\"@id\":\"https:\\\/\\\/secure.gravatar.com\\\/avatar\\\/14e1950ca26d7443d95784cdcfad5cf200bbbc261d085cf9375e018dc286c835?s=96&d=mm&r=g\",\"url\":\"https:\\\/\\\/secure.gravatar.com\\\/avatar\\\/14e1950ca26d7443d95784cdcfad5cf200bbbc261d085cf9375e018dc286c835?s=96&d=mm&r=g\",\"contentUrl\":\"https:\\\/\\\/secure.gravatar.com\\\/avatar\\\/14e1950ca26d7443d95784cdcfad5cf200bbbc261d085cf9375e018dc286c835?s=96&d=mm&r=g\",\"caption\":\"Loredana Pietri\"},\"description\":\"Responsabile della Biblioteca si impegna nella sua conduzione per migliorarne i Servizi\",\"sameAs\":[\"https:\\\/\\\/www.istitutostudisindacali.net\\\/biblioteca\"],\"url\":\"https:\\\/\\\/www.istitutostudisindacali.net\\\/bibliotecablog\\\/author\\\/loredana-pietri\\\/\"}]}<\/script>\n<!-- \/ Yoast SEO plugin. -->","yoast_head_json":{"title":"\"Per una riconversione industriale finalizzata all'espasione dell'occupazione, all'incremento degli investimenti, alla efficienza dell'apparato produttivo\" di Ruggero Ravenna - Blog della Biblioteca","robots":{"index":"index","follow":"follow","max-snippet":"max-snippet:-1","max-image-preview":"max-image-preview:large","max-video-preview":"max-video-preview:-1"},"canonical":"https:\/\/www.istitutostudisindacali.net\/bibliotecablog\/2019\/01\/23\/per-una-riconversione-industriale-finalizzata-allespasione-delloccupazione-allincremento-degli-investimenti-alla-efficienza-dellapparato-produttivo-di-ruggero-ravenna\/","og_locale":"it_IT","og_type":"article","og_title":"\"Per una riconversione industriale finalizzata all'espasione dell'occupazione, all'incremento degli investimenti, alla efficienza dell'apparato produttivo\" di Ruggero Ravenna - Blog della Biblioteca","og_description":"23 gennaio 1975:\u00a0sciopero generale di 4 ore indetto da CGIL, CISL e UIL\u00a0per la vertenza su occupazione, contingenza e salari. In alcune regioni lo sciopero \u00e8 esteso a 8 ore [&#8230;]Il tentativo atto di superare la grave crisi economica e sociale del nostro Paese attraverso una politica basata sulla inflazione e la riduzione dell&#8217;occupazione, non [&hellip;]","og_url":"https:\/\/www.istitutostudisindacali.net\/bibliotecablog\/2019\/01\/23\/per-una-riconversione-industriale-finalizzata-allespasione-delloccupazione-allincremento-degli-investimenti-alla-efficienza-dellapparato-produttivo-di-ruggero-ravenna\/","og_site_name":"Blog della Biblioteca","article_published_time":"2019-01-23T08:42:48+00:00","article_modified_time":"2023-02-04T18:11:40+00:00","og_image":[{"width":265,"height":190,"url":"https:\/\/www.istitutostudisindacali.net\/bibliotecablog\/wp-content\/uploads\/sites\/17\/2019\/01\/download-2.jpg","type":"image\/jpeg"}],"author":"Loredana Pietri","twitter_card":"summary_large_image","twitter_misc":{"Scritto da":"Loredana Pietri","Tempo di lettura stimato":"3 minuti"},"schema":{"@context":"https:\/\/schema.org","@graph":[{"@type":"Article","@id":"https:\/\/www.istitutostudisindacali.net\/bibliotecablog\/2019\/01\/23\/per-una-riconversione-industriale-finalizzata-allespasione-delloccupazione-allincremento-degli-investimenti-alla-efficienza-dellapparato-produttivo-di-ruggero-ravenna\/#article","isPartOf":{"@id":"https:\/\/www.istitutostudisindacali.net\/bibliotecablog\/2019\/01\/23\/per-una-riconversione-industriale-finalizzata-allespasione-delloccupazione-allincremento-degli-investimenti-alla-efficienza-dellapparato-produttivo-di-ruggero-ravenna\/"},"author":{"name":"Loredana Pietri","@id":"https:\/\/www.istitutostudisindacali.net\/bibliotecablog\/#\/schema\/person\/67df37a680cbbc103a59f61989c3f7e0"},"headline":"&#8220;Per una riconversione industriale finalizzata all&#8217;espasione dell&#8217;occupazione, all&#8217;incremento degli investimenti, alla efficienza dell&#8217;apparato produttivo&#8221; di Ruggero Ravenna","datePublished":"2019-01-23T08:42:48+00:00","dateModified":"2023-02-04T18:11:40+00:00","mainEntityOfPage":{"@id":"https:\/\/www.istitutostudisindacali.net\/bibliotecablog\/2019\/01\/23\/per-una-riconversione-industriale-finalizzata-allespasione-delloccupazione-allincremento-degli-investimenti-alla-efficienza-dellapparato-produttivo-di-ruggero-ravenna\/"},"wordCount":545,"image":{"@id":"https:\/\/www.istitutostudisindacali.net\/bibliotecablog\/2019\/01\/23\/per-una-riconversione-industriale-finalizzata-allespasione-delloccupazione-allincremento-degli-investimenti-alla-efficienza-dellapparato-produttivo-di-ruggero-ravenna\/#primaryimage"},"thumbnailUrl":"https:\/\/www.istitutostudisindacali.net\/bibliotecablog\/wp-content\/uploads\/sites\/17\/2019\/01\/download-2.jpg","keywords":["CGIL","CISL","crisi economica","evidenza","Federzione Unitaria","Ruggero Ravenna","sciopero","UIL"],"articleSection":["Industria"],"inLanguage":"it-IT"},{"@type":"WebPage","@id":"https:\/\/www.istitutostudisindacali.net\/bibliotecablog\/2019\/01\/23\/per-una-riconversione-industriale-finalizzata-allespasione-delloccupazione-allincremento-degli-investimenti-alla-efficienza-dellapparato-produttivo-di-ruggero-ravenna\/","url":"https:\/\/www.istitutostudisindacali.net\/bibliotecablog\/2019\/01\/23\/per-una-riconversione-industriale-finalizzata-allespasione-delloccupazione-allincremento-degli-investimenti-alla-efficienza-dellapparato-produttivo-di-ruggero-ravenna\/","name":"\"Per una riconversione industriale finalizzata all'espasione dell'occupazione, all'incremento degli investimenti, alla efficienza dell'apparato produttivo\" di Ruggero Ravenna - Blog della Biblioteca","isPartOf":{"@id":"https:\/\/www.istitutostudisindacali.net\/bibliotecablog\/#website"},"primaryImageOfPage":{"@id":"https:\/\/www.istitutostudisindacali.net\/bibliotecablog\/2019\/01\/23\/per-una-riconversione-industriale-finalizzata-allespasione-delloccupazione-allincremento-degli-investimenti-alla-efficienza-dellapparato-produttivo-di-ruggero-ravenna\/#primaryimage"},"image":{"@id":"https:\/\/www.istitutostudisindacali.net\/bibliotecablog\/2019\/01\/23\/per-una-riconversione-industriale-finalizzata-allespasione-delloccupazione-allincremento-degli-investimenti-alla-efficienza-dellapparato-produttivo-di-ruggero-ravenna\/#primaryimage"},"thumbnailUrl":"https:\/\/www.istitutostudisindacali.net\/bibliotecablog\/wp-content\/uploads\/sites\/17\/2019\/01\/download-2.jpg","datePublished":"2019-01-23T08:42:48+00:00","dateModified":"2023-02-04T18:11:40+00:00","author":{"@id":"https:\/\/www.istitutostudisindacali.net\/bibliotecablog\/#\/schema\/person\/67df37a680cbbc103a59f61989c3f7e0"},"breadcrumb":{"@id":"https:\/\/www.istitutostudisindacali.net\/bibliotecablog\/2019\/01\/23\/per-una-riconversione-industriale-finalizzata-allespasione-delloccupazione-allincremento-degli-investimenti-alla-efficienza-dellapparato-produttivo-di-ruggero-ravenna\/#breadcrumb"},"inLanguage":"it-IT","potentialAction":[{"@type":"ReadAction","target":["https:\/\/www.istitutostudisindacali.net\/bibliotecablog\/2019\/01\/23\/per-una-riconversione-industriale-finalizzata-allespasione-delloccupazione-allincremento-degli-investimenti-alla-efficienza-dellapparato-produttivo-di-ruggero-ravenna\/"]}]},{"@type":"ImageObject","inLanguage":"it-IT","@id":"https:\/\/www.istitutostudisindacali.net\/bibliotecablog\/2019\/01\/23\/per-una-riconversione-industriale-finalizzata-allespasione-delloccupazione-allincremento-degli-investimenti-alla-efficienza-dellapparato-produttivo-di-ruggero-ravenna\/#primaryimage","url":"https:\/\/www.istitutostudisindacali.net\/bibliotecablog\/wp-content\/uploads\/sites\/17\/2019\/01\/download-2.jpg","contentUrl":"https:\/\/www.istitutostudisindacali.net\/bibliotecablog\/wp-content\/uploads\/sites\/17\/2019\/01\/download-2.jpg","width":265,"height":190},{"@type":"BreadcrumbList","@id":"https:\/\/www.istitutostudisindacali.net\/bibliotecablog\/2019\/01\/23\/per-una-riconversione-industriale-finalizzata-allespasione-delloccupazione-allincremento-degli-investimenti-alla-efficienza-dellapparato-produttivo-di-ruggero-ravenna\/#breadcrumb","itemListElement":[{"@type":"ListItem","position":1,"name":"Home","item":"https:\/\/www.istitutostudisindacali.net\/bibliotecablog\/"},{"@type":"ListItem","position":2,"name":"&#8220;Per una riconversione industriale finalizzata all&#8217;espasione dell&#8217;occupazione, all&#8217;incremento degli investimenti, alla efficienza dell&#8217;apparato produttivo&#8221; di Ruggero Ravenna"}]},{"@type":"WebSite","@id":"https:\/\/www.istitutostudisindacali.net\/bibliotecablog\/#website","url":"https:\/\/www.istitutostudisindacali.net\/bibliotecablog\/","name":"Blog della Biblioteca","description":"Arturo Chiari","potentialAction":[{"@type":"SearchAction","target":{"@type":"EntryPoint","urlTemplate":"https:\/\/www.istitutostudisindacali.net\/bibliotecablog\/?s={search_term_string}"},"query-input":{"@type":"PropertyValueSpecification","valueRequired":true,"valueName":"search_term_string"}}],"inLanguage":"it-IT"},{"@type":"Person","@id":"https:\/\/www.istitutostudisindacali.net\/bibliotecablog\/#\/schema\/person\/67df37a680cbbc103a59f61989c3f7e0","name":"Loredana Pietri","image":{"@type":"ImageObject","inLanguage":"it-IT","@id":"https:\/\/secure.gravatar.com\/avatar\/14e1950ca26d7443d95784cdcfad5cf200bbbc261d085cf9375e018dc286c835?s=96&d=mm&r=g","url":"https:\/\/secure.gravatar.com\/avatar\/14e1950ca26d7443d95784cdcfad5cf200bbbc261d085cf9375e018dc286c835?s=96&d=mm&r=g","contentUrl":"https:\/\/secure.gravatar.com\/avatar\/14e1950ca26d7443d95784cdcfad5cf200bbbc261d085cf9375e018dc286c835?s=96&d=mm&r=g","caption":"Loredana Pietri"},"description":"Responsabile della Biblioteca si impegna nella sua conduzione per migliorarne i Servizi","sameAs":["https:\/\/www.istitutostudisindacali.net\/biblioteca"],"url":"https:\/\/www.istitutostudisindacali.net\/bibliotecablog\/author\/loredana-pietri\/"}]}},"jetpack_featured_media_url":"https:\/\/www.istitutostudisindacali.net\/bibliotecablog\/wp-content\/uploads\/sites\/17\/2019\/01\/download-2.jpg","jetpack_sharing_enabled":true,"_links":{"self":[{"href":"https:\/\/www.istitutostudisindacali.net\/bibliotecablog\/wp-json\/wp\/v2\/posts\/1029","targetHints":{"allow":["GET"]}}],"collection":[{"href":"https:\/\/www.istitutostudisindacali.net\/bibliotecablog\/wp-json\/wp\/v2\/posts"}],"about":[{"href":"https:\/\/www.istitutostudisindacali.net\/bibliotecablog\/wp-json\/wp\/v2\/types\/post"}],"author":[{"embeddable":true,"href":"https:\/\/www.istitutostudisindacali.net\/bibliotecablog\/wp-json\/wp\/v2\/users\/7"}],"replies":[{"embeddable":true,"href":"https:\/\/www.istitutostudisindacali.net\/bibliotecablog\/wp-json\/wp\/v2\/comments?post=1029"}],"version-history":[{"count":1,"href":"https:\/\/www.istitutostudisindacali.net\/bibliotecablog\/wp-json\/wp\/v2\/posts\/1029\/revisions"}],"predecessor-version":[{"id":4532,"href":"https:\/\/www.istitutostudisindacali.net\/bibliotecablog\/wp-json\/wp\/v2\/posts\/1029\/revisions\/4532"}],"wp:featuredmedia":[{"embeddable":true,"href":"https:\/\/www.istitutostudisindacali.net\/bibliotecablog\/wp-json\/wp\/v2\/media\/1033"}],"wp:attachment":[{"href":"https:\/\/www.istitutostudisindacali.net\/bibliotecablog\/wp-json\/wp\/v2\/media?parent=1029"}],"wp:term":[{"taxonomy":"category","embeddable":true,"href":"https:\/\/www.istitutostudisindacali.net\/bibliotecablog\/wp-json\/wp\/v2\/categories?post=1029"},{"taxonomy":"post_tag","embeddable":true,"href":"https:\/\/www.istitutostudisindacali.net\/bibliotecablog\/wp-json\/wp\/v2\/tags?post=1029"}],"curies":[{"name":"wp","href":"https:\/\/api.w.org\/{rel}","templated":true}]}}