{"id":102,"date":"2018-07-26T11:13:49","date_gmt":"2018-07-26T09:13:49","guid":{"rendered":"https:\/\/bibliotecarturochiari.wordpress.com\/?p=102"},"modified":"2023-02-04T19:12:26","modified_gmt":"2023-02-04T18:12:26","slug":"storia-del-socialismo-a-cura-di-jacques-droz-disponibile-presso-la-biblioteca-nazionale-uil-arturo-chiar","status":"publish","type":"post","link":"https:\/\/www.istitutostudisindacali.net\/bibliotecablog\/2018\/07\/26\/storia-del-socialismo-a-cura-di-jacques-droz-disponibile-presso-la-biblioteca-nazionale-uil-arturo-chiar\/","title":{"rendered":"&#8220;Storia del socialismo&#8221;  a cura di Jacques Droz  Disponibile presso la Biblioteca Nazionale UIL Arturo Chiari"},"content":{"rendered":"<p>[&#8230;] negli anni dal 1865 al 1867, imponente sviluppo, di tipo sindacalista, sotto la spinta delle grandi lotte rivendicative che hanno luogo tra il 1868 e il 1870 : i lavori dei primi quattro congressi dell&#8217;Associazione internazionale degli operai confermano questa periodizzazione. Un primo congresso, previsto per il 1865 a Bruxelles, non pu\u00f2 aver luogo e viene sostituito da una conferenza tenutasi a Londra (25-29 settembre), nella quale ci si limita a sanzionare i contatti annodati nel 1864. Al congresso di Ginevra (3-8 settembre 1866), il primo vero congresso internazionale, a dare il tono ai dibattiti \u00e8 la delegazione francese, tutta o quasi proudhoniana. Diretta da Tolain, la delegazione sostiene la necessit\u00e0 di affrancare la classe operaia grazie ad una generalizzazione del &lt;&lt;mutualismo&gt;&gt;: si deve stabilire &lt;&lt;lo scambio sulle basi della reciprocit\u00e0, organizzando un sistema di credito mutuo e gratuito, nazionale e quindi internazionale; non si tratta di distruggere la societ\u00e0 esistente quanto piuttosto di migliorarla&gt;&gt;. Quindi, niente rivoluzione e niente scioperi. Al congresso di Losanna (2 &#8211; 8 settembre 1867) la preminenza francese \u00e8 ancora netta, anche se gi\u00e0 indebolita. Marx ne denuncia ironicamente certe lacune: &lt;&lt;I signori parigini avevano la testa piena delle pi\u00f9 vuote frasi di Proudhon; parlano di scienza e non sanno niente&gt;&gt;. In realt\u00e0, il trionfo delle idee proudhoniane \u00e8 solo apparente. Anche in Francia, esse non rispondono pi\u00f9 all&#8217;evoluzione del movimento operaio. La societ\u00e0 &#8211; e in primo luogo le cooperative &#8211; che si proclamano operaie sono fallite dalla prima all&#8217;ultima. La prassi dello sciopero, e quindi della Camera sindacale, tende ad imporsi nei fatti. Al congresso di Bruxelles (6-13 settembre 1868) i delegati si pronunciano quindi per la legittimit\u00e0 e la necessit\u00e0 dello sciopero.Riaffermano la necessit\u00e0 della cooperazione operaia, ma con prospettive completamente diverse da quelle previste nel precedente congresso: le associazioni cooperative debbono costituire la base della futura societ\u00e0 socialista emancipata. Su proposta dei belgi, il congresso si dichiara a favore dell&#8217;approvazione collettiva del suolo, delle miniere, delle cave, delle foreste, dei mezzi di trasporto: con grande scandalo di un ultimo, sparuto gruppetto di proudhoniani moderati, si fa sentire cos\u00ec l&#8217;influenza crescente dei &lt;&lt;collettivisti&gt;&gt;, non tutti &lt;&lt;marxisti&gt;&gt; ma per lo pi\u00f9, come C\u00e9sar de Paepe, vicini a Marx. La grande svolta avviene definitivamente al congresso successivo, quello di Basilea (5-12 settembre 1869). In questo congresso, autenticamente internazionale (su settantotto delegati si contano ventisette francesi, ventiquattro svizzeri, dieci tedeschi, sei inglesi, cinque belgi, due austriaci,due spagnoli, un italiano e un americano), le risoluzioni collettiviste adottatea Bruxelles vengono confermate con cinquantaquattro voti contro quattro e tredici astensioni (l&#8217;opposizione \u00e8 sempre francese): &lt;&lt;Il congresso dichiara che la societ\u00e0 ha diritto di abolire la propriet\u00e0 individuale della terra e di trasferire la terra alla comunit\u00e0&gt;&gt;. Ancora pi\u00f9 importante la risoluzione, adottata all&#8217;unanimit\u00e0, che afferma la necessit\u00e0 di un&#8217;organizzazione sindacale internazionalistica: &lt;&lt;Il congresso ritiene che tutti i lavoratori debbano operare attivamente per creare societ\u00e0 di resistenza nei vari corpi di mestiere&gt;&gt; [&#8230;]. Tratto dal libro &#8220;Storia del socialismo&#8221; a cura di Jacques Droz Disponibile presso la Biblioteca Nazionale UIL Arturo Chiar<\/p>\n","protected":false},"excerpt":{"rendered":"<p>[&#8230;] negli anni dal 1865 al 1867, imponente sviluppo, di tipo sindacalista, sotto la spinta delle grandi lotte rivendicative che hanno luogo tra il 1868 e il 1870 : i lavori dei primi quattro congressi dell&#8217;Associazione internazionale degli operai confermano questa periodizzazione. Un primo congresso, previsto per il 1865 a Bruxelles, non pu\u00f2 aver luogo [&hellip;]<\/p>\n","protected":false},"author":7,"featured_media":103,"comment_status":"closed","ping_status":"closed","sticky":false,"template":"","format":"standard","meta":{"_et_pb_use_builder":"","_et_pb_old_content":"","_et_gb_content_width":"","ngg_post_thumbnail":0,"_jetpack_memberships_contains_paid_content":false,"footnotes":""},"categories":[107],"tags":[7,623],"class_list":["post-102","post","type-post","status-publish","format-standard","has-post-thumbnail","hentry","category-politica","tag-evidenza","tag-storia-del-socialismo","et-has-post-format-content","et_post_format-et-post-format-standard"],"yoast_head":"<!-- This site is optimized with the Yoast SEO plugin v27.4 - https:\/\/yoast.com\/product\/yoast-seo-wordpress\/ -->\n<title>&quot;Storia del socialismo&quot; a cura di Jacques Droz Disponibile presso la Biblioteca Nazionale UIL Arturo Chiari - Blog della Biblioteca<\/title>\n<meta name=\"robots\" content=\"index, follow, max-snippet:-1, max-image-preview:large, max-video-preview:-1\" \/>\n<link rel=\"canonical\" href=\"https:\/\/www.istitutostudisindacali.net\/bibliotecablog\/2018\/07\/26\/storia-del-socialismo-a-cura-di-jacques-droz-disponibile-presso-la-biblioteca-nazionale-uil-arturo-chiar\/\" \/>\n<meta property=\"og:locale\" content=\"it_IT\" \/>\n<meta property=\"og:type\" content=\"article\" \/>\n<meta property=\"og:title\" content=\"&quot;Storia del socialismo&quot; a cura di Jacques Droz Disponibile presso la Biblioteca Nazionale UIL Arturo Chiari - Blog della Biblioteca\" \/>\n<meta property=\"og:description\" content=\"[&#8230;] negli anni dal 1865 al 1867, imponente sviluppo, di tipo sindacalista, sotto la spinta delle grandi lotte rivendicative che hanno luogo tra il 1868 e il 1870 : i lavori dei primi quattro congressi dell&#8217;Associazione internazionale degli operai confermano questa periodizzazione. Un primo congresso, previsto per il 1865 a Bruxelles, non pu\u00f2 aver luogo [&hellip;]\" \/>\n<meta property=\"og:url\" content=\"https:\/\/www.istitutostudisindacali.net\/bibliotecablog\/2018\/07\/26\/storia-del-socialismo-a-cura-di-jacques-droz-disponibile-presso-la-biblioteca-nazionale-uil-arturo-chiar\/\" \/>\n<meta property=\"og:site_name\" content=\"Blog della Biblioteca\" \/>\n<meta property=\"article:published_time\" content=\"2018-07-26T09:13:49+00:00\" \/>\n<meta property=\"article:modified_time\" content=\"2023-02-04T18:12:26+00:00\" \/>\n<meta property=\"og:image\" content=\"https:\/\/www.istitutostudisindacali.net\/bibliotecablog\/wp-content\/uploads\/sites\/17\/2018\/07\/socialismo.jpg\" \/>\n\t<meta property=\"og:image:width\" content=\"295\" \/>\n\t<meta property=\"og:image:height\" content=\"320\" \/>\n\t<meta property=\"og:image:type\" content=\"image\/jpeg\" \/>\n<meta name=\"author\" content=\"Loredana Pietri\" \/>\n<meta name=\"twitter:card\" content=\"summary_large_image\" \/>\n<meta name=\"twitter:label1\" content=\"Scritto da\" \/>\n\t<meta name=\"twitter:data1\" content=\"Loredana Pietri\" \/>\n\t<meta name=\"twitter:label2\" content=\"Tempo di lettura stimato\" \/>\n\t<meta name=\"twitter:data2\" content=\"3 minuti\" \/>\n<script type=\"application\/ld+json\" class=\"yoast-schema-graph\">{\"@context\":\"https:\\\/\\\/schema.org\",\"@graph\":[{\"@type\":\"Article\",\"@id\":\"https:\\\/\\\/www.istitutostudisindacali.net\\\/bibliotecablog\\\/2018\\\/07\\\/26\\\/storia-del-socialismo-a-cura-di-jacques-droz-disponibile-presso-la-biblioteca-nazionale-uil-arturo-chiar\\\/#article\",\"isPartOf\":{\"@id\":\"https:\\\/\\\/www.istitutostudisindacali.net\\\/bibliotecablog\\\/2018\\\/07\\\/26\\\/storia-del-socialismo-a-cura-di-jacques-droz-disponibile-presso-la-biblioteca-nazionale-uil-arturo-chiar\\\/\"},\"author\":{\"name\":\"Loredana Pietri\",\"@id\":\"https:\\\/\\\/www.istitutostudisindacali.net\\\/bibliotecablog\\\/#\\\/schema\\\/person\\\/67df37a680cbbc103a59f61989c3f7e0\"},\"headline\":\"&#8220;Storia del socialismo&#8221; a cura di Jacques Droz Disponibile presso la Biblioteca Nazionale UIL Arturo Chiari\",\"datePublished\":\"2018-07-26T09:13:49+00:00\",\"dateModified\":\"2023-02-04T18:12:26+00:00\",\"mainEntityOfPage\":{\"@id\":\"https:\\\/\\\/www.istitutostudisindacali.net\\\/bibliotecablog\\\/2018\\\/07\\\/26\\\/storia-del-socialismo-a-cura-di-jacques-droz-disponibile-presso-la-biblioteca-nazionale-uil-arturo-chiar\\\/\"},\"wordCount\":540,\"image\":{\"@id\":\"https:\\\/\\\/www.istitutostudisindacali.net\\\/bibliotecablog\\\/2018\\\/07\\\/26\\\/storia-del-socialismo-a-cura-di-jacques-droz-disponibile-presso-la-biblioteca-nazionale-uil-arturo-chiar\\\/#primaryimage\"},\"thumbnailUrl\":\"https:\\\/\\\/www.istitutostudisindacali.net\\\/bibliotecablog\\\/wp-content\\\/uploads\\\/sites\\\/17\\\/2018\\\/07\\\/socialismo.jpg\",\"keywords\":[\"evidenza\",\"Storia del socialismo\"],\"articleSection\":[\"Politica\"],\"inLanguage\":\"it-IT\"},{\"@type\":\"WebPage\",\"@id\":\"https:\\\/\\\/www.istitutostudisindacali.net\\\/bibliotecablog\\\/2018\\\/07\\\/26\\\/storia-del-socialismo-a-cura-di-jacques-droz-disponibile-presso-la-biblioteca-nazionale-uil-arturo-chiar\\\/\",\"url\":\"https:\\\/\\\/www.istitutostudisindacali.net\\\/bibliotecablog\\\/2018\\\/07\\\/26\\\/storia-del-socialismo-a-cura-di-jacques-droz-disponibile-presso-la-biblioteca-nazionale-uil-arturo-chiar\\\/\",\"name\":\"\\\"Storia del socialismo\\\" a cura di Jacques Droz Disponibile presso la Biblioteca Nazionale UIL Arturo Chiari - Blog della Biblioteca\",\"isPartOf\":{\"@id\":\"https:\\\/\\\/www.istitutostudisindacali.net\\\/bibliotecablog\\\/#website\"},\"primaryImageOfPage\":{\"@id\":\"https:\\\/\\\/www.istitutostudisindacali.net\\\/bibliotecablog\\\/2018\\\/07\\\/26\\\/storia-del-socialismo-a-cura-di-jacques-droz-disponibile-presso-la-biblioteca-nazionale-uil-arturo-chiar\\\/#primaryimage\"},\"image\":{\"@id\":\"https:\\\/\\\/www.istitutostudisindacali.net\\\/bibliotecablog\\\/2018\\\/07\\\/26\\\/storia-del-socialismo-a-cura-di-jacques-droz-disponibile-presso-la-biblioteca-nazionale-uil-arturo-chiar\\\/#primaryimage\"},\"thumbnailUrl\":\"https:\\\/\\\/www.istitutostudisindacali.net\\\/bibliotecablog\\\/wp-content\\\/uploads\\\/sites\\\/17\\\/2018\\\/07\\\/socialismo.jpg\",\"datePublished\":\"2018-07-26T09:13:49+00:00\",\"dateModified\":\"2023-02-04T18:12:26+00:00\",\"author\":{\"@id\":\"https:\\\/\\\/www.istitutostudisindacali.net\\\/bibliotecablog\\\/#\\\/schema\\\/person\\\/67df37a680cbbc103a59f61989c3f7e0\"},\"breadcrumb\":{\"@id\":\"https:\\\/\\\/www.istitutostudisindacali.net\\\/bibliotecablog\\\/2018\\\/07\\\/26\\\/storia-del-socialismo-a-cura-di-jacques-droz-disponibile-presso-la-biblioteca-nazionale-uil-arturo-chiar\\\/#breadcrumb\"},\"inLanguage\":\"it-IT\",\"potentialAction\":[{\"@type\":\"ReadAction\",\"target\":[\"https:\\\/\\\/www.istitutostudisindacali.net\\\/bibliotecablog\\\/2018\\\/07\\\/26\\\/storia-del-socialismo-a-cura-di-jacques-droz-disponibile-presso-la-biblioteca-nazionale-uil-arturo-chiar\\\/\"]}]},{\"@type\":\"ImageObject\",\"inLanguage\":\"it-IT\",\"@id\":\"https:\\\/\\\/www.istitutostudisindacali.net\\\/bibliotecablog\\\/2018\\\/07\\\/26\\\/storia-del-socialismo-a-cura-di-jacques-droz-disponibile-presso-la-biblioteca-nazionale-uil-arturo-chiar\\\/#primaryimage\",\"url\":\"https:\\\/\\\/www.istitutostudisindacali.net\\\/bibliotecablog\\\/wp-content\\\/uploads\\\/sites\\\/17\\\/2018\\\/07\\\/socialismo.jpg\",\"contentUrl\":\"https:\\\/\\\/www.istitutostudisindacali.net\\\/bibliotecablog\\\/wp-content\\\/uploads\\\/sites\\\/17\\\/2018\\\/07\\\/socialismo.jpg\",\"width\":295,\"height\":320},{\"@type\":\"BreadcrumbList\",\"@id\":\"https:\\\/\\\/www.istitutostudisindacali.net\\\/bibliotecablog\\\/2018\\\/07\\\/26\\\/storia-del-socialismo-a-cura-di-jacques-droz-disponibile-presso-la-biblioteca-nazionale-uil-arturo-chiar\\\/#breadcrumb\",\"itemListElement\":[{\"@type\":\"ListItem\",\"position\":1,\"name\":\"Home\",\"item\":\"https:\\\/\\\/www.istitutostudisindacali.net\\\/bibliotecablog\\\/\"},{\"@type\":\"ListItem\",\"position\":2,\"name\":\"&#8220;Storia del socialismo&#8221; a cura di Jacques Droz Disponibile presso la Biblioteca Nazionale UIL Arturo Chiari\"}]},{\"@type\":\"WebSite\",\"@id\":\"https:\\\/\\\/www.istitutostudisindacali.net\\\/bibliotecablog\\\/#website\",\"url\":\"https:\\\/\\\/www.istitutostudisindacali.net\\\/bibliotecablog\\\/\",\"name\":\"Blog della Biblioteca\",\"description\":\"Arturo Chiari\",\"potentialAction\":[{\"@type\":\"SearchAction\",\"target\":{\"@type\":\"EntryPoint\",\"urlTemplate\":\"https:\\\/\\\/www.istitutostudisindacali.net\\\/bibliotecablog\\\/?s={search_term_string}\"},\"query-input\":{\"@type\":\"PropertyValueSpecification\",\"valueRequired\":true,\"valueName\":\"search_term_string\"}}],\"inLanguage\":\"it-IT\"},{\"@type\":\"Person\",\"@id\":\"https:\\\/\\\/www.istitutostudisindacali.net\\\/bibliotecablog\\\/#\\\/schema\\\/person\\\/67df37a680cbbc103a59f61989c3f7e0\",\"name\":\"Loredana Pietri\",\"image\":{\"@type\":\"ImageObject\",\"inLanguage\":\"it-IT\",\"@id\":\"https:\\\/\\\/secure.gravatar.com\\\/avatar\\\/14e1950ca26d7443d95784cdcfad5cf200bbbc261d085cf9375e018dc286c835?s=96&d=mm&r=g\",\"url\":\"https:\\\/\\\/secure.gravatar.com\\\/avatar\\\/14e1950ca26d7443d95784cdcfad5cf200bbbc261d085cf9375e018dc286c835?s=96&d=mm&r=g\",\"contentUrl\":\"https:\\\/\\\/secure.gravatar.com\\\/avatar\\\/14e1950ca26d7443d95784cdcfad5cf200bbbc261d085cf9375e018dc286c835?s=96&d=mm&r=g\",\"caption\":\"Loredana Pietri\"},\"description\":\"Responsabile della Biblioteca si impegna nella sua conduzione per migliorarne i Servizi\",\"sameAs\":[\"https:\\\/\\\/www.istitutostudisindacali.net\\\/biblioteca\"],\"url\":\"https:\\\/\\\/www.istitutostudisindacali.net\\\/bibliotecablog\\\/author\\\/loredana-pietri\\\/\"}]}<\/script>\n<!-- \/ Yoast SEO plugin. -->","yoast_head_json":{"title":"\"Storia del socialismo\" a cura di Jacques Droz Disponibile presso la Biblioteca Nazionale UIL Arturo Chiari - Blog della Biblioteca","robots":{"index":"index","follow":"follow","max-snippet":"max-snippet:-1","max-image-preview":"max-image-preview:large","max-video-preview":"max-video-preview:-1"},"canonical":"https:\/\/www.istitutostudisindacali.net\/bibliotecablog\/2018\/07\/26\/storia-del-socialismo-a-cura-di-jacques-droz-disponibile-presso-la-biblioteca-nazionale-uil-arturo-chiar\/","og_locale":"it_IT","og_type":"article","og_title":"\"Storia del socialismo\" a cura di Jacques Droz Disponibile presso la Biblioteca Nazionale UIL Arturo Chiari - Blog della Biblioteca","og_description":"[&#8230;] negli anni dal 1865 al 1867, imponente sviluppo, di tipo sindacalista, sotto la spinta delle grandi lotte rivendicative che hanno luogo tra il 1868 e il 1870 : i lavori dei primi quattro congressi dell&#8217;Associazione internazionale degli operai confermano questa periodizzazione. Un primo congresso, previsto per il 1865 a Bruxelles, non pu\u00f2 aver luogo [&hellip;]","og_url":"https:\/\/www.istitutostudisindacali.net\/bibliotecablog\/2018\/07\/26\/storia-del-socialismo-a-cura-di-jacques-droz-disponibile-presso-la-biblioteca-nazionale-uil-arturo-chiar\/","og_site_name":"Blog della Biblioteca","article_published_time":"2018-07-26T09:13:49+00:00","article_modified_time":"2023-02-04T18:12:26+00:00","og_image":[{"width":295,"height":320,"url":"https:\/\/www.istitutostudisindacali.net\/bibliotecablog\/wp-content\/uploads\/sites\/17\/2018\/07\/socialismo.jpg","type":"image\/jpeg"}],"author":"Loredana Pietri","twitter_card":"summary_large_image","twitter_misc":{"Scritto da":"Loredana Pietri","Tempo di lettura stimato":"3 minuti"},"schema":{"@context":"https:\/\/schema.org","@graph":[{"@type":"Article","@id":"https:\/\/www.istitutostudisindacali.net\/bibliotecablog\/2018\/07\/26\/storia-del-socialismo-a-cura-di-jacques-droz-disponibile-presso-la-biblioteca-nazionale-uil-arturo-chiar\/#article","isPartOf":{"@id":"https:\/\/www.istitutostudisindacali.net\/bibliotecablog\/2018\/07\/26\/storia-del-socialismo-a-cura-di-jacques-droz-disponibile-presso-la-biblioteca-nazionale-uil-arturo-chiar\/"},"author":{"name":"Loredana Pietri","@id":"https:\/\/www.istitutostudisindacali.net\/bibliotecablog\/#\/schema\/person\/67df37a680cbbc103a59f61989c3f7e0"},"headline":"&#8220;Storia del socialismo&#8221; a cura di Jacques Droz Disponibile presso la Biblioteca Nazionale UIL Arturo Chiari","datePublished":"2018-07-26T09:13:49+00:00","dateModified":"2023-02-04T18:12:26+00:00","mainEntityOfPage":{"@id":"https:\/\/www.istitutostudisindacali.net\/bibliotecablog\/2018\/07\/26\/storia-del-socialismo-a-cura-di-jacques-droz-disponibile-presso-la-biblioteca-nazionale-uil-arturo-chiar\/"},"wordCount":540,"image":{"@id":"https:\/\/www.istitutostudisindacali.net\/bibliotecablog\/2018\/07\/26\/storia-del-socialismo-a-cura-di-jacques-droz-disponibile-presso-la-biblioteca-nazionale-uil-arturo-chiar\/#primaryimage"},"thumbnailUrl":"https:\/\/www.istitutostudisindacali.net\/bibliotecablog\/wp-content\/uploads\/sites\/17\/2018\/07\/socialismo.jpg","keywords":["evidenza","Storia del socialismo"],"articleSection":["Politica"],"inLanguage":"it-IT"},{"@type":"WebPage","@id":"https:\/\/www.istitutostudisindacali.net\/bibliotecablog\/2018\/07\/26\/storia-del-socialismo-a-cura-di-jacques-droz-disponibile-presso-la-biblioteca-nazionale-uil-arturo-chiar\/","url":"https:\/\/www.istitutostudisindacali.net\/bibliotecablog\/2018\/07\/26\/storia-del-socialismo-a-cura-di-jacques-droz-disponibile-presso-la-biblioteca-nazionale-uil-arturo-chiar\/","name":"\"Storia del socialismo\" a cura di Jacques Droz Disponibile presso la Biblioteca Nazionale UIL Arturo Chiari - Blog della Biblioteca","isPartOf":{"@id":"https:\/\/www.istitutostudisindacali.net\/bibliotecablog\/#website"},"primaryImageOfPage":{"@id":"https:\/\/www.istitutostudisindacali.net\/bibliotecablog\/2018\/07\/26\/storia-del-socialismo-a-cura-di-jacques-droz-disponibile-presso-la-biblioteca-nazionale-uil-arturo-chiar\/#primaryimage"},"image":{"@id":"https:\/\/www.istitutostudisindacali.net\/bibliotecablog\/2018\/07\/26\/storia-del-socialismo-a-cura-di-jacques-droz-disponibile-presso-la-biblioteca-nazionale-uil-arturo-chiar\/#primaryimage"},"thumbnailUrl":"https:\/\/www.istitutostudisindacali.net\/bibliotecablog\/wp-content\/uploads\/sites\/17\/2018\/07\/socialismo.jpg","datePublished":"2018-07-26T09:13:49+00:00","dateModified":"2023-02-04T18:12:26+00:00","author":{"@id":"https:\/\/www.istitutostudisindacali.net\/bibliotecablog\/#\/schema\/person\/67df37a680cbbc103a59f61989c3f7e0"},"breadcrumb":{"@id":"https:\/\/www.istitutostudisindacali.net\/bibliotecablog\/2018\/07\/26\/storia-del-socialismo-a-cura-di-jacques-droz-disponibile-presso-la-biblioteca-nazionale-uil-arturo-chiar\/#breadcrumb"},"inLanguage":"it-IT","potentialAction":[{"@type":"ReadAction","target":["https:\/\/www.istitutostudisindacali.net\/bibliotecablog\/2018\/07\/26\/storia-del-socialismo-a-cura-di-jacques-droz-disponibile-presso-la-biblioteca-nazionale-uil-arturo-chiar\/"]}]},{"@type":"ImageObject","inLanguage":"it-IT","@id":"https:\/\/www.istitutostudisindacali.net\/bibliotecablog\/2018\/07\/26\/storia-del-socialismo-a-cura-di-jacques-droz-disponibile-presso-la-biblioteca-nazionale-uil-arturo-chiar\/#primaryimage","url":"https:\/\/www.istitutostudisindacali.net\/bibliotecablog\/wp-content\/uploads\/sites\/17\/2018\/07\/socialismo.jpg","contentUrl":"https:\/\/www.istitutostudisindacali.net\/bibliotecablog\/wp-content\/uploads\/sites\/17\/2018\/07\/socialismo.jpg","width":295,"height":320},{"@type":"BreadcrumbList","@id":"https:\/\/www.istitutostudisindacali.net\/bibliotecablog\/2018\/07\/26\/storia-del-socialismo-a-cura-di-jacques-droz-disponibile-presso-la-biblioteca-nazionale-uil-arturo-chiar\/#breadcrumb","itemListElement":[{"@type":"ListItem","position":1,"name":"Home","item":"https:\/\/www.istitutostudisindacali.net\/bibliotecablog\/"},{"@type":"ListItem","position":2,"name":"&#8220;Storia del socialismo&#8221; a cura di Jacques Droz Disponibile presso la Biblioteca Nazionale UIL Arturo Chiari"}]},{"@type":"WebSite","@id":"https:\/\/www.istitutostudisindacali.net\/bibliotecablog\/#website","url":"https:\/\/www.istitutostudisindacali.net\/bibliotecablog\/","name":"Blog della Biblioteca","description":"Arturo Chiari","potentialAction":[{"@type":"SearchAction","target":{"@type":"EntryPoint","urlTemplate":"https:\/\/www.istitutostudisindacali.net\/bibliotecablog\/?s={search_term_string}"},"query-input":{"@type":"PropertyValueSpecification","valueRequired":true,"valueName":"search_term_string"}}],"inLanguage":"it-IT"},{"@type":"Person","@id":"https:\/\/www.istitutostudisindacali.net\/bibliotecablog\/#\/schema\/person\/67df37a680cbbc103a59f61989c3f7e0","name":"Loredana Pietri","image":{"@type":"ImageObject","inLanguage":"it-IT","@id":"https:\/\/secure.gravatar.com\/avatar\/14e1950ca26d7443d95784cdcfad5cf200bbbc261d085cf9375e018dc286c835?s=96&d=mm&r=g","url":"https:\/\/secure.gravatar.com\/avatar\/14e1950ca26d7443d95784cdcfad5cf200bbbc261d085cf9375e018dc286c835?s=96&d=mm&r=g","contentUrl":"https:\/\/secure.gravatar.com\/avatar\/14e1950ca26d7443d95784cdcfad5cf200bbbc261d085cf9375e018dc286c835?s=96&d=mm&r=g","caption":"Loredana Pietri"},"description":"Responsabile della Biblioteca si impegna nella sua conduzione per migliorarne i Servizi","sameAs":["https:\/\/www.istitutostudisindacali.net\/biblioteca"],"url":"https:\/\/www.istitutostudisindacali.net\/bibliotecablog\/author\/loredana-pietri\/"}]}},"jetpack_featured_media_url":"https:\/\/www.istitutostudisindacali.net\/bibliotecablog\/wp-content\/uploads\/sites\/17\/2018\/07\/socialismo.jpg","jetpack_sharing_enabled":true,"_links":{"self":[{"href":"https:\/\/www.istitutostudisindacali.net\/bibliotecablog\/wp-json\/wp\/v2\/posts\/102","targetHints":{"allow":["GET"]}}],"collection":[{"href":"https:\/\/www.istitutostudisindacali.net\/bibliotecablog\/wp-json\/wp\/v2\/posts"}],"about":[{"href":"https:\/\/www.istitutostudisindacali.net\/bibliotecablog\/wp-json\/wp\/v2\/types\/post"}],"author":[{"embeddable":true,"href":"https:\/\/www.istitutostudisindacali.net\/bibliotecablog\/wp-json\/wp\/v2\/users\/7"}],"replies":[{"embeddable":true,"href":"https:\/\/www.istitutostudisindacali.net\/bibliotecablog\/wp-json\/wp\/v2\/comments?post=102"}],"version-history":[{"count":1,"href":"https:\/\/www.istitutostudisindacali.net\/bibliotecablog\/wp-json\/wp\/v2\/posts\/102\/revisions"}],"predecessor-version":[{"id":4592,"href":"https:\/\/www.istitutostudisindacali.net\/bibliotecablog\/wp-json\/wp\/v2\/posts\/102\/revisions\/4592"}],"wp:featuredmedia":[{"embeddable":true,"href":"https:\/\/www.istitutostudisindacali.net\/bibliotecablog\/wp-json\/wp\/v2\/media\/103"}],"wp:attachment":[{"href":"https:\/\/www.istitutostudisindacali.net\/bibliotecablog\/wp-json\/wp\/v2\/media?parent=102"}],"wp:term":[{"taxonomy":"category","embeddable":true,"href":"https:\/\/www.istitutostudisindacali.net\/bibliotecablog\/wp-json\/wp\/v2\/categories?post=102"},{"taxonomy":"post_tag","embeddable":true,"href":"https:\/\/www.istitutostudisindacali.net\/bibliotecablog\/wp-json\/wp\/v2\/tags?post=102"}],"curies":[{"name":"wp","href":"https:\/\/api.w.org\/{rel}","templated":true}]}}