{"id":1006,"date":"2019-01-22T08:59:54","date_gmt":"2019-01-22T07:59:54","guid":{"rendered":"https:\/\/bibliotecarturochiari.wordpress.com\/?p=1006"},"modified":"2023-02-04T19:11:41","modified_gmt":"2023-02-04T18:11:41","slug":"il-movimento-operaio-italiano-di-franco-andreucci-e-tommaso-detti","status":"publish","type":"post","link":"https:\/\/www.istitutostudisindacali.net\/bibliotecablog\/2019\/01\/22\/il-movimento-operaio-italiano-di-franco-andreucci-e-tommaso-detti\/","title":{"rendered":"&#8220;Il movimento operaio italiano&#8221; di Franco Andreucci e Tommaso Detti"},"content":{"rendered":"<blockquote><p>22 gennaio 1863 &#8211; Nasce Prizzi in Sicilia <em><strong>Nicola Alongi <\/strong><\/em>(detto\u00a0Nicol\u00f2) contadino, sindacalista socialista, politico e giornalista.<\/p>\n<p style=\"text-align:justify\">In occasione dello sciopero agrario del 1901 Alongi assunse la direzione del movimento dei Fasci e la polizia lo tenne continuamente sotto vigilanza perch\u00e9 ritenuto un pericoloso \u201c<em>sovversivo\u201d<\/em>.<\/p>\n<\/blockquote>\n<p><img loading=\"lazy\" decoding=\"async\" class=\" size-full wp-image-1008 alignright\" src=\"https:\/\/www.istitutostudisindacali.net\/biblioteca\/wp-content\/uploads\/sites\/2\/2019\/01\/220px-nicola_alongi.jpg\" alt=\"220px-nicola_alongi\" width=\"220\" height=\"282\" \/><\/p>\n<p style=\"text-align:justify\">[&#8230;] Di famiglia contadina, contadino egli stesso, nacque a Prizzi (Palermo) il 22 gennaio 1863 e a vent&#8217;anni divenne membro del comitato direttivo del Fascio dei lavoratori di Prizzi.\u00a0 \u00a0 Socialista assai influente nel Palermitano, fu in rapporti epistolari con B. Verro e svolse una intensa attivit\u00e0 di organizzazione e di propaganda tra i contadini.<\/p>\n<p style=\"text-align:justify\">Ai primi del secolo fu nominato presidente della Lega di miglioramento di Prizzi, nel 1907 presidente del locale circolo socialista e, sia nel periodo della guerra che nel 1919, mantenne una posizione di grande prestigio.<\/p>\n<p style=\"text-align:justify\">Il 29 febbraio 1920 fu ucciso dai gabellotti proprio per l&#8217;attivit\u00e0 politica e sindacale da lui fino ad allora svolta, come si pu\u00f2 evincere dal rapporto redatto sul caso dalle autorit\u00e0 di polizia: &lt;&lt;Furono iniziate le indagini del caso interrogando sul delitto e sulle eventuali cause determinanti di esso, tanto i congiunti dell&#8217;ucciso e cio\u00e8 la moglie, i figli, i di lui compagni di fede e di lotta. Da costoro per\u00f2 nulla di concreto si \u00e8 potuto rilevare tranne che lo Alongi era il pi\u00f9 forte agitatore di quelle contrade; ch&#8217;egli non poche lotte aveva sostenuto contro la borghesia locale, contro la quale nell&#8217;agosto e nel settembre scorso aveva organizzato e personalmente diretto una viva agitazione per l&#8217;assegnazione delle terre ai contadini; che per tali agitazioni aveva accumulato non poche odiosit\u00e0 per le quali, dapprima, era stato ucciso nel settembre scorso il segretario della lega Rumore giuseppe di Giuseppe e poscia era stati fatti vari attentati alla di lui vita in seguito ai quali, anzich\u00e9 arrestarsi, aveva sempre pi\u00f9 intensificato le sue lotte.<\/p>\n<p><img loading=\"lazy\" decoding=\"async\" class=\"alignnone size-full wp-image-1007\" src=\"https:\/\/www.istitutostudisindacali.net\/biblioteca\/wp-content\/uploads\/sites\/2\/2019\/01\/1db80be2-171e-41c8-a7fa-9663febd551f_1200x500_0.5x0.5_1_crop.jpg\" alt=\"1db80be2-171e-41c8-a7fa-9663febd551f_1200x500_0.5x0.5_1_crop\" width=\"1200\" height=\"500\" srcset=\"https:\/\/www.istitutostudisindacali.net\/bibliotecablog\/wp-content\/uploads\/sites\/17\/2019\/01\/1db80be2-171e-41c8-a7fa-9663febd551f_1200x500_0.5x0.5_1_crop.jpg 1200w, https:\/\/www.istitutostudisindacali.net\/bibliotecablog\/wp-content\/uploads\/sites\/17\/2019\/01\/1db80be2-171e-41c8-a7fa-9663febd551f_1200x500_0.5x0.5_1_crop-300x125.jpg 300w, https:\/\/www.istitutostudisindacali.net\/bibliotecablog\/wp-content\/uploads\/sites\/17\/2019\/01\/1db80be2-171e-41c8-a7fa-9663febd551f_1200x500_0.5x0.5_1_crop-1024x427.jpg 1024w, https:\/\/www.istitutostudisindacali.net\/bibliotecablog\/wp-content\/uploads\/sites\/17\/2019\/01\/1db80be2-171e-41c8-a7fa-9663febd551f_1200x500_0.5x0.5_1_crop-768x320.jpg 768w, https:\/\/www.istitutostudisindacali.net\/bibliotecablog\/wp-content\/uploads\/sites\/17\/2019\/01\/1db80be2-171e-41c8-a7fa-9663febd551f_1200x500_0.5x0.5_1_crop-610x254.jpg 610w, https:\/\/www.istitutostudisindacali.net\/bibliotecablog\/wp-content\/uploads\/sites\/17\/2019\/01\/1db80be2-171e-41c8-a7fa-9663febd551f_1200x500_0.5x0.5_1_crop-1080x450.jpg 1080w\" sizes=\"(max-width: 1200px) 100vw, 1200px\" \/><\/p>\n<p style=\"text-align:justify\">Egli soleva affermare anche nei pubblici comizi che sapeva di dover fare la stessa fine del Rumore e che ci\u00f2 nonostante aveva preparato il suo testamento politico, che doveva segnare la punizione finale dei suoi avversari.<\/p>\n<p style=\"text-align:justify\">Nulla per\u00f2 di pi\u00f9 concreto pot\u00e9 accertarsi dalle accurate investigazioni per quanto le superiori notizie erano da sole bastevoli per stabilire a prima vista il convincimento che l&#8217;omicidio Alongi non potesse avere altra determinante all&#8217;infuori delle sue lotte politiche; altra causale immediata che la recente agitazione agricola che aveva dovuto ledere non pochi importanti e vitali interessi di altra classe: quella di gabellotti, la quale correva cos\u00ec il pericolo di una sovrapposizione compromettente&gt;&gt; [&#8230;] pp.47<\/p>\n<p>&nbsp;<\/p>\n<h3 style=\"text-align:center\"><em><strong>Disponibile presso la BIBLIOTECA NAZIONALE UIL ARTURO CHIARI<\/strong><\/em><\/h3>\n<p>&nbsp;<\/p>\n\n\t\t<style type=\"text\/css\">\n\t\t\t#gallery-1 {\n\t\t\t\tmargin: auto;\n\t\t\t}\n\t\t\t#gallery-1 .gallery-item {\n\t\t\t\tfloat: left;\n\t\t\t\tmargin-top: 10px;\n\t\t\t\ttext-align: center;\n\t\t\t\twidth: 33%;\n\t\t\t}\n\t\t\t#gallery-1 img {\n\t\t\t\tborder: 2px solid #cfcfcf;\n\t\t\t}\n\t\t\t#gallery-1 .gallery-caption {\n\t\t\t\tmargin-left: 0;\n\t\t\t}\n\t\t\t\/* see gallery_shortcode() in wp-includes\/media.php *\/\n\t\t<\/style>\n\t\t<div id='gallery-1' class='gallery galleryid-1006 gallery-columns-3 gallery-size-thumbnail'><dl class='gallery-item'>\n\t\t\t<dt class='gallery-icon portrait'>\n\t\t\t\t<a href='https:\/\/www.istitutostudisindacali.net\/bibliotecablog\/phoca_thumb_l_1920-sicilia-occup-terre\/'><img loading=\"lazy\" decoding=\"async\" width=\"150\" height=\"150\" src=\"https:\/\/www.istitutostudisindacali.net\/bibliotecablog\/wp-content\/uploads\/sites\/17\/2019\/01\/phoca_thumb_l_1920-sicilia-occup.-terre-150x150.jpg\" class=\"attachment-thumbnail size-thumbnail\" alt=\"\" srcset=\"https:\/\/www.istitutostudisindacali.net\/bibliotecablog\/wp-content\/uploads\/sites\/17\/2019\/01\/phoca_thumb_l_1920-sicilia-occup.-terre-150x150.jpg 150w, https:\/\/www.istitutostudisindacali.net\/bibliotecablog\/wp-content\/uploads\/sites\/17\/2019\/01\/phoca_thumb_l_1920-sicilia-occup.-terre-250x250.jpg 250w, https:\/\/www.istitutostudisindacali.net\/bibliotecablog\/wp-content\/uploads\/sites\/17\/2019\/01\/phoca_thumb_l_1920-sicilia-occup.-terre-440x440.jpg 440w\" sizes=\"(max-width: 150px) 100vw, 150px\" \/><\/a>\n\t\t\t<\/dt><\/dl><dl class='gallery-item'>\n\t\t\t<dt class='gallery-icon landscape'>\n\t\t\t\t<a href='https:\/\/www.istitutostudisindacali.net\/bibliotecablog\/reportagesicilia_1\/'><img loading=\"lazy\" decoding=\"async\" width=\"150\" height=\"150\" src=\"https:\/\/www.istitutostudisindacali.net\/bibliotecablog\/wp-content\/uploads\/sites\/17\/2019\/01\/reportagesicilia_1-150x150.jpg\" class=\"attachment-thumbnail size-thumbnail\" alt=\"\" \/><\/a>\n\t\t\t<\/dt><\/dl><dl class='gallery-item'>\n\t\t\t<dt class='gallery-icon landscape'>\n\t\t\t\t<a href='https:\/\/www.istitutostudisindacali.net\/bibliotecablog\/images-11\/'><img loading=\"lazy\" decoding=\"async\" width=\"150\" height=\"150\" src=\"https:\/\/www.istitutostudisindacali.net\/bibliotecablog\/wp-content\/uploads\/sites\/17\/2019\/01\/images-2-150x150.jpg\" class=\"attachment-thumbnail size-thumbnail\" alt=\"\" \/><\/a>\n\t\t\t<\/dt><\/dl><br style=\"clear: both\" \/><dl class='gallery-item'>\n\t\t\t<dt class='gallery-icon landscape'>\n\t\t\t\t<a href='https:\/\/www.istitutostudisindacali.net\/bibliotecablog\/palermo\/'><img loading=\"lazy\" decoding=\"async\" width=\"150\" height=\"150\" src=\"https:\/\/www.istitutostudisindacali.net\/bibliotecablog\/wp-content\/uploads\/sites\/17\/2019\/01\/palermo-150x150.jpg\" class=\"attachment-thumbnail size-thumbnail\" alt=\"\" srcset=\"https:\/\/www.istitutostudisindacali.net\/bibliotecablog\/wp-content\/uploads\/sites\/17\/2019\/01\/palermo-150x150.jpg 150w, https:\/\/www.istitutostudisindacali.net\/bibliotecablog\/wp-content\/uploads\/sites\/17\/2019\/01\/palermo-250x250.jpg 250w, https:\/\/www.istitutostudisindacali.net\/bibliotecablog\/wp-content\/uploads\/sites\/17\/2019\/01\/palermo-440x440.jpg 440w\" sizes=\"(max-width: 150px) 100vw, 150px\" \/><\/a>\n\t\t\t<\/dt><\/dl>\n\t\t\t<br style='clear: both' \/>\n\t\t<\/div>\n\n","protected":false},"excerpt":{"rendered":"<p>22 gennaio 1863 &#8211; Nasce Prizzi in Sicilia Nicola Alongi (detto\u00a0Nicol\u00f2) contadino, sindacalista socialista, politico e giornalista. In occasione dello sciopero agrario del 1901 Alongi assunse la direzione del movimento dei Fasci e la polizia lo tenne continuamente sotto vigilanza perch\u00e9 ritenuto un pericoloso \u201csovversivo\u201d. [&#8230;] Di famiglia contadina, contadino egli stesso, nacque a Prizzi [&hellip;]<\/p>\n","protected":false},"author":7,"featured_media":1009,"comment_status":"closed","ping_status":"closed","sticky":false,"template":"","format":"standard","meta":{"_et_pb_use_builder":"","_et_pb_old_content":"","_et_gb_content_width":"","ngg_post_thumbnail":0,"_jetpack_memberships_contains_paid_content":false,"footnotes":""},"categories":[90],"tags":[856,7,857,40,858,859,609],"class_list":["post-1006","post","type-post","status-publish","format-standard","has-post-thumbnail","hentry","category-movimento-operaio","tag-contadini","tag-evidenza","tag-giuseppe-rumore","tag-movimento-operaio","tag-poscia","tag-sciopero-agrario","tag-socialisti","et-has-post-format-content","et_post_format-et-post-format-standard"],"yoast_head":"<!-- This site is optimized with the Yoast SEO plugin v27.4 - https:\/\/yoast.com\/product\/yoast-seo-wordpress\/ -->\n<title>&quot;Il movimento operaio italiano&quot; di Franco Andreucci e Tommaso Detti - Blog della Biblioteca<\/title>\n<meta name=\"robots\" content=\"index, follow, max-snippet:-1, max-image-preview:large, max-video-preview:-1\" \/>\n<link rel=\"canonical\" href=\"https:\/\/www.istitutostudisindacali.net\/bibliotecablog\/2019\/01\/22\/il-movimento-operaio-italiano-di-franco-andreucci-e-tommaso-detti\/\" \/>\n<meta property=\"og:locale\" content=\"it_IT\" \/>\n<meta property=\"og:type\" content=\"article\" \/>\n<meta property=\"og:title\" content=\"&quot;Il movimento operaio italiano&quot; di Franco Andreucci e Tommaso Detti - Blog della Biblioteca\" \/>\n<meta property=\"og:description\" content=\"22 gennaio 1863 &#8211; Nasce Prizzi in Sicilia Nicola Alongi (detto\u00a0Nicol\u00f2) contadino, sindacalista socialista, politico e giornalista. In occasione dello sciopero agrario del 1901 Alongi assunse la direzione del movimento dei Fasci e la polizia lo tenne continuamente sotto vigilanza perch\u00e9 ritenuto un pericoloso \u201csovversivo\u201d. [&#8230;] Di famiglia contadina, contadino egli stesso, nacque a Prizzi [&hellip;]\" \/>\n<meta property=\"og:url\" content=\"https:\/\/www.istitutostudisindacali.net\/bibliotecablog\/2019\/01\/22\/il-movimento-operaio-italiano-di-franco-andreucci-e-tommaso-detti\/\" \/>\n<meta property=\"og:site_name\" content=\"Blog della Biblioteca\" \/>\n<meta property=\"article:published_time\" content=\"2019-01-22T07:59:54+00:00\" \/>\n<meta property=\"article:modified_time\" content=\"2023-02-04T18:11:41+00:00\" \/>\n<meta property=\"og:image\" content=\"https:\/\/www.istitutostudisindacali.net\/bibliotecablog\/wp-content\/uploads\/sites\/17\/2019\/01\/http-win_acateweb_it-public-carica-imotidel1848_masaracchio3.jpg\" \/>\n\t<meta property=\"og:image:width\" content=\"620\" \/>\n\t<meta property=\"og:image:height\" content=\"404\" \/>\n\t<meta property=\"og:image:type\" content=\"image\/jpeg\" \/>\n<meta name=\"author\" content=\"Loredana Pietri\" \/>\n<meta name=\"twitter:card\" content=\"summary_large_image\" \/>\n<meta name=\"twitter:label1\" content=\"Scritto da\" \/>\n\t<meta name=\"twitter:data1\" content=\"Loredana Pietri\" \/>\n\t<meta name=\"twitter:label2\" content=\"Tempo di lettura stimato\" \/>\n\t<meta name=\"twitter:data2\" content=\"2 minuti\" \/>\n<script type=\"application\/ld+json\" class=\"yoast-schema-graph\">{\"@context\":\"https:\\\/\\\/schema.org\",\"@graph\":[{\"@type\":\"Article\",\"@id\":\"https:\\\/\\\/www.istitutostudisindacali.net\\\/bibliotecablog\\\/2019\\\/01\\\/22\\\/il-movimento-operaio-italiano-di-franco-andreucci-e-tommaso-detti\\\/#article\",\"isPartOf\":{\"@id\":\"https:\\\/\\\/www.istitutostudisindacali.net\\\/bibliotecablog\\\/2019\\\/01\\\/22\\\/il-movimento-operaio-italiano-di-franco-andreucci-e-tommaso-detti\\\/\"},\"author\":{\"name\":\"Loredana Pietri\",\"@id\":\"https:\\\/\\\/www.istitutostudisindacali.net\\\/bibliotecablog\\\/#\\\/schema\\\/person\\\/67df37a680cbbc103a59f61989c3f7e0\"},\"headline\":\"&#8220;Il movimento operaio italiano&#8221; di Franco Andreucci e Tommaso Detti\",\"datePublished\":\"2019-01-22T07:59:54+00:00\",\"dateModified\":\"2023-02-04T18:11:41+00:00\",\"mainEntityOfPage\":{\"@id\":\"https:\\\/\\\/www.istitutostudisindacali.net\\\/bibliotecablog\\\/2019\\\/01\\\/22\\\/il-movimento-operaio-italiano-di-franco-andreucci-e-tommaso-detti\\\/\"},\"wordCount\":443,\"image\":{\"@id\":\"https:\\\/\\\/www.istitutostudisindacali.net\\\/bibliotecablog\\\/2019\\\/01\\\/22\\\/il-movimento-operaio-italiano-di-franco-andreucci-e-tommaso-detti\\\/#primaryimage\"},\"thumbnailUrl\":\"https:\\\/\\\/www.istitutostudisindacali.net\\\/bibliotecablog\\\/wp-content\\\/uploads\\\/sites\\\/17\\\/2019\\\/01\\\/http-win_acateweb_it-public-carica-imotidel1848_masaracchio3.jpg\",\"keywords\":[\"contadini\",\"evidenza\",\"Giuseppe Rumore\",\"Movimento Operaio\",\"Poscia\",\"Sciopero agrario\",\"Socialisti\"],\"articleSection\":[\"Movimento Operaio\"],\"inLanguage\":\"it-IT\"},{\"@type\":\"WebPage\",\"@id\":\"https:\\\/\\\/www.istitutostudisindacali.net\\\/bibliotecablog\\\/2019\\\/01\\\/22\\\/il-movimento-operaio-italiano-di-franco-andreucci-e-tommaso-detti\\\/\",\"url\":\"https:\\\/\\\/www.istitutostudisindacali.net\\\/bibliotecablog\\\/2019\\\/01\\\/22\\\/il-movimento-operaio-italiano-di-franco-andreucci-e-tommaso-detti\\\/\",\"name\":\"\\\"Il movimento operaio italiano\\\" di Franco Andreucci e Tommaso Detti - Blog della Biblioteca\",\"isPartOf\":{\"@id\":\"https:\\\/\\\/www.istitutostudisindacali.net\\\/bibliotecablog\\\/#website\"},\"primaryImageOfPage\":{\"@id\":\"https:\\\/\\\/www.istitutostudisindacali.net\\\/bibliotecablog\\\/2019\\\/01\\\/22\\\/il-movimento-operaio-italiano-di-franco-andreucci-e-tommaso-detti\\\/#primaryimage\"},\"image\":{\"@id\":\"https:\\\/\\\/www.istitutostudisindacali.net\\\/bibliotecablog\\\/2019\\\/01\\\/22\\\/il-movimento-operaio-italiano-di-franco-andreucci-e-tommaso-detti\\\/#primaryimage\"},\"thumbnailUrl\":\"https:\\\/\\\/www.istitutostudisindacali.net\\\/bibliotecablog\\\/wp-content\\\/uploads\\\/sites\\\/17\\\/2019\\\/01\\\/http-win_acateweb_it-public-carica-imotidel1848_masaracchio3.jpg\",\"datePublished\":\"2019-01-22T07:59:54+00:00\",\"dateModified\":\"2023-02-04T18:11:41+00:00\",\"author\":{\"@id\":\"https:\\\/\\\/www.istitutostudisindacali.net\\\/bibliotecablog\\\/#\\\/schema\\\/person\\\/67df37a680cbbc103a59f61989c3f7e0\"},\"breadcrumb\":{\"@id\":\"https:\\\/\\\/www.istitutostudisindacali.net\\\/bibliotecablog\\\/2019\\\/01\\\/22\\\/il-movimento-operaio-italiano-di-franco-andreucci-e-tommaso-detti\\\/#breadcrumb\"},\"inLanguage\":\"it-IT\",\"potentialAction\":[{\"@type\":\"ReadAction\",\"target\":[\"https:\\\/\\\/www.istitutostudisindacali.net\\\/bibliotecablog\\\/2019\\\/01\\\/22\\\/il-movimento-operaio-italiano-di-franco-andreucci-e-tommaso-detti\\\/\"]}]},{\"@type\":\"ImageObject\",\"inLanguage\":\"it-IT\",\"@id\":\"https:\\\/\\\/www.istitutostudisindacali.net\\\/bibliotecablog\\\/2019\\\/01\\\/22\\\/il-movimento-operaio-italiano-di-franco-andreucci-e-tommaso-detti\\\/#primaryimage\",\"url\":\"https:\\\/\\\/www.istitutostudisindacali.net\\\/bibliotecablog\\\/wp-content\\\/uploads\\\/sites\\\/17\\\/2019\\\/01\\\/http-win_acateweb_it-public-carica-imotidel1848_masaracchio3.jpg\",\"contentUrl\":\"https:\\\/\\\/www.istitutostudisindacali.net\\\/bibliotecablog\\\/wp-content\\\/uploads\\\/sites\\\/17\\\/2019\\\/01\\\/http-win_acateweb_it-public-carica-imotidel1848_masaracchio3.jpg\",\"width\":620,\"height\":404},{\"@type\":\"BreadcrumbList\",\"@id\":\"https:\\\/\\\/www.istitutostudisindacali.net\\\/bibliotecablog\\\/2019\\\/01\\\/22\\\/il-movimento-operaio-italiano-di-franco-andreucci-e-tommaso-detti\\\/#breadcrumb\",\"itemListElement\":[{\"@type\":\"ListItem\",\"position\":1,\"name\":\"Home\",\"item\":\"https:\\\/\\\/www.istitutostudisindacali.net\\\/bibliotecablog\\\/\"},{\"@type\":\"ListItem\",\"position\":2,\"name\":\"&#8220;Il movimento operaio italiano&#8221; di Franco Andreucci e Tommaso Detti\"}]},{\"@type\":\"WebSite\",\"@id\":\"https:\\\/\\\/www.istitutostudisindacali.net\\\/bibliotecablog\\\/#website\",\"url\":\"https:\\\/\\\/www.istitutostudisindacali.net\\\/bibliotecablog\\\/\",\"name\":\"Blog della Biblioteca\",\"description\":\"Arturo Chiari\",\"potentialAction\":[{\"@type\":\"SearchAction\",\"target\":{\"@type\":\"EntryPoint\",\"urlTemplate\":\"https:\\\/\\\/www.istitutostudisindacali.net\\\/bibliotecablog\\\/?s={search_term_string}\"},\"query-input\":{\"@type\":\"PropertyValueSpecification\",\"valueRequired\":true,\"valueName\":\"search_term_string\"}}],\"inLanguage\":\"it-IT\"},{\"@type\":\"Person\",\"@id\":\"https:\\\/\\\/www.istitutostudisindacali.net\\\/bibliotecablog\\\/#\\\/schema\\\/person\\\/67df37a680cbbc103a59f61989c3f7e0\",\"name\":\"Loredana Pietri\",\"image\":{\"@type\":\"ImageObject\",\"inLanguage\":\"it-IT\",\"@id\":\"https:\\\/\\\/secure.gravatar.com\\\/avatar\\\/14e1950ca26d7443d95784cdcfad5cf200bbbc261d085cf9375e018dc286c835?s=96&d=mm&r=g\",\"url\":\"https:\\\/\\\/secure.gravatar.com\\\/avatar\\\/14e1950ca26d7443d95784cdcfad5cf200bbbc261d085cf9375e018dc286c835?s=96&d=mm&r=g\",\"contentUrl\":\"https:\\\/\\\/secure.gravatar.com\\\/avatar\\\/14e1950ca26d7443d95784cdcfad5cf200bbbc261d085cf9375e018dc286c835?s=96&d=mm&r=g\",\"caption\":\"Loredana Pietri\"},\"description\":\"Responsabile della Biblioteca si impegna nella sua conduzione per migliorarne i Servizi\",\"sameAs\":[\"https:\\\/\\\/www.istitutostudisindacali.net\\\/biblioteca\"],\"url\":\"https:\\\/\\\/www.istitutostudisindacali.net\\\/bibliotecablog\\\/author\\\/loredana-pietri\\\/\"}]}<\/script>\n<!-- \/ Yoast SEO plugin. -->","yoast_head_json":{"title":"\"Il movimento operaio italiano\" di Franco Andreucci e Tommaso Detti - Blog della Biblioteca","robots":{"index":"index","follow":"follow","max-snippet":"max-snippet:-1","max-image-preview":"max-image-preview:large","max-video-preview":"max-video-preview:-1"},"canonical":"https:\/\/www.istitutostudisindacali.net\/bibliotecablog\/2019\/01\/22\/il-movimento-operaio-italiano-di-franco-andreucci-e-tommaso-detti\/","og_locale":"it_IT","og_type":"article","og_title":"\"Il movimento operaio italiano\" di Franco Andreucci e Tommaso Detti - Blog della Biblioteca","og_description":"22 gennaio 1863 &#8211; Nasce Prizzi in Sicilia Nicola Alongi (detto\u00a0Nicol\u00f2) contadino, sindacalista socialista, politico e giornalista. In occasione dello sciopero agrario del 1901 Alongi assunse la direzione del movimento dei Fasci e la polizia lo tenne continuamente sotto vigilanza perch\u00e9 ritenuto un pericoloso \u201csovversivo\u201d. [&#8230;] Di famiglia contadina, contadino egli stesso, nacque a Prizzi [&hellip;]","og_url":"https:\/\/www.istitutostudisindacali.net\/bibliotecablog\/2019\/01\/22\/il-movimento-operaio-italiano-di-franco-andreucci-e-tommaso-detti\/","og_site_name":"Blog della Biblioteca","article_published_time":"2019-01-22T07:59:54+00:00","article_modified_time":"2023-02-04T18:11:41+00:00","og_image":[{"width":620,"height":404,"url":"https:\/\/www.istitutostudisindacali.net\/bibliotecablog\/wp-content\/uploads\/sites\/17\/2019\/01\/http-win_acateweb_it-public-carica-imotidel1848_masaracchio3.jpg","type":"image\/jpeg"}],"author":"Loredana Pietri","twitter_card":"summary_large_image","twitter_misc":{"Scritto da":"Loredana Pietri","Tempo di lettura stimato":"2 minuti"},"schema":{"@context":"https:\/\/schema.org","@graph":[{"@type":"Article","@id":"https:\/\/www.istitutostudisindacali.net\/bibliotecablog\/2019\/01\/22\/il-movimento-operaio-italiano-di-franco-andreucci-e-tommaso-detti\/#article","isPartOf":{"@id":"https:\/\/www.istitutostudisindacali.net\/bibliotecablog\/2019\/01\/22\/il-movimento-operaio-italiano-di-franco-andreucci-e-tommaso-detti\/"},"author":{"name":"Loredana Pietri","@id":"https:\/\/www.istitutostudisindacali.net\/bibliotecablog\/#\/schema\/person\/67df37a680cbbc103a59f61989c3f7e0"},"headline":"&#8220;Il movimento operaio italiano&#8221; di Franco Andreucci e Tommaso Detti","datePublished":"2019-01-22T07:59:54+00:00","dateModified":"2023-02-04T18:11:41+00:00","mainEntityOfPage":{"@id":"https:\/\/www.istitutostudisindacali.net\/bibliotecablog\/2019\/01\/22\/il-movimento-operaio-italiano-di-franco-andreucci-e-tommaso-detti\/"},"wordCount":443,"image":{"@id":"https:\/\/www.istitutostudisindacali.net\/bibliotecablog\/2019\/01\/22\/il-movimento-operaio-italiano-di-franco-andreucci-e-tommaso-detti\/#primaryimage"},"thumbnailUrl":"https:\/\/www.istitutostudisindacali.net\/bibliotecablog\/wp-content\/uploads\/sites\/17\/2019\/01\/http-win_acateweb_it-public-carica-imotidel1848_masaracchio3.jpg","keywords":["contadini","evidenza","Giuseppe Rumore","Movimento Operaio","Poscia","Sciopero agrario","Socialisti"],"articleSection":["Movimento Operaio"],"inLanguage":"it-IT"},{"@type":"WebPage","@id":"https:\/\/www.istitutostudisindacali.net\/bibliotecablog\/2019\/01\/22\/il-movimento-operaio-italiano-di-franco-andreucci-e-tommaso-detti\/","url":"https:\/\/www.istitutostudisindacali.net\/bibliotecablog\/2019\/01\/22\/il-movimento-operaio-italiano-di-franco-andreucci-e-tommaso-detti\/","name":"\"Il movimento operaio italiano\" di Franco Andreucci e Tommaso Detti - Blog della Biblioteca","isPartOf":{"@id":"https:\/\/www.istitutostudisindacali.net\/bibliotecablog\/#website"},"primaryImageOfPage":{"@id":"https:\/\/www.istitutostudisindacali.net\/bibliotecablog\/2019\/01\/22\/il-movimento-operaio-italiano-di-franco-andreucci-e-tommaso-detti\/#primaryimage"},"image":{"@id":"https:\/\/www.istitutostudisindacali.net\/bibliotecablog\/2019\/01\/22\/il-movimento-operaio-italiano-di-franco-andreucci-e-tommaso-detti\/#primaryimage"},"thumbnailUrl":"https:\/\/www.istitutostudisindacali.net\/bibliotecablog\/wp-content\/uploads\/sites\/17\/2019\/01\/http-win_acateweb_it-public-carica-imotidel1848_masaracchio3.jpg","datePublished":"2019-01-22T07:59:54+00:00","dateModified":"2023-02-04T18:11:41+00:00","author":{"@id":"https:\/\/www.istitutostudisindacali.net\/bibliotecablog\/#\/schema\/person\/67df37a680cbbc103a59f61989c3f7e0"},"breadcrumb":{"@id":"https:\/\/www.istitutostudisindacali.net\/bibliotecablog\/2019\/01\/22\/il-movimento-operaio-italiano-di-franco-andreucci-e-tommaso-detti\/#breadcrumb"},"inLanguage":"it-IT","potentialAction":[{"@type":"ReadAction","target":["https:\/\/www.istitutostudisindacali.net\/bibliotecablog\/2019\/01\/22\/il-movimento-operaio-italiano-di-franco-andreucci-e-tommaso-detti\/"]}]},{"@type":"ImageObject","inLanguage":"it-IT","@id":"https:\/\/www.istitutostudisindacali.net\/bibliotecablog\/2019\/01\/22\/il-movimento-operaio-italiano-di-franco-andreucci-e-tommaso-detti\/#primaryimage","url":"https:\/\/www.istitutostudisindacali.net\/bibliotecablog\/wp-content\/uploads\/sites\/17\/2019\/01\/http-win_acateweb_it-public-carica-imotidel1848_masaracchio3.jpg","contentUrl":"https:\/\/www.istitutostudisindacali.net\/bibliotecablog\/wp-content\/uploads\/sites\/17\/2019\/01\/http-win_acateweb_it-public-carica-imotidel1848_masaracchio3.jpg","width":620,"height":404},{"@type":"BreadcrumbList","@id":"https:\/\/www.istitutostudisindacali.net\/bibliotecablog\/2019\/01\/22\/il-movimento-operaio-italiano-di-franco-andreucci-e-tommaso-detti\/#breadcrumb","itemListElement":[{"@type":"ListItem","position":1,"name":"Home","item":"https:\/\/www.istitutostudisindacali.net\/bibliotecablog\/"},{"@type":"ListItem","position":2,"name":"&#8220;Il movimento operaio italiano&#8221; di Franco Andreucci e Tommaso Detti"}]},{"@type":"WebSite","@id":"https:\/\/www.istitutostudisindacali.net\/bibliotecablog\/#website","url":"https:\/\/www.istitutostudisindacali.net\/bibliotecablog\/","name":"Blog della Biblioteca","description":"Arturo Chiari","potentialAction":[{"@type":"SearchAction","target":{"@type":"EntryPoint","urlTemplate":"https:\/\/www.istitutostudisindacali.net\/bibliotecablog\/?s={search_term_string}"},"query-input":{"@type":"PropertyValueSpecification","valueRequired":true,"valueName":"search_term_string"}}],"inLanguage":"it-IT"},{"@type":"Person","@id":"https:\/\/www.istitutostudisindacali.net\/bibliotecablog\/#\/schema\/person\/67df37a680cbbc103a59f61989c3f7e0","name":"Loredana Pietri","image":{"@type":"ImageObject","inLanguage":"it-IT","@id":"https:\/\/secure.gravatar.com\/avatar\/14e1950ca26d7443d95784cdcfad5cf200bbbc261d085cf9375e018dc286c835?s=96&d=mm&r=g","url":"https:\/\/secure.gravatar.com\/avatar\/14e1950ca26d7443d95784cdcfad5cf200bbbc261d085cf9375e018dc286c835?s=96&d=mm&r=g","contentUrl":"https:\/\/secure.gravatar.com\/avatar\/14e1950ca26d7443d95784cdcfad5cf200bbbc261d085cf9375e018dc286c835?s=96&d=mm&r=g","caption":"Loredana Pietri"},"description":"Responsabile della Biblioteca si impegna nella sua conduzione per migliorarne i Servizi","sameAs":["https:\/\/www.istitutostudisindacali.net\/biblioteca"],"url":"https:\/\/www.istitutostudisindacali.net\/bibliotecablog\/author\/loredana-pietri\/"}]}},"jetpack_featured_media_url":"https:\/\/www.istitutostudisindacali.net\/bibliotecablog\/wp-content\/uploads\/sites\/17\/2019\/01\/http-win_acateweb_it-public-carica-imotidel1848_masaracchio3.jpg","jetpack_sharing_enabled":true,"_links":{"self":[{"href":"https:\/\/www.istitutostudisindacali.net\/bibliotecablog\/wp-json\/wp\/v2\/posts\/1006","targetHints":{"allow":["GET"]}}],"collection":[{"href":"https:\/\/www.istitutostudisindacali.net\/bibliotecablog\/wp-json\/wp\/v2\/posts"}],"about":[{"href":"https:\/\/www.istitutostudisindacali.net\/bibliotecablog\/wp-json\/wp\/v2\/types\/post"}],"author":[{"embeddable":true,"href":"https:\/\/www.istitutostudisindacali.net\/bibliotecablog\/wp-json\/wp\/v2\/users\/7"}],"replies":[{"embeddable":true,"href":"https:\/\/www.istitutostudisindacali.net\/bibliotecablog\/wp-json\/wp\/v2\/comments?post=1006"}],"version-history":[{"count":1,"href":"https:\/\/www.istitutostudisindacali.net\/bibliotecablog\/wp-json\/wp\/v2\/posts\/1006\/revisions"}],"predecessor-version":[{"id":4534,"href":"https:\/\/www.istitutostudisindacali.net\/bibliotecablog\/wp-json\/wp\/v2\/posts\/1006\/revisions\/4534"}],"wp:featuredmedia":[{"embeddable":true,"href":"https:\/\/www.istitutostudisindacali.net\/bibliotecablog\/wp-json\/wp\/v2\/media\/1009"}],"wp:attachment":[{"href":"https:\/\/www.istitutostudisindacali.net\/bibliotecablog\/wp-json\/wp\/v2\/media?parent=1006"}],"wp:term":[{"taxonomy":"category","embeddable":true,"href":"https:\/\/www.istitutostudisindacali.net\/bibliotecablog\/wp-json\/wp\/v2\/categories?post=1006"},{"taxonomy":"post_tag","embeddable":true,"href":"https:\/\/www.istitutostudisindacali.net\/bibliotecablog\/wp-json\/wp\/v2\/tags?post=1006"}],"curies":[{"name":"wp","href":"https:\/\/api.w.org\/{rel}","templated":true}]}}